{"id":6454,"date":"2015-07-03T23:20:15","date_gmt":"2015-07-03T23:20:15","guid":{"rendered":"http:\/\/50.22.11.12\/~grietaor\/?p=6454"},"modified":"2016-03-28T23:21:35","modified_gmt":"2016-03-28T23:21:35","slug":"juan-mendoza-decimo-tercer-periodista-asesinado-en-administracion-de-duarte","status":"publish","type":"post","link":"http:\/\/www.grieta.org.mx\/index.php\/2015\/07\/03\/juan-mendoza-decimo-tercer-periodista-asesinado-en-administracion-de-duarte\/","title":{"rendered":"Juan Mendoza, d\u00e9cimo tercer periodista asesinado en administraci\u00f3n de Duarte"},"content":{"rendered":"<p>por Mario Marlo<\/p>\n<p>M\u00e9xico D.F. a 3 de julio 2015.- El periodista Juan Mendoza Delgado, director general del portal \u201cEscribiendo la Verdad\u201d, se convirti\u00f3 en el d\u00e9cimo tercer periodista asesinado en Veracruz durante la administraci\u00f3n de Javier Duarte de Ochoa.<\/p>\n<p>El periodista quien fuera reportado como desaparecido el pasado 30 de junio y despu\u00e9s localizado el 2 de julio en el Semefo de Boca del R\u00edo, fue reconocido por su esposa a quien se le inform\u00f3 que el periodista fue atropellado.<\/p>\n<p>Mendoza Delgado manejaba un taxi y trabajaba como periodista de nota roja en Medell\u00edn, ciudad donde el 2 de enero del presente a\u00f1o fue sustra\u00eddo y despu\u00e9s encontrado muerto el periodista Mois\u00e9s S\u00e1nchez, director del semanario \u201cLa Uni\u00f3n\u201d. En su p\u00e1gina de Facebook se ve una publicaci\u00f3n hecha el 25 de junio donde aparece al lado de su esposa que dice: \u201cDe mis 46 a\u00f1os de vida, 38 han sido de trabajo para dejarle a mi familia un patrimonio as\u00ed que a partir de hoy voy a disfrutar con mi esposa el poco o mucho tiempo de vida que me quede\u201d.<\/p>\n<p>El d\u00eda de hoy el portal informativo Veracruzanos.info, inform\u00f3 que el presidente de la CEDH, Luis Fernando Perea Escamilla, que el caso del comunicador Juan Mendoza Delgado se encuentra bajo la vigilancia de la Comisi\u00f3n Estatal de Derechos Humanos (CEDH), as\u00ed como por la Comisi\u00f3n Nacional de Derechos Humanos. La organizaci\u00f3n Art\u00edculo 19, defensora de la libertad de expresi\u00f3n, denunci\u00f3 que Veracruz contin\u00faa como la entidad m\u00e1s peligrosa para ejercer el periodismo en M\u00e9xico: desde el a\u00f1o 2000, Art\u00edculo19 ha documentado el asesinato de 18 comunicadores.<\/p>\n<p><a href=\"http:\/\/www.somoselmedio.org\/article\/juan-mendoza-decimo-tercer-periodista-asesinado-en-administraci%C3%B3n-de-duarte#sthash.1NHS5lqA.dpuf\" target=\"_blank\">http:\/\/www.somoselmedio.org\/article\/juan-mendoza-decimo-tercer-periodista-asesinado-en-administraci%C3%B3n-de-duarte#sthash.1NHS5lqA.dpuf<\/a><\/p>\n","protected":false},"excerpt":{"rendered":"<p>por Mario Marlo M\u00e9xico D.F. a 3 de julio 2015.- El periodista Juan Mendoza Delgado, director general del portal \u201cEscribiendo la Verdad\u201d, se convirti\u00f3 en el d\u00e9cimo tercer periodista asesinado &hellip; <a href=\"http:\/\/www.grieta.org.mx\/index.php\/2015\/07\/03\/juan-mendoza-decimo-tercer-periodista-asesinado-en-administracion-de-duarte\/\" class=\"more-link\">Leer m\u00e1s<\/a><\/p>\n","protected":false},"author":1,"featured_media":21928,"comment_status":"closed","ping_status":"open","sticky":false,"template":"","format":"standard","meta":{"ngg_post_thumbnail":0,"_jetpack_newsletter_access":"","_jetpack_dont_email_post_to_subs":false,"_jetpack_newsletter_tier_id":0,"_jetpack_memberships_contains_paywalled_content":false,"_jetpack_memberships_contains_paid_content":false,"footnotes":""},"categories":[80,257],"tags":[120],"class_list":["post-6454","post","type-post","status-publish","format-standard","has-post-thumbnail","hentry","category-cintillo","category-veracruz","tag-violencia-contra-periodistas","entry"],"jetpack_featured_media_url":"http:\/\/www.grieta.org.mx\/wp-content\/uploads\/2018\/03\/14524434_1106112876131411_958039263622046936_o.jpg","jetpack_sharing_enabled":true,"jetpack_shortlink":"https:\/\/wp.me\/p7ZJR4-1G6","jetpack_likes_enabled":false,"jetpack-related-posts":[{"id":6457,"url":"http:\/\/www.grieta.org.mx\/index.php\/2015\/07\/02\/juan-mendoza-periodista-de-medellin-veracruz-es-hallado-muerto-se-habla-de-asesinato\/","url_meta":{"origin":6454,"position":0},"title":"Juan Mendoza, periodista de Medell\u00edn, Veracruz, es hallado muerto; se habla de asesinato","author":"Admin","date":"2 julio, 2015","format":false,"excerpt":"Juan Mendoza, como Mois\u00e9s S\u00e1nchez, viv\u00eda en Medell\u00edn, un municipio pobre de Veracruz. Y tambi\u00e9n como Mois\u00e9s financiaba su vida manejando un taxi. Foto: Facebook Ciudad de M\u00e9xico, 2 de julio (SinEmbargo).- El periodista veracruzano Juan Mendoza Delgado, director general del portal de noticias Escribiendo la Verdad, fue asesinado y\u2026","rel":"","context":"En &quot;CINTILLO&quot;","block_context":{"text":"CINTILLO","link":"http:\/\/www.grieta.org.mx\/index.php\/category\/cintillo\/"},"img":{"alt_text":"","src":"https:\/\/i0.wp.com\/www.grieta.org.mx\/wp-content\/uploads\/2018\/03\/14524434_1106112876131411_958039263622046936_o.jpg?resize=350%2C200","width":350,"height":200,"srcset":"https:\/\/i0.wp.com\/www.grieta.org.mx\/wp-content\/uploads\/2018\/03\/14524434_1106112876131411_958039263622046936_o.jpg?resize=350%2C200 1x, https:\/\/i0.wp.com\/www.grieta.org.mx\/wp-content\/uploads\/2018\/03\/14524434_1106112876131411_958039263622046936_o.jpg?resize=525%2C300 1.5x, https:\/\/i0.wp.com\/www.grieta.org.mx\/wp-content\/uploads\/2018\/03\/14524434_1106112876131411_958039263622046936_o.jpg?resize=700%2C400 2x"},"classes":[]},{"id":6129,"url":"http:\/\/www.grieta.org.mx\/index.php\/2016\/08\/18\/violencia-contra-periodistas-en-veracruz\/","url_meta":{"origin":6454,"position":1},"title":"Violencia contra periodistas en Veracruz","author":"Admin","date":"18 agosto, 2016","format":false,"excerpt":"No\u00e9 Zavaleta es hostigado por publicaci\u00f3n de libro 18\/08\/16. Tras amenazas y acoso, periodista mexicano abandona el estado de Veracruz El Heraldo de Saltillo 13\/08\/16. Aumentan las amenazas contra reportero No\u00e9 Zavaleta El Mundo de C\u00f3rdoba 07\/08\/16. El periodista No\u00e9 Zavaleta, corresponsal de Proceso, es amenazado en Veracruz por su\u2026","rel":"","context":"En &quot;NOTICIAS NACIONALES&quot;","block_context":{"text":"NOTICIAS NACIONALES","link":"http:\/\/www.grieta.org.mx\/index.php\/category\/noticias-nacionales\/"},"img":{"alt_text":"","src":"https:\/\/i0.wp.com\/www.grieta.org.mx\/wp-content\/uploads\/2018\/03\/14524434_1106112876131411_958039263622046936_o.jpg?resize=350%2C200","width":350,"height":200,"srcset":"https:\/\/i0.wp.com\/www.grieta.org.mx\/wp-content\/uploads\/2018\/03\/14524434_1106112876131411_958039263622046936_o.jpg?resize=350%2C200 1x, https:\/\/i0.wp.com\/www.grieta.org.mx\/wp-content\/uploads\/2018\/03\/14524434_1106112876131411_958039263622046936_o.jpg?resize=525%2C300 1.5x, https:\/\/i0.wp.com\/www.grieta.org.mx\/wp-content\/uploads\/2018\/03\/14524434_1106112876131411_958039263622046936_o.jpg?resize=700%2C400 2x"},"classes":[]},{"id":17685,"url":"http:\/\/www.grieta.org.mx\/index.php\/2016\/07\/21\/asesinan-a-pedro-tamayo-el-periodista-que-denuncio-la-corrupcion-de-javier-duarte-en-verecruz\/","url_meta":{"origin":6454,"position":2},"title":"Asesinan A Pedro Tamayo, El Periodista Que Denuncio La Corrupci\u00f3n De Javier Duarte En, Verecruz.","author":"grieta","date":"21 julio, 2016","format":false,"excerpt":"M\u00e9xico, 21 Julio 2016.- Pedro Tamayo, de 43 a\u00f1os de edad y periodista que cubr\u00eda la regi\u00f3n de Tierra Blanca, Veracruz, fue asesinado de 11 balazos, despu\u00e9s de que denunciara amenazas del Gobernador Javier Duarte de Ochoa y de su cuerpo policiaco. Anuncio Tamayo Rosas hab\u00eda huido del estado despu\u00e9s\u2026","rel":"","context":"En &quot;CINTILLO&quot;","block_context":{"text":"CINTILLO","link":"http:\/\/www.grieta.org.mx\/index.php\/category\/cintillo\/"},"img":{"alt_text":"","src":"https:\/\/i0.wp.com\/www.grieta.org.mx\/wp-content\/uploads\/2018\/03\/14524434_1106112876131411_958039263622046936_o.jpg?resize=350%2C200","width":350,"height":200,"srcset":"https:\/\/i0.wp.com\/www.grieta.org.mx\/wp-content\/uploads\/2018\/03\/14524434_1106112876131411_958039263622046936_o.jpg?resize=350%2C200 1x, https:\/\/i0.wp.com\/www.grieta.org.mx\/wp-content\/uploads\/2018\/03\/14524434_1106112876131411_958039263622046936_o.jpg?resize=525%2C300 1.5x, https:\/\/i0.wp.com\/www.grieta.org.mx\/wp-content\/uploads\/2018\/03\/14524434_1106112876131411_958039263622046936_o.jpg?resize=700%2C400 2x"},"classes":[]},{"id":24388,"url":"http:\/\/www.grieta.org.mx\/index.php\/2018\/03\/22\/asesinan-a-tiros-a-un-periodista-mexicano-en-el-estado-de-veracruz\/","url_meta":{"origin":6454,"position":3},"title":"Asesinan a tiros a un periodista mexicano en el estado de Veracruz","author":"grieta","date":"22 marzo, 2018","format":false,"excerpt":"Redacci\u00f3n \/ La Vanguardia Leobardo V\u00e1zquez Atzin fue tiroteado por causas desconocidas | Se trata del 21 reportero asesinado en siete a\u00f1os en el estado, uno de los m\u00e1s peligrosos para los comunicadores El periodista mexicano Leobardo V\u00e1zquez Atzin, del sitio de noticias digitales Enlace de Guti\u00e9rrez Zamora, fue asesinado\u2026","rel":"","context":"En &quot;CINTILLO&quot;","block_context":{"text":"CINTILLO","link":"http:\/\/www.grieta.org.mx\/index.php\/category\/cintillo\/"},"img":{"alt_text":"","src":"https:\/\/i0.wp.com\/www.grieta.org.mx\/wp-content\/uploads\/2018\/07\/la-vanguardia-periodistas.jpg?resize=350%2C200","width":350,"height":200,"srcset":"https:\/\/i0.wp.com\/www.grieta.org.mx\/wp-content\/uploads\/2018\/07\/la-vanguardia-periodistas.jpg?resize=350%2C200 1x, https:\/\/i0.wp.com\/www.grieta.org.mx\/wp-content\/uploads\/2018\/07\/la-vanguardia-periodistas.jpg?resize=525%2C300 1.5x, https:\/\/i0.wp.com\/www.grieta.org.mx\/wp-content\/uploads\/2018\/07\/la-vanguardia-periodistas.jpg?resize=700%2C400 2x"},"classes":[]},{"id":60808,"url":"http:\/\/www.grieta.org.mx\/index.php\/2021\/07\/19\/matan-al-periodista-y-locutor-abraham-mendoza-en-morelia-michoacan\/","url_meta":{"origin":6454,"position":4},"title":"Matan al periodista y locutor Abraham Mendoza en Morelia (Michoac\u00e1n)","author":"grieta","date":"19 julio, 2021","format":false,"excerpt":"La Universidad Vasco de Quiroga lament\u00f3 el asesinato del tambi\u00e9n locutor, quien fue exalumno de la facultad de Ciencias de la Comunicaci\u00f3n y colaborador de la UVAQ. Francisco Castellanos, Proceso, lunes 19 de julio de 2021. MORELIA, Mich., (apro).- El periodista Abraham Mendoza Mendoza fue asesinado este lunes en el\u2026","rel":"","context":"En &quot;CINTILLO&quot;","block_context":{"text":"CINTILLO","link":"http:\/\/www.grieta.org.mx\/index.php\/category\/cintillo\/"},"img":{"alt_text":"","src":"https:\/\/i0.wp.com\/www.grieta.org.mx\/wp-content\/uploads\/2021\/07\/https-_www.proceso.com_.mx_u_fotografias_fotosnoticias_2021_7_19_139040.jpg?resize=350%2C200","width":350,"height":200,"srcset":"https:\/\/i0.wp.com\/www.grieta.org.mx\/wp-content\/uploads\/2021\/07\/https-_www.proceso.com_.mx_u_fotografias_fotosnoticias_2021_7_19_139040.jpg?resize=350%2C200 1x, https:\/\/i0.wp.com\/www.grieta.org.mx\/wp-content\/uploads\/2021\/07\/https-_www.proceso.com_.mx_u_fotografias_fotosnoticias_2021_7_19_139040.jpg?resize=525%2C300 1.5x, https:\/\/i0.wp.com\/www.grieta.org.mx\/wp-content\/uploads\/2021\/07\/https-_www.proceso.com_.mx_u_fotografias_fotosnoticias_2021_7_19_139040.jpg?resize=700%2C400 2x, https:\/\/i0.wp.com\/www.grieta.org.mx\/wp-content\/uploads\/2021\/07\/https-_www.proceso.com_.mx_u_fotografias_fotosnoticias_2021_7_19_139040.jpg?resize=1050%2C600 3x"},"classes":[]},{"id":19889,"url":"http:\/\/www.grieta.org.mx\/index.php\/2016\/08\/18\/tras-amenazas-y-acoso-periodista-mexicano-abandona-el-estado-de-veracruz\/","url_meta":{"origin":6454,"position":5},"title":"Tras amenazas y acoso, periodista mexicano abandona el estado de Veracruz","author":"grieta","date":"18 agosto, 2016","format":false,"excerpt":"Las amenazas y el acoso del que era v\u00edctima el periodista mexicano No\u00e9 Zavaleta lo llevaron a abandonar el estado de Veracruz el pasado viernes 12 de agosto, inform\u00f3 Aristegui Noticias. El portal agreg\u00f3 que el periodista decidi\u00f3 salir del estado tras interponer las denuncias ante las autoridades correspondientes y\u2026","rel":"","context":"En &quot;CINTILLO&quot;","block_context":{"text":"CINTILLO","link":"http:\/\/www.grieta.org.mx\/index.php\/category\/cintillo\/"},"img":{"alt_text":"","src":"https:\/\/i0.wp.com\/www.grieta.org.mx\/wp-content\/uploads\/2018\/03\/14524434_1106112876131411_958039263622046936_o.jpg?resize=350%2C200","width":350,"height":200,"srcset":"https:\/\/i0.wp.com\/www.grieta.org.mx\/wp-content\/uploads\/2018\/03\/14524434_1106112876131411_958039263622046936_o.jpg?resize=350%2C200 1x, https:\/\/i0.wp.com\/www.grieta.org.mx\/wp-content\/uploads\/2018\/03\/14524434_1106112876131411_958039263622046936_o.jpg?resize=525%2C300 1.5x, https:\/\/i0.wp.com\/www.grieta.org.mx\/wp-content\/uploads\/2018\/03\/14524434_1106112876131411_958039263622046936_o.jpg?resize=700%2C400 2x"},"classes":[]}],"_links":{"self":[{"href":"http:\/\/www.grieta.org.mx\/index.php\/wp-json\/wp\/v2\/posts\/6454","targetHints":{"allow":["GET"]}}],"collection":[{"href":"http:\/\/www.grieta.org.mx\/index.php\/wp-json\/wp\/v2\/posts"}],"about":[{"href":"http:\/\/www.grieta.org.mx\/index.php\/wp-json\/wp\/v2\/types\/post"}],"author":[{"embeddable":true,"href":"http:\/\/www.grieta.org.mx\/index.php\/wp-json\/wp\/v2\/users\/1"}],"replies":[{"embeddable":true,"href":"http:\/\/www.grieta.org.mx\/index.php\/wp-json\/wp\/v2\/comments?post=6454"}],"version-history":[{"count":1,"href":"http:\/\/www.grieta.org.mx\/index.php\/wp-json\/wp\/v2\/posts\/6454\/revisions"}],"predecessor-version":[{"id":6456,"href":"http:\/\/www.grieta.org.mx\/index.php\/wp-json\/wp\/v2\/posts\/6454\/revisions\/6456"}],"wp:featuredmedia":[{"embeddable":true,"href":"http:\/\/www.grieta.org.mx\/index.php\/wp-json\/wp\/v2\/media\/21928"}],"wp:attachment":[{"href":"http:\/\/www.grieta.org.mx\/index.php\/wp-json\/wp\/v2\/media?parent=6454"}],"wp:term":[{"taxonomy":"category","embeddable":true,"href":"http:\/\/www.grieta.org.mx\/index.php\/wp-json\/wp\/v2\/categories?post=6454"},{"taxonomy":"post_tag","embeddable":true,"href":"http:\/\/www.grieta.org.mx\/index.php\/wp-json\/wp\/v2\/tags?post=6454"}],"curies":[{"name":"wp","href":"https:\/\/api.w.org\/{rel}","templated":true}]}}