{"id":64481,"date":"2022-07-03T13:56:35","date_gmt":"2022-07-03T18:56:35","guid":{"rendered":"https:\/\/www.grieta.org.mx\/?p=64481"},"modified":"2022-07-05T14:12:54","modified_gmt":"2022-07-05T19:12:54","slug":"marchan-porque-se-reconozca-que-el-ataque-en-contra-de-susana-carreno-fue-producto-de-su-labor-como-periodista-jalisco","status":"publish","type":"post","link":"http:\/\/www.grieta.org.mx\/index.php\/2022\/07\/03\/marchan-porque-se-reconozca-que-el-ataque-en-contra-de-susana-carreno-fue-producto-de-su-labor-como-periodista-jalisco\/","title":{"rendered":"Marchan porque se reconozca que el ataque en contra de Susana Carre\u00f1o fue producto de su labor como periodista (Jalisco)"},"content":{"rendered":"<p>Imagen: Zona Docs<\/p>\n<p><strong>Decenas de personas, periodistas y sociedad civil salieron a marchar la tarde del s\u00e1bado en Puerto Vallarta, Jalisco hacia la Delegaci\u00f3n de la Fiscal\u00eda del estado en esta ciudad, para exigir que se investigue y esclarezca el ataque del que fue v\u00edctima la periodista Susana Carre\u00f1o, directora de Radio Universidad de Guadalajara en Puerto Vallarta.<\/strong><\/p>\n<p><strong>Luego de la agresi\u00f3n registrada el viernes 1 de julio a medio d\u00eda, la Fiscal\u00eda de Jalisco inform\u00f3 sobre la localizaci\u00f3n de la camioneta en la que viajaba Susana Carre\u00f1o, que seg\u00fan esta dependencia, as\u00ed como el gobernador Enrique Alfaro Ram\u00edrez, fue el m\u00f3vil que llev\u00f3 a la agresi\u00f3n y bajo la cual se abri\u00f3 la carpeta de investigaci\u00f3n por presunto robo.<\/strong><\/p>\n<p><strong>Ante ello, el director general de Canal 44, como parte del sistema de radio y televisi\u00f3n de la Universidad de Guadalajara, asegur\u00f3 que la periodista estaba realizando una investigaci\u00f3n sobre el crecimiento inmobiliario en este puerto tur\u00edstico, raz\u00f3n por la que consideran se perpetr\u00f3 el ataque.<\/strong><\/p>\n<p><strong>Por su parte, el Comit\u00e9 de Am\u00e9rica Latina y el Caribe para la Defensa de los Derechos de las Mujeres en Jalisco (Cladem Jalisco) denunci\u00f3 que para el Gobierno de Jalisco es una constante abrir carpetas de investigaci\u00f3n que minimicen la gravedad de los delitos que se cometen hacia personas defensoras de derechos humanos, activistas y, en este caso, mujeres periodistas.<\/strong><\/p>\n<p>Leslie Zepeda \/ Zona Docs<\/p>\n<p>\u201c<b>No m\u00e1s mordazas, protecci\u00f3n a periodistas y activistas<\/b>\u201d; \u201cno se mata la verdad matando periodistas\u201d; \u201c<b>no fue robo, fue ataque<\/b>\u201d; \u201cEnrique Alfaro, fue atentado\u201d, fueron solamente algunas de las consignas que acompa\u00f1aron la manifestaci\u00f3n organizada a menos de un d\u00eda de la agresi\u00f3n contra la periodista y directora de Radio Universidad de Guadalajara en Puerto Vallarta, mientras reporteaba en la colonia La Moderna, en una zona ejidal de esta ciudad tur\u00edstica el 1 de julio pasado.<\/p>\n<p>As\u00ed, decenas de personas, entre ellas reporteras, reporteros y sociedad civil, marcharon desde las inmediaciones del Aeropuerto Internacional de Puerto Vallarta hacia la Delegaci\u00f3n de la Fiscal\u00eda del estado de Jalisco en este municipio, portando\u00a0<b>m\u00faltiples carteles donde plasmaron su inconformidad ante las agresiones hacia periodistas que ahora alcanzaron a la prensa vallartense.<\/b><\/p>\n<p><b>Y es que sin ninguna investigaci\u00f3n a profundidad y casi de manera inmediata<\/b>\u00a0tras el ataque cometido en contra de Susana Carre\u00f1o, tanto la Fiscal\u00eda de Jalisco como el Gobernador del estado, Enrique Alfaro Ram\u00edrez, han asegurado p\u00fablicamente que la agresi\u00f3n se debi\u00f3 al \u201cintento de robo\u201d de la camioneta en la que viajaba.<\/p>\n<p>Frente a las puertas de la delegaci\u00f3n de la Fiscal\u00eda de Jalisco en Puerto Vallarta, colegas e integrantes del gremio period\u00edstico en la ciudad\u00a0<b>manifestaron su molestia por la indiferencia con la que las autoridades han abordado el ataque perpetrado hacia su compa\u00f1era y amiga.\u00a0<\/b>Por ello, aprovecharon para llamar a la solidaridad de la poblaci\u00f3n en general, ya que, no s\u00f3lo\u00a0<b>temen que al sobrevivir Susana Carre\u00f1o todav\u00eda se encuentre en riesgo su integridad<\/b>, sino que, adem\u00e1s,\u00a0<b>este tipo de agresiones se vuelva una constante:<\/b><\/p>\n<p><em>\u201cCuando ustedes nos necesitan estamos siempre presentes, cuando hay una manifestaci\u00f3n somos los primeros en llegar y los \u00faltimos en irnos. Nuestra labor es necesaria y no se vale que tengamos que cuidarnos las espaldas\u201d<\/em>.<\/p>\n<p>Sobre su estado de salud, desde el\u00a0<i>Hospital CMQ Premier<\/i>\u00a0donde ha sido atendida, han informado que\u00a0<b>se encuentra estable y ha despertado luego de las intervenciones quir\u00fargicas<\/b>\u00a0que se le practicaron luego del ataque el viernes. Sin embargo, el director del nosocomio, Jorge Villanueva,\u00a0<b>describi\u00f3 las heridas como graves<\/b>\u00a0y dijo que,\u00a0<b>de no haberla atendido con rapidez, el pron\u00f3stico habr\u00eda sido diferente:<\/b><\/p>\n<p><em>\u201cTomando en cuenta las lesiones tan tremendas que recibi\u00f3, se encuentra en buen estado. Yo creo que lo mejor fue la rapidez con la que la trajeron, sino solamente la lesi\u00f3n de cuello la hubiera desangrado totalmente\u201d.<\/em><\/p>\n<p>Las heridas que recibi\u00f3 afectaron tres puntos espec\u00edficos: perforaci\u00f3n en yugular, as\u00ed como perforaciones en bazo y colon, adem\u00e1s de\u00a0<b>heridas defensivas en los brazos<\/b>.<\/p>\n<p>Su compa\u00f1era y amiga, Carolina G\u00f3mez, quien tambi\u00e9n se desempe\u00f1a como periodista en este municipio, se pronunci\u00f3 sobre el ataque a Susana y manifest\u00f3\u00a0<b>su rechazo hacia la respuesta que ha tenido el Gobierno de Jalisco<\/b>:<\/p>\n<h6><b>Desarrollo inmobiliario vertiginoso en Puerto Vallarta, probable m\u00f3vil del ataque<\/b><\/h6>\n<p>Durante la marcha Jorge T\u00e9llez, rector del Centro Universitario de la Costa (CUCosta) plantel donde se encuentran las instalaciones de Radio Universidad de Guadalajara en Puerto Vallarta, reconoci\u00f3 y explic\u00f3 la probable relaci\u00f3n existente entre el ataque en contra de la periodista y las investigaciones que ella realizaba sobre el desarrollo inmobiliario en la ciudad costera:<\/p>\n<p><em>\u201cEn Puerto Vallarta existen intereses importantes que siempre viven detr\u00e1s del maquillaje del turismo. En Puerto Vallarta se necesita hablar con la verdad, con valor para tratar de descubrir esos intereses que est\u00e1n desde la propiedad particular, pero tambi\u00e9n la propiedad social como los ejidos, hay intereses ah\u00ed para hacer cambios de uso de suelo irregulares. Puerto Vallarta se maquilla del turismo pero su verdadero negocio es el inmobiliario y es desde ah\u00ed donde han querido acallar a muchos\u201d<\/em><\/p>\n<p>T\u00e9llez insisti\u00f3 en que este ataque, adem\u00e1s de ser un atentado contra la vida de la periodista,\u00a0<b>lacera la verdad, la libertad de expresi\u00f3n y el periodismo libre.<\/b><\/p>\n<p>A la movilizaci\u00f3n asisti\u00f3 Gabriel Torres Espinoza, director general de Canal 44, integrante del Sistema de Radio y Televisi\u00f3n de la Universidad de Guadalajara, donde labora Susana Carre\u00f1o. Durante su intervenci\u00f3n dio a conocer que\u00a0<b>transmitir\u00e1n la informaci\u00f3n que la periodista habr\u00eda recuperado previo al ataque en el ejido Vallarta<\/b>.<\/p>\n<p><em>\u201cRechazamos categ\u00f3ricamente una conclusi\u00f3n anticipada que la l\u00f3gica y el sentido com\u00fan derrumba, porque el d\u00eda de hoy apareci\u00f3 la camioneta de Susana Carre\u00f1o, la que supuestamente hab\u00eda motivado el robo, abandonada desde ayer aqu\u00ed en Puerto Vallarta; por lo que, los que supuestamente fueron a robarla, dejaron una camioneta de m\u00e1s valor para llevarse una de menor valor que luego abandonar\u00edan kil\u00f3metros adelante. As\u00ed que no se sostiene que esto haya sido un robo\u201d<\/em> adelant\u00f3 Torres Espinoza.<\/p>\n<p>La propia Fiscal\u00eda de Jalisco acept\u00f3 que la camioneta de la periodista Susana Carre\u00f1o\u00a0<b>apareci\u00f3 en camino a La Solapa en el crucero al rancho Las Vegas, a\u00fan en Jalisco<\/b>, sin embargo, lo dieron a conocer hasta la noche del s\u00e1bado. Desde entonces no han informado sobre ning\u00fan otro avance en la investigaci\u00f3n.<\/p>\n<p>Sobre esta afirmaci\u00f3n, coincide la periodista Carolina G\u00f3mez, quien destac\u00f3 que el ataque presuntamente podr\u00eda guardar relaci\u00f3n con los intereses de empresarios, \u201cde aquellos que quieren hacer desarrollos inmobiliarios fuera de la norma en Puerto Vallarta\u201d,\u00a0<b>esos mismos que Susana Carre\u00f1o expuso durante al presidente Andr\u00e9s Manuel L\u00f3pez Obrador en una conferencia ma\u00f1anera:<\/b><\/p>\n<p><em>\u201cAqu\u00ed no es s\u00f3lo el intento de asesinato contra su persona, es el intento de callar lo que ella estaba por destapar, las investigaciones que realizaba, lo que nos afecta a los vallartenses como ciudad, eso es lo que intentan callar, las injusticias, la corrupci\u00f3n, lo que no debe de construirse en Puerto vallarta, por eso es tan importante contar con el apoyo de la ciudadan\u00eda\u201d<\/em> finaliz\u00f3.<\/p>\n<p>Por su parte, Sandra Qui\u00f1ones, activista feminista e integrante del\u00a0<i>Comit\u00e9 de Am\u00e9rica Latina y el Caribe para la Defensa de los Derechos de las Mujeres\u00a0<\/i>(CLADEM) agreg\u00f3 que desde su experiencia \u201csaben como funciona la Fiscal\u00eda\u201d sobre todo, en casos como estos, donde\u00a0<b>involucra la exhibici\u00f3n de las inoperancias e ineficiencias de las entidades que est\u00e1n hechas para cuidar, proteger y acceder a la justicia.<\/b><\/p>\n<p><em>\u201cMe queda claro que el que el gobernador haya salido a decir que fue un robo, fue precisamente para establecer ya la pauta para donde se tiene que abrir la investigaci\u00f3n, porque lo contrario, implica reconocer que no tiene mecanismos para proteger a periodistas en el estado de Jalisco, que me preocupan las estad\u00edsticas y prefiero que sea robo porque no son delito grave, son manejables, en comparaci\u00f3n con otros estados no estamos tan mal en el tema de robo.<\/em><\/p>\n<p>La activista explic\u00f3 que, para el Gobernador de Jalisco, es inadmisible reconocer que Puerto Vallarta, aunque no es zona metropolitana, es su \u201cjoya de la corona econ\u00f3mica del estado\u201d y esta joya econ\u00f3mica no s\u00f3lo tiene que ver con el turismo como bien dec\u00eda el rector, sino que tiene que ver con la parte inmobiliaria que hoy empieza a repuntar y que los habitantes empezamos a padecer este crecimiento desmedido\u201d.<\/p>\n<p>A pesar de que el ataque directo hacia Susana Carre\u00f1o es el primero de su tipo contra la prensa en Puerto Vallarta, Sandra Qui\u00f1ones asegur\u00f3 que\u00a0<b>no se trata del primer ataque hacia las defensoras,\u00a0<\/b>ya que desde a\u00f1os atr\u00e1s, han padecido una serie de ataques. Incluso,\u00a0<b>la propia Sandra Qui\u00f1onez se encuentra inscrita al Mecanismo de Protecci\u00f3n\u00a0<\/b>para Personas Defensoras de Derechos Humanos y Periodistas.<\/p>\n<p><a href=\"https:\/\/www.zonadocs.mx\/2022\/07\/03\/marchan-porque-se-reconozca-que-el-ataque-en-contra-de-susana-carreno-fue-producto-de-su-labor-como-periodista\/\">https:\/\/www.zonadocs.mx\/2022\/07\/03\/marchan-porque-se-reconozca-que-el-ataque-en-contra-de-susana-carreno-fue-producto-de-su-labor-como-periodista\/<\/a><\/p>\n","protected":false},"excerpt":{"rendered":"<p>Imagen: Zona Docs Decenas de personas, periodistas y sociedad civil salieron a marchar la tarde del s\u00e1bado en Puerto Vallarta, Jalisco hacia la Delegaci\u00f3n de la Fiscal\u00eda del estado en &hellip; <a href=\"http:\/\/www.grieta.org.mx\/index.php\/2022\/07\/03\/marchan-porque-se-reconozca-que-el-ataque-en-contra-de-susana-carreno-fue-producto-de-su-labor-como-periodista-jalisco\/\" class=\"more-link\">Leer m\u00e1s<\/a><\/p>\n","protected":false},"author":2,"featured_media":64482,"comment_status":"closed","ping_status":"closed","sticky":false,"template":"","format":"standard","meta":{"ngg_post_thumbnail":0,"_jetpack_newsletter_access":"","_jetpack_dont_email_post_to_subs":false,"_jetpack_newsletter_tier_id":0,"_jetpack_memberships_contains_paywalled_content":false,"_jetpack_memberships_contains_paid_content":false,"footnotes":""},"categories":[80,20,2,83,88,2108],"tags":[2262,2486,1046,2264,2325,1630,3115],"class_list":["post-64481","post","type-post","status-publish","format-standard","has-post-thumbnail","hentry","category-cintillo","category-jalisco","category-noticias-nacionales","category-temas-nacionales","category-violencia-contra-periodistas","category-violencia-contra-periodistas-en-jalisco","tag-agresiones-contra-periodistas","tag-amenazas-contra-periodistas","tag-cartel-inmobiliario","tag-mujeres-periodistas","tag-protestas-contra-asesionato-de-periodistas","tag-violencia-contra-las-mujeres","tag-violencia-contra-las-periodistas","entry"],"jetpack_featured_media_url":"http:\/\/www.grieta.org.mx\/wp-content\/uploads\/2022\/07\/FDA1588E-14F1-4108-B101-608BAE2C4C83-696x1044-1.jpeg","jetpack_sharing_enabled":true,"jetpack_shortlink":"https:\/\/wp.me\/p7ZJR4-gM1","jetpack_likes_enabled":false,"jetpack-related-posts":[{"id":66164,"url":"http:\/\/www.grieta.org.mx\/index.php\/2023\/01\/23\/periodistas-de-puerto-vallarta-se-unen-para-exigir-condiciones-para-su-trabajo-jalisco\/","url_meta":{"origin":64481,"position":0},"title":"Periodistas de Puerto Vallarta se unen para exigir condiciones para su trabajo (Jalisco)","author":"grieta","date":"23 enero, 2023","format":false,"excerpt":"Imagen: Cuertoscuro Lauro Rodr\u00edguez \/ El Diario NTR Periodistas de Puerto Vallarta conformaron la Red Period\u00edstica de Puerto Vallarta con el fin de defender su profesi\u00f3n. A trav\u00e9s de un pronunciamiento difundido en redes sociales, detallaron que en el municipio costero hay presiones del sector p\u00fablico y privado, as\u00ed como\u2026","rel":"","context":"En &quot;CINTILLO&quot;","block_context":{"text":"CINTILLO","link":"http:\/\/www.grieta.org.mx\/index.php\/category\/cintillo\/"},"img":{"alt_text":"","src":"https:\/\/i0.wp.com\/www.grieta.org.mx\/wp-content\/uploads\/2023\/01\/2023-01-23_02-01-58___8668.jpg?resize=350%2C200","width":350,"height":200,"srcset":"https:\/\/i0.wp.com\/www.grieta.org.mx\/wp-content\/uploads\/2023\/01\/2023-01-23_02-01-58___8668.jpg?resize=350%2C200 1x, https:\/\/i0.wp.com\/www.grieta.org.mx\/wp-content\/uploads\/2023\/01\/2023-01-23_02-01-58___8668.jpg?resize=525%2C300 1.5x, https:\/\/i0.wp.com\/www.grieta.org.mx\/wp-content\/uploads\/2023\/01\/2023-01-23_02-01-58___8668.jpg?resize=700%2C400 2x"},"classes":[]},{"id":63217,"url":"http:\/\/www.grieta.org.mx\/index.php\/2022\/01\/25\/exigen-periodistas-de-puerto-vallarta-un-cese-a-la-violencia-contra-el-gremio-jalisco\/","url_meta":{"origin":64481,"position":1},"title":"Exigen periodistas de Puerto Vallarta un cese a la violencia contra el gremio (Jalisco)","author":"grieta","date":"25 enero, 2022","format":false,"excerpt":"Foto: Zona Docs Periodistas de Puerto Vallarta, Jalisco, tambi\u00e9n se sumaron a la Movilizaci\u00f3n Nacional #PeriodismoEnRiesgo y desde el malec\u00f3n exigieron condiciones de seguridad para ejercer su trabajo, as\u00ed mismo exhortaron al gobierno para que ninguna del cr\u00edmenes cometidos contra periodistas quede impune. Leslie Zepeda\/ Zona Docs Tras el asesinato\u2026","rel":"","context":"En &quot;CINTILLO&quot;","block_context":{"text":"CINTILLO","link":"http:\/\/www.grieta.org.mx\/index.php\/category\/cintillo\/"},"img":{"alt_text":"","src":"https:\/\/i0.wp.com\/www.grieta.org.mx\/wp-content\/uploads\/2022\/01\/Unknown-20-2-768x512-1.jpeg?resize=350%2C200","width":350,"height":200,"srcset":"https:\/\/i0.wp.com\/www.grieta.org.mx\/wp-content\/uploads\/2022\/01\/Unknown-20-2-768x512-1.jpeg?resize=350%2C200 1x, https:\/\/i0.wp.com\/www.grieta.org.mx\/wp-content\/uploads\/2022\/01\/Unknown-20-2-768x512-1.jpeg?resize=525%2C300 1.5x, https:\/\/i0.wp.com\/www.grieta.org.mx\/wp-content\/uploads\/2022\/01\/Unknown-20-2-768x512-1.jpeg?resize=700%2C400 2x"},"classes":[]},{"id":68358,"url":"http:\/\/www.grieta.org.mx\/index.php\/2024\/01\/08\/jalisco-segundo-lugar-en-agresiones-a-periodistas-mujeres\/","url_meta":{"origin":64481,"position":2},"title":"Jalisco: segundo lugar en agresiones a periodistas mujeres","author":"grieta","date":"8 enero, 2024","format":false,"excerpt":"Imagen: Especial Le\u00f3n Forte \/ Perimetral El estado de Jalisco ocupa el segundo lugar dentro de las entidades con mayor cantidad de atentados contra mujeres periodistas en el \u00faltimo trimestre de 2023. De acuerdo\u00a0al registro del Programa de Libertad de Expresi\u00f3n y G\u00e9nero, de la organizaci\u00f3n Comunicaci\u00f3n e Informaci\u00f3n de\u2026","rel":"","context":"En &quot;CINTILLO&quot;","block_context":{"text":"CINTILLO","link":"http:\/\/www.grieta.org.mx\/index.php\/category\/cintillo\/"},"img":{"alt_text":"","src":"https:\/\/i0.wp.com\/www.grieta.org.mx\/wp-content\/uploads\/2024\/01\/foto-francisco-rodriguez-occi.webp?resize=350%2C200","width":350,"height":200,"srcset":"https:\/\/i0.wp.com\/www.grieta.org.mx\/wp-content\/uploads\/2024\/01\/foto-francisco-rodriguez-occi.webp?resize=350%2C200 1x, https:\/\/i0.wp.com\/www.grieta.org.mx\/wp-content\/uploads\/2024\/01\/foto-francisco-rodriguez-occi.webp?resize=525%2C300 1.5x, https:\/\/i0.wp.com\/www.grieta.org.mx\/wp-content\/uploads\/2024\/01\/foto-francisco-rodriguez-occi.webp?resize=700%2C400 2x, https:\/\/i0.wp.com\/www.grieta.org.mx\/wp-content\/uploads\/2024\/01\/foto-francisco-rodriguez-occi.webp?resize=1050%2C600 3x"},"classes":[]},{"id":65049,"url":"http:\/\/www.grieta.org.mx\/index.php\/2022\/08\/31\/en-jalisco-mecanismos-de-proteccion-a-periodistas-existen-solo-en-el-papel\/","url_meta":{"origin":64481,"position":3},"title":"En Jalisco mecanismos de protecci\u00f3n a periodistas existen s\u00f3lo en el papel","author":"grieta","date":"31 agosto, 2022","format":false,"excerpt":"Imagen Jorge Alberto Mendoza Redacci\u00f3n \/ El Diario En M\u00e9xico, la protecci\u00f3n de los defensores y periodistas \u00fanicamente est\u00e1 en el papel, las comisiones encargadas no son homog\u00e9neas ni cuentan con presupuesto o personal capacitado. En Jalisco, durante la administraci\u00f3n de Jorge Arist\u00f3teles Sandoval se cre\u00f3 un consejo, nombr\u00f3 a\u2026","rel":"","context":"En &quot;CINTILLO&quot;","block_context":{"text":"CINTILLO","link":"http:\/\/www.grieta.org.mx\/index.php\/category\/cintillo\/"},"img":{"alt_text":"","src":"https:\/\/i0.wp.com\/www.grieta.org.mx\/wp-content\/uploads\/2022\/09\/2022-08-31_05-08-23___4264.jpg?resize=350%2C200","width":350,"height":200,"srcset":"https:\/\/i0.wp.com\/www.grieta.org.mx\/wp-content\/uploads\/2022\/09\/2022-08-31_05-08-23___4264.jpg?resize=350%2C200 1x, https:\/\/i0.wp.com\/www.grieta.org.mx\/wp-content\/uploads\/2022\/09\/2022-08-31_05-08-23___4264.jpg?resize=525%2C300 1.5x, https:\/\/i0.wp.com\/www.grieta.org.mx\/wp-content\/uploads\/2022\/09\/2022-08-31_05-08-23___4264.jpg?resize=700%2C400 2x"},"classes":[]},{"id":62893,"url":"http:\/\/www.grieta.org.mx\/index.php\/2021\/12\/09\/cuestionarnoesatacar-periodistas-de-jalisco-exigen-un-alto-a-la-violencia-en-su-contra\/","url_meta":{"origin":64481,"position":4},"title":"#CuestionarNoEsAtacar: Periodistas de Jalisco exigen un alto a la violencia en su contra","author":"grieta","date":"9 diciembre, 2021","format":false,"excerpt":"Foto: Zona Docs Redacci\u00f3n \/ Zona Docs En solidaridad con la periodista, Roc\u00edo L\u00f3pez Fonseca,\u00a0una centena de periodistas, mediante la publicaci\u00f3n de un comunicado, solicitaron la intervenci\u00f3n de\u00a0Art\u00edculo 19, la Comisi\u00f3n Nacional de los Derechos Humanos (CNDH) y de la Relator\u00eda Especial para la Libertad de Expresi\u00f3n de la Comisi\u00f3n\u2026","rel":"","context":"En &quot;CINTILLO&quot;","block_context":{"text":"CINTILLO","link":"http:\/\/www.grieta.org.mx\/index.php\/category\/cintillo\/"},"img":{"alt_text":"","src":"https:\/\/i0.wp.com\/www.grieta.org.mx\/wp-content\/uploads\/2021\/12\/FGNAbKOVkAIp9aU-1068x801-1.jpeg?resize=350%2C200","width":350,"height":200,"srcset":"https:\/\/i0.wp.com\/www.grieta.org.mx\/wp-content\/uploads\/2021\/12\/FGNAbKOVkAIp9aU-1068x801-1.jpeg?resize=350%2C200 1x, https:\/\/i0.wp.com\/www.grieta.org.mx\/wp-content\/uploads\/2021\/12\/FGNAbKOVkAIp9aU-1068x801-1.jpeg?resize=525%2C300 1.5x, https:\/\/i0.wp.com\/www.grieta.org.mx\/wp-content\/uploads\/2021\/12\/FGNAbKOVkAIp9aU-1068x801-1.jpeg?resize=700%2C400 2x, https:\/\/i0.wp.com\/www.grieta.org.mx\/wp-content\/uploads\/2021\/12\/FGNAbKOVkAIp9aU-1068x801-1.jpeg?resize=1050%2C600 3x"},"classes":[]},{"id":64153,"url":"http:\/\/www.grieta.org.mx\/index.php\/2022\/05\/03\/periodistas-vallartenses-conmemoran-libertad-de-prensa-exigen-justicia-por-sus-companeros-muertos-jalisco\/","url_meta":{"origin":64481,"position":5},"title":"Periodistas vallartenses conmemoran Libertad de Prensa, exigen justicia por sus compa\u00f1eros asesinados (Jalisco)","author":"grieta","date":"3 mayo, 2022","format":false,"excerpt":"Foto: Tribuna de la bah\u00eda \u00a0 Los periodistas vallartenses conmemoraron este 3 de mayo el\u00a0Dia Mundial de la Libertad de Prensa\u00a0en un sencillo pero simb\u00f3lico acto realizado en la Plaza de Armas, entre el quiosco y el monumento a Ignacio L. Vallarta. Recordaron con pase de lista a los siete\u00a0comunicadores\u2026","rel":"","context":"En &quot;CINTILLO&quot;","block_context":{"text":"CINTILLO","link":"http:\/\/www.grieta.org.mx\/index.php\/category\/cintillo\/"},"img":{"alt_text":"","src":"https:\/\/i0.wp.com\/www.grieta.org.mx\/wp-content\/uploads\/2022\/05\/periodistas-vallartenses-conmemoran-libertad-de-prensa-2-cover.jpg?resize=350%2C200","width":350,"height":200,"srcset":"https:\/\/i0.wp.com\/www.grieta.org.mx\/wp-content\/uploads\/2022\/05\/periodistas-vallartenses-conmemoran-libertad-de-prensa-2-cover.jpg?resize=350%2C200 1x, https:\/\/i0.wp.com\/www.grieta.org.mx\/wp-content\/uploads\/2022\/05\/periodistas-vallartenses-conmemoran-libertad-de-prensa-2-cover.jpg?resize=525%2C300 1.5x, https:\/\/i0.wp.com\/www.grieta.org.mx\/wp-content\/uploads\/2022\/05\/periodistas-vallartenses-conmemoran-libertad-de-prensa-2-cover.jpg?resize=700%2C400 2x"},"classes":[]}],"_links":{"self":[{"href":"http:\/\/www.grieta.org.mx\/index.php\/wp-json\/wp\/v2\/posts\/64481","targetHints":{"allow":["GET"]}}],"collection":[{"href":"http:\/\/www.grieta.org.mx\/index.php\/wp-json\/wp\/v2\/posts"}],"about":[{"href":"http:\/\/www.grieta.org.mx\/index.php\/wp-json\/wp\/v2\/types\/post"}],"author":[{"embeddable":true,"href":"http:\/\/www.grieta.org.mx\/index.php\/wp-json\/wp\/v2\/users\/2"}],"replies":[{"embeddable":true,"href":"http:\/\/www.grieta.org.mx\/index.php\/wp-json\/wp\/v2\/comments?post=64481"}],"version-history":[{"count":1,"href":"http:\/\/www.grieta.org.mx\/index.php\/wp-json\/wp\/v2\/posts\/64481\/revisions"}],"predecessor-version":[{"id":64484,"href":"http:\/\/www.grieta.org.mx\/index.php\/wp-json\/wp\/v2\/posts\/64481\/revisions\/64484"}],"wp:featuredmedia":[{"embeddable":true,"href":"http:\/\/www.grieta.org.mx\/index.php\/wp-json\/wp\/v2\/media\/64482"}],"wp:attachment":[{"href":"http:\/\/www.grieta.org.mx\/index.php\/wp-json\/wp\/v2\/media?parent=64481"}],"wp:term":[{"taxonomy":"category","embeddable":true,"href":"http:\/\/www.grieta.org.mx\/index.php\/wp-json\/wp\/v2\/categories?post=64481"},{"taxonomy":"post_tag","embeddable":true,"href":"http:\/\/www.grieta.org.mx\/index.php\/wp-json\/wp\/v2\/tags?post=64481"}],"curies":[{"name":"wp","href":"https:\/\/api.w.org\/{rel}","templated":true}]}}