{"id":64450,"date":"2022-06-22T11:54:26","date_gmt":"2022-06-22T16:54:26","guid":{"rendered":"https:\/\/www.grieta.org.mx\/?p=64450"},"modified":"2022-06-24T12:11:26","modified_gmt":"2022-06-24T17:11:26","slug":"abogada-feminista-en-vallarta-bajo-acoso-y-perseguida-jalisco","status":"publish","type":"post","link":"http:\/\/www.grieta.org.mx\/index.php\/2022\/06\/22\/abogada-feminista-en-vallarta-bajo-acoso-y-perseguida-jalisco\/","title":{"rendered":"Abogada feminista en Vallarta bajo acoso y perseguida (Jalisco)"},"content":{"rendered":"<p>Imagen: Perimetral<\/p>\n<p>Susana Rodr\u00edguez \/ PERIMETRAL<\/p>\n<p>\u201cSi esto me pas\u00f3 a m\u00ed, que soy una figura reconocida que tiene contactos y conoce los procedimiento, \u00bfQu\u00e9 le espera a una mujer v\u00edctima de violencia que viene con todo el temor y carente de herramientas a poner una denuncia a la fiscal\u00eda?\u00bb, cuestiona muy molesta la abogada y defensora de derechos humanos Sandra Qui\u00f1ones.<\/p>\n<p>Perimetral la busca porque a principios de junio la coordinadora del Comit\u00e9 de Am\u00e9rica Latina y el Caribe para la Defensa de los Derechos de las Mujeres (Cladem) en Jalisco, sufri\u00f3 un intento de privaci\u00f3n de la libertad afuera de la Fiscal\u00eda Regional de Puerto Vallarta.<\/p>\n<p>La abogada Sandra acompa\u00f1a denuncias penales sobre violencia y conoce de cerca la ineficacia e indolencia de las autoridades en materia de justicia en Jalisco.<\/p>\n<p>Y ahora le toc\u00f3 ser la v\u00edctima.<\/p>\n<p>Para Sandra Qui\u00f1ones, la perspectiva de g\u00e9nero en Jalisco es s\u00f3lo un discurso y supuestos millones de pesos, que no se reflejan en inseguridad que atraviesan las mujeres.<\/p>\n<p><strong>Un riesgo anunciado<\/strong><\/p>\n<p>Donde se ubica la Fiscal\u00eda Regional en Puerto Vallarta, el Centro de Justicia para las Mujeres y los Juzgados de Oralidad, es una zona se\u00f1alada por la abogada y otra activistas como \u00abun espacio peligroso para las mujeres\u00bb, seg\u00fan lo describe:<\/p>\n<p>Ni las autoridades de hace a\u00f1os ni las de ahora hicieron caso de esas voces que les advirtieron que esta era una zona donde las mujeres no pod\u00edan sentirse seguras.<\/p>\n<p>Esta inseguridad del espacio disminuye las posibilidades de que las mujeres denuncien los delitos de los cuales son v\u00edctimas, lo cual de por s\u00ed ya es complicado de lograr.<\/p>\n<p>Con la frustraci\u00f3n que ha implicado para Sandra Qui\u00f1ones proveerse de protecci\u00f3n, asegur\u00f3 que el Estado no puede decir que le preocupan las mujeres.<\/p>\n<p><strong>\u201cMe cambi\u00f3 la vida por completo\u201d<\/strong><\/p>\n<p>Desde el d\u00eda de la agresi\u00f3n Sandra padece estr\u00e9s postraum\u00e1tico, no ha dejado su trabajo pero entrar a la Fiscal\u00eda la altera.<\/p>\n<p>Est\u00e1 en un acompa\u00f1amiento terap\u00e9utico, pero a\u00fan as\u00ed se despierta por las noches.<\/p>\n<p>La fiscal\u00eda y funcionarios de primer nivel en el estado de Jalisco, con los que Sandra ha hablado para pedirles ayuda, denuncia que textualmente la cuestionan \u201cDe que se preocupa, si al final no le pas\u00f3 nada\u201d.<\/p>\n<p>La defensora est\u00e1 integrada al Mecanismo para la Protecci\u00f3n de Personas Defensoras de Derechos Humanos y Periodistas.<\/p>\n<p><strong>Si tocan a una respondemos todas<\/strong><\/p>\n<p>Organizaciones civiles\u00a0<a href=\"https:\/\/im-defensoras.org\/red-nacional-de-defensoras-de-derechos-humanos-en-mexico\/\">en M\u00e9xico y a nivel internacional\u00a0<\/a>han expresado solidaridad y respaldo a su trabajo y situaci\u00f3n que enfrenta.<\/p>\n<p>Para Sandra Qui\u00f1ones, sin duda este es un episodio muy fuerte en su vida, pero que no la va a detener porque su lucha ha estado puesta en lograr que las ni\u00f1as y mujeres puedan tener una vida sin miedo.<\/p>\n<p><a href=\"https:\/\/perimetral.press\/abogada-feminista-en-vallarta-bajo-acoso-y-perseguida\/\">https:\/\/perimetral.press\/abogada-feminista-en-vallarta-bajo-acoso-y-perseguida\/<\/a><\/p>\n","protected":false},"excerpt":{"rendered":"<p>Imagen: Perimetral Susana Rodr\u00edguez \/ PERIMETRAL \u201cSi esto me pas\u00f3 a m\u00ed, que soy una figura reconocida que tiene contactos y conoce los procedimiento, \u00bfQu\u00e9 le espera a una mujer &hellip; <a href=\"http:\/\/www.grieta.org.mx\/index.php\/2022\/06\/22\/abogada-feminista-en-vallarta-bajo-acoso-y-perseguida-jalisco\/\" class=\"more-link\">Leer m\u00e1s<\/a><\/p>\n","protected":false},"author":2,"featured_media":64451,"comment_status":"closed","ping_status":"closed","sticky":false,"template":"","format":"standard","meta":{"ngg_post_thumbnail":0,"_jetpack_newsletter_access":"","_jetpack_dont_email_post_to_subs":false,"_jetpack_newsletter_tier_id":0,"_jetpack_memberships_contains_paywalled_content":false,"_jetpack_memberships_contains_paid_content":false,"footnotes":""},"categories":[2859,80,1771,20,2,2504],"tags":[4005,2860,3225,3209,3148,381],"class_list":["post-64450","post","type-post","status-publish","format-standard","has-post-thumbnail","hentry","category-amenazas-contra-activistas-en-jalisco","category-cintillo","category-incremento-de-la-violencia-en-jalisco","category-jalisco","category-noticias-nacionales","category-violencia-contra-las-mujeres-en-jalisco","tag-agresiones-a-defensores-y-activistas","tag-amenazas-contra-activistas","tag-aumento-de-la-violencia-contra-las-mujeres","tag-lucha-contra-la-violencia-contra-las-mujeres","tag-lucha-feminista","tag-violencia-de-genero","entry"],"jetpack_featured_media_url":"http:\/\/www.grieta.org.mx\/wp-content\/uploads\/2022\/06\/WhatsApp-Image-2022-06-20-at-7.22.10-PM-1-788x1024-1.jpeg","jetpack_sharing_enabled":true,"jetpack_shortlink":"https:\/\/wp.me\/p7ZJR4-gLw","jetpack_likes_enabled":false,"jetpack-related-posts":[{"id":71504,"url":"http:\/\/www.grieta.org.mx\/index.php\/2025\/03\/08\/marcha-feminista-en-puerto-vallarta-reune-a-miles-de-mujeres-jalisco\/","url_meta":{"origin":64450,"position":0},"title":"Marcha feminista en Puerto Vallarta re\u00fane a miles de mujeres (Jalisco)","author":"grieta","date":"8 marzo, 2025","format":false,"excerpt":"Imagen: Fernanda Boj\u00f3rquez Fernanda Boj\u00f3rquez \/ Tribuna de la Bah\u00eda Con la participaci\u00f3n de miles de mujeres de todas las edades, la marcha feminista en Puerto Vallarta dio inicio este s\u00e1bado a las 17:20 horas. El contingente comenz\u00f3 su recorrido en el Parque de las Mujeres y avanz\u00f3 hacia el\u2026","rel":"","context":"En &quot;CINTILLO&quot;","block_context":{"text":"CINTILLO","link":"http:\/\/www.grieta.org.mx\/index.php\/category\/cintillo\/"},"img":{"alt_text":"","src":"https:\/\/i0.wp.com\/www.grieta.org.mx\/wp-content\/uploads\/2025\/03\/Marcha-feminista-en-Puerto-Vallarta-reune-a-cientos-de-mujeres-905x613-1.jpeg?resize=350%2C200","width":350,"height":200,"srcset":"https:\/\/i0.wp.com\/www.grieta.org.mx\/wp-content\/uploads\/2025\/03\/Marcha-feminista-en-Puerto-Vallarta-reune-a-cientos-de-mujeres-905x613-1.jpeg?resize=350%2C200 1x, https:\/\/i0.wp.com\/www.grieta.org.mx\/wp-content\/uploads\/2025\/03\/Marcha-feminista-en-Puerto-Vallarta-reune-a-cientos-de-mujeres-905x613-1.jpeg?resize=525%2C300 1.5x, https:\/\/i0.wp.com\/www.grieta.org.mx\/wp-content\/uploads\/2025\/03\/Marcha-feminista-en-Puerto-Vallarta-reune-a-cientos-de-mujeres-905x613-1.jpeg?resize=700%2C400 2x"},"classes":[]},{"id":68358,"url":"http:\/\/www.grieta.org.mx\/index.php\/2024\/01\/08\/jalisco-segundo-lugar-en-agresiones-a-periodistas-mujeres\/","url_meta":{"origin":64450,"position":1},"title":"Jalisco: segundo lugar en agresiones a periodistas mujeres","author":"grieta","date":"8 enero, 2024","format":false,"excerpt":"Imagen: Especial Le\u00f3n Forte \/ Perimetral El estado de Jalisco ocupa el segundo lugar dentro de las entidades con mayor cantidad de atentados contra mujeres periodistas en el \u00faltimo trimestre de 2023. De acuerdo\u00a0al registro del Programa de Libertad de Expresi\u00f3n y G\u00e9nero, de la organizaci\u00f3n Comunicaci\u00f3n e Informaci\u00f3n de\u2026","rel":"","context":"En &quot;CINTILLO&quot;","block_context":{"text":"CINTILLO","link":"http:\/\/www.grieta.org.mx\/index.php\/category\/cintillo\/"},"img":{"alt_text":"","src":"https:\/\/i0.wp.com\/www.grieta.org.mx\/wp-content\/uploads\/2024\/01\/foto-francisco-rodriguez-occi.webp?resize=350%2C200","width":350,"height":200,"srcset":"https:\/\/i0.wp.com\/www.grieta.org.mx\/wp-content\/uploads\/2024\/01\/foto-francisco-rodriguez-occi.webp?resize=350%2C200 1x, https:\/\/i0.wp.com\/www.grieta.org.mx\/wp-content\/uploads\/2024\/01\/foto-francisco-rodriguez-occi.webp?resize=525%2C300 1.5x, https:\/\/i0.wp.com\/www.grieta.org.mx\/wp-content\/uploads\/2024\/01\/foto-francisco-rodriguez-occi.webp?resize=700%2C400 2x, https:\/\/i0.wp.com\/www.grieta.org.mx\/wp-content\/uploads\/2024\/01\/foto-francisco-rodriguez-occi.webp?resize=1050%2C600 3x"},"classes":[]},{"id":62899,"url":"http:\/\/www.grieta.org.mx\/index.php\/2021\/12\/10\/cladem-denuncia-agresion-y-amenazas-contra-una-de-sus-integrantes\/","url_meta":{"origin":64450,"position":2},"title":"Cladem denuncia agresi\u00f3n y amenazas contra una de sus integrantes","author":"grieta","date":"10 diciembre, 2021","format":false,"excerpt":"Foto: Especial Redacci\u00f3n \/ El Diario NTR El Comit\u00e9 de Am\u00e9rica Latina y el Caribe para la Defensa de los Derechos de las Mujeres (Cladem) denunci\u00f3 que una de sus integrantes fue amenazada y agredida en la calle por desconocidos que intentaron subirla a un veh\u00edculo a la fuerza. Sin\u2026","rel":"","context":"En &quot;Amenazas contra activistas en Jalisco&quot;","block_context":{"text":"Amenazas contra activistas en Jalisco","link":"http:\/\/www.grieta.org.mx\/index.php\/category\/noticias-nacionales\/jalisco\/amenazas-contra-activistas-en-jalisco\/"},"img":{"alt_text":"","src":"https:\/\/i0.wp.com\/www.grieta.org.mx\/wp-content\/uploads\/2021\/12\/2021-12-10_03-12-28___8684.png?resize=350%2C200","width":350,"height":200,"srcset":"https:\/\/i0.wp.com\/www.grieta.org.mx\/wp-content\/uploads\/2021\/12\/2021-12-10_03-12-28___8684.png?resize=350%2C200 1x, https:\/\/i0.wp.com\/www.grieta.org.mx\/wp-content\/uploads\/2021\/12\/2021-12-10_03-12-28___8684.png?resize=525%2C300 1.5x, https:\/\/i0.wp.com\/www.grieta.org.mx\/wp-content\/uploads\/2021\/12\/2021-12-10_03-12-28___8684.png?resize=700%2C400 2x"},"classes":[]},{"id":65820,"url":"http:\/\/www.grieta.org.mx\/index.php\/2022\/11\/25\/exigimos-justicia-para-nuestras-hijas-familiares-de-mujeres-victimas-de-feminicidio-y-desaparicion-en-jalisco\/","url_meta":{"origin":64450,"position":3},"title":"\u201cExigimos justicia para nuestras hijas\u201d: familiares de mujeres v\u00edctimas de feminicidio y desaparici\u00f3n en Jalisco","author":"grieta","date":"25 noviembre, 2022","format":false,"excerpt":"Imagen: Darwin Franco Frente a la Antimonumenta GDL de la Plaza Imelda Virgen,\u00a0familiares de mujeres v\u00edctimas de feminicidio y desaparici\u00f3n, as\u00ed como integrantes del\u00a0Comite\u0301 de Ame\u0301rica Latina y el Caribe para la Defensa de los Derechos Humanos de las Mujeres (CLADEM Jalisco) denunciaron que las autoridades de Jalisco no han\u2026","rel":"","context":"En &quot;CINTILLO&quot;","block_context":{"text":"CINTILLO","link":"http:\/\/www.grieta.org.mx\/index.php\/category\/cintillo\/"},"img":{"alt_text":"","src":"https:\/\/i0.wp.com\/www.grieta.org.mx\/wp-content\/uploads\/2022\/11\/photo5478685335778076605-1068x801-1.jpg?resize=350%2C200","width":350,"height":200,"srcset":"https:\/\/i0.wp.com\/www.grieta.org.mx\/wp-content\/uploads\/2022\/11\/photo5478685335778076605-1068x801-1.jpg?resize=350%2C200 1x, https:\/\/i0.wp.com\/www.grieta.org.mx\/wp-content\/uploads\/2022\/11\/photo5478685335778076605-1068x801-1.jpg?resize=525%2C300 1.5x, https:\/\/i0.wp.com\/www.grieta.org.mx\/wp-content\/uploads\/2022\/11\/photo5478685335778076605-1068x801-1.jpg?resize=700%2C400 2x, https:\/\/i0.wp.com\/www.grieta.org.mx\/wp-content\/uploads\/2022\/11\/photo5478685335778076605-1068x801-1.jpg?resize=1050%2C600 3x"},"classes":[]},{"id":62790,"url":"http:\/\/www.grieta.org.mx\/index.php\/2021\/11\/25\/marchan-mujeres-para-exigir-alto-a-la-violencia-en-vallarta-jalisco\/","url_meta":{"origin":64450,"position":4},"title":"Marchan mujeres para exigir alto a la violencia en Vallarta (Jalisco)","author":"grieta","date":"25 noviembre, 2021","format":false,"excerpt":"Foto: Tribuna de la Bah\u00eda Brenda Beltr\u00e1n \/ Tribuna de la Bah\u00eda Este jueves, colectivos de mujeres, hombres y ciudadanos en general, marcharon para exigir un alto a la violencia contra las mujeres de\u00a0Puerto Vallarta, saliendo del parque de\u00a0Las Mujeres hasta llegar a Los Arcos del Malec\u00f3n. Como ya se\u2026","rel":"","context":"En &quot;CINTILLO&quot;","block_context":{"text":"CINTILLO","link":"http:\/\/www.grieta.org.mx\/index.php\/category\/cintillo\/"},"img":{"alt_text":"","src":"https:\/\/i0.wp.com\/www.grieta.org.mx\/wp-content\/uploads\/2021\/11\/marcha-contra-violencia-vallarta-2-cover.jpg?resize=350%2C200","width":350,"height":200,"srcset":"https:\/\/i0.wp.com\/www.grieta.org.mx\/wp-content\/uploads\/2021\/11\/marcha-contra-violencia-vallarta-2-cover.jpg?resize=350%2C200 1x, https:\/\/i0.wp.com\/www.grieta.org.mx\/wp-content\/uploads\/2021\/11\/marcha-contra-violencia-vallarta-2-cover.jpg?resize=525%2C300 1.5x, https:\/\/i0.wp.com\/www.grieta.org.mx\/wp-content\/uploads\/2021\/11\/marcha-contra-violencia-vallarta-2-cover.jpg?resize=700%2C400 2x"},"classes":[]},{"id":63695,"url":"http:\/\/www.grieta.org.mx\/index.php\/2022\/03\/08\/marchan-mujeres-de-vallarta-para-exigir-respeto-y-seguridad-jalisco\/","url_meta":{"origin":64450,"position":5},"title":"Marchan mujeres de Vallarta para exigir respeto y seguridad (Jalisco)","author":"grieta","date":"8 marzo, 2022","format":false,"excerpt":"Foto: Tribuna de la Bah\u00eda Brenda Beltr\u00e1n \/ Tribuna de la Bah\u00eda Cientos de mujeres, pertenecientes a colectivos de\u00a0Puerto Vallarta, estudiantes, madres de familias y m\u00e1s, salieron a\u00a0marchar este 8 de marzo\u00a0de forma pac\u00edfica, exigiendo a las autoridades que sean escuchadas ante la violencia que se vive en la ciudad.\u2026","rel":"","context":"En &quot;CINTILLO&quot;","block_context":{"text":"CINTILLO","link":"http:\/\/www.grieta.org.mx\/index.php\/category\/cintillo\/"},"img":{"alt_text":"","src":"https:\/\/i0.wp.com\/www.grieta.org.mx\/wp-content\/uploads\/2022\/03\/marcha-8m-cover.jpg?resize=350%2C200","width":350,"height":200,"srcset":"https:\/\/i0.wp.com\/www.grieta.org.mx\/wp-content\/uploads\/2022\/03\/marcha-8m-cover.jpg?resize=350%2C200 1x, https:\/\/i0.wp.com\/www.grieta.org.mx\/wp-content\/uploads\/2022\/03\/marcha-8m-cover.jpg?resize=525%2C300 1.5x, https:\/\/i0.wp.com\/www.grieta.org.mx\/wp-content\/uploads\/2022\/03\/marcha-8m-cover.jpg?resize=700%2C400 2x"},"classes":[]}],"_links":{"self":[{"href":"http:\/\/www.grieta.org.mx\/index.php\/wp-json\/wp\/v2\/posts\/64450","targetHints":{"allow":["GET"]}}],"collection":[{"href":"http:\/\/www.grieta.org.mx\/index.php\/wp-json\/wp\/v2\/posts"}],"about":[{"href":"http:\/\/www.grieta.org.mx\/index.php\/wp-json\/wp\/v2\/types\/post"}],"author":[{"embeddable":true,"href":"http:\/\/www.grieta.org.mx\/index.php\/wp-json\/wp\/v2\/users\/2"}],"replies":[{"embeddable":true,"href":"http:\/\/www.grieta.org.mx\/index.php\/wp-json\/wp\/v2\/comments?post=64450"}],"version-history":[{"count":1,"href":"http:\/\/www.grieta.org.mx\/index.php\/wp-json\/wp\/v2\/posts\/64450\/revisions"}],"predecessor-version":[{"id":64452,"href":"http:\/\/www.grieta.org.mx\/index.php\/wp-json\/wp\/v2\/posts\/64450\/revisions\/64452"}],"wp:featuredmedia":[{"embeddable":true,"href":"http:\/\/www.grieta.org.mx\/index.php\/wp-json\/wp\/v2\/media\/64451"}],"wp:attachment":[{"href":"http:\/\/www.grieta.org.mx\/index.php\/wp-json\/wp\/v2\/media?parent=64450"}],"wp:term":[{"taxonomy":"category","embeddable":true,"href":"http:\/\/www.grieta.org.mx\/index.php\/wp-json\/wp\/v2\/categories?post=64450"},{"taxonomy":"post_tag","embeddable":true,"href":"http:\/\/www.grieta.org.mx\/index.php\/wp-json\/wp\/v2\/tags?post=64450"}],"curies":[{"name":"wp","href":"https:\/\/api.w.org\/{rel}","templated":true}]}}