{"id":64271,"date":"2022-05-24T13:56:54","date_gmt":"2022-05-24T18:56:54","guid":{"rendered":"https:\/\/www.grieta.org.mx\/?p=64271"},"modified":"2022-05-25T14:10:20","modified_gmt":"2022-05-25T19:10:20","slug":"periodistas-de-yucatan-alzan-la-voz-contra-la-violencia-y-la-censura","status":"publish","type":"post","link":"http:\/\/www.grieta.org.mx\/index.php\/2022\/05\/24\/periodistas-de-yucatan-alzan-la-voz-contra-la-violencia-y-la-censura\/","title":{"rendered":"Periodistas de Yucat\u00e1n alzan la voz contra la violencia y la censura"},"content":{"rendered":"<p>Texto: Herbeth Escalante \/ Fotos: Lilia Balam \/ Pie de P\u00e1gina<\/p>\n<blockquote><p>Las agresiones y las denuncias en contra de los periodistas yucatecos han aumentado este a\u00f1o. Uno de los mecanismos que ha empleado el Estado es el hostigamiento judicial, con leyes violatorias de derechos humanos como el art\u00edculo 295 del C\u00f3digo Penal, que establece penas de hasta dos a\u00f1os de prisi\u00f3n por difamaci\u00f3n<\/p><\/blockquote>\n<p>M\u00c9RIDA, YUCAT\u00c1N.- Periodistas de Yucat\u00e1n protestaron en la Plaza Grande de M\u00e9rida para exigir justicia por los colegas asesinados en todo el pa\u00eds, en contra de las agresiones f\u00edsicas y las denuncias de las que han sido v\u00edctima los comunicadores locales y por las condiciones precarias en las que laboran.<\/p>\n<p>En la manifestaci\u00f3n exclamaron \u201cNo hay Estado con periodismo censurado\u201d y colocaron fotograf\u00edas de los periodistas asesinados en los \u00faltimos a\u00f1os en M\u00e9xico, as\u00ed como los nombres de los reporteros agredidos en la entidad.<\/p>\n<p>Recalcaron que en Yucat\u00e1n el periodismo y la libertad de expresi\u00f3n est\u00e1n en riesgo, ya que se han registrado ataques desde el Estado y el sector empresarial contra trabajadoras y trabajadores de medios de comunicaci\u00f3n, con el \u00fanico objetivo de censurar su labor de fiscalizar al poder.<\/p>\n<p>Uno de los mecanismos que ha empleado el Estado es el hostigamiento judicial, lo cual ha logrado gracias a leyes violatorias de derechos humanos, como el art\u00edculo 295 del C\u00f3digo Penal, el cual establece penas de tres d\u00edas a dos a\u00f1os de prisi\u00f3n por el delito de difamaci\u00f3n.<\/p>\n<p><img loading=\"lazy\" decoding=\"async\" data-attachment-id=\"64273\" data-permalink=\"http:\/\/www.grieta.org.mx\/index.php\/2022\/05\/24\/periodistas-de-yucatan-alzan-la-voz-contra-la-violencia-y-la-censura\/periodistas2\/\" data-orig-file=\"http:\/\/www.grieta.org.mx\/wp-content\/uploads\/2022\/05\/Periodistas2-e1653505595723.png\" data-orig-size=\"800,605\" data-comments-opened=\"0\" data-image-meta=\"{&quot;aperture&quot;:&quot;0&quot;,&quot;credit&quot;:&quot;&quot;,&quot;camera&quot;:&quot;&quot;,&quot;caption&quot;:&quot;&quot;,&quot;created_timestamp&quot;:&quot;0&quot;,&quot;copyright&quot;:&quot;&quot;,&quot;focal_length&quot;:&quot;0&quot;,&quot;iso&quot;:&quot;0&quot;,&quot;shutter_speed&quot;:&quot;0&quot;,&quot;title&quot;:&quot;&quot;,&quot;orientation&quot;:&quot;0&quot;}\" data-image-title=\"Periodistas2\" data-image-description=\"\" data-image-caption=\"\" data-medium-file=\"http:\/\/www.grieta.org.mx\/wp-content\/uploads\/2022\/05\/Periodistas2-300x227.png\" data-large-file=\"http:\/\/www.grieta.org.mx\/wp-content\/uploads\/2022\/05\/Periodistas2-1024x775.png\" src=\"http:\/\/www.grieta.org.mx\/wp-content\/uploads\/2022\/05\/Periodistas2-e1653505595723.png\" alt=\"\" width=\"800\" height=\"605\" class=\"alignnone size-full wp-image-64273\" \/><\/p>\n<p>De hecho, enumeraron los casos de periodistas y medios de comunicaci\u00f3n que han sido denunciados y demandados por la v\u00eda penal y civil por parte de autoridades y exfuncionarios, por lo que hicieron un llamado al Congreso del Estado a legislar al respecto y acabar con la censura penal.<\/p>\n<p>Tambi\u00e9n precisaron que se violenta, agrede y hostiga a periodistas, situaci\u00f3n que pone en peligro su integridad f\u00edsica y su vida. En ese sentido, enfatizaron que las agresiones  han aumentado en estos primeros meses del a\u00f1o.<\/p>\n<p>Recordaron que el fotoperiodista Ram\u00f3n Celis fue agredido por funcionarios del IMSS; el periodista Jaime Vargas fue atacado con un arma blanca en su domicilio; el reportero Jorge Cauich fue intimidado por un hombre supuestamente armado en la puerta de su casa; la comunicadora Maru Luj\u00e1n fue agredida por un funcionario del Gobierno federal; y el periodista Ram\u00f3n Reyna fue atacado a pedradas por una polic\u00eda municipal de Kinchil.<\/p>\n<p>De igual manera denunciaron que los trabajadores de los medios de comunicaci\u00f3n de Yucat\u00e1n viven en la precariedad laboral: bajos salarios, carecen de seguridad social, acceso a la vivienda (Infonavit), o un posible retiro (Afore) y quienes lo tienen, resulta ser una miseria.<\/p>\n<p><img loading=\"lazy\" decoding=\"async\" data-attachment-id=\"64274\" data-permalink=\"http:\/\/www.grieta.org.mx\/index.php\/2022\/05\/24\/periodistas-de-yucatan-alzan-la-voz-contra-la-violencia-y-la-censura\/periodistas3\/\" data-orig-file=\"http:\/\/www.grieta.org.mx\/wp-content\/uploads\/2022\/05\/Periodistas3-e1653505687994.png\" data-orig-size=\"800,590\" data-comments-opened=\"0\" data-image-meta=\"{&quot;aperture&quot;:&quot;0&quot;,&quot;credit&quot;:&quot;&quot;,&quot;camera&quot;:&quot;&quot;,&quot;caption&quot;:&quot;&quot;,&quot;created_timestamp&quot;:&quot;0&quot;,&quot;copyright&quot;:&quot;&quot;,&quot;focal_length&quot;:&quot;0&quot;,&quot;iso&quot;:&quot;0&quot;,&quot;shutter_speed&quot;:&quot;0&quot;,&quot;title&quot;:&quot;&quot;,&quot;orientation&quot;:&quot;0&quot;}\" data-image-title=\"Periodistas3\" data-image-description=\"\" data-image-caption=\"\" data-medium-file=\"http:\/\/www.grieta.org.mx\/wp-content\/uploads\/2022\/05\/Periodistas3-300x221.png\" data-large-file=\"http:\/\/www.grieta.org.mx\/wp-content\/uploads\/2022\/05\/Periodistas3-1024x756.png\" src=\"http:\/\/www.grieta.org.mx\/wp-content\/uploads\/2022\/05\/Periodistas3-e1653505687994.png\" alt=\"\" width=\"800\" height=\"590\" class=\"alignnone size-full wp-image-64274\" \/><\/p>\n<p>Asimismo exigieron un periodismo libre y sin censura, que las autoridades de los tres \u00f3rdenes de gobierno respondan ante solicitudes de informaci\u00f3n  y  entrevistas,  y que no ejerza ning\u00fan bloqueo informativo o alg\u00fan obst\u00e1culo para poder desempe\u00f1ar la  labor period\u00edstica. <\/p>\n<p>\u201cQue los gobiernos no manden a bajar notas que les incomodan, que se garantice el derecho a la libertad de informaci\u00f3n de la ciudadan\u00eda, que no se ataque a las personas que desempe\u00f1amos un trabajo period\u00edstico\u201d, sostuvieron.<\/p>\n<p>Al final, hicieron pase de lista de los periodistas asesinados este a\u00f1o en M\u00e9xico e hicieron un llamado a organizarse para luchar por sus derechos humanos y laborales.<\/p>\n<p><a href=\"https:\/\/piedepagina.mx\/periodistas-de-yucatan-alzan-la-voz-contra-la-violencia-y-la-censura\/\" rel=\"noopener\" target=\"_blank\">https:\/\/piedepagina.mx\/periodistas-de-yucatan-alzan-la-voz-contra-la-violencia-y-la-censura\/<\/a><\/p>\n","protected":false},"excerpt":{"rendered":"<p>Texto: Herbeth Escalante \/ Fotos: Lilia Balam \/ Pie de P\u00e1gina Las agresiones y las denuncias en contra de los periodistas yucatecos han aumentado este a\u00f1o. Uno de los mecanismos &hellip; <a href=\"http:\/\/www.grieta.org.mx\/index.php\/2022\/05\/24\/periodistas-de-yucatan-alzan-la-voz-contra-la-violencia-y-la-censura\/\" class=\"more-link\">Leer m\u00e1s<\/a><\/p>\n","protected":false},"author":2,"featured_media":64272,"comment_status":"closed","ping_status":"closed","sticky":false,"template":"","format":"standard","meta":{"ngg_post_thumbnail":0,"_jetpack_newsletter_access":"","_jetpack_dont_email_post_to_subs":false,"_jetpack_newsletter_tier_id":0,"_jetpack_memberships_contains_paywalled_content":false,"_jetpack_memberships_contains_paid_content":false,"footnotes":""},"categories":[80,2,83,88,1271,36],"tags":[2474,2263,2331],"class_list":["post-64271","post","type-post","status-publish","format-standard","has-post-thumbnail","hentry","category-cintillo","category-noticias-nacionales","category-temas-nacionales","category-violencia-contra-periodistas","category-violencia-contra-periodistas-en-yucatan","category-yucatan","tag-acoso-contra-periodistas","tag-hostigamiento-contra-periodistas","tag-violencia-conta-periodistas","entry"],"jetpack_featured_media_url":"http:\/\/www.grieta.org.mx\/wp-content\/uploads\/2022\/05\/Periodistas-e1653505501539.png","jetpack_sharing_enabled":true,"jetpack_shortlink":"https:\/\/wp.me\/p7ZJR4-gID","jetpack_likes_enabled":false,"jetpack-related-posts":[{"id":63484,"url":"http:\/\/www.grieta.org.mx\/index.php\/2022\/02\/22\/alertan-organizaciones-internacionales-por-alza-de-agresiones-contra-la-prensa-en-yucatan\/","url_meta":{"origin":64271,"position":0},"title":"Alertan organizaciones internacionales por alza de agresiones contra la prensa en Yucat\u00e1n","author":"grieta","date":"22 febrero, 2022","format":false,"excerpt":"Itzel Chan \/ Noticaribe M\u00c9RIDA, MX.- Organizaciones como Article 19 han lanzado una alerta ante la preocupaci\u00f3n por las diversas agresiones contra la prensa de Yucat\u00e1n, ya que en los primeros meses de este a\u00f1o, se han presentado al menos cuatro ataques a reporteros como Bety Vera, Jaime Vargas, Roberto\u2026","rel":"","context":"En &quot;CINTILLO&quot;","block_context":{"text":"CINTILLO","link":"http:\/\/www.grieta.org.mx\/index.php\/category\/cintillo\/"},"img":{"alt_text":"","src":"https:\/\/i0.wp.com\/www.grieta.org.mx\/wp-content\/uploads\/2022\/02\/AlertanAgresionesPrensa.png?resize=350%2C200","width":350,"height":200,"srcset":"https:\/\/i0.wp.com\/www.grieta.org.mx\/wp-content\/uploads\/2022\/02\/AlertanAgresionesPrensa.png?resize=350%2C200 1x, https:\/\/i0.wp.com\/www.grieta.org.mx\/wp-content\/uploads\/2022\/02\/AlertanAgresionesPrensa.png?resize=525%2C300 1.5x, https:\/\/i0.wp.com\/www.grieta.org.mx\/wp-content\/uploads\/2022\/02\/AlertanAgresionesPrensa.png?resize=700%2C400 2x"},"classes":[]},{"id":71835,"url":"http:\/\/www.grieta.org.mx\/index.php\/2025\/06\/06\/documentan-18-agresiones-a-periodistas-yucatecos\/","url_meta":{"origin":64271,"position":1},"title":"Documentan 18 agresiones a periodistas yucatecos","author":"grieta","date":"6 junio, 2025","format":false,"excerpt":"Paloma Reyes \/ Haz Ruido Entre los principales motivos de estos ataques a la prensa son situaciones relacionadas con abuso de poder y amenazas, temas que la organizaci\u00f3n Article 19 observ\u00f3 que son constantes en Yucat\u00e1n. M\u00e9rida, Yucat\u00e1n, 6 de junio de 2025.-Durante el a\u00f1o 2024 y en lo que\u2026","rel":"","context":"En &quot;CINTILLO&quot;","block_context":{"text":"CINTILLO","link":"http:\/\/www.grieta.org.mx\/index.php\/category\/cintillo\/"},"img":{"alt_text":"","src":"https:\/\/i0.wp.com\/www.grieta.org.mx\/wp-content\/uploads\/2025\/06\/Periodistas-e1749645872510.jpg?resize=350%2C200","width":350,"height":200,"srcset":"https:\/\/i0.wp.com\/www.grieta.org.mx\/wp-content\/uploads\/2025\/06\/Periodistas-e1749645872510.jpg?resize=350%2C200 1x, https:\/\/i0.wp.com\/www.grieta.org.mx\/wp-content\/uploads\/2025\/06\/Periodistas-e1749645872510.jpg?resize=525%2C300 1.5x, https:\/\/i0.wp.com\/www.grieta.org.mx\/wp-content\/uploads\/2025\/06\/Periodistas-e1749645872510.jpg?resize=700%2C400 2x"},"classes":[]},{"id":66749,"url":"http:\/\/www.grieta.org.mx\/index.php\/2023\/04\/03\/periodistas-de-yucatan-sufrieron-50-ataques-en-2022\/","url_meta":{"origin":64271,"position":2},"title":"Periodistas de Yucat\u00e1n sufrieron 50 ataques en 2022","author":"grieta","date":"3 abril, 2023","format":false,"excerpt":"Paloma Reyes \/ Haz Ruido Article 19 se\u00f1al\u00f3 que la entidad es el segundo lugar en M\u00e9xico con mayor n\u00famero de ataques a la prensa, siendo el acoso judicial y administrativo el tipo m\u00e1s com\u00fan. M\u00e9rida, Yucat\u00e1n, 3 de abril de 2023.-Durante el a\u00f1o 2022, en Yucat\u00e1n se registraron 50\u2026","rel":"","context":"En &quot;CINTILLO&quot;","block_context":{"text":"CINTILLO","link":"http:\/\/www.grieta.org.mx\/index.php\/category\/cintillo\/"},"img":{"alt_text":"","src":"https:\/\/i0.wp.com\/www.grieta.org.mx\/wp-content\/uploads\/2023\/04\/Periodistas-e1680721804246.jpg?resize=350%2C200","width":350,"height":200,"srcset":"https:\/\/i0.wp.com\/www.grieta.org.mx\/wp-content\/uploads\/2023\/04\/Periodistas-e1680721804246.jpg?resize=350%2C200 1x, https:\/\/i0.wp.com\/www.grieta.org.mx\/wp-content\/uploads\/2023\/04\/Periodistas-e1680721804246.jpg?resize=525%2C300 1.5x, https:\/\/i0.wp.com\/www.grieta.org.mx\/wp-content\/uploads\/2023\/04\/Periodistas-e1680721804246.jpg?resize=700%2C400 2x"},"classes":[]},{"id":65669,"url":"http:\/\/www.grieta.org.mx\/index.php\/2022\/11\/08\/condenan-agresion-y-detencion-del-periodista-gabriel-chan-yucatan\/","url_meta":{"origin":64271,"position":3},"title":"Condenan agresi\u00f3n y detenci\u00f3n del periodista Gabriel Chan (Yucat\u00e1n)","author":"grieta","date":"8 noviembre, 2022","format":false,"excerpt":"Haz Ruido La agrupaci\u00f3n Somos Periodistas lament\u00f3 que el Estado, a trav\u00e9s de sus cuerpos policiacos, siga violentando los derechos de los reporteros en Yucat\u00e1n. M\u00e9rida, Yucat\u00e1n, 8 de noviembre de 2022.- La agrupaci\u00f3n Somos Periodistas conden\u00f3 la agresi\u00f3n y detenci\u00f3n arbitraria de la que fue v\u00edctima el periodista Gabriel\u2026","rel":"","context":"En &quot;Abuso Autoridades en Yucat\u00e1n&quot;","block_context":{"text":"Abuso Autoridades en Yucat\u00e1n","link":"http:\/\/www.grieta.org.mx\/index.php\/category\/noticias-nacionales\/yucatan\/abuso-autoridades-en-yucatan\/"},"img":{"alt_text":"","src":"https:\/\/i0.wp.com\/www.grieta.org.mx\/wp-content\/uploads\/2022\/11\/Periodistas-e1668109701605.jpg?resize=350%2C200","width":350,"height":200,"srcset":"https:\/\/i0.wp.com\/www.grieta.org.mx\/wp-content\/uploads\/2022\/11\/Periodistas-e1668109701605.jpg?resize=350%2C200 1x, https:\/\/i0.wp.com\/www.grieta.org.mx\/wp-content\/uploads\/2022\/11\/Periodistas-e1668109701605.jpg?resize=525%2C300 1.5x, https:\/\/i0.wp.com\/www.grieta.org.mx\/wp-content\/uploads\/2022\/11\/Periodistas-e1668109701605.jpg?resize=700%2C400 2x"},"classes":[]},{"id":71932,"url":"http:\/\/www.grieta.org.mx\/index.php\/2025\/07\/01\/alcalde-de-espita-agrede-e-intimida-a-periodista-yucatan\/","url_meta":{"origin":64271,"position":4},"title":"Alcalde de Espita agrede e intimida a periodista (Yucat\u00e1n)","author":"grieta","date":"1 julio, 2025","format":false,"excerpt":"Herbeth Escalante \/ Haz Ruido En plena sesi\u00f3n de Cabildo, el presidente municipal de Morena, Mario Isa\u00edas S\u00e1nchez, puso en riesgo la integridad del reportero. Previamente, coloc\u00f3 un ret\u00e9n de la Polic\u00eda Municipal para intentar impedir que ingrese a la localidad. M\u00e9rida, Yucat\u00e1n, 1 de julio de 2025.- En un\u2026","rel":"","context":"En &quot;CINTILLO&quot;","block_context":{"text":"CINTILLO","link":"http:\/\/www.grieta.org.mx\/index.php\/category\/cintillo\/"},"img":{"alt_text":"","src":"https:\/\/i0.wp.com\/www.grieta.org.mx\/wp-content\/uploads\/2025\/07\/Periodista-e1751716814402.jpg?resize=350%2C200","width":350,"height":200,"srcset":"https:\/\/i0.wp.com\/www.grieta.org.mx\/wp-content\/uploads\/2025\/07\/Periodista-e1751716814402.jpg?resize=350%2C200 1x, https:\/\/i0.wp.com\/www.grieta.org.mx\/wp-content\/uploads\/2025\/07\/Periodista-e1751716814402.jpg?resize=525%2C300 1.5x, https:\/\/i0.wp.com\/www.grieta.org.mx\/wp-content\/uploads\/2025\/07\/Periodista-e1751716814402.jpg?resize=700%2C400 2x"},"classes":[]},{"id":63167,"url":"http:\/\/www.grieta.org.mx\/index.php\/2022\/01\/25\/comunicadores-de-yucatan-se-unen-a-movilizacion-nacional-para-exigir-un-alto-al-asesinato-de-periodistas\/","url_meta":{"origin":64271,"position":5},"title":"Comunicadores de Yucat\u00e1n se unen a movilizaci\u00f3n nacional para exigir un alto al asesinato de periodistas","author":"grieta","date":"25 enero, 2022","format":false,"excerpt":"Itzel Chan \/ Noticaribe M\u00c9RIDA, MX.- Desde el monumento a Patria, en M\u00e9rida, comunicadores recordaron que M\u00e9xico es uno de los pa\u00edses m\u00e1s peligrosos para ejercer el periodismo de acuerdo con la Organizaci\u00f3n de las Naciones Unidas (ONU) y como muestra, recordaron que tan s\u00f3lo en el sexenio de Andr\u00e9s\u2026","rel":"","context":"En &quot;CINTILLO&quot;","block_context":{"text":"CINTILLO","link":"http:\/\/www.grieta.org.mx\/index.php\/category\/cintillo\/"},"img":{"alt_text":"","src":"https:\/\/i0.wp.com\/www.grieta.org.mx\/wp-content\/uploads\/2022\/01\/AltoAsesinatoPeriodistas.png?resize=350%2C200","width":350,"height":200,"srcset":"https:\/\/i0.wp.com\/www.grieta.org.mx\/wp-content\/uploads\/2022\/01\/AltoAsesinatoPeriodistas.png?resize=350%2C200 1x, https:\/\/i0.wp.com\/www.grieta.org.mx\/wp-content\/uploads\/2022\/01\/AltoAsesinatoPeriodistas.png?resize=525%2C300 1.5x, https:\/\/i0.wp.com\/www.grieta.org.mx\/wp-content\/uploads\/2022\/01\/AltoAsesinatoPeriodistas.png?resize=700%2C400 2x"},"classes":[]}],"_links":{"self":[{"href":"http:\/\/www.grieta.org.mx\/index.php\/wp-json\/wp\/v2\/posts\/64271","targetHints":{"allow":["GET"]}}],"collection":[{"href":"http:\/\/www.grieta.org.mx\/index.php\/wp-json\/wp\/v2\/posts"}],"about":[{"href":"http:\/\/www.grieta.org.mx\/index.php\/wp-json\/wp\/v2\/types\/post"}],"author":[{"embeddable":true,"href":"http:\/\/www.grieta.org.mx\/index.php\/wp-json\/wp\/v2\/users\/2"}],"replies":[{"embeddable":true,"href":"http:\/\/www.grieta.org.mx\/index.php\/wp-json\/wp\/v2\/comments?post=64271"}],"version-history":[{"count":1,"href":"http:\/\/www.grieta.org.mx\/index.php\/wp-json\/wp\/v2\/posts\/64271\/revisions"}],"predecessor-version":[{"id":64275,"href":"http:\/\/www.grieta.org.mx\/index.php\/wp-json\/wp\/v2\/posts\/64271\/revisions\/64275"}],"wp:featuredmedia":[{"embeddable":true,"href":"http:\/\/www.grieta.org.mx\/index.php\/wp-json\/wp\/v2\/media\/64272"}],"wp:attachment":[{"href":"http:\/\/www.grieta.org.mx\/index.php\/wp-json\/wp\/v2\/media?parent=64271"}],"wp:term":[{"taxonomy":"category","embeddable":true,"href":"http:\/\/www.grieta.org.mx\/index.php\/wp-json\/wp\/v2\/categories?post=64271"},{"taxonomy":"post_tag","embeddable":true,"href":"http:\/\/www.grieta.org.mx\/index.php\/wp-json\/wp\/v2\/tags?post=64271"}],"curies":[{"name":"wp","href":"https:\/\/api.w.org\/{rel}","templated":true}]}}