{"id":64226,"date":"2022-05-05T22:10:50","date_gmt":"2022-05-06T03:10:50","guid":{"rendered":"https:\/\/www.grieta.org.mx\/?p=64226"},"modified":"2022-05-20T22:37:42","modified_gmt":"2022-05-21T03:37:42","slug":"toman-la-alhondiga-y-la-universidad-protestan-por-el-asesinato-de-angel-guanajauato","status":"publish","type":"post","link":"http:\/\/www.grieta.org.mx\/index.php\/2022\/05\/05\/toman-la-alhondiga-y-la-universidad-protestan-por-el-asesinato-de-angel-guanajauato\/","title":{"rendered":"Toman la Alh\u00f3ndiga y la Universidad: Protestan por el asesinato de \u00c1ngel (Guanajauato)"},"content":{"rendered":"<p><strong>El caso del estudiante de Agronom\u00eda es tema nacional. Cerca de 7 mil alumnos en Guanajuato alzaron la voz por su compa\u00f1ero asesinado por la Guardia Nacional<\/strong><\/p>\n<p>IVONNE ORTIZ, La Silla Rota<br \/>\n04\/05\/2022<\/p>\n<p>Guanajuato-. El panal est\u00e1 enojado. Este martes cerca de 7 mil estudiantes y acad\u00e9micos de la Universidad de Guanajuato hicieron eco tomando las calles de la capital para pedir justicia por la muerte de su compa\u00f1ero \u00c1ngel Yael Rangel, de 19 a\u00f1os, estudiante del campus de Irapuato que muri\u00f3 por el disparo de elementos de la Guardia Nacional el pasado 27 de abril.<\/p>\n<p>Los estudiantes de todas las divisiones tomaron las calles de Guanajuato, partiendo de las escalinatas de la Casa de Estudios hasta llegar a la Alh\u00f3ndiga de Granaditas, donde pasaron lista de los j\u00f3venes fallecidos y guardaron un minuto de silencio por \u00c1ngel, quien cursaba el cuarto semestre de la Ingenier\u00eda en Agronom\u00eda cuando le quitaron la vida.<\/p>\n<figure id=\"attachment_64227\" aria-describedby=\"caption-attachment-64227\" style=\"width: 750px\" class=\"wp-caption alignnone\"><img loading=\"lazy\" decoding=\"async\" data-attachment-id=\"64227\" data-permalink=\"http:\/\/www.grieta.org.mx\/index.php\/2022\/05\/05\/toman-la-alhondiga-y-la-universidad-protestan-por-el-asesinato-de-angel-guanajauato\/https-_lasillarotarm-blob-core-windows-net-optimalcdn-com_images_2022_05_04_un-grupo-de-personas-en-frente-de-edificio-acf89052\/\" data-orig-file=\"http:\/\/www.grieta.org.mx\/wp-content\/uploads\/2022\/05\/https-_lasillarotarm.blob_.core_.windows.net_.optimalcdn.com_images_2022_05_04_un-grupo-de-personas-en-frente-de-edificio-acf89052.jpg\" data-orig-size=\"750,1000\" data-comments-opened=\"0\" data-image-meta=\"{&quot;aperture&quot;:&quot;0&quot;,&quot;credit&quot;:&quot;&quot;,&quot;camera&quot;:&quot;&quot;,&quot;caption&quot;:&quot;&quot;,&quot;created_timestamp&quot;:&quot;0&quot;,&quot;copyright&quot;:&quot;&quot;,&quot;focal_length&quot;:&quot;0&quot;,&quot;iso&quot;:&quot;0&quot;,&quot;shutter_speed&quot;:&quot;0&quot;,&quot;title&quot;:&quot;&quot;,&quot;orientation&quot;:&quot;0&quot;}\" data-image-title=\"https _lasillarotarm.blob.core.windows.net.optimalcdn.com_images_2022_05_04_un-grupo-de-personas-en-frente-de-edificio-acf89052\" data-image-description=\"\" data-image-caption=\"&lt;p&gt;Foto: La Silla Rota&lt;\/p&gt;\n\" data-medium-file=\"http:\/\/www.grieta.org.mx\/wp-content\/uploads\/2022\/05\/https-_lasillarotarm.blob_.core_.windows.net_.optimalcdn.com_images_2022_05_04_un-grupo-de-personas-en-frente-de-edificio-acf89052-225x300.jpg\" data-large-file=\"http:\/\/www.grieta.org.mx\/wp-content\/uploads\/2022\/05\/https-_lasillarotarm.blob_.core_.windows.net_.optimalcdn.com_images_2022_05_04_un-grupo-de-personas-en-frente-de-edificio-acf89052.jpg\" class=\"wp-image-64227 size-full\" src=\"http:\/\/www.grieta.org.mx\/wp-content\/uploads\/2022\/05\/https-_lasillarotarm.blob_.core_.windows.net_.optimalcdn.com_images_2022_05_04_un-grupo-de-personas-en-frente-de-edificio-acf89052.jpg\" alt=\"\" width=\"750\" height=\"1000\" srcset=\"http:\/\/www.grieta.org.mx\/wp-content\/uploads\/2022\/05\/https-_lasillarotarm.blob_.core_.windows.net_.optimalcdn.com_images_2022_05_04_un-grupo-de-personas-en-frente-de-edificio-acf89052.jpg 750w, http:\/\/www.grieta.org.mx\/wp-content\/uploads\/2022\/05\/https-_lasillarotarm.blob_.core_.windows.net_.optimalcdn.com_images_2022_05_04_un-grupo-de-personas-en-frente-de-edificio-acf89052-225x300.jpg 225w\" sizes=\"auto, (max-width: 750px) 100vw, 750px\" \/><figcaption id=\"caption-attachment-64227\" class=\"wp-caption-text\">Foto: La Silla Rota<\/figcaption><\/figure>\n<figure id=\"attachment_64228\" aria-describedby=\"caption-attachment-64228\" style=\"width: 750px\" class=\"wp-caption alignnone\"><img loading=\"lazy\" decoding=\"async\" data-attachment-id=\"64228\" data-permalink=\"http:\/\/www.grieta.org.mx\/index.php\/2022\/05\/05\/toman-la-alhondiga-y-la-universidad-protestan-por-el-asesinato-de-angel-guanajauato\/https-_lasillarotarm-blob-core-windows-net-optimalcdn-com_images_2022_05_04_un-grupo-de-personas-frente-a-un-edificio-5da597d2\/\" data-orig-file=\"http:\/\/www.grieta.org.mx\/wp-content\/uploads\/2022\/05\/https-_lasillarotarm.blob_.core_.windows.net_.optimalcdn.com_images_2022_05_04_un-grupo-de-personas-frente-a-un-edificio-5da597d2.jpg\" data-orig-size=\"750,421\" data-comments-opened=\"0\" data-image-meta=\"{&quot;aperture&quot;:&quot;0&quot;,&quot;credit&quot;:&quot;&quot;,&quot;camera&quot;:&quot;&quot;,&quot;caption&quot;:&quot;&quot;,&quot;created_timestamp&quot;:&quot;0&quot;,&quot;copyright&quot;:&quot;&quot;,&quot;focal_length&quot;:&quot;0&quot;,&quot;iso&quot;:&quot;0&quot;,&quot;shutter_speed&quot;:&quot;0&quot;,&quot;title&quot;:&quot;&quot;,&quot;orientation&quot;:&quot;0&quot;}\" data-image-title=\"https _lasillarotarm.blob.core.windows.net.optimalcdn.com_images_2022_05_04_un-grupo-de-personas-frente-a-un-edificio-5da597d2\" data-image-description=\"\" data-image-caption=\"&lt;p&gt;Foto: La Silla Rota&lt;\/p&gt;\n\" data-medium-file=\"http:\/\/www.grieta.org.mx\/wp-content\/uploads\/2022\/05\/https-_lasillarotarm.blob_.core_.windows.net_.optimalcdn.com_images_2022_05_04_un-grupo-de-personas-frente-a-un-edificio-5da597d2-300x168.jpg\" data-large-file=\"http:\/\/www.grieta.org.mx\/wp-content\/uploads\/2022\/05\/https-_lasillarotarm.blob_.core_.windows.net_.optimalcdn.com_images_2022_05_04_un-grupo-de-personas-frente-a-un-edificio-5da597d2.jpg\" class=\"wp-image-64228 size-full\" src=\"http:\/\/www.grieta.org.mx\/wp-content\/uploads\/2022\/05\/https-_lasillarotarm.blob_.core_.windows.net_.optimalcdn.com_images_2022_05_04_un-grupo-de-personas-frente-a-un-edificio-5da597d2.jpg\" alt=\"\" width=\"750\" height=\"421\" srcset=\"http:\/\/www.grieta.org.mx\/wp-content\/uploads\/2022\/05\/https-_lasillarotarm.blob_.core_.windows.net_.optimalcdn.com_images_2022_05_04_un-grupo-de-personas-frente-a-un-edificio-5da597d2.jpg 750w, http:\/\/www.grieta.org.mx\/wp-content\/uploads\/2022\/05\/https-_lasillarotarm.blob_.core_.windows.net_.optimalcdn.com_images_2022_05_04_un-grupo-de-personas-frente-a-un-edificio-5da597d2-300x168.jpg 300w\" sizes=\"auto, (max-width: 750px) 100vw, 750px\" \/><figcaption id=\"caption-attachment-64228\" class=\"wp-caption-text\">Foto: La Silla Rota<\/figcaption><\/figure>\n<p>Las fotograf\u00edas de la protesta en la capital son impresionantes. Miles de estudiantes gritaron desde las escalinatas de la UG &#8220;\u00c1ngel no muri\u00f3, la Guardia lo mat\u00f3&#8221;. Antes de marchar salpicaron las escaleras con l\u00edquido rojo que simulaba la sangre como forma de indignaci\u00f3n ante el crimen de su compa\u00f1ero.<\/p>\n<p>&#8220;La Guardia no me cuidad, la Guardia me asesina&#8221;, se escucha gritar a un centenar de abejas.<\/p>\n<p>La marcha fue encabezada por los padres de \u00c1ngel Norma Luc\u00eda Rangel S\u00e1nchez y Gerardo Ignacio Campos, adem\u00e1s del rector de la Universidad de Guanajuato Luis Felipe Guerrero Agripino.<\/p>\n<p>Entre las peticiones de los estudiantes est\u00e1 la asignaci\u00f3n de un fiscal especializado que lleve el caso de \u00c1ngel. Al presidente Andr\u00e9s Manuel L\u00f3pez Obrador le pidieron no militarizar la seguridad, pues en Guanajuato hay 18 cuarteles de la Guardia Nacional, uno de ellos en la comunidad El Copal, en Irapuato, donde muri\u00f3 el estudiante.<\/p>\n<p>Con velas, flores y una foto enorme de \u00c1ngel Yael, los alumnos de la UG hicieron historia para exigir justicia.<\/p>\n<figure id=\"attachment_64229\" aria-describedby=\"caption-attachment-64229\" style=\"width: 750px\" class=\"wp-caption alignnone\"><img loading=\"lazy\" decoding=\"async\" data-attachment-id=\"64229\" data-permalink=\"http:\/\/www.grieta.org.mx\/index.php\/2022\/05\/05\/toman-la-alhondiga-y-la-universidad-protestan-por-el-asesinato-de-angel-guanajauato\/un-grupo-de-personas-en-un-evento-9a0e5c41\/\" data-orig-file=\"http:\/\/www.grieta.org.mx\/wp-content\/uploads\/2022\/05\/un-grupo-de-personas-en-un-evento-9a0e5c41.jpg\" data-orig-size=\"750,563\" data-comments-opened=\"0\" data-image-meta=\"{&quot;aperture&quot;:&quot;0&quot;,&quot;credit&quot;:&quot;&quot;,&quot;camera&quot;:&quot;&quot;,&quot;caption&quot;:&quot;&quot;,&quot;created_timestamp&quot;:&quot;0&quot;,&quot;copyright&quot;:&quot;&quot;,&quot;focal_length&quot;:&quot;0&quot;,&quot;iso&quot;:&quot;0&quot;,&quot;shutter_speed&quot;:&quot;0&quot;,&quot;title&quot;:&quot;&quot;,&quot;orientation&quot;:&quot;0&quot;}\" data-image-title=\"un-grupo-de-personas-en-un-evento-9a0e5c41\" data-image-description=\"\" data-image-caption=\"&lt;p&gt;Foto: La Silla Rota&lt;\/p&gt;\n\" data-medium-file=\"http:\/\/www.grieta.org.mx\/wp-content\/uploads\/2022\/05\/un-grupo-de-personas-en-un-evento-9a0e5c41-300x225.jpg\" data-large-file=\"http:\/\/www.grieta.org.mx\/wp-content\/uploads\/2022\/05\/un-grupo-de-personas-en-un-evento-9a0e5c41.jpg\" class=\"wp-image-64229 size-full\" src=\"http:\/\/www.grieta.org.mx\/wp-content\/uploads\/2022\/05\/un-grupo-de-personas-en-un-evento-9a0e5c41.jpg\" alt=\"\" width=\"750\" height=\"563\" srcset=\"http:\/\/www.grieta.org.mx\/wp-content\/uploads\/2022\/05\/un-grupo-de-personas-en-un-evento-9a0e5c41.jpg 750w, http:\/\/www.grieta.org.mx\/wp-content\/uploads\/2022\/05\/un-grupo-de-personas-en-un-evento-9a0e5c41-300x225.jpg 300w\" sizes=\"auto, (max-width: 750px) 100vw, 750px\" \/><figcaption id=\"caption-attachment-64229\" class=\"wp-caption-text\">Foto: La Silla Rota<\/figcaption><\/figure>\n<p>&nbsp;<\/p>\n<p>AS\u00cd FUE EL ATAQUE<\/p>\n<p>Fue el 27 de abril cuando cuatro estudiantes de la carrera de Agronom\u00eda conviv\u00edan en un predio de El Copal, en Irapuato. Seg\u00fan la Guardia Nacional, los elementos hac\u00edan un operativo contra el robo de combustible porque cerca de ah\u00ed est\u00e1 de la zona de ductos de Pemex. Al mirar la llegada de los elementos, los estudiantes decidieron irse para no meterse en problemas, contaron en su testimonio. Sin mediar palabra dos elementos dispararon a la camioneta done circulaban, resultado lesionada Edith Carrillo, de 22 a\u00f1os, y quit\u00e1ndole la vida a \u00c1ngel Yael, de 19. Eduardo y Laisa, los otros dos compa\u00f1eros, resultaron ilesos.<\/p>\n<p><strong>EN LE\u00d3N TAMBI\u00c9N MARCHARON <\/strong><\/p>\n<p>Este mismo martes, pero en Le\u00f3n, marcharon cerca de 300 estudiantes del campus de la Universidad de Guanajuato ubicada en el Forum. Recorrieron la Calzada de los H\u00e9roes, el bulevar Adolfo L\u00f3pez Mateos y finalizaron en la Presidencia de Le\u00f3n.<\/p>\n<p>\u201cLo que nos trae aqu\u00ed y a muchas personas es la muerte de \u00c1ngel Yael, de la Universidad de Irapuato (\u2026) y pedimos justicia por el catastr\u00f3fico evento que hubo. Me pudo pasar a m\u00ed, le puedo pasar a mis amigas o cualquier compa\u00f1ero\u201c, dijo una alumna de la carrera de Desarrollo y Gesti\u00f3n de Territorio antes de marchar.<\/p>\n<p>El punto de reuni\u00f3n fue en el campus de la Universidad de Guanajuato ubicado en el F\u00f3rum Cultural de Le\u00f3n. De ah\u00ed partieron a las 9:30 a.m. y termin\u00f3 cerca de las 11 a.m. en la Presidencia Municipal. Entre las consignas que retumbaron en las calles se escuchaba:<\/p>\n<p>\u201cFue el Estado, fueron sus soldados\u201d, \u201c\u00c1ngel no muri\u00f3, la Guardia lo mat\u00f3\u201d, \u201cEn esta colmena nos falta una abeja\u201d, \u201cSin abejas no hay UG, no ay UG, no hay UG\u201d, \u201cSe\u00f1or, se\u00f1ora, no sea indiferente, se matan estudiantes en la cara de la gente\u201d.<\/p>\n<figure id=\"attachment_64230\" aria-describedby=\"caption-attachment-64230\" style=\"width: 750px\" class=\"wp-caption alignnone\"><img loading=\"lazy\" decoding=\"async\" data-attachment-id=\"64230\" data-permalink=\"http:\/\/www.grieta.org.mx\/index.php\/2022\/05\/05\/toman-la-alhondiga-y-la-universidad-protestan-por-el-asesinato-de-angel-guanajauato\/un-grupo-de-personas-caminando-en-la-calle-888582e4\/\" data-orig-file=\"http:\/\/www.grieta.org.mx\/wp-content\/uploads\/2022\/05\/un-grupo-de-personas-caminando-en-la-calle-888582e4.jpeg\" data-orig-size=\"750,421\" data-comments-opened=\"0\" data-image-meta=\"{&quot;aperture&quot;:&quot;0&quot;,&quot;credit&quot;:&quot;&quot;,&quot;camera&quot;:&quot;&quot;,&quot;caption&quot;:&quot;&quot;,&quot;created_timestamp&quot;:&quot;0&quot;,&quot;copyright&quot;:&quot;&quot;,&quot;focal_length&quot;:&quot;0&quot;,&quot;iso&quot;:&quot;0&quot;,&quot;shutter_speed&quot;:&quot;0&quot;,&quot;title&quot;:&quot;&quot;,&quot;orientation&quot;:&quot;0&quot;}\" data-image-title=\"un-grupo-de-personas-caminando-en-la-calle-888582e4\" data-image-description=\"\" data-image-caption=\"&lt;p&gt;Foto: La Silla Rota&lt;\/p&gt;\n\" data-medium-file=\"http:\/\/www.grieta.org.mx\/wp-content\/uploads\/2022\/05\/un-grupo-de-personas-caminando-en-la-calle-888582e4-300x168.jpeg\" data-large-file=\"http:\/\/www.grieta.org.mx\/wp-content\/uploads\/2022\/05\/un-grupo-de-personas-caminando-en-la-calle-888582e4.jpeg\" class=\"wp-image-64230 size-full\" src=\"http:\/\/www.grieta.org.mx\/wp-content\/uploads\/2022\/05\/un-grupo-de-personas-caminando-en-la-calle-888582e4.jpeg\" alt=\"\" width=\"750\" height=\"421\" srcset=\"http:\/\/www.grieta.org.mx\/wp-content\/uploads\/2022\/05\/un-grupo-de-personas-caminando-en-la-calle-888582e4.jpeg 750w, http:\/\/www.grieta.org.mx\/wp-content\/uploads\/2022\/05\/un-grupo-de-personas-caminando-en-la-calle-888582e4-300x168.jpeg 300w\" sizes=\"auto, (max-width: 750px) 100vw, 750px\" \/><figcaption id=\"caption-attachment-64230\" class=\"wp-caption-text\">Foto: La Silla Rota<\/figcaption><\/figure>\n<p>Los protestantes exigieron justicia por \u00c1ngel y Edith, quien est\u00e1 hospitalizada en la cl\u00ednica T-1 del IMSS en Le\u00f3n por el disparo que recibi\u00f3 el d\u00eda del ataque de la Guardia Nacional.<\/p>\n<p>Al llegar a la Presidencia una de las manifestantes tom\u00f3 el meg\u00e1fono y pidi\u00f3 una respuesta \u201cr\u00e1pida y concreta\u201d para el caso de \u00c1ngel. La protesta se da a tres d\u00edas de que la Fiscal\u00eda General de la Rep\u00fablica anunciara la liberaci\u00f3n de Iv\u00e1n \u201cN\u201d elemento involucrado, argumentado que las balas que portaba no coincid\u00edan con las que se usaron para el ataque, por este motivo un Juez Federal no lo vincul\u00f3 a proceso y qued\u00f3 libre.<\/p>\n<figure id=\"attachment_64231\" aria-describedby=\"caption-attachment-64231\" style=\"width: 750px\" class=\"wp-caption alignnone\"><img loading=\"lazy\" decoding=\"async\" data-attachment-id=\"64231\" data-permalink=\"http:\/\/www.grieta.org.mx\/index.php\/2022\/05\/05\/toman-la-alhondiga-y-la-universidad-protestan-por-el-asesinato-de-angel-guanajauato\/un-grupo-de-personas-caminando-en-la-calle-e10de246\/\" data-orig-file=\"http:\/\/www.grieta.org.mx\/wp-content\/uploads\/2022\/05\/un-grupo-de-personas-caminando-en-la-calle-e10de246.jpeg\" data-orig-size=\"750,562\" data-comments-opened=\"0\" data-image-meta=\"{&quot;aperture&quot;:&quot;0&quot;,&quot;credit&quot;:&quot;&quot;,&quot;camera&quot;:&quot;&quot;,&quot;caption&quot;:&quot;&quot;,&quot;created_timestamp&quot;:&quot;0&quot;,&quot;copyright&quot;:&quot;&quot;,&quot;focal_length&quot;:&quot;0&quot;,&quot;iso&quot;:&quot;0&quot;,&quot;shutter_speed&quot;:&quot;0&quot;,&quot;title&quot;:&quot;&quot;,&quot;orientation&quot;:&quot;0&quot;}\" data-image-title=\"un-grupo-de-personas-caminando-en-la-calle-e10de246\" data-image-description=\"\" data-image-caption=\"&lt;p&gt;Foto: La Silla Rota&lt;\/p&gt;\n\" data-medium-file=\"http:\/\/www.grieta.org.mx\/wp-content\/uploads\/2022\/05\/un-grupo-de-personas-caminando-en-la-calle-e10de246-300x225.jpeg\" data-large-file=\"http:\/\/www.grieta.org.mx\/wp-content\/uploads\/2022\/05\/un-grupo-de-personas-caminando-en-la-calle-e10de246.jpeg\" class=\"wp-image-64231 size-full\" src=\"http:\/\/www.grieta.org.mx\/wp-content\/uploads\/2022\/05\/un-grupo-de-personas-caminando-en-la-calle-e10de246.jpeg\" alt=\"\" width=\"750\" height=\"562\" srcset=\"http:\/\/www.grieta.org.mx\/wp-content\/uploads\/2022\/05\/un-grupo-de-personas-caminando-en-la-calle-e10de246.jpeg 750w, http:\/\/www.grieta.org.mx\/wp-content\/uploads\/2022\/05\/un-grupo-de-personas-caminando-en-la-calle-e10de246-300x225.jpeg 300w\" sizes=\"auto, (max-width: 750px) 100vw, 750px\" \/><figcaption id=\"caption-attachment-64231\" class=\"wp-caption-text\">Foto: La Silla Rota<\/figcaption><\/figure>\n<p>\u201cEsta lamentable situaci\u00f3n de violencia nos ha arrebatado a un amigo, un compa\u00f1ero, un hermano, una abeja, un alumno. Y esto lo expresamos recorriendo la calles de nuestra ciudad, para mantener en sororidad a nuestra casa de estudios y a la familia de nuestro compa\u00f1ero\u201d, dijo una de las estudiantes de la UG.<\/p>\n<p>\u201cExigimos que las agendas de las Presidencias tengan como prioridad atender la seguridad de los estudiantes, les recordamos que lo ocurrido refleja el sentir de esta inseguridad que no vemos que se atienda\u201d<\/p>\n<p>Los estudiantes pidieron una coordinaci\u00f3n entre autoridades de los municipios de Guanajuato y la comunidad estudiantil para sentirse \u201cseguros\u201d.<\/p>\n<p>Los protestantes pintaron sus playeras blancas con manchas de sangre para simbolizar el grado de violencia al que est\u00e1n expuestos, por el simple hecho de ser estudiantes. \u201cEn M\u00e9xico es m\u00e1s peligroso ser estudiante que narcotraficante\u201d, dec\u00eda una de las pancartas.<\/p>\n<p>La marcha fue pac\u00edfica y los alumnos despejaron la presidencia cerca de las 11:30 a.m.<\/p>\n<p>El asesinato del estudiante de la Universidad de Guanajuato es noticia nacional, alumnos de la Universidad Nacional Aut\u00f3noma de M\u00e9xico (UNAM) har\u00e1n un paro nacional para exigir justicia este 5 y 6 de mayo, en el Z\u00f3calo.<\/p>\n<p><a href=\"https:\/\/guanajuato.lasillarota.com\/estados\/toman-la-alhondiga-y-la-universidad-protestan-por-el-asesinato-de-angel\/645171?utm_source=pocket_mylist\">https:\/\/guanajuato.lasillarota.com\/estados\/toman-la-alhondiga-y-la-universidad-protestan-por-el-asesinato-de-angel\/645171?utm_source=pocket_mylist<\/a><\/p>\n","protected":false},"excerpt":{"rendered":"<p>El caso del estudiante de Agronom\u00eda es tema nacional. Cerca de 7 mil alumnos en Guanajuato alzaron la voz por su compa\u00f1ero asesinado por la Guardia Nacional IVONNE ORTIZ, La &hellip; <a href=\"http:\/\/www.grieta.org.mx\/index.php\/2022\/05\/05\/toman-la-alhondiga-y-la-universidad-protestan-por-el-asesinato-de-angel-guanajauato\/\" class=\"more-link\">Leer m\u00e1s<\/a><\/p>\n","protected":false},"author":2,"featured_media":64234,"comment_status":"closed","ping_status":"closed","sticky":false,"template":"","format":"standard","meta":{"ngg_post_thumbnail":0,"_jetpack_newsletter_access":"","_jetpack_dont_email_post_to_subs":false,"_jetpack_newsletter_tier_id":0,"_jetpack_memberships_contains_paywalled_content":false,"_jetpack_memberships_contains_paid_content":false,"footnotes":""},"categories":[80,17,912,2971,2910,2337],"tags":[2204,2654,1155,2683,3593,2952],"class_list":["post-64226","post","type-post","status-publish","format-standard","has-post-thumbnail","hentry","category-cintillo","category-guanajuato","category-militarizacion","category-protestas-estudiantiles-en-guanajuato","category-resistencias-en-guanajuato","category-violencia-de-las-fuerzas-represivas-en-guanajuato","tag-abuso-de-fuerzas-represivas","tag-abusos-de-militares-contra-poblacion-civil","tag-estudiantes-asesinados","tag-estudiantes-organizados","tag-lucha-contra-la-militarizacion","tag-protestas-estudiantiles","entry"],"jetpack_featured_media_url":"http:\/\/www.grieta.org.mx\/wp-content\/uploads\/2022\/05\/un-grupo-de-personas-en-frente-de-edificio-efcc8252-focus-0-0-2000-900.jpg","jetpack_sharing_enabled":true,"jetpack_shortlink":"https:\/\/wp.me\/p7ZJR4-gHU","jetpack_likes_enabled":false,"jetpack-related-posts":[{"id":42119,"url":"http:\/\/www.grieta.org.mx\/index.php\/2019\/12\/07\/alumnos-en-paro-denuncian-hostigamiento-guanajuato\/","url_meta":{"origin":64226,"position":0},"title":"Alumnos en paro denuncian hostigamiento (Guanajuato)","author":"grieta","date":"7 diciembre, 2019","format":false,"excerpt":"Jos\u00e9 Antonio Castro Murillo \/ AM Le\u00f3n Guanajuato, 07 de diciembre de 2019 Guanajuato.- Llamadas telef\u00f3nicas desde n\u00fameros desconocidos han sido recibidos por alumnos que participan en el paro de la Universidad de Guanajuato. Mediante la p\u00e1gina de Facebook de la comunidad estudiantil que participa en el paro, denunciaron que\u2026","rel":"","context":"En &quot;CINTILLO&quot;","block_context":{"text":"CINTILLO","link":"http:\/\/www.grieta.org.mx\/index.php\/category\/cintillo\/"},"img":{"alt_text":"","src":"https:\/\/i0.wp.com\/www.grieta.org.mx\/wp-content\/uploads\/2018\/03\/14524434_1106112876131411_958039263622046936_o.jpg?resize=350%2C200","width":350,"height":200,"srcset":"https:\/\/i0.wp.com\/www.grieta.org.mx\/wp-content\/uploads\/2018\/03\/14524434_1106112876131411_958039263622046936_o.jpg?resize=350%2C200 1x, https:\/\/i0.wp.com\/www.grieta.org.mx\/wp-content\/uploads\/2018\/03\/14524434_1106112876131411_958039263622046936_o.jpg?resize=525%2C300 1.5x, https:\/\/i0.wp.com\/www.grieta.org.mx\/wp-content\/uploads\/2018\/03\/14524434_1106112876131411_958039263622046936_o.jpg?resize=700%2C400 2x"},"classes":[]},{"id":44741,"url":"http:\/\/www.grieta.org.mx\/index.php\/2020\/02\/18\/estudiantes-de-la-universidad-de-guanajuato-se-manifiestan-acusando-incumplimiento\/","url_meta":{"origin":64226,"position":1},"title":"Estudiantes de la Universidad de Guanajuato se manifiestan acusando incumplimiento","author":"grieta","date":"18 febrero, 2020","format":false,"excerpt":"Tras semanas del paro en la capital del estado, los estudiantes salieron nuevamente a las calles con pancartas y consignas contra las autoridades. Milenio digital, 18 de febrero de 2018 Alrededor 800 estudiantes de la Universidad de Guanajuato participaron en una manifestaci\u00f3n que recorri\u00f3 los puntos principales de la capital\u2026","rel":"","context":"En &quot;CINTILLO&quot;","block_context":{"text":"CINTILLO","link":"http:\/\/www.grieta.org.mx\/index.php\/category\/cintillo\/"},"img":{"alt_text":"","src":"https:\/\/i0.wp.com\/www.grieta.org.mx\/wp-content\/uploads\/2020\/02\/estudiantes-universidad-guanajuato-manifiestan-incumplimiento.jpg?resize=350%2C200","width":350,"height":200,"srcset":"https:\/\/i0.wp.com\/www.grieta.org.mx\/wp-content\/uploads\/2020\/02\/estudiantes-universidad-guanajuato-manifiestan-incumplimiento.jpg?resize=350%2C200 1x, https:\/\/i0.wp.com\/www.grieta.org.mx\/wp-content\/uploads\/2020\/02\/estudiantes-universidad-guanajuato-manifiestan-incumplimiento.jpg?resize=525%2C300 1.5x, https:\/\/i0.wp.com\/www.grieta.org.mx\/wp-content\/uploads\/2020\/02\/estudiantes-universidad-guanajuato-manifiestan-incumplimiento.jpg?resize=700%2C400 2x"},"classes":[]},{"id":45099,"url":"http:\/\/www.grieta.org.mx\/index.php\/2020\/02\/18\/hemos-sido-ignorados-estudiantes-de-la-universidad-de-guanajuato\/","url_meta":{"origin":64226,"position":2},"title":"Hemos sido ignorados.- estudiantes de la Universidad de Guanajuato","author":"grieta","date":"18 febrero, 2020","format":false,"excerpt":"Estudiantes acusan a la Universidad de Guanajuato de ignorar el pliego petitorio que realizaron el a\u00f1o pasado y se\u00f1alan al Rector de dedicarse a ocultar y negar los casos de acoso sexual y violencia de g\u00e9nero. Por: Redacci\u00f3n, AM Le\u00f3n Guanajuato, 18 de Febrero 2020 Guanajuato, Guanajuato.- \"Hemos sido ignorados\u2026","rel":"","context":"En &quot;CINTILLO&quot;","block_context":{"text":"CINTILLO","link":"http:\/\/www.grieta.org.mx\/index.php\/category\/cintillo\/"},"img":{"alt_text":"","src":"https:\/\/i0.wp.com\/www.grieta.org.mx\/wp-content\/uploads\/2020\/02\/estudiantes_de_la_ug_acusan_que_han_sido_ignorados.jpg_851672003.jpg?resize=350%2C200","width":350,"height":200,"srcset":"https:\/\/i0.wp.com\/www.grieta.org.mx\/wp-content\/uploads\/2020\/02\/estudiantes_de_la_ug_acusan_que_han_sido_ignorados.jpg_851672003.jpg?resize=350%2C200 1x, https:\/\/i0.wp.com\/www.grieta.org.mx\/wp-content\/uploads\/2020\/02\/estudiantes_de_la_ug_acusan_que_han_sido_ignorados.jpg_851672003.jpg?resize=525%2C300 1.5x, https:\/\/i0.wp.com\/www.grieta.org.mx\/wp-content\/uploads\/2020\/02\/estudiantes_de_la_ug_acusan_que_han_sido_ignorados.jpg_851672003.jpg?resize=700%2C400 2x"},"classes":[]},{"id":41774,"url":"http:\/\/www.grieta.org.mx\/index.php\/2019\/12\/02\/convocan-alumnos-de-la-universidad-de-guanajuato-a-paro\/","url_meta":{"origin":64226,"position":3},"title":"Convocan alumnos de la Universidad de Guanajuato a paro","author":"grieta","date":"2 diciembre, 2019","format":false,"excerpt":"La convocatoria es a partir de las 5:30 de la ma\u00f1ana en las escalinatas de la del edificio central Patricio Serna| El Sol de Irapuato, 02 de diciembre de 2019 GUANAJUATO, Gto. (OEM-Informex) .-A trav\u00e9s de redes sociales, alumnos de la Universidad de Guanajuato convocan a un paro de actividades\u2026","rel":"","context":"En &quot;CINTILLO&quot;","block_context":{"text":"CINTILLO","link":"http:\/\/www.grieta.org.mx\/index.php\/category\/cintillo\/"},"img":{"alt_text":"","src":"https:\/\/i0.wp.com\/www.grieta.org.mx\/wp-content\/uploads\/2019\/12\/WhatsApp-Image-2019-12-02-at-12.07.55-PM.jpeg?resize=350%2C200","width":350,"height":200,"srcset":"https:\/\/i0.wp.com\/www.grieta.org.mx\/wp-content\/uploads\/2019\/12\/WhatsApp-Image-2019-12-02-at-12.07.55-PM.jpeg?resize=350%2C200 1x, https:\/\/i0.wp.com\/www.grieta.org.mx\/wp-content\/uploads\/2019\/12\/WhatsApp-Image-2019-12-02-at-12.07.55-PM.jpeg?resize=525%2C300 1.5x, https:\/\/i0.wp.com\/www.grieta.org.mx\/wp-content\/uploads\/2019\/12\/WhatsApp-Image-2019-12-02-at-12.07.55-PM.jpeg?resize=700%2C400 2x"},"classes":[]},{"id":46366,"url":"http:\/\/www.grieta.org.mx\/index.php\/2020\/03\/12\/estudiantes-de-medicina-protestan-por-violacion-de-companera-en-guanajuato\/","url_meta":{"origin":64226,"position":4},"title":"Estudiantes de medicina protestan por violaci\u00f3n de compa\u00f1era en Guanajuato","author":"grieta","date":"12 marzo, 2020","format":false,"excerpt":"X\u00f3chitl \u00c1lvarez \/El universal, 12 de marzo de 2020 Le\u00f3n.- Estudiantes de Medicina de la Universidad de Guanajuato protestaron por el acoso sexual hacia las alumnas y el maltrato que reciben de m\u00e9dicos durante sus pr\u00e1cticas o prestaci\u00f3n del Servicio Social Profesional; y exigieron justicia para la joven \u201cpasante\u201d que\u2026","rel":"","context":"En &quot;CINTILLO&quot;","block_context":{"text":"CINTILLO","link":"http:\/\/www.grieta.org.mx\/index.php\/category\/cintillo\/"},"img":{"alt_text":"","src":"https:\/\/i0.wp.com\/www.grieta.org.mx\/wp-content\/uploads\/2020\/03\/protestaMedicosGto.jpg?resize=350%2C200","width":350,"height":200},"classes":[]},{"id":29093,"url":"http:\/\/www.grieta.org.mx\/index.php\/2019\/02\/17\/le-exigen-su-renuncia-al-secretario-de-seguridad-y-huye-por-puerta-trasera\/","url_meta":{"origin":64226,"position":5},"title":"Le exigen su renuncia al secretario de Seguridad y huye por puerta trasera","author":"grieta","date":"17 febrero, 2019","format":false,"excerpt":"\u2018El General\u2019 incluso tuvo que refugiarse en lo que llegaba la Polic\u00eda; en lo que ya parece costumbre, convierten sesi\u00f3n en escenario de eventos extraordinarios Patricio Serna\/ Peri\u00f3dico Correo, 17 de Febrero Guanajuato.- En plena sesi\u00f3n del Ayuntamiento, la asociaci\u00f3n civil Guanajuato Despert\u00f3, exigi\u00f3 la renuncia del secretario de Seguridad\u2026","rel":"","context":"En &quot;CINTILLO&quot;","block_context":{"text":"CINTILLO","link":"http:\/\/www.grieta.org.mx\/index.php\/category\/cintillo\/"},"img":{"alt_text":"","src":"https:\/\/i0.wp.com\/www.grieta.org.mx\/wp-content\/uploads\/2019\/02\/Lg150500-3.jpg?resize=350%2C200","width":350,"height":200,"srcset":"https:\/\/i0.wp.com\/www.grieta.org.mx\/wp-content\/uploads\/2019\/02\/Lg150500-3.jpg?resize=350%2C200 1x, https:\/\/i0.wp.com\/www.grieta.org.mx\/wp-content\/uploads\/2019\/02\/Lg150500-3.jpg?resize=525%2C300 1.5x, https:\/\/i0.wp.com\/www.grieta.org.mx\/wp-content\/uploads\/2019\/02\/Lg150500-3.jpg?resize=700%2C400 2x, https:\/\/i0.wp.com\/www.grieta.org.mx\/wp-content\/uploads\/2019\/02\/Lg150500-3.jpg?resize=1050%2C600 3x"},"classes":[]}],"_links":{"self":[{"href":"http:\/\/www.grieta.org.mx\/index.php\/wp-json\/wp\/v2\/posts\/64226","targetHints":{"allow":["GET"]}}],"collection":[{"href":"http:\/\/www.grieta.org.mx\/index.php\/wp-json\/wp\/v2\/posts"}],"about":[{"href":"http:\/\/www.grieta.org.mx\/index.php\/wp-json\/wp\/v2\/types\/post"}],"author":[{"embeddable":true,"href":"http:\/\/www.grieta.org.mx\/index.php\/wp-json\/wp\/v2\/users\/2"}],"replies":[{"embeddable":true,"href":"http:\/\/www.grieta.org.mx\/index.php\/wp-json\/wp\/v2\/comments?post=64226"}],"version-history":[{"count":1,"href":"http:\/\/www.grieta.org.mx\/index.php\/wp-json\/wp\/v2\/posts\/64226\/revisions"}],"predecessor-version":[{"id":64235,"href":"http:\/\/www.grieta.org.mx\/index.php\/wp-json\/wp\/v2\/posts\/64226\/revisions\/64235"}],"wp:featuredmedia":[{"embeddable":true,"href":"http:\/\/www.grieta.org.mx\/index.php\/wp-json\/wp\/v2\/media\/64234"}],"wp:attachment":[{"href":"http:\/\/www.grieta.org.mx\/index.php\/wp-json\/wp\/v2\/media?parent=64226"}],"wp:term":[{"taxonomy":"category","embeddable":true,"href":"http:\/\/www.grieta.org.mx\/index.php\/wp-json\/wp\/v2\/categories?post=64226"},{"taxonomy":"post_tag","embeddable":true,"href":"http:\/\/www.grieta.org.mx\/index.php\/wp-json\/wp\/v2\/tags?post=64226"}],"curies":[{"name":"wp","href":"https:\/\/api.w.org\/{rel}","templated":true}]}}