{"id":6422,"date":"2015-01-03T22:56:36","date_gmt":"2015-01-03T22:56:36","guid":{"rendered":"http:\/\/50.22.11.12\/~grietaor\/?p=6422"},"modified":"2016-03-28T22:59:26","modified_gmt":"2016-03-28T22:59:26","slug":"tres-dias-antes-de-su-desaparicion-alcalde-amenazo-al-periodista-moises-sanchez","status":"publish","type":"post","link":"http:\/\/www.grieta.org.mx\/index.php\/2015\/01\/03\/tres-dias-antes-de-su-desaparicion-alcalde-amenazo-al-periodista-moises-sanchez\/","title":{"rendered":"Tres d\u00edas antes de su desaparici\u00f3n, alcalde amenaz\u00f3 al periodista Mois\u00e9s S\u00e1nchez"},"content":{"rendered":"<blockquote><p>Tres d\u00edas antes de su desaparici\u00f3n, alcalde amenaz\u00f3 al periodista Mois\u00e9s S\u00e1nchez<\/p><\/blockquote>\n<p>Ciudad de M\u00e9xico, 03 de enero de 2015.- Mois\u00e9s S\u00e1nchez Cerezo, periodista del municipio de Medell\u00edn de Bravo, Veracruz, fue privado de la libertad por hombres armados.<\/p>\n<p>El hecho se registr\u00f3 ayer viernes 2 de enero a las 19:00 horas cuando el comunicador se encontraba en su domicilio, en la colonia Guti\u00e9rrez Rosas. De acuerdo con testigos adem\u00e1s de sacarlo con violencia de su vivienda, los responsables se llevaron su computadora, c\u00e1mara fotogr\u00e1fica y celular.<\/p>\n<p>S\u00e1nchez Cerezo es director y editor del peri\u00f3dico \u201cLa Uni\u00f3n\u201d de Medell\u00edn de Bravo, medio de comunicaci\u00f3n que informa de manera cr\u00edtica sobre las diferentes problem\u00e1ticas de su municipio.<\/p>\n<p>En las \u00faltimas semanas S\u00e1nchez Cerezo inform\u00f3 de los sucesos de violencia en la zona. El 13 de diciembre public\u00f3 en su cuenta de Facebook que faltando pocos d\u00edas para el informe de actividades del alcalde panista Omar Cruz Reyes, asaltaron y asesinaron a un comerciante en El Tejar, comunidad perteneciente a Medell\u00edn de Bravo; adem\u00e1s, inform\u00f3 sobre una balacera en esa misma comunidad donde resultaron heridos un padre de familia y su hijo. Esto sucede, dijo, mientras el \u201cAlcalde de Medell\u00edn (de Bravo, es) protegido por una Unidad de la Marina Armada de M\u00e9xico\u201d.<\/p>\n<p>La inseguridad desatada en su municipio, provoc\u00f3 que el periodista y un grupo de vecinos de su colonia, perteneciente a El Tejar, conformaran el mi\u00e9rcoles 17 de diciembre, el \u201cComit\u00e9 de Autodefensas de la colonia Guti\u00e9rrez Rosas\u201d.<\/p>\n<p>Lo anterior fue informado por el propio S\u00e1nchez Cerezo, un d\u00eda antes, a trav\u00e9s de su cuenta en Facebook: \u201cEste d\u00eda martes se formaron las redes vecinales por parte de autoridades estatales. Adem\u00e1s, despu\u00e9s en la siguiente reuni\u00f3n acordaron tambi\u00e9n que este mi\u00e9rcoles, a las 8 de la noche, se tomara protesta al Comit\u00e9 de Autodefensas de la colonia Guti\u00e9rrez Rosas. Dicha toma de protesta ser\u00e1 en la calle Violeta frente al domicilio de do\u00f1a Paca\u2026 Esto es parte de lo que s\u00e9 acord\u00f3 el d\u00eda de la manifestaci\u00f3n del d\u00eda lunes 15 del presente mes en Medell\u00edn (de Bravo), en donde estuvieron presentes Autoridades Municipales (Omar Cruz Reyes), Estatales (el Subsecretario de Seguridad P\u00fablica), adem\u00e1s de Autoridades Federales. Esperamos contar en la toma de protesta con la presencia de Adri\u00e1n Mart\u00ednez Galloso, Agente Municipal de esta congregaci\u00f3n de El Tejar\u201d.<\/p>\n<p>El 27 de diciembre, un d\u00eda despu\u00e9s del informe de labores del edil Cruz Reyes, el periodista retom\u00f3 en su cuenta Facebook notas period\u00edsticas de diferentes medios de comunicaci\u00f3n de Veracruz, que daban cuenta de la aparici\u00f3n de \u201cdos cuerpos sin vida) embolsados el d\u00eda del informe del alcalde de Medell\u00edn (de Bravo)\u201d.<\/p>\n<p>Informaci\u00f3n proporcionada de manera an\u00f3nima a ARTICLE 19, revela que el periodismo y activismo realizado por S\u00e1nchez Cerezo provoc\u00f3 el enojo del Alcalde de Medell\u00edn de Bravo, pues \u201ctres d\u00edas antes de la privaci\u00f3n del periodista, \u00e9ste se enter\u00f3 a trav\u00e9s de una fuente confiable que el alcalde Omar Cruz Reyes pretend\u00eda callarlo d\u00e1ndole una lecci\u00f3n\u201d.<\/p>\n<p>ARTICLE 19 exige al Mecanismo de Protecci\u00f3n de Defensores y Periodistas de la Secretar\u00eda de Gobernaci\u00f3n garantizar la integridad del periodista y su familia. Asimismo, hace un llamado a la Fiscal\u00eda Especial para la Atenci\u00f3n de Delitos cometidos contra la Libertad de Expresi\u00f3n (FEADLE) de la PGR para que atraiga el caso e inicie las investigaciones correspondientes.<\/p>\n<p>Del 2000 a la fecha, ARTICLE 19 ha documentado el asesinato de 15 periodistas en Veracruz; con Mois\u00e9s S\u00e1nchez Cerezo suman cinco los comunicadores desaparecidos en esa entidad.<\/p>\n<p><a href=\"http:\/\/www.articulo19.org\/alerta-tres-dias-antes-de-su-desaparicion-alcalde-amenazo-al-periodista-moises-sanchez\/\" target=\"_blank\">http:\/\/www.articulo19.org\/alerta-tres-dias-antes-de-su-desaparicion-alcalde-amenazo-al-periodista-moises-sanchez\/<\/a><\/p>\n","protected":false},"excerpt":{"rendered":"<p>Tres d\u00edas antes de su desaparici\u00f3n, alcalde amenaz\u00f3 al periodista Mois\u00e9s S\u00e1nchez Ciudad de M\u00e9xico, 03 de enero de 2015.- Mois\u00e9s S\u00e1nchez Cerezo, periodista del municipio de Medell\u00edn de Bravo, &hellip; <a href=\"http:\/\/www.grieta.org.mx\/index.php\/2015\/01\/03\/tres-dias-antes-de-su-desaparicion-alcalde-amenazo-al-periodista-moises-sanchez\/\" class=\"more-link\">Leer m\u00e1s<\/a><\/p>\n","protected":false},"author":1,"featured_media":21928,"comment_status":"closed","ping_status":"open","sticky":false,"template":"","format":"standard","meta":{"ngg_post_thumbnail":0,"_jetpack_newsletter_access":"","_jetpack_dont_email_post_to_subs":false,"_jetpack_newsletter_tier_id":0,"_jetpack_memberships_contains_paywalled_content":false,"_jetpack_memberships_contains_paid_content":false,"footnotes":""},"categories":[80,257],"tags":[120],"class_list":["post-6422","post","type-post","status-publish","format-standard","has-post-thumbnail","hentry","category-cintillo","category-veracruz","tag-violencia-contra-periodistas","entry"],"jetpack_featured_media_url":"http:\/\/www.grieta.org.mx\/wp-content\/uploads\/2018\/03\/14524434_1106112876131411_958039263622046936_o.jpg","jetpack_sharing_enabled":true,"jetpack_shortlink":"https:\/\/wp.me\/p7ZJR4-1FA","jetpack_likes_enabled":false,"jetpack-related-posts":[{"id":6457,"url":"http:\/\/www.grieta.org.mx\/index.php\/2015\/07\/02\/juan-mendoza-periodista-de-medellin-veracruz-es-hallado-muerto-se-habla-de-asesinato\/","url_meta":{"origin":6422,"position":0},"title":"Juan Mendoza, periodista de Medell\u00edn, Veracruz, es hallado muerto; se habla de asesinato","author":"Admin","date":"2 julio, 2015","format":false,"excerpt":"Juan Mendoza, como Mois\u00e9s S\u00e1nchez, viv\u00eda en Medell\u00edn, un municipio pobre de Veracruz. Y tambi\u00e9n como Mois\u00e9s financiaba su vida manejando un taxi. Foto: Facebook Ciudad de M\u00e9xico, 2 de julio (SinEmbargo).- El periodista veracruzano Juan Mendoza Delgado, director general del portal de noticias Escribiendo la Verdad, fue asesinado y\u2026","rel":"","context":"En &quot;CINTILLO&quot;","block_context":{"text":"CINTILLO","link":"http:\/\/www.grieta.org.mx\/index.php\/category\/cintillo\/"},"img":{"alt_text":"","src":"https:\/\/i0.wp.com\/www.grieta.org.mx\/wp-content\/uploads\/2018\/03\/14524434_1106112876131411_958039263622046936_o.jpg?resize=350%2C200","width":350,"height":200,"srcset":"https:\/\/i0.wp.com\/www.grieta.org.mx\/wp-content\/uploads\/2018\/03\/14524434_1106112876131411_958039263622046936_o.jpg?resize=350%2C200 1x, https:\/\/i0.wp.com\/www.grieta.org.mx\/wp-content\/uploads\/2018\/03\/14524434_1106112876131411_958039263622046936_o.jpg?resize=525%2C300 1.5x, https:\/\/i0.wp.com\/www.grieta.org.mx\/wp-content\/uploads\/2018\/03\/14524434_1106112876131411_958039263622046936_o.jpg?resize=700%2C400 2x"},"classes":[]},{"id":6414,"url":"http:\/\/www.grieta.org.mx\/index.php\/2015\/01\/25\/aparece-muerto-el-periodista-moises-sanchez-cerezo\/","url_meta":{"origin":6422,"position":1},"title":"Aparece muerto el periodista Mois\u00e9s S\u00e1nchez Cerezo","author":"Admin","date":"25 enero, 2015","format":false,"excerpt":"Por Eirinet G\u00f3mez El fiscal Luis \u00c1ngel Bravo Contreras inform\u00f3 que en un predio de Manlio Fabio Altamirano fue localizado el cad\u00e1ver del periodista Jos\u00e9 Mois\u00e9s S\u00e1nchez Cerezo. Xalapa, Ver. El cad\u00e1ver del periodista Jos\u00e9 Mois\u00e9s S\u00e1nchez Cerezo, quien estaba desaparecido desde el 2 de enero, luego de que desconocidos\u2026","rel":"","context":"En &quot;CINTILLO&quot;","block_context":{"text":"CINTILLO","link":"http:\/\/www.grieta.org.mx\/index.php\/category\/cintillo\/"},"img":{"alt_text":"","src":"https:\/\/i0.wp.com\/www.grieta.org.mx\/wp-content\/uploads\/2018\/03\/14524434_1106112876131411_958039263622046936_o.jpg?resize=350%2C200","width":350,"height":200,"srcset":"https:\/\/i0.wp.com\/www.grieta.org.mx\/wp-content\/uploads\/2018\/03\/14524434_1106112876131411_958039263622046936_o.jpg?resize=350%2C200 1x, https:\/\/i0.wp.com\/www.grieta.org.mx\/wp-content\/uploads\/2018\/03\/14524434_1106112876131411_958039263622046936_o.jpg?resize=525%2C300 1.5x, https:\/\/i0.wp.com\/www.grieta.org.mx\/wp-content\/uploads\/2018\/03\/14524434_1106112876131411_958039263622046936_o.jpg?resize=700%2C400 2x"},"classes":[]},{"id":6180,"url":"http:\/\/www.grieta.org.mx\/index.php\/2015\/09\/11\/feadle-desecha-caso-del-periodista-de-veracruz-moises-sanchez\/","url_meta":{"origin":6422,"position":2},"title":"FEADLE desecha caso del periodista de Veracruz Mois\u00e9s S\u00e1nchez","author":"Admin","date":"11 septiembre, 2015","format":false,"excerpt":"La Fiscal\u00eda Especial para la Atenci\u00f3n de Delitos cometidos contra la Libertad de Expresi\u00f3n (FEADLE) desech\u00f3 el caso del reportero de Veracruz asesinado en enero de este a\u00f1o, Mois\u00e9s S\u00e1nchez Cerezo, director del semanario \u201cLa Uni\u00f3n\u201d, porque aleg\u00f3 que \u201ces taxista\u201d. La Fiscal\u00eda concluy\u00f3 que la principal actividad del comunicador\u2026","rel":"","context":"En &quot;CINTILLO&quot;","block_context":{"text":"CINTILLO","link":"http:\/\/www.grieta.org.mx\/index.php\/category\/cintillo\/"},"img":{"alt_text":"","src":"https:\/\/i0.wp.com\/www.grieta.org.mx\/wp-content\/uploads\/2018\/03\/14524434_1106112876131411_958039263622046936_o.jpg?resize=350%2C200","width":350,"height":200,"srcset":"https:\/\/i0.wp.com\/www.grieta.org.mx\/wp-content\/uploads\/2018\/03\/14524434_1106112876131411_958039263622046936_o.jpg?resize=350%2C200 1x, https:\/\/i0.wp.com\/www.grieta.org.mx\/wp-content\/uploads\/2018\/03\/14524434_1106112876131411_958039263622046936_o.jpg?resize=525%2C300 1.5x, https:\/\/i0.wp.com\/www.grieta.org.mx\/wp-content\/uploads\/2018\/03\/14524434_1106112876131411_958039263622046936_o.jpg?resize=700%2C400 2x"},"classes":[]},{"id":6208,"url":"http:\/\/www.grieta.org.mx\/index.php\/2015\/04\/13\/solo-dos-detenidos-a-100-dias-del-homicidio-del-periodista-moises-sanchez\/","url_meta":{"origin":6422,"position":3},"title":"S\u00f3lo dos detenidos\u2026 a 100 d\u00edas del homicidio del periodista Mois\u00e9s S\u00e1nchez","author":"Admin","date":"13 abril, 2015","format":false,"excerpt":"No\u00e9 Zavaleta Xalapa, Ver., (apro).- A cien d\u00edas del \u201clevant\u00f3n\u201d y posterior asesinato del reportero-editor de La Uni\u00f3n, Mois\u00e9s S\u00e1nchez Cerezo, las autoridades s\u00f3lo han aprehendido a uno de los seis expolic\u00edas intermunicipales involucrados (Clemente No\u00e9 Rodr\u00edguez) y tambi\u00e9n a uno de los dos presuntos autores materiales: el subdirector de\u2026","rel":"","context":"En &quot;CINTILLO&quot;","block_context":{"text":"CINTILLO","link":"http:\/\/www.grieta.org.mx\/index.php\/category\/cintillo\/"},"img":{"alt_text":"","src":"https:\/\/i0.wp.com\/www.grieta.org.mx\/wp-content\/uploads\/2018\/03\/14524434_1106112876131411_958039263622046936_o.jpg?resize=350%2C200","width":350,"height":200,"srcset":"https:\/\/i0.wp.com\/www.grieta.org.mx\/wp-content\/uploads\/2018\/03\/14524434_1106112876131411_958039263622046936_o.jpg?resize=350%2C200 1x, https:\/\/i0.wp.com\/www.grieta.org.mx\/wp-content\/uploads\/2018\/03\/14524434_1106112876131411_958039263622046936_o.jpg?resize=525%2C300 1.5x, https:\/\/i0.wp.com\/www.grieta.org.mx\/wp-content\/uploads\/2018\/03\/14524434_1106112876131411_958039263622046936_o.jpg?resize=700%2C400 2x"},"classes":[]},{"id":6129,"url":"http:\/\/www.grieta.org.mx\/index.php\/2016\/08\/18\/violencia-contra-periodistas-en-veracruz\/","url_meta":{"origin":6422,"position":4},"title":"Violencia contra periodistas en Veracruz","author":"Admin","date":"18 agosto, 2016","format":false,"excerpt":"No\u00e9 Zavaleta es hostigado por publicaci\u00f3n de libro 18\/08\/16. Tras amenazas y acoso, periodista mexicano abandona el estado de Veracruz El Heraldo de Saltillo 13\/08\/16. Aumentan las amenazas contra reportero No\u00e9 Zavaleta El Mundo de C\u00f3rdoba 07\/08\/16. El periodista No\u00e9 Zavaleta, corresponsal de Proceso, es amenazado en Veracruz por su\u2026","rel":"","context":"En &quot;NOTICIAS NACIONALES&quot;","block_context":{"text":"NOTICIAS NACIONALES","link":"http:\/\/www.grieta.org.mx\/index.php\/category\/noticias-nacionales\/"},"img":{"alt_text":"","src":"https:\/\/i0.wp.com\/www.grieta.org.mx\/wp-content\/uploads\/2018\/03\/14524434_1106112876131411_958039263622046936_o.jpg?resize=350%2C200","width":350,"height":200,"srcset":"https:\/\/i0.wp.com\/www.grieta.org.mx\/wp-content\/uploads\/2018\/03\/14524434_1106112876131411_958039263622046936_o.jpg?resize=350%2C200 1x, https:\/\/i0.wp.com\/www.grieta.org.mx\/wp-content\/uploads\/2018\/03\/14524434_1106112876131411_958039263622046936_o.jpg?resize=525%2C300 1.5x, https:\/\/i0.wp.com\/www.grieta.org.mx\/wp-content\/uploads\/2018\/03\/14524434_1106112876131411_958039263622046936_o.jpg?resize=700%2C400 2x"},"classes":[]},{"id":43719,"url":"http:\/\/www.grieta.org.mx\/index.php\/2020\/01\/02\/no-hay-imparticion-de-justicia-en-veracruz-hijo-de-periodista-asesinado-en-2015\/","url_meta":{"origin":6422,"position":5},"title":"\u201cNo hay impartici\u00f3n de justicia en Veracruz\u201d: hijo de periodista asesinado en 2015","author":"grieta","date":"2 enero, 2020","format":false,"excerpt":"No\u00e9 Zavaleta \/ Proceso XALAPA, Ver. (apro).- A cinco a\u00f1os del secuestro y posterior asesinato del periodista de La Uni\u00f3n, Mois\u00e9s S\u00e1nchez Cerezo, sus familiares reprocharon en las afueras del Palacio de Gobierno que \u201cpasan y pasan\u201d fiscales y gobernadores con alternancia pol\u00edtica, y nadie est\u00e1 preocupado por hacer justicia\u2026","rel":"","context":"En &quot;CINTILLO&quot;","block_context":{"text":"CINTILLO","link":"http:\/\/www.grieta.org.mx\/index.php\/category\/cintillo\/"},"img":{"alt_text":"","src":"https:\/\/i0.wp.com\/www.grieta.org.mx\/wp-content\/uploads\/2020\/01\/WhatsApp-Image-2020-01-02-at-12.jpg?resize=350%2C200","width":350,"height":200,"srcset":"https:\/\/i0.wp.com\/www.grieta.org.mx\/wp-content\/uploads\/2020\/01\/WhatsApp-Image-2020-01-02-at-12.jpg?resize=350%2C200 1x, https:\/\/i0.wp.com\/www.grieta.org.mx\/wp-content\/uploads\/2020\/01\/WhatsApp-Image-2020-01-02-at-12.jpg?resize=525%2C300 1.5x, https:\/\/i0.wp.com\/www.grieta.org.mx\/wp-content\/uploads\/2020\/01\/WhatsApp-Image-2020-01-02-at-12.jpg?resize=700%2C400 2x"},"classes":[]}],"_links":{"self":[{"href":"http:\/\/www.grieta.org.mx\/index.php\/wp-json\/wp\/v2\/posts\/6422","targetHints":{"allow":["GET"]}}],"collection":[{"href":"http:\/\/www.grieta.org.mx\/index.php\/wp-json\/wp\/v2\/posts"}],"about":[{"href":"http:\/\/www.grieta.org.mx\/index.php\/wp-json\/wp\/v2\/types\/post"}],"author":[{"embeddable":true,"href":"http:\/\/www.grieta.org.mx\/index.php\/wp-json\/wp\/v2\/users\/1"}],"replies":[{"embeddable":true,"href":"http:\/\/www.grieta.org.mx\/index.php\/wp-json\/wp\/v2\/comments?post=6422"}],"version-history":[{"count":1,"href":"http:\/\/www.grieta.org.mx\/index.php\/wp-json\/wp\/v2\/posts\/6422\/revisions"}],"predecessor-version":[{"id":6426,"href":"http:\/\/www.grieta.org.mx\/index.php\/wp-json\/wp\/v2\/posts\/6422\/revisions\/6426"}],"wp:featuredmedia":[{"embeddable":true,"href":"http:\/\/www.grieta.org.mx\/index.php\/wp-json\/wp\/v2\/media\/21928"}],"wp:attachment":[{"href":"http:\/\/www.grieta.org.mx\/index.php\/wp-json\/wp\/v2\/media?parent=6422"}],"wp:term":[{"taxonomy":"category","embeddable":true,"href":"http:\/\/www.grieta.org.mx\/index.php\/wp-json\/wp\/v2\/categories?post=6422"},{"taxonomy":"post_tag","embeddable":true,"href":"http:\/\/www.grieta.org.mx\/index.php\/wp-json\/wp\/v2\/tags?post=6422"}],"curies":[{"name":"wp","href":"https:\/\/api.w.org\/{rel}","templated":true}]}}