{"id":6421,"date":"2015-11-20T22:56:34","date_gmt":"2015-11-20T22:56:34","guid":{"rendered":"http:\/\/50.22.11.12\/~grietaor\/?p=6421"},"modified":"2018-07-06T19:30:02","modified_gmt":"2018-07-07T00:30:02","slug":"desmantelan-banda-de-trata-de-personas-captaban-a-sus-victimas-en-tlaxcala-y-las-mandaban-a-eu","status":"publish","type":"post","link":"http:\/\/www.grieta.org.mx\/index.php\/2015\/11\/20\/desmantelan-banda-de-trata-de-personas-captaban-a-sus-victimas-en-tlaxcala-y-las-mandaban-a-eu\/","title":{"rendered":"Desmantelan banda de trata de personas; captaban a sus v\u00edctimas en Tlaxcala y las mandaban a EU"},"content":{"rendered":"<p>Redacci\u00f3n\/Animal Pol\u00edtico<\/p>\n<p>En un operativo simultaneo realizado en Tlaxcala y en Nueva York, elementos federales y del Departamento de Seguridad Interna de Estados Unidos detuvieron a ocho personas, a quienes se les vincula con los delitos de delincuencia organizada, trata y tr\u00e1fico de personas con fines de explotaci\u00f3n sexual, trata de menores con fines de explotaci\u00f3n sexual, lavado de dinero, lenocinio y obstrucci\u00f3n de la justicia.<\/p>\n<p>As\u00ed lo dio a conocer este viernes 20 de noviembre el director de Investigaci\u00f3n Criminal de la Procuradur\u00eda General de la Rep\u00fablica (PGR), Tom\u00e1s Zer\u00f3n de Lucio, quien agreg\u00f3 que la banda criminal operaba \u201cprincipalmente en Tlaxcala, desde donde sustra\u00edan a las v\u00edctimas hacia Estados Unidos\u201d.<\/p>\n<p>De acuerdo con Zer\u00f3n de Lucio, la banda tambi\u00e9n operaba en Puebla, Distrito Federal, Guanajuato, Michoac\u00e1n, Quer\u00e9taro y Nueva York, Estados Unidos, mientras que en Oaxaca se llevaba a cabo la explotaci\u00f3n de las v\u00edctimas.<\/p>\n<p>Detall\u00f3 que la red estaba conformada por cuatro familias, que estaban permanentemente en movimiento y cambiaban de n\u00fameros telef\u00f3nicos de manera constante.<\/p>\n<p>\u201cEl modus operandi del perpetrador era vincularse emocionalmente con menores de edad en situaci\u00f3n de vulnerabilidad, utilizando tanto redes sociales como cortejo presencial, sustraerlas de su \u00e1mbito familiar y tener descendencia para amenazarlas tanto f\u00edsica como psicol\u00f3gicamente, adem\u00e1s de propuestas de matrimonio, presiones psicol\u00f3gicas y f\u00edsicas para que llevaran a cabo relaciones sexuales\u201d, dijo.<\/p>\n<p>Zer\u00f3n de Lucio precis\u00f3 que los ocho integrantes ya fueron recluidos en los centros federales de readaptaci\u00f3n social de Ciudad Ju\u00e1rez, en Chihuahua, y de Tepic, en Nayarit.<\/p>\n<p>El Departamento de Justicia de Estados Unidos destac\u00f3 la colaboraci\u00f3n con las autoridades mexicanas.<\/p>\n<p>\u201cEste caso demuestra el firme compromiso del Departamento de Justicia para acabar con la trata de personas (\u2026) Quiero agradecer a los fiscales y agentes policiales que trabajaron incansablemente en este caso, y nuestros socios en el gobierno de M\u00e9xico por su valiosa asistencia\u201d, dijo la procuradora general, Loretta Lynch.<\/p>\n<p><a href=\"http:\/\/\"Desmantelan banda de trata de personas; captaban a sus v\u00edctimas en Tlaxcala y las mandaban a EU  20 noviembre, 2015 En un operativo simultaneo realizado en Tlaxcala y en Nueva York, elementos federales y del Departamento de Seguridad Interna de Estados Unidos detuvieron a ocho personas, a quienes se les vincula con los delitos de delincuencia organizada, trata y tr\u00e1fico de personas con fines de explotaci\u00f3n sexual, trata de menores con fines de explotaci\u00f3n sexual, lavado de dinero, lenocinio y obstrucci\u00f3n de la justicia.  As\u00ed lo dio a conocer este viernes 20 de noviembre el director de Investigaci\u00f3n Criminal de la Procuradur\u00eda General de la Rep\u00fablica (PGR), Tom\u00e1s Zer\u00f3n de Lucio, quien agreg\u00f3 que la banda criminal operaba \u201cprincipalmente en Tlaxcala, desde donde sustra\u00edan a las v\u00edctimas hacia Estados Unidos\u201d.  De acuerdo con Zer\u00f3n de Lucio, la banda tambi\u00e9n operaba en Puebla, Distrito Federal, Guanajuato, Michoac\u00e1n, Quer\u00e9taro y Nueva York, Estados Unidos, mientras que en Oaxaca se llevaba a cabo la explotaci\u00f3n de las v\u00edctimas.  Detall\u00f3 que la red estaba conformada por cuatro familias, que estaban permanentemente en movimiento y cambiaban de n\u00fameros telef\u00f3nicos de manera constante.  \u201cEl modus operandi del perpetrador era vincularse emocionalmente con menores de edad en situaci\u00f3n de vulnerabilidad, utilizando tanto redes sociales como cortejo presencial, sustraerlas de su \u00e1mbito familiar y tener descendencia para amenazarlas tanto f\u00edsica como psicol\u00f3gicamente, adem\u00e1s de propuestas de matrimonio, presiones psicol\u00f3gicas y f\u00edsicas para que llevaran a cabo relaciones sexuales\u201d, dijo.  Zer\u00f3n de Lucio precis\u00f3 que los ocho integrantes ya fueron recluidos en los centros federales de readaptaci\u00f3n social de Ciudad Ju\u00e1rez, en Chihuahua, y de Tepic, en Nayarit.  El Departamento de Justicia de Estados Unidos destac\u00f3 la colaboraci\u00f3n con las autoridades mexicanas.  \u201cEste caso demuestra el firme compromiso del Departamento de Justicia para acabar con la trata de personas (\u2026) Quiero agradecer a los fiscales y agentes policiales que trabajaron incansablemente en este caso, y nuestros socios en el gobierno de M\u00e9xico por su valiosa asistencia\u201d, dijo la procuradora general, Loretta Lynch.  \n\n<a href=\"http:\/\/www.animalpolitico.com\/2015\/11\/desmantelan-banda-de-trata-de-personas-captaban-a-sus-victimas-en-tlaxcala-y-las-mandaban-a-eu\/\" target=\"_blank\">www.animalpolitico.com\/2015\/11\/desmantelan-banda-de-trata-de-personas-captaban-a-sus-victimas-en-tlaxcala-y-las-mandaban-a-eu\/<\/a><\/p>\n","protected":false},"excerpt":{"rendered":"<p>Redacci\u00f3n\/Animal Pol\u00edtico En un operativo simultaneo realizado en Tlaxcala y en Nueva York, elementos federales y del Departamento de Seguridad Interna de Estados Unidos detuvieron a ocho personas, a quienes &hellip; <a href=\"http:\/\/www.grieta.org.mx\/index.php\/2015\/11\/20\/desmantelan-banda-de-trata-de-personas-captaban-a-sus-victimas-en-tlaxcala-y-las-mandaban-a-eu\/\" class=\"more-link\">Leer m\u00e1s<\/a><\/p>\n","protected":false},"author":2,"featured_media":21928,"comment_status":"closed","ping_status":"open","sticky":false,"template":"","format":"standard","meta":{"ngg_post_thumbnail":0,"_jetpack_newsletter_access":"","_jetpack_dont_email_post_to_subs":false,"_jetpack_newsletter_tier_id":0,"_jetpack_memberships_contains_paywalled_content":false,"_jetpack_memberships_contains_paid_content":false,"footnotes":""},"categories":[80,2,307,34,1266],"tags":[417],"class_list":{"0":"post-6421","1":"post","2":"type-post","3":"status-publish","4":"format-standard","5":"has-post-thumbnail","6":"hentry","7":"category-cintillo","8":"category-noticias-nacionales","9":"category-tlaxcala","11":"category-trata-de-personas-en-tlaxcala","12":"tag-trata-de-personas","13":"entry"},"jetpack_featured_media_url":"http:\/\/www.grieta.org.mx\/wp-content\/uploads\/2018\/03\/14524434_1106112876131411_958039263622046936_o.jpg","jetpack_sharing_enabled":true,"jetpack_shortlink":"https:\/\/wp.me\/p7ZJR4-1Fz","jetpack_likes_enabled":false,"jetpack-related-posts":[{"id":56855,"url":"http:\/\/www.grieta.org.mx\/index.php\/2020\/09\/29\/feministas-senalan-sistema-proxeneta-en-tlaxcala\/","url_meta":{"origin":6421,"position":0},"title":"Feministas se\u00f1alan sistema proxeneta en Tlaxcala","author":"Admin","date":"29 septiembre, 2020","format":false,"excerpt":"Iztel Nicte Uc Dom\u00ednguez \/ La Silla Rota De 2011 a 2016 se registraron 200 denuncias por trata de personas con fines de explotaci\u00f3n sexual en Tlaxcala. \u201cDurante el mismo periodo solo se han registrado 13 sentencias condenatorias\u201d, se\u00f1al\u00f3 Alma Carina Cuevas, durante la conferencia semanal de Nosotras Tenemos Otros\u2026","rel":"","context":"En &quot;CINTILLO&quot;","block_context":{"text":"CINTILLO","link":"http:\/\/www.grieta.org.mx\/index.php\/category\/cintillo\/"},"img":{"alt_text":"","src":"https:\/\/i0.wp.com\/www.grieta.org.mx\/wp-content\/uploads\/2021\/02\/Captura-de-Pantalla-2021-02-08-a-las-19.53.14.png?resize=350%2C200","width":350,"height":200,"srcset":"https:\/\/i0.wp.com\/www.grieta.org.mx\/wp-content\/uploads\/2021\/02\/Captura-de-Pantalla-2021-02-08-a-las-19.53.14.png?resize=350%2C200 1x, https:\/\/i0.wp.com\/www.grieta.org.mx\/wp-content\/uploads\/2021\/02\/Captura-de-Pantalla-2021-02-08-a-las-19.53.14.png?resize=525%2C300 1.5x, https:\/\/i0.wp.com\/www.grieta.org.mx\/wp-content\/uploads\/2021\/02\/Captura-de-Pantalla-2021-02-08-a-las-19.53.14.png?resize=700%2C400 2x"},"classes":[]},{"id":16988,"url":"http:\/\/www.grieta.org.mx\/index.php\/2016\/07\/13\/explotacion-sexual-de-mujeres-economia-base-de-tlaxcala\/","url_meta":{"origin":6421,"position":1},"title":"Explotaci\u00f3n sexual de mujeres, econom\u00eda base de Tlaxcala","author":"grieta","date":"13 julio, 2016","format":false,"excerpt":"Padrotes ponen de nueva cuenta al Estado de Tlaxcala en el plano internacional, al ser calificado como el Estado donde una gran parte de pobladores se dedican a la trata de personas y la econom\u00eda base de la entidad es la explotaci\u00f3n sexual de mujeres que en un a\u00f1o deja\u2026","rel":"","context":"En &quot;CINTILLO&quot;","block_context":{"text":"CINTILLO","link":"http:\/\/www.grieta.org.mx\/index.php\/category\/cintillo\/"},"img":{"alt_text":"","src":"https:\/\/i0.wp.com\/www.grieta.org.mx\/wp-content\/uploads\/2018\/03\/14524434_1106112876131411_958039263622046936_o.jpg?resize=350%2C200","width":350,"height":200,"srcset":"https:\/\/i0.wp.com\/www.grieta.org.mx\/wp-content\/uploads\/2018\/03\/14524434_1106112876131411_958039263622046936_o.jpg?resize=350%2C200 1x, https:\/\/i0.wp.com\/www.grieta.org.mx\/wp-content\/uploads\/2018\/03\/14524434_1106112876131411_958039263622046936_o.jpg?resize=525%2C300 1.5x, https:\/\/i0.wp.com\/www.grieta.org.mx\/wp-content\/uploads\/2018\/03\/14524434_1106112876131411_958039263622046936_o.jpg?resize=700%2C400 2x"},"classes":[]},{"id":45080,"url":"http:\/\/www.grieta.org.mx\/index.php\/2020\/02\/05\/tlaxcala-sigue-como-referente-en-la-trata-de-personas\/","url_meta":{"origin":6421,"position":2},"title":"Tlaxcala sigue como referente en la trata de personas","author":"Admin","date":"5 febrero, 2020","format":false,"excerpt":"Emilio Piedras \/ e-consulta Grupo Formula y El Universal realizaron una investigaci\u00f3n que nuevamente pone el \u201cdedo en la llaga\u201d y expone la tolerancia de las autoridades locales En una investigaci\u00f3n conjunta entre el grupo Formula y El Universal, nuevamente ponen a Tlaxcala como el centro de la trata de\u2026","rel":"","context":"En &quot;CINTILLO&quot;","block_context":{"text":"CINTILLO","link":"http:\/\/www.grieta.org.mx\/index.php\/category\/cintillo\/"},"img":{"alt_text":"","src":"https:\/\/i0.wp.com\/www.grieta.org.mx\/wp-content\/uploads\/2020\/02\/tlaxcalan.jpg?resize=350%2C200","width":350,"height":200,"srcset":"https:\/\/i0.wp.com\/www.grieta.org.mx\/wp-content\/uploads\/2020\/02\/tlaxcalan.jpg?resize=350%2C200 1x, https:\/\/i0.wp.com\/www.grieta.org.mx\/wp-content\/uploads\/2020\/02\/tlaxcalan.jpg?resize=525%2C300 1.5x"},"classes":[]},{"id":6424,"url":"http:\/\/www.grieta.org.mx\/index.php\/2015\/05\/13\/tenancingo-tlaxcala-cuna-de-la-trata-de-personas\/","url_meta":{"origin":6421,"position":3},"title":"Tenancingo, Tlaxcala, cuna de la trata de personas","author":"grieta","date":"13 mayo, 2015","format":false,"excerpt":"Redacci\u00f3n\/Aristegui Noticias La llamada esclavitud moderna se ha enquistado a tal grado en las sociedades modernas que hay comunidades mexicanas, como Tenancingo, en el estado de Tlaxcala, que basa su econom\u00eda en las redes creadas por delincuentes para explotar sexualmente a cientos de mujeres, tanto en el pa\u00eds como fuera\u2026","rel":"","context":"En &quot;CINTILLO&quot;","block_context":{"text":"CINTILLO","link":"http:\/\/www.grieta.org.mx\/index.php\/category\/cintillo\/"},"img":{"alt_text":"","src":"https:\/\/i0.wp.com\/www.grieta.org.mx\/wp-content\/uploads\/2018\/03\/14524434_1106112876131411_958039263622046936_o.jpg?resize=350%2C200","width":350,"height":200,"srcset":"https:\/\/i0.wp.com\/www.grieta.org.mx\/wp-content\/uploads\/2018\/03\/14524434_1106112876131411_958039263622046936_o.jpg?resize=350%2C200 1x, https:\/\/i0.wp.com\/www.grieta.org.mx\/wp-content\/uploads\/2018\/03\/14524434_1106112876131411_958039263622046936_o.jpg?resize=525%2C300 1.5x, https:\/\/i0.wp.com\/www.grieta.org.mx\/wp-content\/uploads\/2018\/03\/14524434_1106112876131411_958039263622046936_o.jpg?resize=700%2C400 2x"},"classes":[]},{"id":6425,"url":"http:\/\/www.grieta.org.mx\/index.php\/2015\/09\/22\/fracasa-en-tlaxcala-el-combate-a-la-trata-de-personas\/","url_meta":{"origin":6421,"position":4},"title":"Fracasa en Tlaxcala el combate a la Trata de Personas","author":"grieta","date":"22 septiembre, 2015","format":false,"excerpt":"Pedro Morales\/e-consulta Organizaciones Impulsoras de la Iniciativa Popular contra la Trata de Mujeres y Ni\u00f1as en Tlaxcala alertaron que ya son m\u00e1s de 35 los municipios donde hay presencia de trata de personas y que en cuatro a\u00f1os y medio en Tlaxcala no hay avances en el combate a este\u2026","rel":"","context":"En &quot;CINTILLO&quot;","block_context":{"text":"CINTILLO","link":"http:\/\/www.grieta.org.mx\/index.php\/category\/cintillo\/"},"img":{"alt_text":"","src":"https:\/\/i0.wp.com\/www.grieta.org.mx\/wp-content\/uploads\/2018\/03\/14524434_1106112876131411_958039263622046936_o.jpg?resize=350%2C200","width":350,"height":200,"srcset":"https:\/\/i0.wp.com\/www.grieta.org.mx\/wp-content\/uploads\/2018\/03\/14524434_1106112876131411_958039263622046936_o.jpg?resize=350%2C200 1x, https:\/\/i0.wp.com\/www.grieta.org.mx\/wp-content\/uploads\/2018\/03\/14524434_1106112876131411_958039263622046936_o.jpg?resize=525%2C300 1.5x, https:\/\/i0.wp.com\/www.grieta.org.mx\/wp-content\/uploads\/2018\/03\/14524434_1106112876131411_958039263622046936_o.jpg?resize=700%2C400 2x"},"classes":[]},{"id":6067,"url":"http:\/\/www.grieta.org.mx\/index.php\/2016\/01\/19\/mujeres-jovenes-perfil-de-desaparecidas-entre-puebla-y-tlaxcala-2\/","url_meta":{"origin":6421,"position":5},"title":"Mujeres j\u00f3venes, perfil de desaparecidas entre Puebla y Tlaxcala","author":"grieta","date":"19 enero, 2016","format":false,"excerpt":"Samantha P\u00e1ez\/e-tlaxcala El perfil de personas desaparecidas en Tlaxcala es de mujeres j\u00f3venes, de acuerdo con datos del Registro Nacional de Datos de Personas Extraviadas o Desaparecidas. De los 19 casos reportados, de 2009 a 2015, nueve son mujeres y siete de ellas tienen menos de 18 a\u00f1os de edad.\u2026","rel":"","context":"En &quot;CINTILLO&quot;","block_context":{"text":"CINTILLO","link":"http:\/\/www.grieta.org.mx\/index.php\/category\/cintillo\/"},"img":{"alt_text":"","src":"https:\/\/i0.wp.com\/www.grieta.org.mx\/wp-content\/uploads\/2018\/03\/14524434_1106112876131411_958039263622046936_o.jpg?resize=350%2C200","width":350,"height":200,"srcset":"https:\/\/i0.wp.com\/www.grieta.org.mx\/wp-content\/uploads\/2018\/03\/14524434_1106112876131411_958039263622046936_o.jpg?resize=350%2C200 1x, https:\/\/i0.wp.com\/www.grieta.org.mx\/wp-content\/uploads\/2018\/03\/14524434_1106112876131411_958039263622046936_o.jpg?resize=525%2C300 1.5x, https:\/\/i0.wp.com\/www.grieta.org.mx\/wp-content\/uploads\/2018\/03\/14524434_1106112876131411_958039263622046936_o.jpg?resize=700%2C400 2x"},"classes":[]}],"_links":{"self":[{"href":"http:\/\/www.grieta.org.mx\/index.php\/wp-json\/wp\/v2\/posts\/6421","targetHints":{"allow":["GET"]}}],"collection":[{"href":"http:\/\/www.grieta.org.mx\/index.php\/wp-json\/wp\/v2\/posts"}],"about":[{"href":"http:\/\/www.grieta.org.mx\/index.php\/wp-json\/wp\/v2\/types\/post"}],"author":[{"embeddable":true,"href":"http:\/\/www.grieta.org.mx\/index.php\/wp-json\/wp\/v2\/users\/2"}],"replies":[{"embeddable":true,"href":"http:\/\/www.grieta.org.mx\/index.php\/wp-json\/wp\/v2\/comments?post=6421"}],"version-history":[{"count":1,"href":"http:\/\/www.grieta.org.mx\/index.php\/wp-json\/wp\/v2\/posts\/6421\/revisions"}],"predecessor-version":[{"id":6442,"href":"http:\/\/www.grieta.org.mx\/index.php\/wp-json\/wp\/v2\/posts\/6421\/revisions\/6442"}],"wp:featuredmedia":[{"embeddable":true,"href":"http:\/\/www.grieta.org.mx\/index.php\/wp-json\/wp\/v2\/media\/21928"}],"wp:attachment":[{"href":"http:\/\/www.grieta.org.mx\/index.php\/wp-json\/wp\/v2\/media?parent=6421"}],"wp:term":[{"taxonomy":"category","embeddable":true,"href":"http:\/\/www.grieta.org.mx\/index.php\/wp-json\/wp\/v2\/categories?post=6421"},{"taxonomy":"post_tag","embeddable":true,"href":"http:\/\/www.grieta.org.mx\/index.php\/wp-json\/wp\/v2\/tags?post=6421"}],"curies":[{"name":"wp","href":"https:\/\/api.w.org\/{rel}","templated":true}]}}