{"id":64112,"date":"2022-04-26T13:32:11","date_gmt":"2022-04-26T18:32:11","guid":{"rendered":"https:\/\/www.grieta.org.mx\/?p=64112"},"modified":"2022-05-01T13:59:54","modified_gmt":"2022-05-01T18:59:54","slug":"denuncian-colectivos-la-desaparicion-de-10-mujeres-en-bahia-nayarit","status":"publish","type":"post","link":"http:\/\/www.grieta.org.mx\/index.php\/2022\/04\/26\/denuncian-colectivos-la-desaparicion-de-10-mujeres-en-bahia-nayarit\/","title":{"rendered":"Denuncian colectivos la desaparici\u00f3n de 10 mujeres en Bah\u00eda (Nayarit)"},"content":{"rendered":"<p>Foto: Tribuna de la Bah\u00eda<\/p>\n<p>Israel Torres \/ Tribuna de la Bah\u00eda<\/p>\n<p><strong>Luisa Flores Rosales<\/strong>, representante del colectivo Bah\u00eda Violeta, comparti\u00f3 en el marco de la movilizaci\u00f3n nacional que caus\u00f3 el caso Debanhi y que repercuti\u00f3 en el municipio mediante pintas y la pega de fichas informativas de los desaparecidos, que Bah\u00eda de Banderas no es ajeno a este tipo de casos, ya que dijo que desde el 2020 se tiene registro de 10 mujeres desaparecidas.<\/p>\n<p>Se\u00f1al\u00f3 que solo la semana pasada se registr\u00f3 la desaparici\u00f3n de dos menores de edad de las cuales no se tiene ninguna pista de su paradero y en el pasado mes de febrero desaparici\u00f3n otra joven m\u00e1s llamada Mitzi, por lo que en este 2022 han desaparecido tres mujeres, esto solo de las cuales se tiene alguna denuncia.<\/p>\n<p>\u201cNosotros hemos contabilizado diez del 2020 a la actualidad, de las que no se sabe nada hasta el momento, uno de los casos m\u00e1s sonados es el de Wendy S\u00e1nchez que desapareci\u00f3 hace un a\u00f1o y no se tiene ninguna pista, lamentablemente las autoridades siguen sin crear protocolos de atenci\u00f3n a las v\u00edctimas de desaparici\u00f3n&#8221;, se\u00f1al\u00f3.<\/p>\n<p>Recalc\u00f3 que es importante que tanto las autoridades municipales y la ciudadan\u00eda se enteren y se den cuenta que aunque se vive en un municipio con vocaci\u00f3n tur\u00edstica y se vende como un para\u00edso seguro, este no lo es tanto, situaci\u00f3n en la que se debe trabajar ya que no solo son mujeres sino tambi\u00e9n j\u00f3venes las que est\u00e1n en peligro.<\/p>\n<p>\u201cEs muy importante recalcar que no somos del todo un municipio seguro, tambi\u00e9n pasa cosas, tambi\u00e9n desaparecen chicas y chicos, vemos en todo Bah\u00eda de Banderas ahorita est\u00e1 tapizado de anuncios de un chico desaparecido que lo est\u00e1 buscando su mam\u00e1&#8221;, agreg\u00f3.<\/p>\n<p>Se\u00f1al\u00f3 que dicho colectivo sigue luchando en la visibilizaci\u00f3n de este tipo de actos que suceden en el municipio y que tanto afectan a las familias badebadenses, a\u00fan cuando este pueda causar molestia a muchos.<\/p>\n<p>Se pretende fijar un precedente y que las autoridades no se olviden de quienes no han podido volver a casa con sus familias despu\u00e9s de m\u00e1s de dos a\u00f1os que no se sabe nada de ellos.<\/p>\n<p><a href=\"https:\/\/tribunadelabahia.com.mx\/desaparicion-10-mujeres-bahia-54821\">https:\/\/tribunadelabahia.com.mx\/desaparicion-10-mujeres-bahia-54821<\/a><\/p>\n","protected":false},"excerpt":{"rendered":"<p>Foto: Tribuna de la Bah\u00eda Israel Torres \/ Tribuna de la Bah\u00eda Luisa Flores Rosales, representante del colectivo Bah\u00eda Violeta, comparti\u00f3 en el marco de la movilizaci\u00f3n nacional que caus\u00f3 &hellip; <a href=\"http:\/\/www.grieta.org.mx\/index.php\/2022\/04\/26\/denuncian-colectivos-la-desaparicion-de-10-mujeres-en-bahia-nayarit\/\" class=\"more-link\">Leer m\u00e1s<\/a><\/p>\n","protected":false},"author":2,"featured_media":64113,"comment_status":"closed","ping_status":"closed","sticky":false,"template":"","format":"standard","meta":{"ngg_post_thumbnail":0,"_jetpack_newsletter_access":"","_jetpack_dont_email_post_to_subs":false,"_jetpack_newsletter_tier_id":0,"_jetpack_memberships_contains_paywalled_content":false,"_jetpack_memberships_contains_paid_content":false,"footnotes":""},"categories":[80,87,2267,23,2,83],"tags":[1490,631,3476,2270,1434,1630],"class_list":["post-64112","post","type-post","status-publish","format-standard","has-post-thumbnail","hentry","category-cintillo","category-desaparecidos","category-desaparecidos-en-nayarit","category-nayarit","category-noticias-nacionales","category-temas-nacionales","tag-adolescentes-desaparecidas","tag-desaparecidas","tag-jovenes-en-la-tormenta-capitalista","tag-mujeres-desaparecidas","tag-ninas-desaparecidas","tag-violencia-contra-las-mujeres","entry"],"jetpack_featured_media_url":"http:\/\/www.grieta.org.mx\/wp-content\/uploads\/2022\/05\/denuncian-colectivos-la-desaparicion-de-10-mujeres-en-bahia-2-cover.jpg","jetpack_sharing_enabled":true,"jetpack_shortlink":"https:\/\/wp.me\/p7ZJR4-gG4","jetpack_likes_enabled":false,"jetpack-related-posts":[{"id":68443,"url":"http:\/\/www.grieta.org.mx\/index.php\/2024\/01\/09\/madres-buscadoras-y-familiares-realizan-busqueda-de-desaparecidos-en-el-guamuchil\/","url_meta":{"origin":64112,"position":0},"title":"Madres buscadoras y familiares realizan b\u00fasqueda de desaparecidos en El Guam\u00fachil","author":"grieta","date":"9 enero, 2024","format":false,"excerpt":"Imagen:Especial Isrrael Torres \/ Tribuna de la Bah\u00eda La Comisi\u00f3n Estatal de Personas Desaparecidas, en conjunto con familias de desaparecidos y apoyados por la Guardia Nacional y la Polic\u00eda Estatal Coordinada,\u00a0realizaron labores de b\u00fasqueda en la ribera del r\u00edo de la localidad El Guam\u00fachil, en Bah\u00eda de Banderas. Hubo excavaciones\u2026","rel":"","context":"En &quot;CINTILLO&quot;","block_context":{"text":"CINTILLO","link":"http:\/\/www.grieta.org.mx\/index.php\/category\/cintillo\/"},"img":{"alt_text":"","src":"https:\/\/i0.wp.com\/www.grieta.org.mx\/wp-content\/uploads\/2024\/02\/busqueda-personas-desaparecidas-905x613-1.jpeg?resize=350%2C200","width":350,"height":200,"srcset":"https:\/\/i0.wp.com\/www.grieta.org.mx\/wp-content\/uploads\/2024\/02\/busqueda-personas-desaparecidas-905x613-1.jpeg?resize=350%2C200 1x, https:\/\/i0.wp.com\/www.grieta.org.mx\/wp-content\/uploads\/2024\/02\/busqueda-personas-desaparecidas-905x613-1.jpeg?resize=525%2C300 1.5x, https:\/\/i0.wp.com\/www.grieta.org.mx\/wp-content\/uploads\/2024\/02\/busqueda-personas-desaparecidas-905x613-1.jpeg?resize=700%2C400 2x"},"classes":[]},{"id":71803,"url":"http:\/\/www.grieta.org.mx\/index.php\/2025\/06\/04\/desaparecen-20-personas-en-bahia-en-lo-que-va-de-2025-14-siguen-sin-ser-localizadas-nayarit\/","url_meta":{"origin":64112,"position":1},"title":"Desaparecen 20 personas en Bah\u00eda en lo que va de 2025; 14 siguen sin ser localizadas (Nayarit)","author":"grieta","date":"4 junio, 2025","format":false,"excerpt":"Imagen: Especial Isrrael Torres \/ Tribuna de la Bah\u00eda En lo que va del a\u00f1o 2025, 20 personas han sido reportadas como desaparecidas en Bah\u00eda de Banderas, seg\u00fan datos del Registro Nacional de Personas Desaparecidas y No Localizadas del Gobierno Federal. De ellas, solo seis han sido localizadas, mientras que\u2026","rel":"","context":"En &quot;CINTILLO&quot;","block_context":{"text":"CINTILLO","link":"http:\/\/www.grieta.org.mx\/index.php\/category\/cintillo\/"},"img":{"alt_text":"","src":"https:\/\/i0.wp.com\/www.grieta.org.mx\/wp-content\/uploads\/2025\/06\/personas-desaparecidas-1024x695-1.jpg?resize=350%2C200","width":350,"height":200,"srcset":"https:\/\/i0.wp.com\/www.grieta.org.mx\/wp-content\/uploads\/2025\/06\/personas-desaparecidas-1024x695-1.jpg?resize=350%2C200 1x, https:\/\/i0.wp.com\/www.grieta.org.mx\/wp-content\/uploads\/2025\/06\/personas-desaparecidas-1024x695-1.jpg?resize=525%2C300 1.5x, https:\/\/i0.wp.com\/www.grieta.org.mx\/wp-content\/uploads\/2025\/06\/personas-desaparecidas-1024x695-1.jpg?resize=700%2C400 2x"},"classes":[]},{"id":63411,"url":"http:\/\/www.grieta.org.mx\/index.php\/2022\/02\/14\/registra-puerto-vallarta-67-personas-desaparecidas-jalisco\/","url_meta":{"origin":64112,"position":2},"title":"Registra Puerto Vallarta 67 personas desaparecidas (Jalisco)","author":"grieta","date":"14 febrero, 2022","format":false,"excerpt":"Foto: Tribuna de la Bah\u00eda Israel Torres \/ Tribuna de la Bah\u00eda El municipio de Puerto Vallarta cerr\u00f3 el 2021 con 67 personas desaparecidas, aunque de acuerdo con el Monitoreo de la Unidad de An\u00e1lisis y Contexto de la Comisi\u00f3n Estatal de Derechos Humanos de Jalisco y con base en\u2026","rel":"","context":"En &quot;CINTILLO&quot;","block_context":{"text":"CINTILLO","link":"http:\/\/www.grieta.org.mx\/index.php\/category\/cintillo\/"},"img":{"alt_text":"","src":"https:\/\/i0.wp.com\/www.grieta.org.mx\/wp-content\/uploads\/2022\/02\/registra-puerto-vallarta-67-personas-desaparecidas-cover.jpg?resize=350%2C200","width":350,"height":200,"srcset":"https:\/\/i0.wp.com\/www.grieta.org.mx\/wp-content\/uploads\/2022\/02\/registra-puerto-vallarta-67-personas-desaparecidas-cover.jpg?resize=350%2C200 1x, https:\/\/i0.wp.com\/www.grieta.org.mx\/wp-content\/uploads\/2022\/02\/registra-puerto-vallarta-67-personas-desaparecidas-cover.jpg?resize=525%2C300 1.5x, https:\/\/i0.wp.com\/www.grieta.org.mx\/wp-content\/uploads\/2022\/02\/registra-puerto-vallarta-67-personas-desaparecidas-cover.jpg?resize=700%2C400 2x"},"classes":[]},{"id":64115,"url":"http:\/\/www.grieta.org.mx\/index.php\/2022\/04\/25\/familiares-de-personas-desaparecidas-realizan-busqueda-nayarti\/","url_meta":{"origin":64112,"position":3},"title":"Familiares de personas desaparecidas realizan b\u00fasqueda (Nayarit)","author":"grieta","date":"25 abril, 2022","format":false,"excerpt":"Foto: Tribuna de la Bah\u00eda Israel Torres \/ Tribuna de la Bab\u00eda Familiares y padres de unas siete a ocho personas desaparecidas, realizaron labores de b\u00fasqueda la tarde de este s\u00e1bado en los poblados El Guam\u00fachil, San Quint\u00edn, San Ignacio y Sayulita con el objetivo de recabar m\u00e1s informaci\u00f3n del\u2026","rel":"","context":"En &quot;CINTILLO&quot;","block_context":{"text":"CINTILLO","link":"http:\/\/www.grieta.org.mx\/index.php\/category\/cintillo\/"},"img":{"alt_text":"","src":"https:\/\/i0.wp.com\/www.grieta.org.mx\/wp-content\/uploads\/2022\/05\/busqueda-de-personas-deaparecidas-cover.jpg?resize=350%2C200","width":350,"height":200,"srcset":"https:\/\/i0.wp.com\/www.grieta.org.mx\/wp-content\/uploads\/2022\/05\/busqueda-de-personas-deaparecidas-cover.jpg?resize=350%2C200 1x, https:\/\/i0.wp.com\/www.grieta.org.mx\/wp-content\/uploads\/2022\/05\/busqueda-de-personas-deaparecidas-cover.jpg?resize=525%2C300 1.5x, https:\/\/i0.wp.com\/www.grieta.org.mx\/wp-content\/uploads\/2022\/05\/busqueda-de-personas-deaparecidas-cover.jpg?resize=700%2C400 2x"},"classes":[]},{"id":65304,"url":"http:\/\/www.grieta.org.mx\/index.php\/2022\/09\/25\/desapariciones-mantienen-en-vilo-a-familias-existen-en-nayarit-al-menos-mil-534-casos-de-personas-desaparecidas\/","url_meta":{"origin":64112,"position":4},"title":"Desapariciones mantienen en vilo a familias, existen en Nayarit al menos mil 534 casos de personas desaparecidas","author":"grieta","date":"25 septiembre, 2022","format":false,"excerpt":"Imagen: Tribuna de la Bah\u00eda Alberto Garc\u00eda \/ Tribuna de la Bah\u00eda La desaparici\u00f3n de un familiar cambia por completo la vida de todas las personas que lo rodean, la angustia de no saber nada de su paradero, los llena de dolor y los invade la zozobra al grado de\u2026","rel":"","context":"En &quot;CINTILLO&quot;","block_context":{"text":"CINTILLO","link":"http:\/\/www.grieta.org.mx\/index.php\/category\/cintillo\/"},"img":{"alt_text":"","src":"https:\/\/i0.wp.com\/www.grieta.org.mx\/wp-content\/uploads\/2022\/09\/desaparecidos-busquedas-cover.jpg?resize=350%2C200","width":350,"height":200,"srcset":"https:\/\/i0.wp.com\/www.grieta.org.mx\/wp-content\/uploads\/2022\/09\/desaparecidos-busquedas-cover.jpg?resize=350%2C200 1x, https:\/\/i0.wp.com\/www.grieta.org.mx\/wp-content\/uploads\/2022\/09\/desaparecidos-busquedas-cover.jpg?resize=525%2C300 1.5x, https:\/\/i0.wp.com\/www.grieta.org.mx\/wp-content\/uploads\/2022\/09\/desaparecidos-busquedas-cover.jpg?resize=700%2C400 2x"},"classes":[]},{"id":65817,"url":"http:\/\/www.grieta.org.mx\/index.php\/2022\/11\/24\/marcha-en-bahia-por-el-dia-de-erradicacion-de-violencia-contra-la-mujer-nayarit\/","url_meta":{"origin":64112,"position":5},"title":"Marcha en Bah\u00eda por el d\u00eda de Erradicaci\u00f3n de Violencia contra la Mujer (Nayarit)","author":"grieta","date":"24 noviembre, 2022","format":false,"excerpt":"Imagen: Tribuna de la Bah\u00eda Israel Torres \/ Tribuna de la Bah\u00eda Colectivos feministas y familiares de\u00a0mujeres desaparecidas\u00a0de\u00a0Bah\u00eda de Banderas, realizar\u00e1n este\u00a0viernes 25 de noviembre,\u00a0en punto de las 05:00 p.m, una\u00a0marcha conmemorativa al D\u00eda Internacional de la Eliminaci\u00f3n de la Violencia contra la Mujer, con el \u00e1nimo de visibilizar los\u2026","rel":"","context":"En &quot;CINTILLO&quot;","block_context":{"text":"CINTILLO","link":"http:\/\/www.grieta.org.mx\/index.php\/category\/cintillo\/"},"img":{"alt_text":"","src":"https:\/\/i0.wp.com\/www.grieta.org.mx\/wp-content\/uploads\/2022\/11\/marcha-bahia-violencia-cover.jpg?resize=350%2C200","width":350,"height":200,"srcset":"https:\/\/i0.wp.com\/www.grieta.org.mx\/wp-content\/uploads\/2022\/11\/marcha-bahia-violencia-cover.jpg?resize=350%2C200 1x, https:\/\/i0.wp.com\/www.grieta.org.mx\/wp-content\/uploads\/2022\/11\/marcha-bahia-violencia-cover.jpg?resize=525%2C300 1.5x, https:\/\/i0.wp.com\/www.grieta.org.mx\/wp-content\/uploads\/2022\/11\/marcha-bahia-violencia-cover.jpg?resize=700%2C400 2x"},"classes":[]}],"_links":{"self":[{"href":"http:\/\/www.grieta.org.mx\/index.php\/wp-json\/wp\/v2\/posts\/64112","targetHints":{"allow":["GET"]}}],"collection":[{"href":"http:\/\/www.grieta.org.mx\/index.php\/wp-json\/wp\/v2\/posts"}],"about":[{"href":"http:\/\/www.grieta.org.mx\/index.php\/wp-json\/wp\/v2\/types\/post"}],"author":[{"embeddable":true,"href":"http:\/\/www.grieta.org.mx\/index.php\/wp-json\/wp\/v2\/users\/2"}],"replies":[{"embeddable":true,"href":"http:\/\/www.grieta.org.mx\/index.php\/wp-json\/wp\/v2\/comments?post=64112"}],"version-history":[{"count":1,"href":"http:\/\/www.grieta.org.mx\/index.php\/wp-json\/wp\/v2\/posts\/64112\/revisions"}],"predecessor-version":[{"id":64114,"href":"http:\/\/www.grieta.org.mx\/index.php\/wp-json\/wp\/v2\/posts\/64112\/revisions\/64114"}],"wp:featuredmedia":[{"embeddable":true,"href":"http:\/\/www.grieta.org.mx\/index.php\/wp-json\/wp\/v2\/media\/64113"}],"wp:attachment":[{"href":"http:\/\/www.grieta.org.mx\/index.php\/wp-json\/wp\/v2\/media?parent=64112"}],"wp:term":[{"taxonomy":"category","embeddable":true,"href":"http:\/\/www.grieta.org.mx\/index.php\/wp-json\/wp\/v2\/categories?post=64112"},{"taxonomy":"post_tag","embeddable":true,"href":"http:\/\/www.grieta.org.mx\/index.php\/wp-json\/wp\/v2\/tags?post=64112"}],"curies":[{"name":"wp","href":"https:\/\/api.w.org\/{rel}","templated":true}]}}