{"id":63846,"date":"2022-03-09T13:45:48","date_gmt":"2022-03-09T19:45:48","guid":{"rendered":"https:\/\/www.grieta.org.mx\/?p=63846"},"modified":"2022-03-26T14:04:25","modified_gmt":"2022-03-26T20:04:25","slug":"mas-de-15-mil-mujeres-marcharon-en-guadalajara-junto-a-familias-buscadoras-jalisco","status":"publish","type":"post","link":"http:\/\/www.grieta.org.mx\/index.php\/2022\/03\/09\/mas-de-15-mil-mujeres-marcharon-en-guadalajara-junto-a-familias-buscadoras-jalisco\/","title":{"rendered":"M\u00e1s de 15 mil mujeres marcharon en Guadalajara junto a familias buscadoras (Jalisco)"},"content":{"rendered":"<p>Foto: Dalia Souza<\/p>\n<p><strong>\u201cHoy hemos entendido que la guerra est\u00e1 all\u00e1 afuera y no entre nosotras\u201d as\u00ed lo reconoci\u00f3\u00a0<em>la Red YoVoy8deMarzo<\/em>\u00a0en su pronunciamiento por el\u00a0<em>D\u00eda Internacional de las Mujeres.<\/em>\u00a0Y es que, en una movilizaci\u00f3n hist\u00f3rica, mujeres y colectivas feministas de diferentes frentes, se sumaron a las exigencias y al caminar de las madres y familiares buscadoras de sus seres queridos desaparecidos en Jalisco, -el estado n\u00famero uno a nivel nacional con m\u00e1s v\u00edctimas de este delito-.<\/strong><\/p>\n<p><strong>M\u00e1s 15 mil personas inform\u00f3 el Gobierno de Jalisco en una comunicaci\u00f3n oficial, salieron a tomar las calles este 8 de marzo desde la Glorieta de las y los desaparecidos hasta la Antimonumenta de en el centro hist\u00f3rico de la capital del estado.<\/strong><\/p>\n<p><strong>Luego de dos a\u00f1os sin tomar las calles por el escenario de pandemia y crisis sanitaria, mujeres, j\u00f3venes, ni\u00f1as, disidencias, familias buscadoras, familias de v\u00edctimas de feminicidio, sobrevivientes, defensoras, personas aliadas marchando \u201cen contra de todas las violencias\u201d, record\u00e1ndole al Estado que no olvidan y que nunca se fueron.<\/strong><\/p>\n<p>Dalia Souza \/ Zona Docs<\/p>\n<p><strong>\u201cHoy salimos a gritar juntas por las que nos faltan, que no les quede duda, aqu\u00ed estamos, siempre con las trans, con nuestras hermanas asesinadas, con las buscadoras y con todas las que a\u00fan no se animan a salir\u201d<\/strong>\u00a0anunciaron en su manifiesto antes de tomar las\u00a0<strong>calles m\u00e1s de 2 mil mujeres que se dieron cita al arranque de la marcha<\/strong>\u00a0por el\u00a0<em>D\u00eda Internacional de las Mujeres en\u00a0<\/em>Guadalajara.<\/p>\n<p>Fueron convocadas a concentrarse en la\u00a0<strong>Glorieta de las y los desaparecidos<\/strong>, sitio emblem\u00e1tico para la lucha de las familias que diariamente buscan y exigen el regreso de quienes les arrebataron un d\u00eda frente a la omisi\u00f3n y la impunidad del Estado.<\/p>\n<p><strong>\u201cNo est\u00e1n solas\u201d, \u201csomos el grito de las que ya no est\u00e1n\u201d y \u201cvivas se las llevaron, vivas las queremos<\/strong>\u201d y \u201cni una m\u00e1s\u201d fueron los coros y consignas que m\u00e1s se repitieron durante la movilizaci\u00f3n, junto a los nombres de\u00a0<strong>Caro, Alondra, Rosa, Perla, Betsab\u00e9, Imelda, Dulce, Sandra, Daniela, M\u00f3nica, Gaby, Imelda, Monse, Sibia, Brenda, Mar\u00eda Guadalupe, Vanessa, Nayeli, Lucero, Zuleima, Iza Kristina, Tania y Itxell Pamela, Valeria<\/strong>\u00a0mujeres v\u00edctimas de desaparici\u00f3n y feminicidio en Jalisco.<\/p>\n<p>Ah\u00ed tambi\u00e9n estuvieron presentes los rostros y nombres de Carlos Arturo, C\u00e9sar Ulises, Yesui, Diego, Jorge, \u00c1ngel Iv\u00e1n, Aaron, Emmanuel, Abraham, Daniel, Miguel \u00c1ngel y Juan Carlos hombres y j\u00f3venes desaparecidos en Jalisco, a quienes les buscan\u00a0<strong>incansablemente sus madres, sus hermanas y sus esposas.<\/strong><\/p>\n<p>A todas ellas y a sus familias las acuerparon mujeres y colectivas desde otros muchos frentes: desde las mujeres que luchan contra la violencia vicaria, hasta quienes tambi\u00e9n demandan alto a los transfeminicidios, a la misoginia, a la transfobia, a\u00a0<strong>la violencia fundada en el odio.<\/strong><\/p>\n<p>En esta movilizaci\u00f3n que recorri\u00f3 av. Chapultepec, av. Hidalgo y finalmente av. Ju\u00e1rez tambi\u00e9n se sumaron\u00a0<strong>las sobreviviente<\/strong>s, quienes en medio de un contexto generalizado de violencia machista y feminicida\u00a0<strong>hoy cuentan su historia para que el Estado les garantice su derecho a la no repetici\u00f3n,<\/strong>\u00a0pero tambi\u00e9n\u00a0<strong>a la justicia que, en muchos de esos casos ,permanece pendiente<\/strong>, impune. Ni\u00f1as que hoy son adolescentes o mujeres adultas que vivieron violencia sexual o f\u00edsica; que se enfrentaron al yugo de un hombre que decidi\u00f3 arrebatarles la tranquilidad de sus d\u00edas y que esta tarde decidieron gritar<strong>\u00a0\u00a1nunca m\u00e1s!<\/strong><\/p>\n<p>A los reclamos de justicia siguieron los que urgen\u00a0<strong>derrocar a la sociedad patriarcal y machista<\/strong>\u00a0que ha considerado hist\u00f3ricamente a las mujeres como objetos y no como\u00a0<strong>sujetas de derecho.<\/strong>\u00a0Aqu\u00ed se hizo presente\u00a0<strong>el reclamo por el derecho a decidir y la despenalizaci\u00f3n legal y social del aborto<\/strong>, as\u00ed como, por el derecho a salir a las calles sin miedo<strong>, a tener una vida libre de todas las formas de violencia<\/strong>\u00a0y\u00a0<strong>el anhelo de una sociedad totalmente feminista y pac\u00edfica.<\/strong><\/p>\n<p>A decir del Gobierno de Jalisco, este contingente que sali\u00f3 unos minutos despu\u00e9s de las 5:00 p.m. de la Glorieta de las y los desaparecidos,\u00a0<strong>poco a poco tom\u00f3 la fuerza de la marea violeta y verde hasta alcanzar m\u00e1s de 15 mil asistentes en su punto de llegada<\/strong>: la Plaza Imelda Virgen en el centro hist\u00f3rico de<\/p>\n<p><strong>Imelda Virgen<\/strong>\u00a0fue asesinada por Gilberto, su pareja, el 29 de septiembre de 2012 en un acto por dem\u00e1s premeditado y violento, recordaron sus hermanas en un pronunciamiento frente a la Antimonumenta de Guadalajara y en el lugar que ahora lleva su nombre.<\/p>\n<p>A una d\u00e9cada del feminicidio de su hermana, reflexionaron respecto a la violencia institucional que les ha hecho acudir a interminables audiencias y tribunales; esa misma que\u00a0<strong>\u201cno facilita a las familias de otras v\u00edctimas de este delito el acceso a los expedientes de sus hijas\u201d<\/strong>\u00a0y que todav\u00eda\u00a0<strong>\u201cno reconoce que se encuentra rebasada\u201d.<\/strong><\/p>\n<p>Imelda Virgen\u00a0<strong>se convirti\u00f3 en el primer feminicidio, por tipo penal, invisibilizado de las estad\u00edsticas oficiales gracias a las autoridades de Jalisco<\/strong>. Y es que, recordaron que fue Tom\u00e1s Coronado, procurador de justicia en esa \u00e9poca, quien \u201cdecidi\u00f3 no consignar por feminicidio\u201d y s\u00ed por parricidio, ya que\u00a0<strong>\u201cno estaban listos los protocolos de actuaci\u00f3n\u201d.<\/strong><\/p>\n<p><strong>\u201cInsistimos y luchamos porque no fuera ni uno m\u00e1s, porque si en 2012 la vida de siete mujeres era arrancada por un feminicidio, al d\u00eda siguiente fuera ninguna. Pero llegamos a 2022 y son los ojos de 10 mujeres los que son apagados por feminicidas diariamente en nuestro pa\u00eds\u201d reclamaron.<\/strong><\/p>\n<p><strong>\u201cEste 8 de marzo nos sumamos a la exigencia de justicia de las familias, por las mujeres asesinadas, desaparecidas y todas las v\u00edctimas de violencia que ha dejado esta guerra contra el narco, las acompa\u00f1amos y decidimos caminar con ellas\u201d.<\/strong><\/p>\n<p>Para la\u00a0<strong><em>Red YoVoy8deMarzo<\/em><\/strong><em>,<\/em>\u00a0quienes a\u00f1o con a\u00f1o agrupan a colectivas feministas, agrupaciones de mujeres y mujeres a t\u00edtulo personal para salir a las calles y realizar acciones de visibilizaci\u00f3n y defensa de los derechos humanos, esta movilizaci\u00f3n cobra sentido en virtud de \u201c<strong>esas mujeres que hoy nos acompa\u00f1an y que al final del d\u00eda son las \u00fanicas que realizan las tareas de b\u00fasqueda y exigencia de justicia\u201d.<\/strong><\/p>\n<p><strong>\u201cLos colectivos de familias est\u00e1n integrados en su inmensa mayor\u00eda por mujeres, madres, abuelas, hermanas e hijes, pero a falta de alguna de ellas quien ocupa ese lugar es un hombre\u201d<\/strong>\u00a0advirti\u00f3 Eveline Herrera, integrante de la red y quien busca a su hermana<strong>\u00a0Nayeli Herrera desde que fue desaparecida el 1 de mayo de 2018.<\/strong><\/p>\n<p>Al respecto, explic\u00f3 que las mujeres desaparecidas sufren\u00a0<strong>\u201cuna triple condena\u201d:<\/strong>\u00a0ser desaparecidas, ser revictimizadas y ser olvidadas bajo el supuesto de \u201cuna ausencia voluntaria\u201d.<\/p>\n<p>Eso la sebe la se\u00f1ora\u00a0<strong>Rosy Quezada,<\/strong>\u00a0integrante del colectivo de familiares en Jalisco\u00a0<strong><em>Pordia\u00a0 Amor a Ellxs<\/em><\/strong>\u00a0y madre de Tania Berenice Quezada Rosas, quien fue desaparecida el 20 de octubre del 2018 en Zapopan, Jalisco.<\/p>\n<p>Su testimonio refleja\u00a0<strong>el dolor y la impotencia de ser mujer y madre buscadora<\/strong>\u00a0en medio de un Estado donde se revictimiza y estigmatiza: \u201cme enfrente al estigma de ser mujer, ser pobre y venir de la periferia.\u00a0<strong>Fue particularmente dif\u00edcil el proceso\u00a0<\/strong>de la Fiscal\u00eda Especializada en Personas Desaparecidas por\u00a0<strong>todos los obst\u00e1culos que han puesto en la investigaci\u00f3n y por la revictimizaci\u00f3n<\/strong>\u00a0que hemos recibido\u201d precis\u00f3 al micr\u00f3fono.<\/p>\n<p>Ahora es ella quien no s\u00f3lo se encarga de buscarla \u201cpor cielo, mar y tierra a su hija\u201d , sino que, tambi\u00e9n es la responsable de cuidar a su nieta, l<strong>a peque\u00f1a ni\u00f1a a la que tambi\u00e9n le arrebataron a su madre.<\/strong><\/p>\n<p>As\u00ed, reconociendo que \u201c<strong>el trabajo de cuidados que realizan las mujeres se ha extendido a las labores de b\u00fasqueda en vida y en fosas clandestinas<\/strong>, a las labores periciales y de investigaci\u00f3n, a la exigencia de verdad y justicia para las mujeres asesinadas, al activismo y a la constante presi\u00f3n a las autoridades\u201d, se comprometieron a acuerpar a los colectivos de familias buscadoras.<\/p>\n<p>Hablar del\u00a0<strong>protagonismo que las madres buscadoras tienen en un pa\u00eds como M\u00e9xico<\/strong>, llev\u00f3 a colectivas y agrupaciones feministas de distintos frentes y corrientes, as\u00ed como a colectivos de familiares de personas desaparecidas, a movilizarse en un evento hist\u00f3rico donde marcharon\u00a0<strong>\u201cjuntas por todas las que no est\u00e1n y tambi\u00e9n por nosotras y las que vienen\u201d.<\/strong><\/p>\n<p><strong>\u201cHoy hemos entendido que la guerra est\u00e1 all\u00e1 afuera y no entre nosotras\u201d finalizaron.<\/strong><\/p>\n<p><a href=\"https:\/\/www.zonadocs.mx\/2022\/03\/09\/mas-de-15-mil-mujeres-marcharon-en-guadalajara-junto-a-familias-buscadoras\/\">https:\/\/www.zonadocs.mx\/2022\/03\/09\/mas-de-15-mil-mujeres-marcharon-en-guadalajara-junto-a-familias-buscadoras\/<\/a><\/p>\n","protected":false},"excerpt":{"rendered":"<p>Foto: Dalia Souza \u201cHoy hemos entendido que la guerra est\u00e1 all\u00e1 afuera y no entre nosotras\u201d as\u00ed lo reconoci\u00f3\u00a0la Red YoVoy8deMarzo\u00a0en su pronunciamiento por el\u00a0D\u00eda Internacional de las Mujeres.\u00a0Y es &hellip; <a href=\"http:\/\/www.grieta.org.mx\/index.php\/2022\/03\/09\/mas-de-15-mil-mujeres-marcharon-en-guadalajara-junto-a-familias-buscadoras-jalisco\/\" class=\"more-link\">Leer m\u00e1s<\/a><\/p>\n","protected":false},"author":2,"featured_media":63847,"comment_status":"closed","ping_status":"closed","sticky":false,"template":"","format":"standard","meta":{"ngg_post_thumbnail":0,"_jetpack_newsletter_access":"","_jetpack_dont_email_post_to_subs":false,"_jetpack_newsletter_tier_id":0,"_jetpack_memberships_contains_paywalled_content":false,"_jetpack_memberships_contains_paid_content":false,"footnotes":""},"categories":[80,1032,20,2,83,2504],"tags":[2484,631,121,2351,2272,1668,2999,2248,3975,2270],"class_list":["post-63846","post","type-post","status-publish","format-standard","has-post-thumbnail","hentry","category-cintillo","category-desaparecidos-en-jalisco","category-jalisco","category-noticias-nacionales","category-temas-nacionales","category-violencia-contra-las-mujeres-en-jalisco","tag-buscadoras","tag-desaparecidas","tag-desaparecidos","tag-desaparicion-de-mujeres","tag-dia-internacional-de-la-mujer","tag-familiares-de-desaparecidos","tag-feminicidio-violencia-contra-las-mujeres","tag-luchas-de-las-mujeres","tag-madres-de-desaparecidos","tag-mujeres-desaparecidas","entry"],"jetpack_featured_media_url":"http:\/\/www.grieta.org.mx\/wp-content\/uploads\/2022\/03\/Unknown-45.jpeg","jetpack_sharing_enabled":true,"jetpack_shortlink":"https:\/\/wp.me\/p7ZJR4-gBM","jetpack_likes_enabled":false,"jetpack-related-posts":[{"id":65223,"url":"http:\/\/www.grieta.org.mx\/index.php\/2022\/09\/13\/sin-apoyo-de-autoridades-estatales-madres-buscadoras-localizan-fosa-en-tlajomulco-con-seis-craneos-y-20-bolsa-con-restos-jalisco\/","url_meta":{"origin":63846,"position":0},"title":"Sin apoyo de autoridades estatales, Madres Buscadoras localizan fosa en Tlajomulco con seis cr\u00e1neos y 20 bolsa con restos (Jalisco)","author":"grieta","date":"13 septiembre, 2022","format":false,"excerpt":"Imagen: Foto: @laurorodriguez_ Redacci\u00f3n \/ El Diario NTR Sin acompa\u00f1amiento de autoridades estatales, integrantes de los colectivos Madres Buscadoras de Jalisco y J\u00f3venes Buscadores de Jalisco localizaron este martes\u00a0una fosa clandestina en Tlajomulco de Z\u00fa\u00f1iga. Los trabajos los realizaron en una zona a campo abierto conocida como La Piedrera, cerca\u2026","rel":"","context":"En &quot;CINTILLO&quot;","block_context":{"text":"CINTILLO","link":"http:\/\/www.grieta.org.mx\/index.php\/category\/cintillo\/"},"img":{"alt_text":"","src":"https:\/\/i0.wp.com\/www.grieta.org.mx\/wp-content\/uploads\/2022\/09\/2022-09-13_09-09-51___569.jpg?resize=350%2C200","width":350,"height":200,"srcset":"https:\/\/i0.wp.com\/www.grieta.org.mx\/wp-content\/uploads\/2022\/09\/2022-09-13_09-09-51___569.jpg?resize=350%2C200 1x, https:\/\/i0.wp.com\/www.grieta.org.mx\/wp-content\/uploads\/2022\/09\/2022-09-13_09-09-51___569.jpg?resize=525%2C300 1.5x, https:\/\/i0.wp.com\/www.grieta.org.mx\/wp-content\/uploads\/2022\/09\/2022-09-13_09-09-51___569.jpg?resize=700%2C400 2x"},"classes":[]},{"id":70194,"url":"http:\/\/www.grieta.org.mx\/index.php\/2024\/10\/20\/madres-buscadoras-y-victimas-de-tortura-se-reunen-en-aguascalientes\/","url_meta":{"origin":63846,"position":1},"title":"Madres buscadoras y v\u00edctimas de tortura se re\u00fanen en Aguascalientes","author":"grieta","date":"20 octubre, 2024","format":false,"excerpt":"Dulce Rodr\u00edguez\/Newsweek Espa\u00f1ol 15 octubre 2024 El III Encuentro de Mujeres Buscadoras, Familiares de V\u00edctimas y Sobrevivientes de Tortura o Violencia Sexual comenz\u00f3 el 11 de octubre de 2024 en Aguascalientes. Este evento re\u00fane a 65 mujeres buscadoras, activistas y defensoras de derechos humanos de diferentes estados de M\u00e9xico, como\u2026","rel":"","context":"En &quot;Aguascalientes&quot;","block_context":{"text":"Aguascalientes","link":"http:\/\/www.grieta.org.mx\/index.php\/category\/noticias-nacionales\/aguascalientes\/"},"img":{"alt_text":"","src":"https:\/\/i0.wp.com\/www.grieta.org.mx\/wp-content\/uploads\/2024\/10\/WhatsApp-Image-2024-10-11-at-2.15.05-PM-1140x570-1.jpeg?resize=350%2C200","width":350,"height":200,"srcset":"https:\/\/i0.wp.com\/www.grieta.org.mx\/wp-content\/uploads\/2024\/10\/WhatsApp-Image-2024-10-11-at-2.15.05-PM-1140x570-1.jpeg?resize=350%2C200 1x, https:\/\/i0.wp.com\/www.grieta.org.mx\/wp-content\/uploads\/2024\/10\/WhatsApp-Image-2024-10-11-at-2.15.05-PM-1140x570-1.jpeg?resize=525%2C300 1.5x, https:\/\/i0.wp.com\/www.grieta.org.mx\/wp-content\/uploads\/2024\/10\/WhatsApp-Image-2024-10-11-at-2.15.05-PM-1140x570-1.jpeg?resize=700%2C400 2x, https:\/\/i0.wp.com\/www.grieta.org.mx\/wp-content\/uploads\/2024\/10\/WhatsApp-Image-2024-10-11-at-2.15.05-PM-1140x570-1.jpeg?resize=1050%2C600 3x"},"classes":[]},{"id":67154,"url":"http:\/\/www.grieta.org.mx\/index.php\/2023\/07\/05\/san-lucas-evangelista-madres-buscadoras-de-jalisco-acusan-obstaculos-de-la-fiscalia\/","url_meta":{"origin":63846,"position":2},"title":"San Lucas Evangelista: Madres Buscadoras de Jalisco acusan obst\u00e1culos de la Fiscal\u00eda","author":"grieta","date":"5 julio, 2023","format":false,"excerpt":"Imagen: Francisco Rodr\u00edguez- El Occidental \/ Personal de la Fiscal\u00eda del Estado atraves\u00f3 la retroexcavadora para evitar que las mujeres pudieran observar los trabajos a la distancia Rom\u00e1n Ortega \/ El Occidental Integrantes del colectivo Madres Buscadoras de Jalisco\u00a0est\u00e1n inconformes y molesta con la falta de informaci\u00f3n por parte del\u2026","rel":"","context":"En &quot;CINTILLO&quot;","block_context":{"text":"CINTILLO","link":"http:\/\/www.grieta.org.mx\/index.php\/category\/cintillo\/"},"img":{"alt_text":"","src":"https:\/\/i0.wp.com\/www.grieta.org.mx\/wp-content\/uploads\/2023\/07\/Fosa-Clandestina-San-Lucas-Evangelista.jpg?resize=350%2C200","width":350,"height":200,"srcset":"https:\/\/i0.wp.com\/www.grieta.org.mx\/wp-content\/uploads\/2023\/07\/Fosa-Clandestina-San-Lucas-Evangelista.jpg?resize=350%2C200 1x, https:\/\/i0.wp.com\/www.grieta.org.mx\/wp-content\/uploads\/2023\/07\/Fosa-Clandestina-San-Lucas-Evangelista.jpg?resize=525%2C300 1.5x, https:\/\/i0.wp.com\/www.grieta.org.mx\/wp-content\/uploads\/2023\/07\/Fosa-Clandestina-San-Lucas-Evangelista.jpg?resize=700%2C400 2x"},"classes":[]},{"id":65820,"url":"http:\/\/www.grieta.org.mx\/index.php\/2022\/11\/25\/exigimos-justicia-para-nuestras-hijas-familiares-de-mujeres-victimas-de-feminicidio-y-desaparicion-en-jalisco\/","url_meta":{"origin":63846,"position":3},"title":"\u201cExigimos justicia para nuestras hijas\u201d: familiares de mujeres v\u00edctimas de feminicidio y desaparici\u00f3n en Jalisco","author":"grieta","date":"25 noviembre, 2022","format":false,"excerpt":"Imagen: Darwin Franco Frente a la Antimonumenta GDL de la Plaza Imelda Virgen,\u00a0familiares de mujeres v\u00edctimas de feminicidio y desaparici\u00f3n, as\u00ed como integrantes del\u00a0Comite\u0301 de Ame\u0301rica Latina y el Caribe para la Defensa de los Derechos Humanos de las Mujeres (CLADEM Jalisco) denunciaron que las autoridades de Jalisco no han\u2026","rel":"","context":"En &quot;CINTILLO&quot;","block_context":{"text":"CINTILLO","link":"http:\/\/www.grieta.org.mx\/index.php\/category\/cintillo\/"},"img":{"alt_text":"","src":"https:\/\/i0.wp.com\/www.grieta.org.mx\/wp-content\/uploads\/2022\/11\/photo5478685335778076605-1068x801-1.jpg?resize=350%2C200","width":350,"height":200,"srcset":"https:\/\/i0.wp.com\/www.grieta.org.mx\/wp-content\/uploads\/2022\/11\/photo5478685335778076605-1068x801-1.jpg?resize=350%2C200 1x, https:\/\/i0.wp.com\/www.grieta.org.mx\/wp-content\/uploads\/2022\/11\/photo5478685335778076605-1068x801-1.jpg?resize=525%2C300 1.5x, https:\/\/i0.wp.com\/www.grieta.org.mx\/wp-content\/uploads\/2022\/11\/photo5478685335778076605-1068x801-1.jpg?resize=700%2C400 2x, https:\/\/i0.wp.com\/www.grieta.org.mx\/wp-content\/uploads\/2022\/11\/photo5478685335778076605-1068x801-1.jpg?resize=1050%2C600 3x"},"classes":[]},{"id":70587,"url":"http:\/\/www.grieta.org.mx\/index.php\/2024\/11\/25\/nos-unimos-en-dolor-y-en-resistencia-madres-con-hijas-desaparecidas-y-victimas-de-feminicidio-reclaman-justicia-y-alto-a-la-violencia-de-genero-en-jalisco\/","url_meta":{"origin":63846,"position":4},"title":"\u201cNos unimos en dolor y en resistencia\u201d: madres con hijas desaparecidas y v\u00edctimas de feminicidio reclaman justicia y alto a la violencia de g\u00e9nero en Jalisco","author":"grieta","date":"25 noviembre, 2024","format":false,"excerpt":"Imagen: Dalia Souza Madres que buscan a sus hijas desaparecidas o que han sido v\u00edctimas de un feminicidio en Jalisco\u00a0se reunieron en torno a la Antimonumenta de Guadalajara para demandar justicia, castigo a sus victimarios y el respeto a sus derechos a la verdad, el no olvido, la reparaci\u00f3n y\u2026","rel":"","context":"En &quot;CINTILLO&quot;","block_context":{"text":"CINTILLO","link":"http:\/\/www.grieta.org.mx\/index.php\/category\/cintillo\/"},"img":{"alt_text":"","src":"https:\/\/i0.wp.com\/www.grieta.org.mx\/wp-content\/uploads\/2024\/12\/DSC03260-1536x1021-1.jpg?resize=350%2C200","width":350,"height":200,"srcset":"https:\/\/i0.wp.com\/www.grieta.org.mx\/wp-content\/uploads\/2024\/12\/DSC03260-1536x1021-1.jpg?resize=350%2C200 1x, https:\/\/i0.wp.com\/www.grieta.org.mx\/wp-content\/uploads\/2024\/12\/DSC03260-1536x1021-1.jpg?resize=525%2C300 1.5x, https:\/\/i0.wp.com\/www.grieta.org.mx\/wp-content\/uploads\/2024\/12\/DSC03260-1536x1021-1.jpg?resize=700%2C400 2x, https:\/\/i0.wp.com\/www.grieta.org.mx\/wp-content\/uploads\/2024\/12\/DSC03260-1536x1021-1.jpg?resize=1050%2C600 3x, https:\/\/i0.wp.com\/www.grieta.org.mx\/wp-content\/uploads\/2024\/12\/DSC03260-1536x1021-1.jpg?resize=1400%2C800 4x"},"classes":[]},{"id":65443,"url":"http:\/\/www.grieta.org.mx\/index.php\/2022\/10\/07\/gobierno-de-jalisco-rechaza-a-buscadoras-por-localizar-fosas-clandestinas-jalisco-sonora\/","url_meta":{"origin":63846,"position":5},"title":"Gobierno de Jalisco rechaza a buscadoras por localizar fosas clandestinas (Jalisco, Sonora)","author":"grieta","date":"7 octubre, 2022","format":false,"excerpt":"Imagen; Lauro Rodr\u00edguez Redacci\u00f3n \/ El Diario NTR Las autoridades del estado rechazan a las Madres Buscadoras de Sonora porque les quitan el protagonismo, visibilizan las fosas clandestinas y les impiden ocultar que Jalisco es un pante\u00f3n, consider\u00f3 Ceci Flores, lideresa del colectivo sonorense. Aunque siempre hab\u00eda sido amenazada por\u2026","rel":"","context":"En &quot;CINTILLO&quot;","block_context":{"text":"CINTILLO","link":"http:\/\/www.grieta.org.mx\/index.php\/category\/cintillo\/"},"img":{"alt_text":"","src":"https:\/\/i0.wp.com\/www.grieta.org.mx\/wp-content\/uploads\/2022\/10\/2022-10-07_06-10-59___8441.jpg?resize=350%2C200","width":350,"height":200,"srcset":"https:\/\/i0.wp.com\/www.grieta.org.mx\/wp-content\/uploads\/2022\/10\/2022-10-07_06-10-59___8441.jpg?resize=350%2C200 1x, https:\/\/i0.wp.com\/www.grieta.org.mx\/wp-content\/uploads\/2022\/10\/2022-10-07_06-10-59___8441.jpg?resize=525%2C300 1.5x, https:\/\/i0.wp.com\/www.grieta.org.mx\/wp-content\/uploads\/2022\/10\/2022-10-07_06-10-59___8441.jpg?resize=700%2C400 2x"},"classes":[]}],"_links":{"self":[{"href":"http:\/\/www.grieta.org.mx\/index.php\/wp-json\/wp\/v2\/posts\/63846","targetHints":{"allow":["GET"]}}],"collection":[{"href":"http:\/\/www.grieta.org.mx\/index.php\/wp-json\/wp\/v2\/posts"}],"about":[{"href":"http:\/\/www.grieta.org.mx\/index.php\/wp-json\/wp\/v2\/types\/post"}],"author":[{"embeddable":true,"href":"http:\/\/www.grieta.org.mx\/index.php\/wp-json\/wp\/v2\/users\/2"}],"replies":[{"embeddable":true,"href":"http:\/\/www.grieta.org.mx\/index.php\/wp-json\/wp\/v2\/comments?post=63846"}],"version-history":[{"count":1,"href":"http:\/\/www.grieta.org.mx\/index.php\/wp-json\/wp\/v2\/posts\/63846\/revisions"}],"predecessor-version":[{"id":63849,"href":"http:\/\/www.grieta.org.mx\/index.php\/wp-json\/wp\/v2\/posts\/63846\/revisions\/63849"}],"wp:featuredmedia":[{"embeddable":true,"href":"http:\/\/www.grieta.org.mx\/index.php\/wp-json\/wp\/v2\/media\/63847"}],"wp:attachment":[{"href":"http:\/\/www.grieta.org.mx\/index.php\/wp-json\/wp\/v2\/media?parent=63846"}],"wp:term":[{"taxonomy":"category","embeddable":true,"href":"http:\/\/www.grieta.org.mx\/index.php\/wp-json\/wp\/v2\/categories?post=63846"},{"taxonomy":"post_tag","embeddable":true,"href":"http:\/\/www.grieta.org.mx\/index.php\/wp-json\/wp\/v2\/tags?post=63846"}],"curies":[{"name":"wp","href":"https:\/\/api.w.org\/{rel}","templated":true}]}}