{"id":63828,"date":"2022-03-18T12:30:07","date_gmt":"2022-03-18T18:30:07","guid":{"rendered":"https:\/\/www.grieta.org.mx\/?p=63828"},"modified":"2022-03-23T12:39:46","modified_gmt":"2022-03-23T18:39:46","slug":"un-paso-mas-hacia-la-militarizacion-del-pais-se-crea-guardia-civil-en-san-luis-potosi","status":"publish","type":"post","link":"http:\/\/www.grieta.org.mx\/index.php\/2022\/03\/18\/un-paso-mas-hacia-la-militarizacion-del-pais-se-crea-guardia-civil-en-san-luis-potosi\/","title":{"rendered":"Un paso m\u00e1s hacia la militarizaci\u00f3n del pa\u00eds; se crea Guardia Civil en San Luis Potos\u00ed"},"content":{"rendered":"<p>Andrea Rivera Garc\u00eda\/Publ\u00edmetro<br \/>\n18 marzo 2022<\/p>\n<blockquote><p>El Congreso del estado aprob\u00f3 las iniciativas de ley que crean la Guardia Civil en San Luis Potos\u00ed, la cual tendr\u00e1 mando militar<\/p><\/blockquote>\n<p>A dos meses de haberse presentado la iniciativa, el congreso de San Luis Potos\u00ed aprob\u00f3 por unanimidad la creaci\u00f3n de la Guardia Civil, un ente de seguridad con mando militar, que tiene como objetivo restaurar la paz en la entidad, en coordinaci\u00f3n con la estrategia federal del gobierno de Andr\u00e9s Manuel L\u00f3pez Obrador.<\/p>\n<p>La creaci\u00f3n de la Guardia Civil viene acompa\u00f1ada con equipamiento tecnol\u00f3gico e inteligente, por ejemplo, un Centro de Control, Comando, Comunicaciones y C\u00f3mputo en la zona Huasteca, as\u00ed como 15 drones para la videovigilancia de la entidad, se\u00f1al\u00f3 el secretario de gobierno de la entidad.<\/p>\n<p>La corporaci\u00f3n estar\u00e1 integrada inicialmente por 400 elementos, como ha informado previamente el gobernador del estado, Ricardo Gallardo Cardona, y estos contar\u00e1n con equipo t\u00e1ctico y capacitaci\u00f3n en temas operativos, reactivos y de derechos humanos.<\/p>\n<p>Con la aprobaci\u00f3n de la iniciativa en el congreso se crea tambi\u00e9n una Secretar\u00eda de Seguridad y Protecci\u00f3n Ciudadana, la cual tendr\u00e1 a la tarea de llevar a cabo funciones operativas en materia de seguridad p\u00fablica, trabajos de inteligencia, de reacci\u00f3n inmediata y t\u00e1cticas especializadas.<\/p>\n<p>Se prev\u00e9 que exista una coordinaci\u00f3n entre la Guardia Nacional y la Secretar\u00eda de la Defensa Nacional con las corporaciones locales de San Luis.<\/p>\n<p>Las desventajas de la militarizaci\u00f3n<br \/>\n\u2018La militarizaci\u00f3n de la seguridad p\u00fablica en M\u00e9xico debe detenerse\u2019, comparti\u00f3 el movimiento Amnist\u00eda Internacional en un comunicado emitido en agosto del 2021, manifest\u00e1ndose preocupados por las decisiones del gobierno federal de empoderar corporaciones militares para combatir la violencia en M\u00e9xico.<\/p>\n<p>En el comunicado, se hac\u00eda un llamado a cumplir con el compromiso de campa\u00f1a del presidente Andr\u00e9s Manuel L\u00f3pez Obrador de regresar a las fuerzas armadas a sus cuarteles para el final de su sexenio, adem\u00e1s de publicar la estrategia para lograr el desarme del pa\u00eds en las zonas con m\u00e1s altos \u00edndices de violencia, principalmente.<\/p>\n<p>[ Te puede interesar: Biden proh\u00edbe a M\u00e9xico usar 158 mdd de cooperaci\u00f3n bilateral en actividades militares ]<\/p>\n<p>En su informe del 2021, Amnist\u00eda Internacional dio a conocer tambi\u00e9n que durante el 2020 la administraci\u00f3n de Andr\u00e9s Manuel L\u00f3pez Obrador despleg\u00f3 a m\u00e1s efectivos militares en la estrategia de seguridad p\u00fablica que las dos administraciones presidenciales anteriores, contrario a su compromiso de campa\u00f1a.<\/p>\n<p>Adem\u00e1s informaron que la guardia nacional se encuentra en el top 10 de las corporaciones de seguridad con m\u00e1s quejas por violaciones a Derechos Humanos en M\u00e9xico.<\/p>\n<p>La Comisi\u00f3n Nacional de los Derechos Humanos (CNDH) registr\u00f3 al menos 219 quejas contra la Guardia Nacional entre el 26 de mayo de 2019, cuando se estableci\u00f3 formalmente este cuerpo, y agosto de 2020.<\/p>\n<p>En el desglose de las quejas presentan que 51 fueron por detenciones arbitrarias, 28 por trato cruel, inhumano o degradante, tres por tortura, dos por homicidios ileg\u00edtimos y dos por desapariciones forzadas.<\/p>\n<p>Desde el Sistema Nacional de Alerta de Violencia a los Derechos Humanos de la CNDH se establece que el n\u00famero total de quejas registradas contra la Guardia Nacional en 2020 sumaron 350 y hasta agosto del 2021 se ten\u00eda un registro de 261, entrando en el top 10 de las corporaciones de seguridad con m\u00e1s quejas.<\/p>\n<p><a href=\"https:\/\/www.publimetro.com.mx\/noticias\/2022\/03\/18\/san-luis-potosi-ya-tiene-su-organo-local-de-guardia-nacional\/?utm_source=pocket_mylist\" rel=\"noopener\" target=\"_blank\">https:\/\/www.publimetro.com.mx\/noticias\/2022\/03\/18\/san-luis-potosi-ya-tiene-su-organo-local-de-guardia-nacional\/?utm_source=pocket_mylist<\/a>amnisamni<\/p>\n","protected":false},"excerpt":{"rendered":"<p>Andrea Rivera Garc\u00eda\/Publ\u00edmetro 18 marzo 2022 El Congreso del estado aprob\u00f3 las iniciativas de ley que crean la Guardia Civil en San Luis Potos\u00ed, la cual tendr\u00e1 mando militar A &hellip; <a href=\"http:\/\/www.grieta.org.mx\/index.php\/2022\/03\/18\/un-paso-mas-hacia-la-militarizacion-del-pais-se-crea-guardia-civil-en-san-luis-potosi\/\" class=\"more-link\">Leer m\u00e1s<\/a><\/p>\n","protected":false},"author":2,"featured_media":63829,"comment_status":"closed","ping_status":"closed","sticky":false,"template":"","format":"standard","meta":{"ngg_post_thumbnail":0,"_jetpack_newsletter_access":"","_jetpack_dont_email_post_to_subs":false,"_jetpack_newsletter_tier_id":0,"_jetpack_memberships_contains_paywalled_content":false,"_jetpack_memberships_contains_paid_content":false,"footnotes":""},"categories":[80,912,2538,2,29,83],"tags":[3863,2974,3171,3479,4083,2295,477],"class_list":["post-63828","post","type-post","status-publish","format-standard","has-post-thumbnail","hentry","category-cintillo","category-militarizacion","category-militarizacion-en-san-luis-potosi","category-noticias-nacionales","category-san-luis-potosi","category-temas-nacionales","tag-amnistia-internacional","tag-aumento-de-la-militarizacion","tag-cndh","tag-ejercito","tag-guardia-civil","tag-guardia-nacional","tag-mando-unico","entry"],"jetpack_featured_media_url":"http:\/\/www.grieta.org.mx\/wp-content\/uploads\/2022\/03\/RBIHRISZ3NBURCKAE63I2KRO2I.jpg","jetpack_sharing_enabled":true,"jetpack_shortlink":"https:\/\/wp.me\/p7ZJR4-gBu","jetpack_likes_enabled":false,"jetpack-related-posts":[{"id":33112,"url":"http:\/\/www.grieta.org.mx\/index.php\/2019\/05\/08\/guardia-nacional-operara-a-partir-de-junio-en-san-luis-potosi\/","url_meta":{"origin":63828,"position":0},"title":"Guardia Nacional operar\u00e1 a partir de junio en San Luis Potos\u00ed","author":"grieta","date":"8 mayo, 2019","format":false,"excerpt":"Frontal Noticias La Guardia Nacional entrar\u00e1 en operaciones despu\u00e9s del 15 de junio y contar\u00e1 con 500 elementos que garantizar\u00e1n la seguridad del estado, as\u00ed lo dio a conocer el coordinador regional de la Zona Metropolitana de los Programas Integrales en San Luis Potos\u00ed, Leonel Serrato S\u00e1nchez. Coment\u00f3 que la\u2026","rel":"","context":"En &quot;CINTILLO&quot;","block_context":{"text":"CINTILLO","link":"http:\/\/www.grieta.org.mx\/index.php\/category\/cintillo\/"},"img":{"alt_text":"","src":"https:\/\/i0.wp.com\/www.grieta.org.mx\/wp-content\/uploads\/2019\/05\/Guardia-Nacional-operar%C3%A1-a-partir-de-junio-en-San-Luis-Potos%C3%AD-may.jpg?resize=350%2C200","width":350,"height":200,"srcset":"https:\/\/i0.wp.com\/www.grieta.org.mx\/wp-content\/uploads\/2019\/05\/Guardia-Nacional-operar%C3%A1-a-partir-de-junio-en-San-Luis-Potos%C3%AD-may.jpg?resize=350%2C200 1x, https:\/\/i0.wp.com\/www.grieta.org.mx\/wp-content\/uploads\/2019\/05\/Guardia-Nacional-operar%C3%A1-a-partir-de-junio-en-San-Luis-Potos%C3%AD-may.jpg?resize=525%2C300 1.5x, https:\/\/i0.wp.com\/www.grieta.org.mx\/wp-content\/uploads\/2019\/05\/Guardia-Nacional-operar%C3%A1-a-partir-de-junio-en-San-Luis-Potos%C3%AD-may.jpg?resize=700%2C400 2x"},"classes":[]},{"id":46477,"url":"http:\/\/www.grieta.org.mx\/index.php\/2020\/03\/12\/llegan-nuevos-elementos-de-la-guardia-nacional-a-slp\/","url_meta":{"origin":63828,"position":1},"title":"Llegan nuevos elementos de la Guardia Nacional a SLP","author":"grieta","date":"12 marzo, 2020","format":false,"excerpt":"Bertha Escalante\/El Sol de San Luis 12 marzo 2020 Esperan que \"efecto cucaracha\" no impacte en territorio potosino ante acciones de seguridad en Guanajuato y Zacatecas En San Luis Potos\u00ed trabajan de manera coordinada los tres \u00f3rdenes de gobierno a trav\u00e9s de sus dependencias de seguridad, para que el efecto\u2026","rel":"","context":"En &quot;CINTILLO&quot;","block_context":{"text":"CINTILLO","link":"http:\/\/www.grieta.org.mx\/index.php\/category\/cintillo\/"},"img":{"alt_text":"","src":"https:\/\/i0.wp.com\/www.grieta.org.mx\/wp-content\/uploads\/2020\/03\/Guzmar-Angel-Gonz%C3%A1lez.jpeg?resize=350%2C200","width":350,"height":200,"srcset":"https:\/\/i0.wp.com\/www.grieta.org.mx\/wp-content\/uploads\/2020\/03\/Guzmar-Angel-Gonz%C3%A1lez.jpeg?resize=350%2C200 1x, https:\/\/i0.wp.com\/www.grieta.org.mx\/wp-content\/uploads\/2020\/03\/Guzmar-Angel-Gonz%C3%A1lez.jpeg?resize=525%2C300 1.5x, https:\/\/i0.wp.com\/www.grieta.org.mx\/wp-content\/uploads\/2020\/03\/Guzmar-Angel-Gonz%C3%A1lez.jpeg?resize=700%2C400 2x"},"classes":[]},{"id":35752,"url":"http:\/\/www.grieta.org.mx\/index.php\/2019\/07\/02\/comienza-para-slp-era-de-guardia-nacional-san-luis-potosi\/","url_meta":{"origin":63828,"position":2},"title":"Comienza para SLP era de Guardia Nacional (San Luis Potos\u00ed)","author":"grieta","date":"2 julio, 2019","format":false,"excerpt":"Fotograf\u00eda: Plano Informativo Leopoldo Pacheco, Jorge Torres y Paola De la Rosa \/ Plano Informativo Coordinaci\u00f3n ser\u00e1 fundamental para la entrada del cuerpo policiaco En total ser\u00e1n mil 375 nuevos efectivos de las diferentes corporaciones federales, los que se unir\u00e1n en torno a las tareas de seguridad p\u00fablica de San\u2026","rel":"","context":"En &quot;CINTILLO&quot;","block_context":{"text":"CINTILLO","link":"http:\/\/www.grieta.org.mx\/index.php\/category\/cintillo\/"},"img":{"alt_text":"","src":"https:\/\/i0.wp.com\/www.grieta.org.mx\/wp-content\/uploads\/2019\/07\/Comienza-para-SLP-era-de-Guardia-Nacional-slp-jul.jpg?resize=350%2C200","width":350,"height":200,"srcset":"https:\/\/i0.wp.com\/www.grieta.org.mx\/wp-content\/uploads\/2019\/07\/Comienza-para-SLP-era-de-Guardia-Nacional-slp-jul.jpg?resize=350%2C200 1x, https:\/\/i0.wp.com\/www.grieta.org.mx\/wp-content\/uploads\/2019\/07\/Comienza-para-SLP-era-de-Guardia-Nacional-slp-jul.jpg?resize=525%2C300 1.5x, https:\/\/i0.wp.com\/www.grieta.org.mx\/wp-content\/uploads\/2019\/07\/Comienza-para-SLP-era-de-Guardia-Nacional-slp-jul.jpg?resize=700%2C400 2x"},"classes":[]},{"id":43210,"url":"http:\/\/www.grieta.org.mx\/index.php\/2020\/01\/14\/inicia-construccion-de-sede-de-guardia-nacional-en-soledad-san-luis-potosi\/","url_meta":{"origin":63828,"position":3},"title":"Inicia construcci\u00f3n de sede de Guardia Nacional en Soledad (San Luis Potos\u00ed)","author":"grieta","date":"14 enero, 2020","format":false,"excerpt":"Su edificaci\u00f3n como el manejo de recursos son provenientes del gobierno federal Paula Montero\/El Sol de San Luis 14 enero 2020 El primer cuartel de la Guardia Nacional ser\u00e1 construido en el municipio, y tanto su edificaci\u00f3n como el manejo de recursos, provenientes del gobierno federal, estar\u00e1n a cargo de\u2026","rel":"","context":"En &quot;CINTILLO&quot;","block_context":{"text":"CINTILLO","link":"http:\/\/www.grieta.org.mx\/index.php\/category\/cintillo\/"},"img":{"alt_text":"","src":"https:\/\/i0.wp.com\/www.grieta.org.mx\/wp-content\/uploads\/2020\/01\/guardia-nac.png?resize=350%2C200","width":350,"height":200,"srcset":"https:\/\/i0.wp.com\/www.grieta.org.mx\/wp-content\/uploads\/2020\/01\/guardia-nac.png?resize=350%2C200 1x, https:\/\/i0.wp.com\/www.grieta.org.mx\/wp-content\/uploads\/2020\/01\/guardia-nac.png?resize=525%2C300 1.5x, https:\/\/i0.wp.com\/www.grieta.org.mx\/wp-content\/uploads\/2020\/01\/guardia-nac.png?resize=700%2C400 2x"},"classes":[]},{"id":35749,"url":"http:\/\/www.grieta.org.mx\/index.php\/2019\/07\/02\/listos-espacios-para-instalacion-de-la-guardia-nacional-en-slp\/","url_meta":{"origin":63828,"position":4},"title":"Listos, espacios para instalaci\u00f3n de la Guardia Nacional en SLP","author":"grieta","date":"2 julio, 2019","format":false,"excerpt":"Fotograf\u00eda: Pulso Martha Arriaga \/ Pulso En el transcurso de la semana llegar\u00e1 a San Luis Potos\u00ed un contingente de mil 375 elementos de la Guardia Nacional. El secretario general de Gobierno, Alejandro Leal Tov\u00edas declar\u00f3 que se instalar\u00e1n en la Zona Altiplano, Media, Huasteca y en la Zona Metropolitana,\u2026","rel":"","context":"En &quot;CINTILLO&quot;","block_context":{"text":"CINTILLO","link":"http:\/\/www.grieta.org.mx\/index.php\/category\/cintillo\/"},"img":{"alt_text":"","src":"https:\/\/i0.wp.com\/www.grieta.org.mx\/wp-content\/uploads\/2019\/07\/Listos-espacios-para-instalaci%C3%B3n-de-la-Guardia-Nacional-en-SLP-jul.jpg?resize=350%2C200","width":350,"height":200,"srcset":"https:\/\/i0.wp.com\/www.grieta.org.mx\/wp-content\/uploads\/2019\/07\/Listos-espacios-para-instalaci%C3%B3n-de-la-Guardia-Nacional-en-SLP-jul.jpg?resize=350%2C200 1x, https:\/\/i0.wp.com\/www.grieta.org.mx\/wp-content\/uploads\/2019\/07\/Listos-espacios-para-instalaci%C3%B3n-de-la-Guardia-Nacional-en-SLP-jul.jpg?resize=525%2C300 1.5x"},"classes":[]},{"id":48523,"url":"http:\/\/www.grieta.org.mx\/index.php\/2020\/04\/15\/asume-guardia-nacional-seguridad-en-clinicas-1-y-2-del-imss-san-luis-potosi\/","url_meta":{"origin":63828,"position":5},"title":"Asume Guardia Nacional seguridad en cl\u00ednicas 1 y 2 del IMSS (San Luis Potos\u00ed)","author":"grieta","date":"15 abril, 2020","format":false,"excerpt":"Bertha Escalante\/El Sol de San Luis 15 abril 2020 Buscan garantizar que m\u00e9dicos y enfermeras no sean agredidos por la propia poblaci\u00f3n como ha sucedido en otras regiones del pa\u00eds Foto: Bertha Escalante\/El Sol de San Luis Personal de la Guardia Nacional en San Luis Potos\u00ed asumi\u00f3 desde este mi\u00e9rcoles,\u2026","rel":"","context":"En &quot;CINTILLO&quot;","block_context":{"text":"CINTILLO","link":"http:\/\/www.grieta.org.mx\/index.php\/category\/cintillo\/"},"img":{"alt_text":"","src":"https:\/\/i0.wp.com\/www.grieta.org.mx\/wp-content\/uploads\/2020\/05\/Guardia-Nacional-cuidando-el-IMSS.jpg?resize=350%2C200","width":350,"height":200,"srcset":"https:\/\/i0.wp.com\/www.grieta.org.mx\/wp-content\/uploads\/2020\/05\/Guardia-Nacional-cuidando-el-IMSS.jpg?resize=350%2C200 1x, https:\/\/i0.wp.com\/www.grieta.org.mx\/wp-content\/uploads\/2020\/05\/Guardia-Nacional-cuidando-el-IMSS.jpg?resize=525%2C300 1.5x, https:\/\/i0.wp.com\/www.grieta.org.mx\/wp-content\/uploads\/2020\/05\/Guardia-Nacional-cuidando-el-IMSS.jpg?resize=700%2C400 2x"},"classes":[]}],"_links":{"self":[{"href":"http:\/\/www.grieta.org.mx\/index.php\/wp-json\/wp\/v2\/posts\/63828","targetHints":{"allow":["GET"]}}],"collection":[{"href":"http:\/\/www.grieta.org.mx\/index.php\/wp-json\/wp\/v2\/posts"}],"about":[{"href":"http:\/\/www.grieta.org.mx\/index.php\/wp-json\/wp\/v2\/types\/post"}],"author":[{"embeddable":true,"href":"http:\/\/www.grieta.org.mx\/index.php\/wp-json\/wp\/v2\/users\/2"}],"replies":[{"embeddable":true,"href":"http:\/\/www.grieta.org.mx\/index.php\/wp-json\/wp\/v2\/comments?post=63828"}],"version-history":[{"count":1,"href":"http:\/\/www.grieta.org.mx\/index.php\/wp-json\/wp\/v2\/posts\/63828\/revisions"}],"predecessor-version":[{"id":63831,"href":"http:\/\/www.grieta.org.mx\/index.php\/wp-json\/wp\/v2\/posts\/63828\/revisions\/63831"}],"wp:featuredmedia":[{"embeddable":true,"href":"http:\/\/www.grieta.org.mx\/index.php\/wp-json\/wp\/v2\/media\/63829"}],"wp:attachment":[{"href":"http:\/\/www.grieta.org.mx\/index.php\/wp-json\/wp\/v2\/media?parent=63828"}],"wp:term":[{"taxonomy":"category","embeddable":true,"href":"http:\/\/www.grieta.org.mx\/index.php\/wp-json\/wp\/v2\/categories?post=63828"},{"taxonomy":"post_tag","embeddable":true,"href":"http:\/\/www.grieta.org.mx\/index.php\/wp-json\/wp\/v2\/tags?post=63828"}],"curies":[{"name":"wp","href":"https:\/\/api.w.org\/{rel}","templated":true}]}}