{"id":63825,"date":"2022-03-15T12:21:04","date_gmt":"2022-03-15T18:21:04","guid":{"rendered":"https:\/\/www.grieta.org.mx\/?p=63825"},"modified":"2022-03-23T12:27:09","modified_gmt":"2022-03-23T18:27:09","slug":"potosinas-buscan-a-sus-desaparecidos","status":"publish","type":"post","link":"http:\/\/www.grieta.org.mx\/index.php\/2022\/03\/15\/potosinas-buscan-a-sus-desaparecidos\/","title":{"rendered":"Potosinas buscan a sus desaparecidos"},"content":{"rendered":"<p>Redacci\u00f3n\/Plano Informativo<br \/>\n15 marzo 2022<\/p>\n<blockquote><p>Las autoridades fueron rebasadas y as\u00ed nacieron las Buscadoras<\/p><\/blockquote>\n<p>San Luis, en el precipicio de las desapariciones forzadas<\/p>\n<p>Tan solo en 2021 se tuvo registro de 187 personas desaparecidas en San Luis Potos\u00ed, sin que hasta el momento se tenga conocimiento de su paradero o se hayan localizado sus restos. En la entidad las desapariciones forzadas comenzaron a ser frecuentes alrededor de 2010.<\/p>\n<p>En M\u00e9xico se considera Persona Desaparecida a aquella de la cual sus familiares desconocen su paradero y se presuma, a partir de cualquier indicio, que su ausencia se relaciona con la comisi\u00f3n de un delito.<\/p>\n<p>Actualmente en el pa\u00eds se tiene registro de que 90 mil 148 personas est\u00e1n desaparecidas y no localizadas. Esta es una cifra que se ha acumulado desde 1964, aunque se cree que muchas podr\u00edan estar en los Servicios M\u00e9dicos Forenses que reportaban m\u00e1s de 30 mil cuerpos sin identificar hasta agosto de 2021.<\/p>\n<p>Buscadoras nacieron para encontrar a los suyos<\/p>\n<p>Ante este elevado n\u00famero de desapariciones forzadas, las autoridades se han visto rebasadas y no se dan abasto para buscar, investigar, encontrar y castigar a los culpables. Por este motivo a lo largo y ancho de la Rep\u00fablica Mexicana se han formado grupos de &#8220;Buscadoras&#8221;.<\/p>\n<p>Se trata de madres, esposas, hijas, hermanas de las v\u00edctimas, quienes desafiando el sistema, la delincuencia, el clima y hasta el hambre, se han organizado para buscar los cuerpos de sus seres queridos en parajes donde creen que pueden haber sido sepultados ya sea por avisos an\u00f3nimos y hasta por comentarios escuchados al azar.<\/p>\n<p>Mujeres salen en busca de fosas clandestinas<\/p>\n<p>En San Luis Potos\u00ed se tiene conocimiento de al menos dos grupos de Buscadoras que tienen contacto con las organizaciones nacionales e internacionales, y que espec\u00edficamente han recibido acompa\u00f1amiento de la Comisi\u00f3n Nacional de Derechos Humanos en la b\u00fasqueda de sus familiares.<\/p>\n<p>Estos grupos son Voz y Dignidad por los Nuestros, A. C. y Milynali Red Ciencia Forense Ciudadana, A. C., pero no son los \u00fanicos ya que en municipios de la Zona Media y la Huasteca tambi\u00e9n hay grupos organizados para la b\u00fasqueda de v\u00edctimas de desapariciones forzadas.<\/p>\n<p>Edith P\u00e9rez cre\u00f3 el colectivo Voz y dignidad por los nuestros, despu\u00e9s de que en el 2012 su hermano, sus dos hijos y su sobrina desaparecieron por Ciudad Mante.<\/p>\n<p>Cuando ellas salen a buscar, lo hacen llevando a cuestas todo lo que implica su decisi\u00f3n, porque hacen a un lado sus vidas; dejan la vida en com\u00fan con sus familias, pero nunca dejan de mirar esa fotograf\u00eda, la de aqu\u00e9llos que les fueron arrebatados bajo cualquier circunstancia.<\/p>\n<p>La incertidumbre de ignorar su paradero cambia tu vida<\/p>\n<p>Y es que una desaparici\u00f3n no te permite cerrar el ciclo del duelo. Cuando entierras a un ser queridos, tienes cuando menos una piedra a la que llevar flores, en d\u00f3nde ir a llorar, pero cuando se la llevan, se llevan parte de ti y la incertidumbre cambia la vida, tu vida y la de toda tu familia, relat\u00f3 Rosa Mar\u00eda Huerta Valdez, cuyo hijo fue v\u00edctima de desaparici\u00f3n forzada en 2015.<\/p>\n<p>En entrevista exclusiva para PLANO INFORMATIVO, Huerta Valdez reconoci\u00f3 que la desaparici\u00f3n forzada de un ser querido &#8220;es algo que duele mucho, que lo vas a llevar siempre, siempre est\u00e1s con la esperanza de que lo vas a encontrar, aunque desde el mes de que se lo llevaron supe que no lo volver\u00eda a ver vivo&#8221;.<\/p>\n<p>Sentencias no ayudan si no dicen d\u00f3nde dejaron los cuerpos<\/p>\n<p>A Mauro El\u00edas Quintero Huerta se lo llevaron el viernes 23 de octubre de 2015 cuando se dirig\u00eda, a bordo de su camioneta, al ejido 20 de Noviembre. &#8220;Desde esa fecha he tocado puertas, no por haber trabajado en gobierno, por estar en la pol\u00edtica, se me facilitaron las cosas, tambi\u00e9n me ha tocado tocar puertas, gritar, llorar, desesperarme, pero afortunadamente hay dos personas detenidas y procesadas por su muerte, aunque de nada me sirve porque a m\u00ed no me han dicho d\u00f3nde dejaron a mi hijo&#8221;.<\/p>\n<p>Las madres tienen un sexto sentido para encontrarlos<\/p>\n<p>Rosa Mar\u00eda Huerta dijo que no se intranquiliza cuando se encuentran fosas clandestinas en la Zona Media, porque &#8220;uno de madre tiene un sexto sentido, cuando encuentran fosas en Rioverde no me inquieto, porque yo estoy segura de que a mi hijo lo dejaron por el rumbo de \u00c9bano.<\/p>\n<p>Huerta Valdez confirm\u00f3 que no trabaja con los grupos de Buscadoras, aunque s\u00ed ha tenido acercamientos con algunos y se solidariza con todos ellos.<\/p>\n<p><a href=\"https:\/\/planoinformativo.com\/839214\/potosinos-buscan-a-sus-desaparecidos\/?utm_source=pocket_mylist\" rel=\"noopener\" target=\"_blank\">https:\/\/planoinformativo.com\/839214\/potosinos-buscan-a-sus-desaparecidos\/?utm_source=pocket_mylist<\/a><\/p>\n","protected":false},"excerpt":{"rendered":"<p>Redacci\u00f3n\/Plano Informativo 15 marzo 2022 Las autoridades fueron rebasadas y as\u00ed nacieron las Buscadoras San Luis, en el precipicio de las desapariciones forzadas Tan solo en 2021 se tuvo registro &hellip; <a href=\"http:\/\/www.grieta.org.mx\/index.php\/2022\/03\/15\/potosinas-buscan-a-sus-desaparecidos\/\" class=\"more-link\">Leer m\u00e1s<\/a><\/p>\n","protected":false},"author":2,"featured_media":63826,"comment_status":"closed","ping_status":"closed","sticky":false,"template":"","format":"standard","meta":{"ngg_post_thumbnail":0,"_jetpack_newsletter_access":"","_jetpack_dont_email_post_to_subs":false,"_jetpack_newsletter_tier_id":0,"_jetpack_memberships_contains_paywalled_content":false,"_jetpack_memberships_contains_paid_content":false,"footnotes":""},"categories":[80,87,1272,2,29,83],"tags":[1828,3018,1668,2485],"class_list":["post-63825","post","type-post","status-publish","format-standard","has-post-thumbnail","hentry","category-cintillo","category-desaparecidos","category-desaparecidos-en-san-luis-potosi","category-noticias-nacionales","category-san-luis-potosi","category-temas-nacionales","tag-busqueda-de-desaparecidos","tag-colectivos-de-busqueda-de-desaparecidos","tag-familiares-de-desaparecidos","tag-rastreadoras","entry"],"jetpack_featured_media_url":"http:\/\/www.grieta.org.mx\/wp-content\/uploads\/2022\/03\/trata-de-personas.jpg","jetpack_sharing_enabled":true,"jetpack_shortlink":"https:\/\/wp.me\/p7ZJR4-gBr","jetpack_likes_enabled":false,"jetpack-related-posts":[{"id":54397,"url":"http:\/\/www.grieta.org.mx\/index.php\/2020\/08\/30\/buscan-a-250-desaparecidos-en-slp\/","url_meta":{"origin":63825,"position":0},"title":"Buscan a 250 desaparecidos en SLP","author":"grieta","date":"30 agosto, 2020","format":false,"excerpt":"Ruth Berrones\/Quadrat\u00edn SLP 30 agosto 2020 SAN LUIS POTOS\u00cd, SLP., 30 de agosto 2020.- Este domingo en el D\u00eda Internacional de las V\u00edctimas de Desaparici\u00f3n Forzada, familiares de personas desaparecidas realizaron una marcha para solicitar a las autoridades que se localicen a sus familiares. Edith P\u00e9rez Rodr\u00edguez, de la asociaci\u00f3n\u2026","rel":"","context":"En &quot;CINTILLO&quot;","block_context":{"text":"CINTILLO","link":"http:\/\/www.grieta.org.mx\/index.php\/category\/cintillo\/"},"img":{"alt_text":"","src":"https:\/\/i0.wp.com\/www.grieta.org.mx\/wp-content\/uploads\/2020\/10\/WhatsApp-Image-2020-08-30-at-4.36.21-PM-1160x700-1.jpeg?resize=350%2C200","width":350,"height":200,"srcset":"https:\/\/i0.wp.com\/www.grieta.org.mx\/wp-content\/uploads\/2020\/10\/WhatsApp-Image-2020-08-30-at-4.36.21-PM-1160x700-1.jpeg?resize=350%2C200 1x, https:\/\/i0.wp.com\/www.grieta.org.mx\/wp-content\/uploads\/2020\/10\/WhatsApp-Image-2020-08-30-at-4.36.21-PM-1160x700-1.jpeg?resize=525%2C300 1.5x, https:\/\/i0.wp.com\/www.grieta.org.mx\/wp-content\/uploads\/2020\/10\/WhatsApp-Image-2020-08-30-at-4.36.21-PM-1160x700-1.jpeg?resize=700%2C400 2x, https:\/\/i0.wp.com\/www.grieta.org.mx\/wp-content\/uploads\/2020\/10\/WhatsApp-Image-2020-08-30-at-4.36.21-PM-1160x700-1.jpeg?resize=1050%2C600 3x"},"classes":[]},{"id":61642,"url":"http:\/\/www.grieta.org.mx\/index.php\/2021\/09\/11\/familiares-exigen-que-se-de-con-el-paradero-de-los-jovenes-potosinos-desaparecidos-en-jalisco\/","url_meta":{"origin":63825,"position":1},"title":"Familiares exigen que se d\u00e9 con el paradero de los j\u00f3venes potosinos desaparecidos en Jalisco","author":"grieta","date":"11 septiembre, 2021","format":false,"excerpt":"La Jornada San Luis Fotos: C\u00e9sar Rivera 11 septiembre 2021 Familiares de los cuatro j\u00f3venes potosinos desaparecidos en Jalisco se manifestaron para exigir resultados en las investigaciones de la fiscal\u00eda jalisciense y para demandar que la Fiscal\u00eda potosina presione en ese sentido. Los manifestantes portaron fotograf\u00edas con el mensaje \u201c\u00bfD\u00f3nde\u2026","rel":"","context":"En &quot;CINTILLO&quot;","block_context":{"text":"CINTILLO","link":"http:\/\/www.grieta.org.mx\/index.php\/category\/cintillo\/"},"img":{"alt_text":"","src":"https:\/\/i0.wp.com\/www.grieta.org.mx\/wp-content\/uploads\/2021\/09\/donde-estan.jpeg?resize=350%2C200","width":350,"height":200,"srcset":"https:\/\/i0.wp.com\/www.grieta.org.mx\/wp-content\/uploads\/2021\/09\/donde-estan.jpeg?resize=350%2C200 1x, https:\/\/i0.wp.com\/www.grieta.org.mx\/wp-content\/uploads\/2021\/09\/donde-estan.jpeg?resize=525%2C300 1.5x"},"classes":[]},{"id":25144,"url":"http:\/\/www.grieta.org.mx\/index.php\/2018\/07\/23\/continua-busqueda-de-desaparecidos-en-limites-de-slp-y-tamaulipas\/","url_meta":{"origin":63825,"position":2},"title":"Contin\u00faa b\u00fasqueda de desaparecidos en l\u00edmites de SLP y Tamaulipas","author":"grieta","date":"23 julio, 2018","format":false,"excerpt":"Jos\u00e9 Luis Mart\u00ednez Castro\/El Sol de San Luis La b\u00fasqueda de personas que han desparecido contin\u00faa, se busca en los l\u00edmites de San Luis Potos\u00ed con Tamaulipas, porque pese a que han pasado muchos a\u00f1os, existe la esperanza de familiares de por lo menos encontrar los restos de sus seres\u2026","rel":"","context":"En &quot;CINTILLO&quot;","block_context":{"text":"CINTILLO","link":"http:\/\/www.grieta.org.mx\/index.php\/category\/cintillo\/"},"img":{"alt_text":"","src":"https:\/\/i0.wp.com\/www.grieta.org.mx\/wp-content\/uploads\/2018\/07\/t1-1.jpg?resize=350%2C200","width":350,"height":200,"srcset":"https:\/\/i0.wp.com\/www.grieta.org.mx\/wp-content\/uploads\/2018\/07\/t1-1.jpg?resize=350%2C200 1x, https:\/\/i0.wp.com\/www.grieta.org.mx\/wp-content\/uploads\/2018\/07\/t1-1.jpg?resize=525%2C300 1.5x, https:\/\/i0.wp.com\/www.grieta.org.mx\/wp-content\/uploads\/2018\/07\/t1-1.jpg?resize=700%2C400 2x"},"classes":[]},{"id":70255,"url":"http:\/\/www.grieta.org.mx\/index.php\/2024\/10\/20\/en-un-solo-dia-se-reporta-la-desaparicion-de-siete-personas-en-villa-de-arista-slp\/","url_meta":{"origin":63825,"position":3},"title":"En un solo d\u00eda se reporta la desaparici\u00f3n de siete personas en Villa de Arista, SLP","author":"grieta","date":"20 octubre, 2024","format":false,"excerpt":"Redacci\u00f3n\/El Universal San Luis Potos\u00ed 18 octubre 2024 De acuerdo con el colectivo de madres buscadoras \u201cVoz y dignidad por los nuestros\u201d, el municipio de San Luis Potos\u00ed se encuentra en la franja de las demarcaciones con mayor \u00edndice de desapariciones A trav\u00e9s de la Fiscal\u00eda Especializada en Derechos Humanos\u2026","rel":"","context":"En &quot;CINTILLO&quot;","block_context":{"text":"CINTILLO","link":"http:\/\/www.grieta.org.mx\/index.php\/category\/cintillo\/"},"img":{"alt_text":"","src":"https:\/\/i0.wp.com\/www.grieta.org.mx\/wp-content\/uploads\/2024\/10\/villa-de-arista.png?resize=350%2C200","width":350,"height":200,"srcset":"https:\/\/i0.wp.com\/www.grieta.org.mx\/wp-content\/uploads\/2024\/10\/villa-de-arista.png?resize=350%2C200 1x, https:\/\/i0.wp.com\/www.grieta.org.mx\/wp-content\/uploads\/2024\/10\/villa-de-arista.png?resize=525%2C300 1.5x, https:\/\/i0.wp.com\/www.grieta.org.mx\/wp-content\/uploads\/2024\/10\/villa-de-arista.png?resize=700%2C400 2x, https:\/\/i0.wp.com\/www.grieta.org.mx\/wp-content\/uploads\/2024\/10\/villa-de-arista.png?resize=1050%2C600 3x"},"classes":[]},{"id":55011,"url":"http:\/\/www.grieta.org.mx\/index.php\/2020\/11\/11\/recorte-de-fideicomisos-afectara-busqueda-de-desaparecidos-en-san-luis-potosi\/","url_meta":{"origin":63825,"position":4},"title":"Recorte de fideicomisos afectar\u00e1 b\u00fasqueda de desaparecidos en San Luis Potos\u00ed","author":"grieta","date":"11 noviembre, 2020","format":false,"excerpt":"Juan Hern\u00e1ndez\/Quadrat\u00edn San Luis Potos\u00ed 11 noviembre 2020 SAN LUIS POTOS\u00cd, SLP., 11 de noviembre 2020.- La desaparici\u00f3n del Fondo de Ayuda, Asistencia y Reparaci\u00f3n Integral, por parte del Senado de la Rep\u00fablica, provocar\u00e1 que las labores de b\u00fasqueda quedar\u00e1n suspendidas para varias personas que integran el colectivo Voz y\u2026","rel":"","context":"En &quot;CINTILLO&quot;","block_context":{"text":"CINTILLO","link":"http:\/\/www.grieta.org.mx\/index.php\/category\/cintillo\/"},"img":{"alt_text":"","src":"https:\/\/i0.wp.com\/www.grieta.org.mx\/wp-content\/uploads\/2020\/11\/WhatsApp-Image-2020-11-10-at-5.15.41-PM-1160x700-1.jpeg?resize=350%2C200","width":350,"height":200,"srcset":"https:\/\/i0.wp.com\/www.grieta.org.mx\/wp-content\/uploads\/2020\/11\/WhatsApp-Image-2020-11-10-at-5.15.41-PM-1160x700-1.jpeg?resize=350%2C200 1x, https:\/\/i0.wp.com\/www.grieta.org.mx\/wp-content\/uploads\/2020\/11\/WhatsApp-Image-2020-11-10-at-5.15.41-PM-1160x700-1.jpeg?resize=525%2C300 1.5x, https:\/\/i0.wp.com\/www.grieta.org.mx\/wp-content\/uploads\/2020\/11\/WhatsApp-Image-2020-11-10-at-5.15.41-PM-1160x700-1.jpeg?resize=700%2C400 2x, https:\/\/i0.wp.com\/www.grieta.org.mx\/wp-content\/uploads\/2020\/11\/WhatsApp-Image-2020-11-10-at-5.15.41-PM-1160x700-1.jpeg?resize=1050%2C600 3x"},"classes":[]},{"id":41759,"url":"http:\/\/www.grieta.org.mx\/index.php\/2019\/11\/19\/comision-de-busqueda-atiende-39-reportes-san-luis-potosi\/","url_meta":{"origin":63825,"position":5},"title":"Comisi\u00f3n de B\u00fasqueda atiende 39 reportes (San Luis Potos\u00ed)","author":"grieta","date":"19 noviembre, 2019","format":false,"excerpt":"29 son del caso Pirasol; hace 10 a\u00f1os que desapareci\u00f3 un autob\u00fas con trabajadores y siguen desaparecidos Mayra Trist\u00e1n\/El Sol de San Luis La Comisi\u00f3n Estatal de B\u00fasqueda tiene reporte de 39 personas desparecidas en San Luis Potos\u00ed, de las cuales, 10 son migrantes mexicanos y centroamericanos, inform\u00f3 Jes\u00fas Ju\u00e1rez\u2026","rel":"","context":"En &quot;CINTILLO&quot;","block_context":{"text":"CINTILLO","link":"http:\/\/www.grieta.org.mx\/index.php\/category\/cintillo\/"},"img":{"alt_text":"","src":"https:\/\/i0.wp.com\/www.grieta.org.mx\/wp-content\/uploads\/2019\/12\/desaparecidos.png?resize=350%2C200","width":350,"height":200,"srcset":"https:\/\/i0.wp.com\/www.grieta.org.mx\/wp-content\/uploads\/2019\/12\/desaparecidos.png?resize=350%2C200 1x, https:\/\/i0.wp.com\/www.grieta.org.mx\/wp-content\/uploads\/2019\/12\/desaparecidos.png?resize=525%2C300 1.5x, https:\/\/i0.wp.com\/www.grieta.org.mx\/wp-content\/uploads\/2019\/12\/desaparecidos.png?resize=700%2C400 2x"},"classes":[]}],"_links":{"self":[{"href":"http:\/\/www.grieta.org.mx\/index.php\/wp-json\/wp\/v2\/posts\/63825","targetHints":{"allow":["GET"]}}],"collection":[{"href":"http:\/\/www.grieta.org.mx\/index.php\/wp-json\/wp\/v2\/posts"}],"about":[{"href":"http:\/\/www.grieta.org.mx\/index.php\/wp-json\/wp\/v2\/types\/post"}],"author":[{"embeddable":true,"href":"http:\/\/www.grieta.org.mx\/index.php\/wp-json\/wp\/v2\/users\/2"}],"replies":[{"embeddable":true,"href":"http:\/\/www.grieta.org.mx\/index.php\/wp-json\/wp\/v2\/comments?post=63825"}],"version-history":[{"count":1,"href":"http:\/\/www.grieta.org.mx\/index.php\/wp-json\/wp\/v2\/posts\/63825\/revisions"}],"predecessor-version":[{"id":63827,"href":"http:\/\/www.grieta.org.mx\/index.php\/wp-json\/wp\/v2\/posts\/63825\/revisions\/63827"}],"wp:featuredmedia":[{"embeddable":true,"href":"http:\/\/www.grieta.org.mx\/index.php\/wp-json\/wp\/v2\/media\/63826"}],"wp:attachment":[{"href":"http:\/\/www.grieta.org.mx\/index.php\/wp-json\/wp\/v2\/media?parent=63825"}],"wp:term":[{"taxonomy":"category","embeddable":true,"href":"http:\/\/www.grieta.org.mx\/index.php\/wp-json\/wp\/v2\/categories?post=63825"},{"taxonomy":"post_tag","embeddable":true,"href":"http:\/\/www.grieta.org.mx\/index.php\/wp-json\/wp\/v2\/tags?post=63825"}],"curies":[{"name":"wp","href":"https:\/\/api.w.org\/{rel}","templated":true}]}}