{"id":63778,"date":"2022-01-18T16:37:12","date_gmt":"2022-01-18T22:37:12","guid":{"rendered":"http:\/\/www.grieta.org.mx\/?p=63778"},"modified":"2022-03-21T04:45:50","modified_gmt":"2022-03-21T10:45:50","slug":"memoria-y-verdad-autoridades-de-oaxaca-postergan-busqueda-de-cuerpo-buscadoras-denuncian-insensibilidad","status":"publish","type":"post","link":"http:\/\/www.grieta.org.mx\/index.php\/2022\/01\/18\/memoria-y-verdad-autoridades-de-oaxaca-postergan-busqueda-de-cuerpo-buscadoras-denuncian-insensibilidad\/","title":{"rendered":"Memoria y verdad: Autoridades de Oaxaca postergan b\u00fasqueda de cuerpo; buscadoras denuncian insensibilidad"},"content":{"rendered":"<p>Pi\u00e9 de P\u00e1gina \/ Texto y fotos: Diana Manzo.<\/p>\n<p><img loading=\"lazy\" decoding=\"async\" data-attachment-id=\"63779\" data-permalink=\"http:\/\/www.grieta.org.mx\/index.php\/2022\/01\/18\/memoria-y-verdad-autoridades-de-oaxaca-postergan-busqueda-de-cuerpo-buscadoras-denuncian-insensibilidad\/d1-10\/\" data-orig-file=\"http:\/\/www.grieta.org.mx\/wp-content\/uploads\/2022\/03\/D1.jpeg\" data-orig-size=\"950,498\" data-comments-opened=\"0\" data-image-meta=\"{&quot;aperture&quot;:&quot;0&quot;,&quot;credit&quot;:&quot;&quot;,&quot;camera&quot;:&quot;&quot;,&quot;caption&quot;:&quot;&quot;,&quot;created_timestamp&quot;:&quot;0&quot;,&quot;copyright&quot;:&quot;&quot;,&quot;focal_length&quot;:&quot;0&quot;,&quot;iso&quot;:&quot;0&quot;,&quot;shutter_speed&quot;:&quot;0&quot;,&quot;title&quot;:&quot;&quot;,&quot;orientation&quot;:&quot;1&quot;}\" data-image-title=\"D1\" data-image-description=\"\" data-image-caption=\"\" data-medium-file=\"http:\/\/www.grieta.org.mx\/wp-content\/uploads\/2022\/03\/D1-300x157.jpeg\" data-large-file=\"http:\/\/www.grieta.org.mx\/wp-content\/uploads\/2022\/03\/D1.jpeg\" class=\"alignnone wp-image-63779\" src=\"http:\/\/www.grieta.org.mx\/wp-content\/uploads\/2022\/03\/D1.jpeg\" alt=\"\" width=\"800\" height=\"419\" srcset=\"http:\/\/www.grieta.org.mx\/wp-content\/uploads\/2022\/03\/D1.jpeg 950w, http:\/\/www.grieta.org.mx\/wp-content\/uploads\/2022\/03\/D1-300x157.jpeg 300w, http:\/\/www.grieta.org.mx\/wp-content\/uploads\/2022\/03\/D1-768x403.jpeg 768w\" sizes=\"auto, (max-width: 800px) 100vw, 800px\" \/><\/p>\n<p>El colectivo de b\u00fasqueda Sabuesos Guerreras en Oaxaca hall\u00f3 restos de una persona en Totolapan, pero la Comisi\u00f3n Estatal de B\u00fasqueda posterg\u00f3 las labores para ampliar el plan, seg\u00fan argument\u00f3. Las buscadoras denuncian falta de sensibilidad.<\/p>\n<p>JUCHIT\u00c1N, OAXACA.- \u201cSe encontr\u00f3 un cr\u00e1neo ayer en Totolapan, Oaxaca, ahora falta el resto del cuerpo, pero las autoridades dicen que volvamos a fin de mes, eso es insensibilidad\u00bb, denunci\u00f3 Mar\u00eda Isabel Cruz Bernal, coordinadora de Sabuesos Guerreras \u201cextensi\u00f3n Oaxaca\u201d.<\/p>\n<p>Mar\u00eda Isabel Cruz Bernal brinda acompa\u00f1amiento a las v\u00edctimas indirectas que buscan a un familiar en la zona de Totolapan, Oaxaca, e hizo un llamado a la comisionada estatal de Busqueda de Personas, Edilberta Cruz Regino, para que retome lo antes posible las labores de b\u00fasqueda, que se llevan a cabo en el municipio de San Pedro Totolapa, pues la Fiscal\u00eda General de Oaxaca inform\u00f3 que retomar\u00eda la b\u00fasqued a a fin de mes.<\/p>\n<p>\u201cHasta el \u00faltimo hueso encontraremos, por eso seguiremos con la busqueda\u201d, inform\u00f3 la coordinadora de Las Sabuesos Guerreras, quienes son un grupo de mujeres y familiares que se organizaron para realizar la b\u00fasqueda de sus parientes en el territorio oaxaque\u00f1o.<\/p>\n<p>En el mes de agosto del 2021, Sabuesos Guerreras Oaxaca inici\u00f3 su primera b\u00fasqueda en la zona centro de Oaxaca, y cinco meses despu\u00e9s hallaron el primer resto humano, que es un cr\u00e1neo.<\/p>\n<p>\u201cEl hallazgo de un cr\u00e1neo es una evidencia que no se debe soltar y es alto relevante para nosotras las madres y familiares buscadoras, porque nos dice que hay m\u00e1s restos y no descansaremos hasta desenterrarlos, pero desafortunadamente no vemos disposici\u00f3n de las autoridades, nos dejan solos y nos dicen que volver\u00e1n a fin de mes, eso no es dignificar nada, eso es no importarles\u201d.<br \/>\nMar\u00eda Isabel Cruz Bernal<\/p>\n<p>Mar\u00eda Isabel Cruz Bernal es oaxaque\u00f1a y fundadora de Sabuesos Guerreras. Desde hace m\u00e1s de una d\u00e9cada busca a su hijo desaparecido.<\/p>\n<p>\u201cNosotras no queremos palmaditas en la espalda, queremos y exigimos que trabajen, que nos den resultados de nuestro hallazgo, porque no descansaremos hasta encontrar el \u00faltimo hueso, nuestro plan es dignificar la desaparici\u00f3n y que las autoridades cumplan\u201d.<\/p>\n<p>En un comunicado, la Fiscal\u00eda General de Oaxaca y la Comisi\u00f3n Estatal de B\u00fasqueda de Personas Desaparecidas de Oaxaca, informaron que tras la b\u00fasqueda coordin\u00f3 y ejecut\u00f3 un operativo de b\u00fasqueda de personas reportadas como desaparecidas y no localizadas, en la regi\u00f3n de Valles Centrales, con el apoyo y colaboraci\u00f3n de Guardia Nacional, Secretar\u00eda de la Defensa Nacional (SEDENA), Secretar\u00eda de Seguridad P\u00fablica de Oaxaca (SSPO), Cruz Roja Mexicana (Delegaci\u00f3n Tlacolula de Matamoros) y de las v\u00edctimas indirectas.<\/p>\n<p><img loading=\"lazy\" decoding=\"async\" data-attachment-id=\"63780\" data-permalink=\"http:\/\/www.grieta.org.mx\/index.php\/2022\/01\/18\/memoria-y-verdad-autoridades-de-oaxaca-postergan-busqueda-de-cuerpo-buscadoras-denuncian-insensibilidad\/d2-8\/\" data-orig-file=\"http:\/\/www.grieta.org.mx\/wp-content\/uploads\/2022\/03\/D2.jpeg\" data-orig-size=\"600,742\" data-comments-opened=\"0\" data-image-meta=\"{&quot;aperture&quot;:&quot;0&quot;,&quot;credit&quot;:&quot;&quot;,&quot;camera&quot;:&quot;&quot;,&quot;caption&quot;:&quot;&quot;,&quot;created_timestamp&quot;:&quot;0&quot;,&quot;copyright&quot;:&quot;&quot;,&quot;focal_length&quot;:&quot;0&quot;,&quot;iso&quot;:&quot;0&quot;,&quot;shutter_speed&quot;:&quot;0&quot;,&quot;title&quot;:&quot;&quot;,&quot;orientation&quot;:&quot;1&quot;}\" data-image-title=\"D2\" data-image-description=\"\" data-image-caption=\"\" data-medium-file=\"http:\/\/www.grieta.org.mx\/wp-content\/uploads\/2022\/03\/D2-243x300.jpeg\" data-large-file=\"http:\/\/www.grieta.org.mx\/wp-content\/uploads\/2022\/03\/D2.jpeg\" class=\"alignnone wp-image-63780\" src=\"http:\/\/www.grieta.org.mx\/wp-content\/uploads\/2022\/03\/D2.jpeg\" alt=\"\" width=\"800\" height=\"989\" srcset=\"http:\/\/www.grieta.org.mx\/wp-content\/uploads\/2022\/03\/D2.jpeg 600w, http:\/\/www.grieta.org.mx\/wp-content\/uploads\/2022\/03\/D2-243x300.jpeg 243w\" sizes=\"auto, (max-width: 800px) 100vw, 800px\" \/><\/p>\n<p>\u00abImplementaremos un nuevo plan de b\u00fasqueda\u00bb<\/p>\n<p>Por su parte, Edilberta Cruz Regino, comisionada estatal de Busqueda de Personas confirm\u00f3 los resultados positivos del plan de b\u00fasqueda, pero dijo que por cuestiones de log\u00edstica se reanudar\u00e1 en los pr\u00f3ximos dias, porque el plan se ampliar\u00e1.<\/p>\n<p>\u201cLa b\u00fasqueda de Totolapan fue realmente exhaustiva, nuestro personal regres\u00f3 cansado y adem\u00e1s nos faltan materiales y equipo, todo debe ir en orden, nosotros como Comisi\u00f3n en ning\u00fan momento estamos abandonando la b\u00fasqueda, al contrario, tenemos la intenci\u00f3n de hallar hasta el \u00faltimo resto, pero lo haremos, en los pr\u00f3ximos d\u00edas con un nuevo plan de b\u00fasqueda que implique una mayor seguridad\u201d, agreg\u00f3.<\/p>\n<p>Aclar\u00f3 que en ning\u00fan momento se trata de dejadez o abandono de la b\u00fasqueda, sino que simplemente, por las condiciones geogr\u00e1ficas del sitio, es necesario contar con todas las herramientas y equipo necesario, como son cuerdas especiales y otros materiales que requieren adquirir en sitios especiales.<\/p>\n<p>\u201cEstamos en la mejor disposici\u00f3n de ayudar\u201d, extern\u00f3 la funcionaria estatal que aclar\u00f3 que en estos seis meses de haberse creado la Comisi\u00f3n Estatal de Busqueda de Personas ha sido un desaf\u00edo, pero que por fortuna han superado con la coordinaci\u00f3n y acompa\u00f1amiento  de dependencias aliadas.<\/p>\n<p>Por \u00faltimo dej\u00f3 claro que el trato es igual para los colectivos como grupos y v\u00edctimas directas de personas desaparecidas y su mejor intenci\u00f3n es ayudar.<\/p>\n<p>*Esta nota fue realizada por ISTMOPRESS, integrante de la alianza de mdedios de la Red de Periodistas de a Pie.<\/p>\n<p><a href=\"https:\/\/piedepagina.mx\/autoridades-de-oaxaca-postergan-busqueda-de-cuerpo-buscadoras-denuncian-insensibilidad\/\" rel=\"noopener\" target=\"_blank\">https:\/\/piedepagina.mx\/autoridades-de-oaxaca-postergan-busqueda-de-cuerpo-buscadoras-denuncian-insensibilidad\/<\/a><\/p>\n","protected":false},"excerpt":{"rendered":"<p>Pi\u00e9 de P\u00e1gina \/ Texto y fotos: Diana Manzo. El colectivo de b\u00fasqueda Sabuesos Guerreras en Oaxaca hall\u00f3 restos de una persona en Totolapan, pero la Comisi\u00f3n Estatal de B\u00fasqueda &hellip; <a href=\"http:\/\/www.grieta.org.mx\/index.php\/2022\/01\/18\/memoria-y-verdad-autoridades-de-oaxaca-postergan-busqueda-de-cuerpo-buscadoras-denuncian-insensibilidad\/\" class=\"more-link\">Leer m\u00e1s<\/a><\/p>\n","protected":false},"author":2,"featured_media":63779,"comment_status":"closed","ping_status":"closed","sticky":false,"template":"","format":"standard","meta":{"ngg_post_thumbnail":0,"_jetpack_newsletter_access":"","_jetpack_dont_email_post_to_subs":false,"_jetpack_newsletter_tier_id":0,"_jetpack_memberships_contains_paywalled_content":false,"_jetpack_memberships_contains_paid_content":false,"footnotes":""},"categories":[80,2832,2,25],"tags":[],"class_list":["post-63778","post","type-post","status-publish","format-standard","has-post-thumbnail","hentry","category-cintillo","category-desaparecidos-en-oaxaca","category-noticias-nacionales","category-oaxaca","entry"],"jetpack_featured_media_url":"http:\/\/www.grieta.org.mx\/wp-content\/uploads\/2022\/03\/D1.jpeg","jetpack_sharing_enabled":true,"jetpack_shortlink":"https:\/\/wp.me\/p7ZJR4-gAG","jetpack_likes_enabled":false,"jetpack-related-posts":[{"id":61254,"url":"http:\/\/www.grieta.org.mx\/index.php\/2021\/08\/11\/inicia-comision-de-busqueda-de-oaxaca-su-trabajo-sin-presupuesto-colectivos-ayudan-en-busquedas\/","url_meta":{"origin":63778,"position":0},"title":"Inicia Comisi\u00f3n de B\u00fasqueda de Oaxaca su trabajo sin presupuesto; colectivos ayudan en b\u00fasquedas","author":"grieta","date":"11 agosto, 2021","format":false,"excerpt":"Educa \/ Redacci\u00f3n. Un grupo de mujeres integrantes del colectivo de b\u00fasqueda de personas \u201cSabuesos Guerreras\u201d, originaria de Culiac\u00e1n Sinaloa, informaron que buscan ayudar a la ciudadan\u00eda en Oaxaca, en la localizaci\u00f3n de sus familiares. En conferencia de prensa, frente al templo de Santo Domingo de Guzm\u00e1n, indicaron que formar\u00e1n\u2026","rel":"","context":"En &quot;CINTILLO&quot;","block_context":{"text":"CINTILLO","link":"http:\/\/www.grieta.org.mx\/index.php\/category\/cintillo\/"},"img":{"alt_text":"","src":"https:\/\/i0.wp.com\/www.grieta.org.mx\/wp-content\/uploads\/2021\/08\/E.jpg?resize=350%2C200","width":350,"height":200,"srcset":"https:\/\/i0.wp.com\/www.grieta.org.mx\/wp-content\/uploads\/2021\/08\/E.jpg?resize=350%2C200 1x, https:\/\/i0.wp.com\/www.grieta.org.mx\/wp-content\/uploads\/2021\/08\/E.jpg?resize=525%2C300 1.5x, https:\/\/i0.wp.com\/www.grieta.org.mx\/wp-content\/uploads\/2021\/08\/E.jpg?resize=700%2C400 2x"},"classes":[]},{"id":34921,"url":"http:\/\/www.grieta.org.mx\/index.php\/2019\/06\/16\/nada-que-celebrar-en-el-dia-del-padre-sabuesos-guerreras-sinaloa\/","url_meta":{"origin":63778,"position":1},"title":"&#8220;Nada que celebrar&#8221; en el d\u00eda del padre: Sabuesos Guerreras (Sinaloa)","author":"grieta","date":"16 junio, 2019","format":false,"excerpt":"Jes\u00fas Verdugo \/ El Sol de Sinaloa Culiac\u00e1n,Sin.\u00a0El grupo de b\u00fasqueda de desaparecidos;\u00a0Sabuesos Guerreras A.C.\u00a0protest\u00f3 pac\u00edficamente\u00a0en el kiosko de la Plazuela Obreg\u00f3n a un costado de la Catedral colgando lonas con la leyenda \"no m\u00e1s desaparecidos\" y fotos de los hijos y familiares de sus integrantes. Mar\u00eda Isabel Bernal, dirigente\u2026","rel":"","context":"En &quot;CINTILLO&quot;","block_context":{"text":"CINTILLO","link":"http:\/\/www.grieta.org.mx\/index.php\/category\/cintillo\/"},"img":{"alt_text":"","src":"https:\/\/i0.wp.com\/www.grieta.org.mx\/wp-content\/uploads\/2019\/06\/sabuesos-guerreras-manifestacion-catedral-4-1-o89mlge361iz7fxyaf0c1tgbomndh4w4k23jcdfv60.jpeg?resize=350%2C200","width":350,"height":200,"srcset":"https:\/\/i0.wp.com\/www.grieta.org.mx\/wp-content\/uploads\/2019\/06\/sabuesos-guerreras-manifestacion-catedral-4-1-o89mlge361iz7fxyaf0c1tgbomndh4w4k23jcdfv60.jpeg?resize=350%2C200 1x, https:\/\/i0.wp.com\/www.grieta.org.mx\/wp-content\/uploads\/2019\/06\/sabuesos-guerreras-manifestacion-catedral-4-1-o89mlge361iz7fxyaf0c1tgbomndh4w4k23jcdfv60.jpeg?resize=525%2C300 1.5x, https:\/\/i0.wp.com\/www.grieta.org.mx\/wp-content\/uploads\/2019\/06\/sabuesos-guerreras-manifestacion-catedral-4-1-o89mlge361iz7fxyaf0c1tgbomndh4w4k23jcdfv60.jpeg?resize=700%2C400 2x, https:\/\/i0.wp.com\/www.grieta.org.mx\/wp-content\/uploads\/2019\/06\/sabuesos-guerreras-manifestacion-catedral-4-1-o89mlge361iz7fxyaf0c1tgbomndh4w4k23jcdfv60.jpeg?resize=1050%2C600 3x"},"classes":[]},{"id":36991,"url":"http:\/\/www.grieta.org.mx\/index.php\/2019\/07\/23\/que-deje-la-pala-sabuesos-guerreras-exigen-plan-de-trabajo-a-comisionado-estatal-de-busqueda-sinaloa\/","url_meta":{"origin":63778,"position":2},"title":"\u201cQue deje la pala\u201d Sabuesos Guerreras exigen plan de trabajo a Comisionado Estatal de B\u00fasqueda (Sinaloa)","author":"grieta","date":"23 julio, 2019","format":false,"excerpt":"Jorge Cuen \/ Espejo La presidenta del colectivo Sabuesos Guerreras pidi\u00f3 al Comisionado Estatal de B\u00fasqueda que \u2018deje la pala\u2019 y \u2018se ponga las pilas\u2019. Que\u00a0\u2018suelte la pala\u2019 y presente un plan de trabajo exigi\u00f3 el colectivo de b\u00fasqueda de desaparecidos, Sabuesos Guerreras A.C., al Comisionado Estatal de B\u00fasqueda, Juan\u2026","rel":"","context":"En &quot;CINTILLO&quot;","block_context":{"text":"CINTILLO","link":"http:\/\/www.grieta.org.mx\/index.php\/category\/cintillo\/"},"img":{"alt_text":"","src":"https:\/\/i0.wp.com\/www.grieta.org.mx\/wp-content\/uploads\/2019\/07\/sabuesos-1.jpg?resize=350%2C200","width":350,"height":200,"srcset":"https:\/\/i0.wp.com\/www.grieta.org.mx\/wp-content\/uploads\/2019\/07\/sabuesos-1.jpg?resize=350%2C200 1x, https:\/\/i0.wp.com\/www.grieta.org.mx\/wp-content\/uploads\/2019\/07\/sabuesos-1.jpg?resize=525%2C300 1.5x, https:\/\/i0.wp.com\/www.grieta.org.mx\/wp-content\/uploads\/2019\/07\/sabuesos-1.jpg?resize=700%2C400 2x, https:\/\/i0.wp.com\/www.grieta.org.mx\/wp-content\/uploads\/2019\/07\/sabuesos-1.jpg?resize=1050%2C600 3x"},"classes":[]},{"id":62192,"url":"http:\/\/www.grieta.org.mx\/index.php\/2021\/10\/05\/la-desaparicion-de-claudia-uruchurtu-un-iceberg-que-emerge-en-oaxaca\/","url_meta":{"origin":63778,"position":3},"title":"La desaparici\u00f3n de Claudia Uruchurtu: un iceberg que emerge en Oaxaca","author":"grieta","date":"5 octubre, 2021","format":false,"excerpt":"Corriente Alterna \/ Rafael E. Lozano. Claudia Uruchurtu, activista de Nochixtl\u00e1n, es v\u00edctima de desaparici\u00f3n forzada desde el 26 de marzo de 2021. Foto: Cortes\u00eda de la familia Uruchurtu. Oaxaca de Ju\u00e1rez. \u201c\u00bfEs un huesito de pollo o de mano?\u201d, pregunta una de las mujeres que busca a sus familiares\u2026","rel":"","context":"En &quot;CINTILLO&quot;","block_context":{"text":"CINTILLO","link":"http:\/\/www.grieta.org.mx\/index.php\/category\/cintillo\/"},"img":{"alt_text":"","src":"https:\/\/i0.wp.com\/www.grieta.org.mx\/wp-content\/uploads\/2021\/10\/2.jpg?resize=350%2C200","width":350,"height":200,"srcset":"https:\/\/i0.wp.com\/www.grieta.org.mx\/wp-content\/uploads\/2021\/10\/2.jpg?resize=350%2C200 1x, https:\/\/i0.wp.com\/www.grieta.org.mx\/wp-content\/uploads\/2021\/10\/2.jpg?resize=525%2C300 1.5x, https:\/\/i0.wp.com\/www.grieta.org.mx\/wp-content\/uploads\/2021\/10\/2.jpg?resize=700%2C400 2x, https:\/\/i0.wp.com\/www.grieta.org.mx\/wp-content\/uploads\/2021\/10\/2.jpg?resize=1050%2C600 3x"},"classes":[]},{"id":42925,"url":"http:\/\/www.grieta.org.mx\/index.php\/2020\/01\/11\/si-el-comisionado-de-busqueda-no-esta-dando-resultados-que-renuncie-sabuesos-guerreras-sinaloa\/","url_meta":{"origin":63778,"position":4},"title":"\u00abSi el comisionado de b\u00fasqueda no est\u00e1 dando resultados, que renuncie\u00bb, Sabuesos Guerreras (Sinaloa)","author":"grieta","date":"11 enero, 2020","format":false,"excerpt":"Jorge Cuen\/ESPEJO Coment\u00f3 que bajo su opini\u00f3n, la forma en la que mantienen silenciadas a las familias de desaparecidos es d\u00e1ndoles dinero y ah\u00ed es a donde se va todo el presupuesto de esta comisi\u00f3n. Debido a la alza que ha estado habiendo en la ciudad, Mar\u00eda Isabel Cruz Bernal,\u2026","rel":"","context":"En &quot;CINTILLO&quot;","block_context":{"text":"CINTILLO","link":"http:\/\/www.grieta.org.mx\/index.php\/category\/cintillo\/"},"img":{"alt_text":"","src":"https:\/\/i0.wp.com\/www.grieta.org.mx\/wp-content\/uploads\/2020\/01\/estamos_parados_en_una_gran_fosa_clandestina_activistas_de_sinaloa.jpg_219914347.jpg?resize=350%2C200","width":350,"height":200,"srcset":"https:\/\/i0.wp.com\/www.grieta.org.mx\/wp-content\/uploads\/2020\/01\/estamos_parados_en_una_gran_fosa_clandestina_activistas_de_sinaloa.jpg_219914347.jpg?resize=350%2C200 1x, https:\/\/i0.wp.com\/www.grieta.org.mx\/wp-content\/uploads\/2020\/01\/estamos_parados_en_una_gran_fosa_clandestina_activistas_de_sinaloa.jpg_219914347.jpg?resize=525%2C300 1.5x, https:\/\/i0.wp.com\/www.grieta.org.mx\/wp-content\/uploads\/2020\/01\/estamos_parados_en_una_gran_fosa_clandestina_activistas_de_sinaloa.jpg_219914347.jpg?resize=700%2C400 2x"},"classes":[]},{"id":69670,"url":"http:\/\/www.grieta.org.mx\/index.php\/2024\/08\/30\/hay-mas-de-4-mil-personas-desaparecidas-en-oaxaca-denuncian-colectivas-que-exigen-alto-a-la-impunidad\/","url_meta":{"origin":63778,"position":5},"title":"Hay m\u00e1s de 4 mil personas desaparecidas en Oaxaca denuncian colectivas que exigen alto a la impunidad","author":"grieta","date":"30 agosto, 2024","format":false,"excerpt":"Imagen: Tomada de la Red Diana Manzo \/ Agencia de Noticias IstmoPress #Oaxaca 30 Ago (#Istmopress) \u2013 Con fotograf\u00edas de sus hijas, hermanos, parientes y amigos, colectivas oaxaque\u00f1as y activistas marcharon para exigir un alto a la impunidad para encontrar a las 4 mil personas que han desaparecido en Oaxaca.\u2026","rel":"","context":"En &quot;CINTILLO&quot;","block_context":{"text":"CINTILLO","link":"http:\/\/www.grieta.org.mx\/index.php\/category\/cintillo\/"},"img":{"alt_text":"","src":"https:\/\/i0.wp.com\/www.grieta.org.mx\/wp-content\/uploads\/2024\/09\/1725083712936.jpg?resize=350%2C200","width":350,"height":200,"srcset":"https:\/\/i0.wp.com\/www.grieta.org.mx\/wp-content\/uploads\/2024\/09\/1725083712936.jpg?resize=350%2C200 1x, https:\/\/i0.wp.com\/www.grieta.org.mx\/wp-content\/uploads\/2024\/09\/1725083712936.jpg?resize=525%2C300 1.5x, https:\/\/i0.wp.com\/www.grieta.org.mx\/wp-content\/uploads\/2024\/09\/1725083712936.jpg?resize=700%2C400 2x, https:\/\/i0.wp.com\/www.grieta.org.mx\/wp-content\/uploads\/2024\/09\/1725083712936.jpg?resize=1050%2C600 3x"},"classes":[]}],"_links":{"self":[{"href":"http:\/\/www.grieta.org.mx\/index.php\/wp-json\/wp\/v2\/posts\/63778","targetHints":{"allow":["GET"]}}],"collection":[{"href":"http:\/\/www.grieta.org.mx\/index.php\/wp-json\/wp\/v2\/posts"}],"about":[{"href":"http:\/\/www.grieta.org.mx\/index.php\/wp-json\/wp\/v2\/types\/post"}],"author":[{"embeddable":true,"href":"http:\/\/www.grieta.org.mx\/index.php\/wp-json\/wp\/v2\/users\/2"}],"replies":[{"embeddable":true,"href":"http:\/\/www.grieta.org.mx\/index.php\/wp-json\/wp\/v2\/comments?post=63778"}],"version-history":[{"count":1,"href":"http:\/\/www.grieta.org.mx\/index.php\/wp-json\/wp\/v2\/posts\/63778\/revisions"}],"predecessor-version":[{"id":63782,"href":"http:\/\/www.grieta.org.mx\/index.php\/wp-json\/wp\/v2\/posts\/63778\/revisions\/63782"}],"wp:featuredmedia":[{"embeddable":true,"href":"http:\/\/www.grieta.org.mx\/index.php\/wp-json\/wp\/v2\/media\/63779"}],"wp:attachment":[{"href":"http:\/\/www.grieta.org.mx\/index.php\/wp-json\/wp\/v2\/media?parent=63778"}],"wp:term":[{"taxonomy":"category","embeddable":true,"href":"http:\/\/www.grieta.org.mx\/index.php\/wp-json\/wp\/v2\/categories?post=63778"},{"taxonomy":"post_tag","embeddable":true,"href":"http:\/\/www.grieta.org.mx\/index.php\/wp-json\/wp\/v2\/tags?post=63778"}],"curies":[{"name":"wp","href":"https:\/\/api.w.org\/{rel}","templated":true}]}}