{"id":63729,"date":"2022-03-19T10:22:03","date_gmt":"2022-03-19T16:22:03","guid":{"rendered":"https:\/\/www.grieta.org.mx\/?p=63729"},"modified":"2022-03-19T10:23:31","modified_gmt":"2022-03-19T16:23:31","slug":"asesinaron-a-481-mujeres-en-colima-en-nueve-anos","status":"publish","type":"post","link":"http:\/\/www.grieta.org.mx\/index.php\/2022\/03\/19\/asesinaron-a-481-mujeres-en-colima-en-nueve-anos\/","title":{"rendered":"Asesinaron a 481 mujeres en Colima en nueve a\u00f1os"},"content":{"rendered":"<p>Foto: Diario Avanzada<\/p>\n<p>Redacci\u00f3n \/ Diario Avanzada<\/p>\n<p>Colima, M\u00e9xico, Avanzada (19\/03\/2022).- En nueve a\u00f1os fueron asesinadas 481 mujeres en el estado de Colima, de acuerdo con datos del Instituto Nacional de Estad\u00edstica y Geograf\u00eda (Inegi) y del Secretariado Ejecutivo del Sistema Nacional de Seguridad P\u00fablica.<\/p>\n<p>El a\u00f1o m\u00e1s letal fue el 2020 cuando la autoridad reconoci\u00f3 un total de 98 homicidios de mujeres, pero las organizaciones civiles alertaron que la cifra pudo haber sido mayor.<\/p>\n<p>Las estad\u00edsticas exponen que desde enero de 2013\u00a0a diciembre de 2021,\u00a0se cometieron\u00a0481 asesinatos de mujeres en Colima,\u00a0en medio de una tendencia creciente, que no ha disminuido a pesar de que la Secretar\u00eda de Gobernaci\u00f3n emiti\u00f3 el 20 de junio de 2017 la Alerta de Violencia de G\u00e9nero para cinco municipios del estado.<\/p>\n<p>La informaci\u00f3n del Instituto Nacional de Estad\u00edstica y Geograf\u00eda (Inegi), refiere que entre el 2013 y 2019 se quintuplic\u00f3 el n\u00famero de asesinatos de mujeres en la entidad,\u00a0ya que 2013 se reportaron 18 casos y\u00a0en el 2019 el n\u00famero de v\u00edctimas fue de 85.<\/p>\n<p>Adem\u00e1s, en 2020 el Secretariado Ejecutivo del Sistema Nacional de Seguridad P\u00fablica reconoci\u00f3 98 asesinatos de mujeres, la cifra m\u00e1s alta de los \u00faltimos nueve a\u00f1os; en 2021 se abrieron 64 carpetas de investigaci\u00f3n ante la Fiscal\u00eda por homicidio doloso de mujeres.<\/p>\n<p>Los datos de asesinatos de mujeres correspondientes a 2021 colocan a Colima en los primeros lugares a nivel nacional.\u00a0La mayor\u00eda de los asesinatos de mujeres permanecen en la impunidad, seg\u00fan el reporte de Impunidad Cero, quien document\u00f3 que en el 2020, 8 de cada 10 feminicidios quedaban sin castigo.<\/p>\n<p><a href=\"https:\/\/www.diarioavanzada.com.mx\/?p=31313\">https:\/\/www.diarioavanzada.com.mx\/?p=31313<\/a><\/p>\n","protected":false},"excerpt":{"rendered":"<p>Foto: Diario Avanzada Redacci\u00f3n \/ Diario Avanzada Colima, M\u00e9xico, Avanzada (19\/03\/2022).- En nueve a\u00f1os fueron asesinadas 481 mujeres en el estado de Colima, de acuerdo con datos del Instituto Nacional &hellip; <a href=\"http:\/\/www.grieta.org.mx\/index.php\/2022\/03\/19\/asesinaron-a-481-mujeres-en-colima-en-nueve-anos\/\" class=\"more-link\">Leer m\u00e1s<\/a><\/p>\n","protected":false},"author":2,"featured_media":63730,"comment_status":"closed","ping_status":"closed","sticky":false,"template":"","format":"standard","meta":{"ngg_post_thumbnail":0,"_jetpack_newsletter_access":"","_jetpack_dont_email_post_to_subs":false,"_jetpack_newsletter_tier_id":0,"_jetpack_memberships_contains_paywalled_content":false,"_jetpack_memberships_contains_paid_content":false,"footnotes":""},"categories":[80,13,84,1016,2,83],"tags":[2959,2999,81],"class_list":["post-63729","post","type-post","status-publish","format-standard","has-post-thumbnail","hentry","category-cintillo","category-colima","category-feminicidios","category-feminicidios-en-colima","category-noticias-nacionales","category-temas-nacionales","tag-estadisticas-de-feminicidio","tag-feminicidio-violencia-contra-las-mujeres","tag-feminicidios","entry"],"jetpack_featured_media_url":"http:\/\/www.grieta.org.mx\/wp-content\/uploads\/2022\/03\/image-135.png","jetpack_sharing_enabled":true,"jetpack_shortlink":"https:\/\/wp.me\/p7ZJR4-gzT","jetpack_likes_enabled":false,"jetpack-related-posts":[{"id":54765,"url":"http:\/\/www.grieta.org.mx\/index.php\/2020\/11\/03\/feminicidio-incremento-100-en-colima\/","url_meta":{"origin":63729,"position":0},"title":"Feminicidio increment\u00f3 100% en Colima","author":"grieta","date":"3 noviembre, 2020","format":false,"excerpt":"Imagen: Diario Avanzada Heidi de Le\u00f3n Guti\u00e9rrez \/ Diario Avanzada Colima, M\u00e9xico, Avanzada (03\/11\/2020).- Durante los primeros nueve meses de este a\u00f1o, el feminicidio en la entidad aument\u00f3 en un 100 por ciento, en comparaci\u00f3n con el mismo periodo, pero de 2019. Adem\u00e1s, la entidad tiene la tasa m\u00e1s alta\u2026","rel":"","context":"En &quot;CINTILLO&quot;","block_context":{"text":"CINTILLO","link":"http:\/\/www.grieta.org.mx\/index.php\/category\/cintillo\/"},"img":{"alt_text":"","src":"https:\/\/i0.wp.com\/www.grieta.org.mx\/wp-content\/uploads\/2020\/11\/image-48.png?resize=350%2C200","width":350,"height":200},"classes":[]},{"id":70403,"url":"http:\/\/www.grieta.org.mx\/index.php\/2024\/10\/31\/el-2024-se-perfila-como-el-mas-violento-para-las-mujeres-en-la-historia-de-colima\/","url_meta":{"origin":63729,"position":1},"title":"El 2024 se perfila como el m\u00e1s violento para las mujeres en la historia de Colima","author":"grieta","date":"31 octubre, 2024","format":false,"excerpt":"Imagen: Diario Avanzada Heidi de Le\u00f3n Guti\u00e9rrez \/ Diario Avanzada Colima, M\u00e9xico, Avanzada (31\/10\/2024).- Colima enfrenta una crisis de violencia contra las mujeres, con 96 asesinatos registrados en los primeros nueve meses de 2024, seg\u00fan datos del Secretariado Ejecutivo del Sistema Nacional de Seguridad P\u00fablica (SESNSP). De continuar esta tendencia,\u2026","rel":"","context":"En &quot;CINTILLO&quot;","block_context":{"text":"CINTILLO","link":"http:\/\/www.grieta.org.mx\/index.php\/category\/cintillo\/"},"img":{"alt_text":"","src":"https:\/\/i0.wp.com\/www.grieta.org.mx\/wp-content\/uploads\/2024\/11\/5e02817a-3f45-4ddc-891b-c4c370edc579-1.jpg?resize=350%2C200","width":350,"height":200,"srcset":"https:\/\/i0.wp.com\/www.grieta.org.mx\/wp-content\/uploads\/2024\/11\/5e02817a-3f45-4ddc-891b-c4c370edc579-1.jpg?resize=350%2C200 1x, https:\/\/i0.wp.com\/www.grieta.org.mx\/wp-content\/uploads\/2024\/11\/5e02817a-3f45-4ddc-891b-c4c370edc579-1.jpg?resize=525%2C300 1.5x, https:\/\/i0.wp.com\/www.grieta.org.mx\/wp-content\/uploads\/2024\/11\/5e02817a-3f45-4ddc-891b-c4c370edc579-1.jpg?resize=700%2C400 2x, https:\/\/i0.wp.com\/www.grieta.org.mx\/wp-content\/uploads\/2024\/11\/5e02817a-3f45-4ddc-891b-c4c370edc579-1.jpg?resize=1050%2C600 3x, https:\/\/i0.wp.com\/www.grieta.org.mx\/wp-content\/uploads\/2024\/11\/5e02817a-3f45-4ddc-891b-c4c370edc579-1.jpg?resize=1400%2C800 4x"},"classes":[]},{"id":66216,"url":"http:\/\/www.grieta.org.mx\/index.php\/2023\/02\/01\/incrementaron-350-los-feminicidios-en-el-primer-ano-de-vizcaino-colima\/","url_meta":{"origin":63729,"position":2},"title":"Incrementaron 350 % los feminicidios en el primer a\u00f1o de Vizca\u00edno (Colima)","author":"grieta","date":"1 febrero, 2023","format":false,"excerpt":"Imagen: Diario Avanzada Heidi de Le\u00f3n Guti\u00e9rrez \/ Diario Avanzada Colima, M\u00e9xico, Avanzada (01\/02\/2023).- El primer a\u00f1o de gobierno de la mandataria estatal, Indira Vizca\u00edno Silva cerr\u00f3 con 350 por ciento m\u00e1s de v\u00edctimas de feminicidio y homicidio doloso de mujeres en comparaci\u00f3n con 2021. Los porcentajes anteriores muestran que\u2026","rel":"","context":"En &quot;CINTILLO&quot;","block_context":{"text":"CINTILLO","link":"http:\/\/www.grieta.org.mx\/index.php\/category\/cintillo\/"},"img":{"alt_text":"","src":"https:\/\/i0.wp.com\/www.grieta.org.mx\/wp-content\/uploads\/2023\/02\/Indira-Feminista.jpeg?resize=350%2C200","width":350,"height":200,"srcset":"https:\/\/i0.wp.com\/www.grieta.org.mx\/wp-content\/uploads\/2023\/02\/Indira-Feminista.jpeg?resize=350%2C200 1x, https:\/\/i0.wp.com\/www.grieta.org.mx\/wp-content\/uploads\/2023\/02\/Indira-Feminista.jpeg?resize=525%2C300 1.5x"},"classes":[]},{"id":55725,"url":"http:\/\/www.grieta.org.mx\/index.php\/2020\/12\/08\/impunes-80-por-ciento-de-los-feminicidios-que-se-cometieron-en-colima-en-los-ultimos-5-anos\/","url_meta":{"origin":63729,"position":3},"title":"Impunes, 80 por ciento de los feminicidios que se cometieron en Colima en los \u00faltimos 5 a\u00f1os","author":"grieta","date":"8 diciembre, 2020","format":false,"excerpt":"Foto: Diario Avanzada Heidi de Le\u00f3n Guti\u00e9rrez \/ Diario Avanzada Colima, M\u00e9xico, Avanzada (08\/12\/2020).- La organizaci\u00f3n \u201cImpunidad Cero\u201d revel\u00f3 que en Colima permanecen sin castigo el 80 por ciento de los feminicidios que se cometieron durante el 2019. Tambi\u00e9n advirti\u00f3 que existen entidades del pa\u00eds donde habr\u00eda un subregistro en\u2026","rel":"","context":"En &quot;CINTILLO&quot;","block_context":{"text":"CINTILLO","link":"http:\/\/www.grieta.org.mx\/index.php\/category\/cintillo\/"},"img":{"alt_text":"","src":"https:\/\/i0.wp.com\/www.grieta.org.mx\/wp-content\/uploads\/2020\/12\/01-27-feminicidios.png?resize=350%2C200","width":350,"height":200,"srcset":"https:\/\/i0.wp.com\/www.grieta.org.mx\/wp-content\/uploads\/2020\/12\/01-27-feminicidios.png?resize=350%2C200 1x, https:\/\/i0.wp.com\/www.grieta.org.mx\/wp-content\/uploads\/2020\/12\/01-27-feminicidios.png?resize=525%2C300 1.5x, https:\/\/i0.wp.com\/www.grieta.org.mx\/wp-content\/uploads\/2020\/12\/01-27-feminicidios.png?resize=700%2C400 2x"},"classes":[]},{"id":47258,"url":"http:\/\/www.grieta.org.mx\/index.php\/2020\/04\/06\/asesinan-a-18-mujeres-en-colima-solo-tres-se-clasificaron-como-feminicidio\/","url_meta":{"origin":63729,"position":4},"title":"Asesinan a 18 mujeres en Colima, s\u00f3lo tres se clasificaron como feminicidio","author":"grieta","date":"6 abril, 2020","format":false,"excerpt":"Imagen: Diario Avanzada Heidi de Le\u00f3n Gutierrez \/ Diario Avanzada Colima, M\u00e9xico, Avanzada (06\/04\/2020).- En el primer bimestre de este a\u00f1o en Colima asesinaron a 18 mujeres, pero s\u00f3lo tres casos fueron clasificados como feminicidios por la Fiscal\u00eda General del Estado. El pasado 23 de enero, la organizaci\u00f3n civil Causa\u2026","rel":"","context":"En &quot;CINTILLO&quot;","block_context":{"text":"CINTILLO","link":"http:\/\/www.grieta.org.mx\/index.php\/category\/cintillo\/"},"img":{"alt_text":"","src":"https:\/\/i0.wp.com\/www.grieta.org.mx\/wp-content\/uploads\/2020\/04\/Feminicidio.jpg?resize=350%2C200","width":350,"height":200,"srcset":"https:\/\/i0.wp.com\/www.grieta.org.mx\/wp-content\/uploads\/2020\/04\/Feminicidio.jpg?resize=350%2C200 1x, https:\/\/i0.wp.com\/www.grieta.org.mx\/wp-content\/uploads\/2020\/04\/Feminicidio.jpg?resize=525%2C300 1.5x, https:\/\/i0.wp.com\/www.grieta.org.mx\/wp-content\/uploads\/2020\/04\/Feminicidio.jpg?resize=700%2C400 2x, https:\/\/i0.wp.com\/www.grieta.org.mx\/wp-content\/uploads\/2020\/04\/Feminicidio.jpg?resize=1050%2C600 3x, https:\/\/i0.wp.com\/www.grieta.org.mx\/wp-content\/uploads\/2020\/04\/Feminicidio.jpg?resize=1400%2C800 4x"},"classes":[]},{"id":67829,"url":"http:\/\/www.grieta.org.mx\/index.php\/2023\/09\/25\/colima-primero-en-homicidios-de-mujeres-y-violencia-familiar-segundo-en-feminicidios\/","url_meta":{"origin":63729,"position":5},"title":"Colima, primero en homicidios de mujeres y violencia familiar; segundo en feminicidios","author":"grieta","date":"25 septiembre, 2023","format":false,"excerpt":"Imagen: Tomada de la Red Heidi de Le\u00f3n Guti\u00e9rrez \/ Diario Avanzada Colima, M\u00e9xico, Avanzada (25\/09\/2023).- A pesar de haber sido declarado con Alerta de Violencia de G\u00e9nero desde 2017, el estado de Colima contin\u00faa padeciendo la ola de violencia familiar y de g\u00e9nero. Las cifras son alarmantes: seg\u00fan el\u2026","rel":"","context":"En &quot;CINTILLO&quot;","block_context":{"text":"CINTILLO","link":"http:\/\/www.grieta.org.mx\/index.php\/category\/cintillo\/"},"img":{"alt_text":"","src":"https:\/\/i0.wp.com\/www.grieta.org.mx\/wp-content\/uploads\/2023\/10\/Imagen-de-WhatsApp-2023-09-25-a-las-08.16.28-840x1024-1.webp?resize=350%2C200","width":350,"height":200,"srcset":"https:\/\/i0.wp.com\/www.grieta.org.mx\/wp-content\/uploads\/2023\/10\/Imagen-de-WhatsApp-2023-09-25-a-las-08.16.28-840x1024-1.webp?resize=350%2C200 1x, https:\/\/i0.wp.com\/www.grieta.org.mx\/wp-content\/uploads\/2023\/10\/Imagen-de-WhatsApp-2023-09-25-a-las-08.16.28-840x1024-1.webp?resize=525%2C300 1.5x, https:\/\/i0.wp.com\/www.grieta.org.mx\/wp-content\/uploads\/2023\/10\/Imagen-de-WhatsApp-2023-09-25-a-las-08.16.28-840x1024-1.webp?resize=700%2C400 2x"},"classes":[]}],"_links":{"self":[{"href":"http:\/\/www.grieta.org.mx\/index.php\/wp-json\/wp\/v2\/posts\/63729","targetHints":{"allow":["GET"]}}],"collection":[{"href":"http:\/\/www.grieta.org.mx\/index.php\/wp-json\/wp\/v2\/posts"}],"about":[{"href":"http:\/\/www.grieta.org.mx\/index.php\/wp-json\/wp\/v2\/types\/post"}],"author":[{"embeddable":true,"href":"http:\/\/www.grieta.org.mx\/index.php\/wp-json\/wp\/v2\/users\/2"}],"replies":[{"embeddable":true,"href":"http:\/\/www.grieta.org.mx\/index.php\/wp-json\/wp\/v2\/comments?post=63729"}],"version-history":[{"count":1,"href":"http:\/\/www.grieta.org.mx\/index.php\/wp-json\/wp\/v2\/posts\/63729\/revisions"}],"predecessor-version":[{"id":63731,"href":"http:\/\/www.grieta.org.mx\/index.php\/wp-json\/wp\/v2\/posts\/63729\/revisions\/63731"}],"wp:featuredmedia":[{"embeddable":true,"href":"http:\/\/www.grieta.org.mx\/index.php\/wp-json\/wp\/v2\/media\/63730"}],"wp:attachment":[{"href":"http:\/\/www.grieta.org.mx\/index.php\/wp-json\/wp\/v2\/media?parent=63729"}],"wp:term":[{"taxonomy":"category","embeddable":true,"href":"http:\/\/www.grieta.org.mx\/index.php\/wp-json\/wp\/v2\/categories?post=63729"},{"taxonomy":"post_tag","embeddable":true,"href":"http:\/\/www.grieta.org.mx\/index.php\/wp-json\/wp\/v2\/tags?post=63729"}],"curies":[{"name":"wp","href":"https:\/\/api.w.org\/{rel}","templated":true}]}}