{"id":63726,"date":"2022-03-02T18:36:43","date_gmt":"2022-03-03T00:36:43","guid":{"rendered":"http:\/\/www.grieta.org.mx\/?p=63726"},"modified":"2022-03-21T04:32:53","modified_gmt":"2022-03-21T10:32:53","slug":"mujeres-y-ninas-utilizadas-como-botin-de-guerra-ocnf-oaxaca","status":"publish","type":"post","link":"http:\/\/www.grieta.org.mx\/index.php\/2022\/03\/02\/mujeres-y-ninas-utilizadas-como-botin-de-guerra-ocnf-oaxaca\/","title":{"rendered":"Mujeres y ni\u00f1as, utilizadas como bot\u00edn de guerra: OCNF (Oaxaca)"},"content":{"rendered":"<p>Noticias \/ Citlalli L\u00f3pez Vel\u00e1zquez.<\/p>\n<p><img loading=\"lazy\" decoding=\"async\" src=\"https:\/\/www.nvinoticias.com\/sites\/default\/files\/styles\/large\/public\/articulos\/2021\/Nov\/protesta_feminicidios.jpg.webp?itok=i60-Pqv1\" width=\"1170\" height=\"550\" class=\"alignnone size-full\" \/><\/p>\n<p>El asesinato de ocho mujeres y sus familias al interior de su casa en Juchit\u00e1n de Zaragoza, as\u00ed como el reciente atentado de una m\u00e1s en Loma Bonita, evidencia que las mujeres, adolescentes y ni\u00f1as est\u00e1n siendo utilizadas como bot\u00edn de guerra en Oaxaca, un blanco de venganza.<\/p>\n<p>\u201cEstamos viviendo hechos de suma gravedad, reflejo de c\u00f3mo se utiliza el cuerpo de las mujeres como bot\u00edn de guerra y c\u00f3mo se puede matar a las mujeres y familias completas sin que pase nada\u201d, se\u00f1al\u00f3 Atziri \u00c1vila, integrante del Observatorio Ciudadano Nacional del Feminicidio (OCNF).<\/p>\n<p>El contexto que se vive en general en M\u00e9xico -dijo- es de preocupaci\u00f3n: la violencia feminicida en contra de las mujeres, ni\u00f1as y adolescentes prevalece. En el caso de Oaxaca y en espec\u00edfico en el Istmo de Tehuantepec -abund\u00f3- est\u00e1n presentes varios factores: la impunidad, colusi\u00f3n del crimen organizado de diferentes actores y, sobre todo, la inacci\u00f3n de las autoridades municipales, estatales y de la federaci\u00f3n.<\/p>\n<p>\u201cLos ojos deben de estar puestos en el Istmo de Tehuantepec por todo este tejido social que se va quebrantado en donde hay m\u00faltiples actores, desde las empresas con megaproyectos, desde la corrupci\u00f3n que hay por parte de las propias autoridades locales, la participaci\u00f3n de grupos criminales e incluso, muchas veces, los medios de comunicaci\u00f3n que no ayudan a visibilizar esto como delitos graves y una afectaci\u00f3n a la sociedad\u201d, destac\u00f3.<\/p>\n<p>Las m\u00e1s vulnerables<\/p>\n<p>La defensora de derechos humanos destac\u00f3 que, dentro de la cadena de violencia, las ni\u00f1as son las m\u00e1s desdibujadas y las m\u00e1s vulnerables porque, muchas veces, no tienen voz o no se les escucha, pues adem\u00e1s del feminicidio pudieron haber vivido otro tipo de violencia: incomunicaci\u00f3n, desaparici\u00f3n, incluso violencia sexual.<\/p>\n<p>Consider\u00f3 que hasta el momento la Alerta de Violencia de G\u00e9nero contra las Mujeres (AVGM) no ha dado los resultados para los cuales fue emitida en agosto de 2018 pues consider\u00f3 que, si bien es una herramienta necesaria, lo que prevalece es la omisi\u00f3n por parte de la federaci\u00f3n, ya que no existe un mecanismo de observaci\u00f3n que revise las medidas cumplidas, las no cumplidas, las que son inviables, las que son prioritarias y el avance.<\/p>\n<p>\u201cHay una omisi\u00f3n desde la federaci\u00f3n, en este caso de la Conavim (Comisi\u00f3n Nacional para Prevenir y Erradicar la Violencia Contra las Mujeres) para revisar las acciones, obviamente recae en los gobiernos estatales y municipales porque hay una obligaci\u00f3n de esas autoridades de poder contribuir a implementar las medidas establecidas en 2018\u201d, destac\u00f3.<\/p>\n<p>Puntualiz\u00f3 que la AVGM ha sido desde\u00f1ada, olvidada y que no ha sido prioridad, pues de haber sido as\u00ed hubiera contribuido a garantizar el derecho de las mujeres a una vida libre de violencia.<\/p>\n<p><a href=\"https:\/\/www.nvinoticias.com\/oaxaca\/politica\/mujeres-y-ninas-utilizadas-como-botin-de-guerra-ocnf\/125901\" rel=\"noopener\" target=\"_blank\">https:\/\/www.nvinoticias.com\/oaxaca\/politica\/mujeres-y-ninas-utilizadas-como-botin-de-guerra-ocnf\/125901<\/a><\/p>\n","protected":false},"excerpt":{"rendered":"<p>Noticias \/ Citlalli L\u00f3pez Vel\u00e1zquez. El asesinato de ocho mujeres y sus familias al interior de su casa en Juchit\u00e1n de Zaragoza, as\u00ed como el reciente atentado de una m\u00e1s &hellip; <a href=\"http:\/\/www.grieta.org.mx\/index.php\/2022\/03\/02\/mujeres-y-ninas-utilizadas-como-botin-de-guerra-ocnf-oaxaca\/\" class=\"more-link\">Leer m\u00e1s<\/a><\/p>\n","protected":false},"author":2,"featured_media":21928,"comment_status":"closed","ping_status":"closed","sticky":false,"template":"","format":"standard","meta":{"ngg_post_thumbnail":0,"_jetpack_newsletter_access":"","_jetpack_dont_email_post_to_subs":false,"_jetpack_newsletter_tier_id":0,"_jetpack_memberships_contains_paywalled_content":false,"_jetpack_memberships_contains_paid_content":false,"footnotes":""},"categories":[80,1325,1477,2,25,1665],"tags":[],"class_list":["post-63726","post","type-post","status-publish","format-standard","has-post-thumbnail","hentry","category-cintillo","category-feminicidios-en-oaxaca-oaxaca","category-la-ninez-en-la-tormenta-en-oaxaca","category-noticias-nacionales","category-oaxaca","category-violencia-contra-las-mujeres-en-oaxaca","entry"],"jetpack_featured_media_url":"http:\/\/www.grieta.org.mx\/wp-content\/uploads\/2018\/03\/14524434_1106112876131411_958039263622046936_o.jpg","jetpack_sharing_enabled":true,"jetpack_shortlink":"https:\/\/wp.me\/p7ZJR4-gzQ","jetpack_likes_enabled":false,"jetpack-related-posts":[{"id":25933,"url":"http:\/\/www.grieta.org.mx\/index.php\/2018\/08\/28\/impera-omision-e-impunidad-de-feminicidios-en-oaxaca\/","url_meta":{"origin":63726,"position":0},"title":"Impera omisi\u00f3n e impunidad de feminicidios en Oaxaca","author":"grieta","date":"28 agosto, 2018","format":false,"excerpt":"P\u00e1gina 3. Por: Observatorio Ciudadano Nacional del Feminicidio (OCNF); Consorcio para el Di\u00e1logo Parlamentario y la Equidad Oaxaca; Movimiento Bolivariano de los Pueblos en M\u00e9xico Oaxaca.-El Observatorio Ciudadano Nacional del Feminicidio (OCNF), red conformada por 40 organizaciones de la sociedad civil, ubicadas en 22 estados de la Rep\u00fablica, presenta en\u2026","rel":"","context":"En &quot;CINTILLO&quot;","block_context":{"text":"CINTILLO","link":"http:\/\/www.grieta.org.mx\/index.php\/category\/cintillo\/"},"img":{"alt_text":"","src":"https:\/\/i0.wp.com\/www.grieta.org.mx\/wp-content\/uploads\/2018\/03\/14524434_1106112876131411_958039263622046936_o.jpg?resize=350%2C200","width":350,"height":200,"srcset":"https:\/\/i0.wp.com\/www.grieta.org.mx\/wp-content\/uploads\/2018\/03\/14524434_1106112876131411_958039263622046936_o.jpg?resize=350%2C200 1x, https:\/\/i0.wp.com\/www.grieta.org.mx\/wp-content\/uploads\/2018\/03\/14524434_1106112876131411_958039263622046936_o.jpg?resize=525%2C300 1.5x, https:\/\/i0.wp.com\/www.grieta.org.mx\/wp-content\/uploads\/2018\/03\/14524434_1106112876131411_958039263622046936_o.jpg?resize=700%2C400 2x"},"classes":[]},{"id":51988,"url":"http:\/\/www.grieta.org.mx\/index.php\/2020\/07\/21\/234-mujeres-asesinadas-en-oaxaca-a-dos-anos-de-la-alerta-de-violencia-de-genero\/","url_meta":{"origin":63726,"position":1},"title":"234 mujeres asesinadas en Oaxaca, a dos a\u00f1os de la Alerta de Violencia de G\u00e9nero","author":"grieta","date":"21 julio, 2020","format":false,"excerpt":"Noticias \/ Citlalli Luciana. *AVGM fue emitida en 40 municipios de Oaxaca A casi dos a\u00f1os de que se emitiera la Alerta de Violencia de G\u00e9nero contra las Mujeres en 40 municipios de Oaxaca, los \u00edndices de violencia feminicida evidencian la falta de impacto para salvaguardar su vida. En ese\u2026","rel":"","context":"En &quot;CINTILLO&quot;","block_context":{"text":"CINTILLO","link":"http:\/\/www.grieta.org.mx\/index.php\/category\/cintillo\/"},"img":{"alt_text":"","src":"https:\/\/i0.wp.com\/www.grieta.org.mx\/wp-content\/uploads\/2018\/03\/14524434_1106112876131411_958039263622046936_o.jpg?resize=350%2C200","width":350,"height":200,"srcset":"https:\/\/i0.wp.com\/www.grieta.org.mx\/wp-content\/uploads\/2018\/03\/14524434_1106112876131411_958039263622046936_o.jpg?resize=350%2C200 1x, https:\/\/i0.wp.com\/www.grieta.org.mx\/wp-content\/uploads\/2018\/03\/14524434_1106112876131411_958039263622046936_o.jpg?resize=525%2C300 1.5x, https:\/\/i0.wp.com\/www.grieta.org.mx\/wp-content\/uploads\/2018\/03\/14524434_1106112876131411_958039263622046936_o.jpg?resize=700%2C400 2x"},"classes":[]},{"id":41129,"url":"http:\/\/www.grieta.org.mx\/index.php\/2019\/11\/07\/oaxaca-en-los-primeros-lugares-de-trata-de-mujeres-y-ninas\/","url_meta":{"origin":63726,"position":2},"title":"Oaxaca en los primeros lugares de trata de mujeres y ni\u00f1as","author":"grieta","date":"7 noviembre, 2019","format":false,"excerpt":"P\u00e1gina 3 \/ Jaime Guerrero. Las condiciones sociales y econ\u00f3micas que enfrentan las mujeres en el estado de Oaxaca ha hecho que sea uno de los cinco estados del pa\u00eds con mayor \u00edndice de incidencia del delito de trata de personas desde el 2017, junto con Baja California, Chiapas, Ciudad\u2026","rel":"","context":"En &quot;CINTILLO&quot;","block_context":{"text":"CINTILLO","link":"http:\/\/www.grieta.org.mx\/index.php\/category\/cintillo\/"},"img":{"alt_text":"","src":"https:\/\/i0.wp.com\/www.grieta.org.mx\/wp-content\/uploads\/2018\/03\/14524434_1106112876131411_958039263622046936_o.jpg?resize=350%2C200","width":350,"height":200,"srcset":"https:\/\/i0.wp.com\/www.grieta.org.mx\/wp-content\/uploads\/2018\/03\/14524434_1106112876131411_958039263622046936_o.jpg?resize=350%2C200 1x, https:\/\/i0.wp.com\/www.grieta.org.mx\/wp-content\/uploads\/2018\/03\/14524434_1106112876131411_958039263622046936_o.jpg?resize=525%2C300 1.5x, https:\/\/i0.wp.com\/www.grieta.org.mx\/wp-content\/uploads\/2018\/03\/14524434_1106112876131411_958039263622046936_o.jpg?resize=700%2C400 2x"},"classes":[]},{"id":62806,"url":"http:\/\/www.grieta.org.mx\/index.php\/2021\/12\/02\/madres-de-mujeres-asesinadas-demandan-justicia-a-gobierno-de-oaxaca-ante-tribunal-feminista\/","url_meta":{"origin":63726,"position":3},"title":"Madres de mujeres asesinadas demandan justicia a gobierno de Oaxaca ante Tribunal Feminista","author":"grieta","date":"2 diciembre, 2021","format":false,"excerpt":"Proceso \/ Pedro Mat\u00edas. Ante la falta de mecanismos jur\u00eddicos que permitan a una autoridad federal la investigaci\u00f3n del mismo, recomendaron que el caso sea llevado a instancias internacionales, siendo esta la \u00fanica posibilidad real de que el Estado mexicano pueda ser obligado a garantizar el acceso a la justicia.\u2026","rel":"","context":"En &quot;CINTILLO&quot;","block_context":{"text":"CINTILLO","link":"http:\/\/www.grieta.org.mx\/index.php\/category\/cintillo\/"},"img":{"alt_text":"","src":"https:\/\/i0.wp.com\/www.grieta.org.mx\/wp-content\/uploads\/2021\/12\/1.jpg?resize=350%2C200","width":350,"height":200,"srcset":"https:\/\/i0.wp.com\/www.grieta.org.mx\/wp-content\/uploads\/2021\/12\/1.jpg?resize=350%2C200 1x, https:\/\/i0.wp.com\/www.grieta.org.mx\/wp-content\/uploads\/2021\/12\/1.jpg?resize=525%2C300 1.5x, https:\/\/i0.wp.com\/www.grieta.org.mx\/wp-content\/uploads\/2021\/12\/1.jpg?resize=700%2C400 2x"},"classes":[]},{"id":11123,"url":"http:\/\/www.grieta.org.mx\/index.php\/2016\/06\/27\/movilizacion-contra-la-violencia-hacia-las-mujeres-en-oaxaca\/","url_meta":{"origin":63726,"position":4},"title":"Movilizaciones contra la violencia hacia las mujeres en Oaxaca","author":"grieta","date":"27 junio, 2016","format":false,"excerpt":"27\/06\/16. Grupo de mujeres 8 de marzo protestan en \u201cD\u00eda Naranja\u201d por la no violencia P\u00e1gina 3 24\/04\/16. Mujeres y hombres oaxaque\u00f1os marchan nuevamente contra la violencia machista NSS Oaxaca 24\/04\/16. Marchan contra feminicidios en Oaxaca La Jornada","rel":"","context":"En &quot;NOTICIAS NACIONALES&quot;","block_context":{"text":"NOTICIAS NACIONALES","link":"http:\/\/www.grieta.org.mx\/index.php\/category\/noticias-nacionales\/"},"img":{"alt_text":"","src":"https:\/\/i0.wp.com\/www.grieta.org.mx\/wp-content\/uploads\/2018\/03\/14524434_1106112876131411_958039263622046936_o.jpg?resize=350%2C200","width":350,"height":200,"srcset":"https:\/\/i0.wp.com\/www.grieta.org.mx\/wp-content\/uploads\/2018\/03\/14524434_1106112876131411_958039263622046936_o.jpg?resize=350%2C200 1x, https:\/\/i0.wp.com\/www.grieta.org.mx\/wp-content\/uploads\/2018\/03\/14524434_1106112876131411_958039263622046936_o.jpg?resize=525%2C300 1.5x, https:\/\/i0.wp.com\/www.grieta.org.mx\/wp-content\/uploads\/2018\/03\/14524434_1106112876131411_958039263622046936_o.jpg?resize=700%2C400 2x"},"classes":[]},{"id":27585,"url":"http:\/\/www.grieta.org.mx\/index.php\/2018\/10\/27\/altar-naranja-para-victimas-de-violencia-en-el-istmo-oaxaca\/","url_meta":{"origin":63726,"position":5},"title":"Altar Naranja, para v\u00edctimas de violencia en el Istmo, Oaxaca","author":"grieta","date":"27 octubre, 2018","format":false,"excerpt":"Noticias. Amando Orozco, Juchit\u00e1n, Oaxaca.- Integrantes del Centro de Apoyo y Atenci\u00f3n a la Mujer Istme\u00f1a (CAAMI) colocaron el pasado jueves un Altar Naranja en el monumento a los H\u00e9roes Juchitecos, como ofrenda a las mujeres y ni\u00f1as que han sido v\u00edctimas de la violencia. OFRENDA A MUJERES Y NI\u00d1AS\u2026","rel":"","context":"En &quot;CINTILLO&quot;","block_context":{"text":"CINTILLO","link":"http:\/\/www.grieta.org.mx\/index.php\/category\/cintillo\/"},"img":{"alt_text":"","src":"https:\/\/i0.wp.com\/www.grieta.org.mx\/wp-content\/uploads\/2018\/11\/image_13.jpg?resize=350%2C200","width":350,"height":200,"srcset":"https:\/\/i0.wp.com\/www.grieta.org.mx\/wp-content\/uploads\/2018\/11\/image_13.jpg?resize=350%2C200 1x, https:\/\/i0.wp.com\/www.grieta.org.mx\/wp-content\/uploads\/2018\/11\/image_13.jpg?resize=525%2C300 1.5x, https:\/\/i0.wp.com\/www.grieta.org.mx\/wp-content\/uploads\/2018\/11\/image_13.jpg?resize=700%2C400 2x, https:\/\/i0.wp.com\/www.grieta.org.mx\/wp-content\/uploads\/2018\/11\/image_13.jpg?resize=1050%2C600 3x"},"classes":[]}],"_links":{"self":[{"href":"http:\/\/www.grieta.org.mx\/index.php\/wp-json\/wp\/v2\/posts\/63726","targetHints":{"allow":["GET"]}}],"collection":[{"href":"http:\/\/www.grieta.org.mx\/index.php\/wp-json\/wp\/v2\/posts"}],"about":[{"href":"http:\/\/www.grieta.org.mx\/index.php\/wp-json\/wp\/v2\/types\/post"}],"author":[{"embeddable":true,"href":"http:\/\/www.grieta.org.mx\/index.php\/wp-json\/wp\/v2\/users\/2"}],"replies":[{"embeddable":true,"href":"http:\/\/www.grieta.org.mx\/index.php\/wp-json\/wp\/v2\/comments?post=63726"}],"version-history":[{"count":1,"href":"http:\/\/www.grieta.org.mx\/index.php\/wp-json\/wp\/v2\/posts\/63726\/revisions"}],"predecessor-version":[{"id":63727,"href":"http:\/\/www.grieta.org.mx\/index.php\/wp-json\/wp\/v2\/posts\/63726\/revisions\/63727"}],"wp:featuredmedia":[{"embeddable":true,"href":"http:\/\/www.grieta.org.mx\/index.php\/wp-json\/wp\/v2\/media\/21928"}],"wp:attachment":[{"href":"http:\/\/www.grieta.org.mx\/index.php\/wp-json\/wp\/v2\/media?parent=63726"}],"wp:term":[{"taxonomy":"category","embeddable":true,"href":"http:\/\/www.grieta.org.mx\/index.php\/wp-json\/wp\/v2\/categories?post=63726"},{"taxonomy":"post_tag","embeddable":true,"href":"http:\/\/www.grieta.org.mx\/index.php\/wp-json\/wp\/v2\/tags?post=63726"}],"curies":[{"name":"wp","href":"https:\/\/api.w.org\/{rel}","templated":true}]}}