{"id":63720,"date":"2022-03-17T18:15:01","date_gmt":"2022-03-18T00:15:01","guid":{"rendered":"http:\/\/www.grieta.org.mx\/?p=63720"},"modified":"2022-03-19T03:19:59","modified_gmt":"2022-03-19T09:19:59","slug":"dos-mujeres-y-una-adolescente-fueron-asesinadas-en-oaxaca-van-34-feminicidios-durante-2022","status":"publish","type":"post","link":"http:\/\/www.grieta.org.mx\/index.php\/2022\/03\/17\/dos-mujeres-y-una-adolescente-fueron-asesinadas-en-oaxaca-van-34-feminicidios-durante-2022\/","title":{"rendered":"Dos mujeres y una adolescente fueron asesinadas en Oaxaca, van 34 feminicidios durante 2022"},"content":{"rendered":"<p>Proceso \/ Pedro Mat\u00edas.<\/p>\n<p>De acuerdo con el conteo de la Plataforma de Violencia Feminicida, el Istmo de Tehuantepec es la regi\u00f3n con la mayor incidencia al concentrar 17 casos, de los cuales 10 se cometieron en el municipio de Juchit\u00e1n de Zaragoza.<\/p>\n<p><img loading=\"lazy\" decoding=\"async\" data-attachment-id=\"63721\" data-permalink=\"http:\/\/www.grieta.org.mx\/index.php\/2022\/03\/17\/dos-mujeres-y-una-adolescente-fueron-asesinadas-en-oaxaca-van-34-feminicidios-durante-2022\/1-205\/\" data-orig-file=\"http:\/\/www.grieta.org.mx\/wp-content\/uploads\/2022\/03\/1.jpg\" data-orig-size=\"800,450\" data-comments-opened=\"0\" data-image-meta=\"{&quot;aperture&quot;:&quot;0&quot;,&quot;credit&quot;:&quot;&quot;,&quot;camera&quot;:&quot;&quot;,&quot;caption&quot;:&quot;&quot;,&quot;created_timestamp&quot;:&quot;0&quot;,&quot;copyright&quot;:&quot;&quot;,&quot;focal_length&quot;:&quot;0&quot;,&quot;iso&quot;:&quot;0&quot;,&quot;shutter_speed&quot;:&quot;0&quot;,&quot;title&quot;:&quot;&quot;,&quot;orientation&quot;:&quot;0&quot;}\" data-image-title=\"1\" data-image-description=\"\" data-image-caption=\"\" data-medium-file=\"http:\/\/www.grieta.org.mx\/wp-content\/uploads\/2022\/03\/1-300x169.jpg\" data-large-file=\"http:\/\/www.grieta.org.mx\/wp-content\/uploads\/2022\/03\/1.jpg\" class=\"alignnone wp-image-63721\" src=\"http:\/\/www.grieta.org.mx\/wp-content\/uploads\/2022\/03\/1.jpg\" alt=\"\" width=\"800\" height=\"450\" srcset=\"http:\/\/www.grieta.org.mx\/wp-content\/uploads\/2022\/03\/1.jpg 800w, http:\/\/www.grieta.org.mx\/wp-content\/uploads\/2022\/03\/1-300x169.jpg 300w, http:\/\/www.grieta.org.mx\/wp-content\/uploads\/2022\/03\/1-768x432.jpg 768w\" sizes=\"auto, (max-width: 800px) 100vw, 800px\" \/><\/p>\n<p>OAXACA, Oax. (apro).- La violencia feminicida en Oaxaca va en aumento al sumar 34 feminicidios en el territorio en lo que va de 2022, el caso mas reciente ocurri\u00f3 el 11 de marzo en San Juan Cotzoc\u00f3n Mixe donde fueron ejecutadas Mariana S. F., Marisol F. y la adolescente Zo\u00e9 F.<\/p>\n<p>De acuerdo con el conteo de la Plataforma de Violencia Feminicida en Oaxaca, de Consorcio para el Di\u00e1logo Parlamentario y la Equidad, el Istmo de Tehuantepec es la regi\u00f3n con la mayor incidencia en el presente a\u00f1o al concentrar 17 casos, de los cuales 10 se cometieron en el municipio de Juchit\u00e1n de Zaragoza.<\/p>\n<p>Mencionaron que durante los primeros tres meses del a\u00f1o, en Juchit\u00e1n ya se ha superado la cifra de feminicidios registrados el a\u00f1o pasado, increment\u00e1ndose un 25% con respecto a todo 2021.<\/p>\n<p>Al corte del 14 de marzo, los registros se\u00f1alan al Istmo de Tehuantepec, Sierra Sur, Costa, Ca\u00f1ada, Sierra Norte y Valles Centrales, como las regiones en las que se han presentado estos hechos de violencia contra las mujeres.<\/p>\n<p>Detallaron que en el Istmo de Tehuantepec se presenta la mayor incidencia de este tipo de delitos, concentrando 17 de los 34 casos, el 50% del total. En Juchit\u00e1n de Zaragoza, municipio perteneciente a esta regi\u00f3n, se perpetraron 10 feminicidios.<\/p>\n<p>Los municipios istme\u00f1os en los que se cometieron estos delitos son: Juchit\u00e1n de Zaragoza (10 casos), Salina Cruz (1), Santa Mar\u00eda Petapa (2), Chahuites (1), Ciudad Ixtepec (1), Santa Mar\u00eda Mixtequilla (1) y el Barrio de la Soledad (1).<\/p>\n<p>El registro hist\u00f3rico desde el 1\u00b0 de diciembre de 2016 al 14 de marzo de 2022 muestra que San Juan Bautista Tuxtepec y Juchit\u00e1n de Zaragoza presentan el mayor n\u00famero de feminicidios, con 47 y 45 casos respectivamente. <\/p>\n<p>\u00danicamente las regiones de la Cuenca y la Mixteca se mantienen libres de reportes de muertes violentas de mujeres en lo que va del presente a\u00f1o. <\/p>\n<p><a href=\"https:\/\/www.proceso.com.mx\/nacional\/estados\/2022\/3\/17\/dos-mujeres-una-adolescente-fueron-asesinadas-en-oaxaca-van-34-feminicidios-durante-2022-282738.html\" rel=\"noopener\" target=\"_blank\">https:\/\/www.proceso.com.mx\/nacional\/estados\/2022\/3\/17\/dos-mujeres-una-adolescente-fueron-asesinadas-en-oaxaca-van-34-feminicidios-durante-2022-282738.html<\/a><\/p>\n","protected":false},"excerpt":{"rendered":"<p>Proceso \/ Pedro Mat\u00edas. De acuerdo con el conteo de la Plataforma de Violencia Feminicida, el Istmo de Tehuantepec es la regi\u00f3n con la mayor incidencia al concentrar 17 casos, &hellip; <a href=\"http:\/\/www.grieta.org.mx\/index.php\/2022\/03\/17\/dos-mujeres-y-una-adolescente-fueron-asesinadas-en-oaxaca-van-34-feminicidios-durante-2022\/\" class=\"more-link\">Leer m\u00e1s<\/a><\/p>\n","protected":false},"author":2,"featured_media":63721,"comment_status":"closed","ping_status":"closed","sticky":false,"template":"","format":"standard","meta":{"ngg_post_thumbnail":0,"_jetpack_newsletter_access":"","_jetpack_dont_email_post_to_subs":false,"_jetpack_newsletter_tier_id":0,"_jetpack_memberships_contains_paywalled_content":false,"_jetpack_memberships_contains_paid_content":false,"footnotes":""},"categories":[80,1325,3163,2,25,1665],"tags":[],"class_list":["post-63720","post","type-post","status-publish","format-standard","has-post-thumbnail","hentry","category-cintillo","category-feminicidios-en-oaxaca-oaxaca","category-la-lucha-de-las-mujeres-en-oaxaca","category-noticias-nacionales","category-oaxaca","category-violencia-contra-las-mujeres-en-oaxaca","entry"],"jetpack_featured_media_url":"http:\/\/www.grieta.org.mx\/wp-content\/uploads\/2022\/03\/1.jpg","jetpack_sharing_enabled":true,"jetpack_shortlink":"https:\/\/wp.me\/p7ZJR4-gzK","jetpack_likes_enabled":false,"jetpack-related-posts":[{"id":57369,"url":"http:\/\/www.grieta.org.mx\/index.php\/2021\/03\/07\/marchan-mujeres-zapotecas-contra-feminicidios-en-el-istmo-oaxaca\/","url_meta":{"origin":63720,"position":0},"title":"Marchan mujeres zapotecas contra feminicidios en el Istmo (Oaxaca)","author":"grieta","date":"7 marzo, 2021","format":false,"excerpt":"Pi\u00e9 de P\u00e1gina \/ Diana Manzo. Juchit\u00e1n, Oaxaca.- Vestidas con sus enaguas y huipiles, mujeres zapotecas de este municipio oaxaque\u00f1o marcharon contra los feminicidios y la violencia en el marco del D\u00eda Internacional de la Mujer. Familiares de Carolina, la \u00faltima mujer asesinada en Juchit\u00e1n, encabezaron el contingente que parti\u00f3\u2026","rel":"","context":"En &quot;CINTILLO&quot;","block_context":{"text":"CINTILLO","link":"http:\/\/www.grieta.org.mx\/index.php\/category\/cintillo\/"},"img":{"alt_text":"","src":"https:\/\/i0.wp.com\/www.grieta.org.mx\/wp-content\/uploads\/2021\/03\/1-1.jpg?resize=350%2C200","width":350,"height":200,"srcset":"https:\/\/i0.wp.com\/www.grieta.org.mx\/wp-content\/uploads\/2021\/03\/1-1.jpg?resize=350%2C200 1x, https:\/\/i0.wp.com\/www.grieta.org.mx\/wp-content\/uploads\/2021\/03\/1-1.jpg?resize=525%2C300 1.5x, https:\/\/i0.wp.com\/www.grieta.org.mx\/wp-content\/uploads\/2021\/03\/1-1.jpg?resize=700%2C400 2x"},"classes":[]},{"id":69966,"url":"http:\/\/www.grieta.org.mx\/index.php\/2024\/08\/29\/van-64-feminicidios-en-oaxaca-en-lo-que-va-del-ano\/","url_meta":{"origin":63720,"position":1},"title":"Van 64 feminicidios en Oaxaca en lo que va del a\u00f1o","author":"grieta","date":"29 agosto, 2024","format":false,"excerpt":"Imagen: Proceso De acuerdo con el informe de GESMujer, en lo que va del gobierno morenista de Salom\u00f3n Jara Cruz, es decir, del 1\u00ba de diciembre de 2022 al 28 de agosto de 2024, se han registrado 173 casos de mujeres asesinadas. Pedro Mat\u00edas \/ Proceso OAXACA, Oax. (apro).- \u201c\u00a1Exigimos\u2026","rel":"","context":"En &quot;CINTILLO&quot;","block_context":{"text":"CINTILLO","link":"http:\/\/www.grieta.org.mx\/index.php\/category\/cintillo\/"},"img":{"alt_text":"","src":"https:\/\/i0.wp.com\/www.grieta.org.mx\/wp-content\/uploads\/2024\/10\/187996.jpeg?resize=350%2C200","width":350,"height":200,"srcset":"https:\/\/i0.wp.com\/www.grieta.org.mx\/wp-content\/uploads\/2024\/10\/187996.jpeg?resize=350%2C200 1x, https:\/\/i0.wp.com\/www.grieta.org.mx\/wp-content\/uploads\/2024\/10\/187996.jpeg?resize=525%2C300 1.5x, https:\/\/i0.wp.com\/www.grieta.org.mx\/wp-content\/uploads\/2024\/10\/187996.jpeg?resize=700%2C400 2x, https:\/\/i0.wp.com\/www.grieta.org.mx\/wp-content\/uploads\/2024\/10\/187996.jpeg?resize=1050%2C600 3x, https:\/\/i0.wp.com\/www.grieta.org.mx\/wp-content\/uploads\/2024\/10\/187996.jpeg?resize=1400%2C800 4x"},"classes":[]},{"id":49930,"url":"http:\/\/www.grieta.org.mx\/index.php\/2020\/05\/29\/alejandro-murat-ya-igualo-a-su-padre-jose-murat-en-violencia-feminicida-van-429-asesinatos-de-mujeres-oaxaca\/","url_meta":{"origin":63720,"position":2},"title":"Alejandro Murat ya igual\u00f3 a su padre Jos\u00e9 Murat en violencia feminicida; van 429 asesinatos de mujeres (Oaxaca)","author":"grieta","date":"29 mayo, 2020","format":false,"excerpt":"P\u00e1gina 3 \/ Pedro Mat\u00edas. OAXACA, Oax. (pagina3.mx).- Con apenas tres a\u00f1os y medio de su gobierno, Alejandro Murat Hinojosa, ya empat\u00f3 el r\u00e9cord de violencia feminicida en todo el sexenio de su padre Jos\u00e9 Murat Casab, al llegar a 429 asesinatos violentos por raz\u00f3n de g\u00e9nero, afirm\u00f3 la presidenta\u2026","rel":"","context":"En &quot;CINTILLO&quot;","block_context":{"text":"CINTILLO","link":"http:\/\/www.grieta.org.mx\/index.php\/category\/cintillo\/"},"img":{"alt_text":"","src":"https:\/\/i0.wp.com\/www.grieta.org.mx\/wp-content\/uploads\/2020\/05\/violencia-feminicida-Oaxaca.jpg?resize=350%2C200","width":350,"height":200,"srcset":"https:\/\/i0.wp.com\/www.grieta.org.mx\/wp-content\/uploads\/2020\/05\/violencia-feminicida-Oaxaca.jpg?resize=350%2C200 1x, https:\/\/i0.wp.com\/www.grieta.org.mx\/wp-content\/uploads\/2020\/05\/violencia-feminicida-Oaxaca.jpg?resize=525%2C300 1.5x, https:\/\/i0.wp.com\/www.grieta.org.mx\/wp-content\/uploads\/2020\/05\/violencia-feminicida-Oaxaca.jpg?resize=700%2C400 2x"},"classes":[]},{"id":56914,"url":"http:\/\/www.grieta.org.mx\/index.php\/2021\/02\/09\/ni-la-pandemia-frena-violencia-feminicida-en-oaxaca-son-329-casos-en-el-gobierno-de-murat-consorcio\/","url_meta":{"origin":63720,"position":3},"title":"Ni la pandemia frena violencia feminicida en Oaxaca; son 329 casos en el gobierno de Murat: Consorcio","author":"grieta","date":"9 febrero, 2021","format":false,"excerpt":"P\u00e1gina 3 \/ Pedro Mat\u00edas. OAXACA, Oax.- La violencia sexual y feminicida contra las mujeres, particularmente contra estudiantes durante la pandemia no se detiene, por el contrario, sigue sucediendo tanto en espacios p\u00fablicos como cibern\u00e9ticos, denunci\u00f3 Consorcio para el Di\u00e1logo Parlamentario y Equidad. Para resaltar su dicho mencionaron los recientes\u2026","rel":"","context":"En &quot;CINTILLO&quot;","block_context":{"text":"CINTILLO","link":"http:\/\/www.grieta.org.mx\/index.php\/category\/cintillo\/"},"img":{"alt_text":"","src":"https:\/\/i0.wp.com\/www.grieta.org.mx\/wp-content\/uploads\/2021\/02\/1.jpeg?resize=350%2C200","width":350,"height":200,"srcset":"https:\/\/i0.wp.com\/www.grieta.org.mx\/wp-content\/uploads\/2021\/02\/1.jpeg?resize=350%2C200 1x, https:\/\/i0.wp.com\/www.grieta.org.mx\/wp-content\/uploads\/2021\/02\/1.jpeg?resize=525%2C300 1.5x, https:\/\/i0.wp.com\/www.grieta.org.mx\/wp-content\/uploads\/2021\/02\/1.jpeg?resize=700%2C400 2x"},"classes":[]},{"id":51944,"url":"http:\/\/www.grieta.org.mx\/index.php\/2020\/07\/17\/consorcio-oaxaca-documenta-23-feminicidios-en-el-primer-trimestre-de-confinamiento\/","url_meta":{"origin":63720,"position":4},"title":"Consorcio Oaxaca documenta 23 feminicidios en el primer trimestre de confinamiento","author":"grieta","date":"17 julio, 2020","format":false,"excerpt":"Proceso \/ Pedro Mat\u00edas. Grupos feministas colocaron cruces frente a la Fiscal\u00eda de Oaxaca. Foto: @consorciooaxaca OAXACA, Oax. (apro).- Consorcio para el Di\u00e1logo Parlamentario y la Equidad Oaxaca inform\u00f3 que en el primer trimestre de confinamiento por la pandemia de covid-19 documentaron 23 feminicidios y 79 desapariciones de mujeres. De\u2026","rel":"","context":"En &quot;CINTILLO&quot;","block_context":{"text":"CINTILLO","link":"http:\/\/www.grieta.org.mx\/index.php\/category\/cintillo\/"},"img":{"alt_text":"","src":"https:\/\/i0.wp.com\/www.grieta.org.mx\/wp-content\/uploads\/2020\/07\/Fiscalia-Oaxaca-870x522.jpg?resize=350%2C200","width":350,"height":200,"srcset":"https:\/\/i0.wp.com\/www.grieta.org.mx\/wp-content\/uploads\/2020\/07\/Fiscalia-Oaxaca-870x522.jpg?resize=350%2C200 1x, https:\/\/i0.wp.com\/www.grieta.org.mx\/wp-content\/uploads\/2020\/07\/Fiscalia-Oaxaca-870x522.jpg?resize=525%2C300 1.5x, https:\/\/i0.wp.com\/www.grieta.org.mx\/wp-content\/uploads\/2020\/07\/Fiscalia-Oaxaca-870x522.jpg?resize=700%2C400 2x"},"classes":[]},{"id":62662,"url":"http:\/\/www.grieta.org.mx\/index.php\/2021\/11\/09\/violencia-feminicida-que-en-oaxaca-no-puede-detenerse-suman-79-mujeres-asesinadas-en-2021-gesmujer\/","url_meta":{"origin":63720,"position":5},"title":"Violencia feminicida que en Oaxaca no puede detenerse; suman 79 mujeres asesinadas en 2021: GESMujer","author":"grieta","date":"9 noviembre, 2021","format":false,"excerpt":"P\u00e1gina 3 \/ Pedro Mat\u00edas. Historias de dolor que forman parte de un recuento de violencia feminicida que en Oaxaca no puede detenerse y que suman 79 mujeres asesinadas en 2021. Oaxaca, Oax.- A plena luz del d\u00eda fue ejecutada una mujer, otra fue asesinada con arma de fuego frente\u2026","rel":"","context":"En &quot;CINTILLO&quot;","block_context":{"text":"CINTILLO","link":"http:\/\/www.grieta.org.mx\/index.php\/category\/cintillo\/"},"img":{"alt_text":"","src":"https:\/\/i0.wp.com\/www.grieta.org.mx\/wp-content\/uploads\/2021\/11\/13.jpg?resize=350%2C200","width":350,"height":200,"srcset":"https:\/\/i0.wp.com\/www.grieta.org.mx\/wp-content\/uploads\/2021\/11\/13.jpg?resize=350%2C200 1x, https:\/\/i0.wp.com\/www.grieta.org.mx\/wp-content\/uploads\/2021\/11\/13.jpg?resize=525%2C300 1.5x"},"classes":[]}],"_links":{"self":[{"href":"http:\/\/www.grieta.org.mx\/index.php\/wp-json\/wp\/v2\/posts\/63720","targetHints":{"allow":["GET"]}}],"collection":[{"href":"http:\/\/www.grieta.org.mx\/index.php\/wp-json\/wp\/v2\/posts"}],"about":[{"href":"http:\/\/www.grieta.org.mx\/index.php\/wp-json\/wp\/v2\/types\/post"}],"author":[{"embeddable":true,"href":"http:\/\/www.grieta.org.mx\/index.php\/wp-json\/wp\/v2\/users\/2"}],"replies":[{"embeddable":true,"href":"http:\/\/www.grieta.org.mx\/index.php\/wp-json\/wp\/v2\/comments?post=63720"}],"version-history":[{"count":1,"href":"http:\/\/www.grieta.org.mx\/index.php\/wp-json\/wp\/v2\/posts\/63720\/revisions"}],"predecessor-version":[{"id":63722,"href":"http:\/\/www.grieta.org.mx\/index.php\/wp-json\/wp\/v2\/posts\/63720\/revisions\/63722"}],"wp:featuredmedia":[{"embeddable":true,"href":"http:\/\/www.grieta.org.mx\/index.php\/wp-json\/wp\/v2\/media\/63721"}],"wp:attachment":[{"href":"http:\/\/www.grieta.org.mx\/index.php\/wp-json\/wp\/v2\/media?parent=63720"}],"wp:term":[{"taxonomy":"category","embeddable":true,"href":"http:\/\/www.grieta.org.mx\/index.php\/wp-json\/wp\/v2\/categories?post=63720"},{"taxonomy":"post_tag","embeddable":true,"href":"http:\/\/www.grieta.org.mx\/index.php\/wp-json\/wp\/v2\/tags?post=63720"}],"curies":[{"name":"wp","href":"https:\/\/api.w.org\/{rel}","templated":true}]}}