{"id":63688,"date":"2022-03-10T11:23:53","date_gmt":"2022-03-10T17:23:53","guid":{"rendered":"https:\/\/www.grieta.org.mx\/?p=63688"},"modified":"2022-03-15T11:45:54","modified_gmt":"2022-03-15T17:45:54","slug":"pueblo-wixarika-pide-ayuda-para-detener-ecocidio-de-wirikuta-san-luis-potosi","status":"publish","type":"post","link":"http:\/\/www.grieta.org.mx\/index.php\/2022\/03\/10\/pueblo-wixarika-pide-ayuda-para-detener-ecocidio-de-wirikuta-san-luis-potosi\/","title":{"rendered":"Pueblo Wix\u00e1rika pide ayuda para detener ecocidio de Wirikuta (San Luis Potos\u00ed)"},"content":{"rendered":"<p>Yazm\u00edn Navarro\/SDP Noticias<br \/>\n10 marzo 2022<\/p>\n<blockquote><p>El pueblo Wix\u00e1rika hizo un llamado urgente para salvar Wirikuta de las mineras que est\u00e1n invadiendo un espacio sagrado.<\/p><\/blockquote>\n<p>El pueblo Wix\u00e1rika hizo llamado urgente para salvar Wirikuta de las mineras; invitando a participar en la ceremonia de \u201crenovaci\u00f3n del mundo\u201d, que se llevar\u00e1 a cabo el pr\u00f3ximo 18 de marzo.<\/p>\n<p>Dicha ceremonia se realizar\u00e1 en distintas partes del mundo, donde los participantes podr\u00e1n alzar un \u201caltar espejo\u201d desde su comunidad o casa. Es decir, s\u00f3lo el pueblo Wix\u00e1rika peregrinar\u00e1 a Wirikuta.<\/p>\n<p>Asimismo, proponen que cada participaci\u00f3n se haga cerca de consulados o embajadas, as\u00ed como en espacios significativos de la ciudad o pueblo, para crear conciencia sobre el peligro que corre Wirikuta.<\/p>\n<p>\u201cContinuamos defendiendo nuestro lugar sagrado, Wirikuta de las concesiones mineras que pretendan destruir nuestros recursos naturales como una forma de vida ancestral\u201d<\/p>\n<p><img decoding=\"async\" data-attachment-id=\"63690\" data-permalink=\"http:\/\/www.grieta.org.mx\/index.php\/2022\/03\/10\/pueblo-wixarika-pide-ayuda-para-detener-ecocidio-de-wirikuta-san-luis-potosi\/jisj2dl5f5gfhbfkq5aosudnoa\/\" data-orig-file=\"http:\/\/www.grieta.org.mx\/wp-content\/uploads\/2022\/03\/JISJ2DL5F5GFHBFKQ5AOSUDNOA.webp\" data-orig-size=\"1200,718\" data-comments-opened=\"0\" data-image-meta=\"{&quot;aperture&quot;:&quot;0&quot;,&quot;credit&quot;:&quot;&quot;,&quot;camera&quot;:&quot;&quot;,&quot;caption&quot;:&quot;&quot;,&quot;created_timestamp&quot;:&quot;0&quot;,&quot;copyright&quot;:&quot;&quot;,&quot;focal_length&quot;:&quot;0&quot;,&quot;iso&quot;:&quot;0&quot;,&quot;shutter_speed&quot;:&quot;0&quot;,&quot;title&quot;:&quot;&quot;,&quot;orientation&quot;:&quot;0&quot;}\" data-image-title=\"JISJ2DL5F5GFHBFKQ5AOSUDNOA\" data-image-description=\"\" data-image-caption=\"\" data-medium-file=\"http:\/\/www.grieta.org.mx\/wp-content\/uploads\/2022\/03\/JISJ2DL5F5GFHBFKQ5AOSUDNOA-300x180.webp\" data-large-file=\"http:\/\/www.grieta.org.mx\/wp-content\/uploads\/2022\/03\/JISJ2DL5F5GFHBFKQ5AOSUDNOA-1024x613.webp\" src=\"http:\/\/www.grieta.org.mx\/wp-content\/uploads\/2022\/03\/JISJ2DL5F5GFHBFKQ5AOSUDNOA.webp\" alt=\"\" width=\"100%\" class=\"alignnone size-full wp-image-63690\" srcset=\"http:\/\/www.grieta.org.mx\/wp-content\/uploads\/2022\/03\/JISJ2DL5F5GFHBFKQ5AOSUDNOA.webp 1200w, http:\/\/www.grieta.org.mx\/wp-content\/uploads\/2022\/03\/JISJ2DL5F5GFHBFKQ5AOSUDNOA-300x180.webp 300w, http:\/\/www.grieta.org.mx\/wp-content\/uploads\/2022\/03\/JISJ2DL5F5GFHBFKQ5AOSUDNOA-1024x613.webp 1024w, http:\/\/www.grieta.org.mx\/wp-content\/uploads\/2022\/03\/JISJ2DL5F5GFHBFKQ5AOSUDNOA-768x460.webp 768w\" sizes=\"(max-width: 1200px) 100vw, 1200px\" \/><br \/>\nPueblo Wix\u00e1rika. (Wikimedia commons)<\/p>\n<p>Esto, luego de que a lo largo de 10 a\u00f1os el gobierno de M\u00e9xico no tomara acciones para proteger Wirikuta de las mineras, a\u00fan cuando el pueblo Wix\u00e1rika logr\u00f3 un amparo para detener el ecocidio.<\/p>\n<p>Esta es la segunda vez en su historia que el pueblo Wix\u00e1rika, celoso de su conocimiento, decide abrir una intenci\u00f3n para volverla medi\u00e1tica, reconociendo que el llamado es urgente.<\/p>\n<p>La primera vez fue en 2014, con su participaci\u00f3n en el documental \u201cHuicholes, los \u00faltimos guardianes del peyote\u201d.<\/p>\n<p>Empresas mineras est\u00e1n acabando con Wirikuta, con nuestra historia, denuncia pueblo Wix\u00e1rika<br \/>\nWirikuta es un territorio sagrado de la cosmogon\u00eda Wix\u00e1rika; pueblo ind\u00edgena que ha logrado conservar en gran medida sus costumbres y creencias, y que tambi\u00e9n son mal llamados \u2018huicholes\u2019.<\/p>\n<p>Se encuentra en el estado de San Luis Luis Potos\u00ed, siendo parte de una extensi\u00f3n del desierto de la Sierra Madre Occidental. Wirikuta es un \u00e1rea natural protegida.<\/p>\n<p>No obstante, el gobierno federal, entre el 2000 y el 2012, concesion\u00f3 alrededor de 56 millones de hect\u00e1reas de M\u00e9xico, que equivale a una cuarta parte del territorio nacional. Gran porcentaje de estas hect\u00e1reas pertenece a Wirikuta.<\/p>\n<p>\u201cOfrecemos y pedimos un trato respetuoso a nuestros hermanos habitantes del \u00e1rea protegida de Wirikuta, ya que nuestra causa es la protecci\u00f3n del ecosistema\u201d<\/p>\n<p>Pueblo Wix\u00e1rika.<br \/>\n<img decoding=\"async\" data-attachment-id=\"63691\" data-permalink=\"http:\/\/www.grieta.org.mx\/index.php\/2022\/03\/10\/pueblo-wixarika-pide-ayuda-para-detener-ecocidio-de-wirikuta-san-luis-potosi\/2p3tzqw72vhvjigpgh6hakwvtu\/\" data-orig-file=\"http:\/\/www.grieta.org.mx\/wp-content\/uploads\/2022\/03\/2P3TZQW72VHVJIGPGH6HAKWVTU.jpg\" data-orig-size=\"1200,884\" data-comments-opened=\"0\" data-image-meta=\"{&quot;aperture&quot;:&quot;0&quot;,&quot;credit&quot;:&quot;&quot;,&quot;camera&quot;:&quot;&quot;,&quot;caption&quot;:&quot;&quot;,&quot;created_timestamp&quot;:&quot;0&quot;,&quot;copyright&quot;:&quot;&quot;,&quot;focal_length&quot;:&quot;0&quot;,&quot;iso&quot;:&quot;0&quot;,&quot;shutter_speed&quot;:&quot;0&quot;,&quot;title&quot;:&quot;&quot;,&quot;orientation&quot;:&quot;0&quot;}\" data-image-title=\"2P3TZQW72VHVJIGPGH6HAKWVTU\" data-image-description=\"\" data-image-caption=\"\" data-medium-file=\"http:\/\/www.grieta.org.mx\/wp-content\/uploads\/2022\/03\/2P3TZQW72VHVJIGPGH6HAKWVTU-300x221.jpg\" data-large-file=\"http:\/\/www.grieta.org.mx\/wp-content\/uploads\/2022\/03\/2P3TZQW72VHVJIGPGH6HAKWVTU-1024x754.jpg\" src=\"http:\/\/www.grieta.org.mx\/wp-content\/uploads\/2022\/03\/2P3TZQW72VHVJIGPGH6HAKWVTU.jpg\" alt=\"\" width=\"100%\" class=\"alignnone size-full wp-image-63691\" srcset=\"http:\/\/www.grieta.org.mx\/wp-content\/uploads\/2022\/03\/2P3TZQW72VHVJIGPGH6HAKWVTU.jpg 1200w, http:\/\/www.grieta.org.mx\/wp-content\/uploads\/2022\/03\/2P3TZQW72VHVJIGPGH6HAKWVTU-300x221.jpg 300w, http:\/\/www.grieta.org.mx\/wp-content\/uploads\/2022\/03\/2P3TZQW72VHVJIGPGH6HAKWVTU-1024x754.jpg 1024w, http:\/\/www.grieta.org.mx\/wp-content\/uploads\/2022\/03\/2P3TZQW72VHVJIGPGH6HAKWVTU-768x566.jpg 768w\" sizes=\"(max-width: 1200px) 100vw, 1200px\" \/><br \/>\nHIKURI (WIKIMEDIA COMMONS)<\/p>\n<p>En total, se han autorizado por lo menos 80 concesiones mineras para explotar el territorio sagrado de Wirikuta, un espacio primordial para que contin\u00fae el conocimiento ancestral heredado de nuestros antepasados.<\/p>\n<p>Derivado de lo anterior, el 7 de febrero del 2012 el pueblo Wix\u00e1rika realiz\u00f3 una peregrinaci\u00f3n para comunicarse con la naturaleza. Posteriormente, hubo una gran temporada de lluvia, luego de una larga sequ\u00eda.<\/p>\n<p>La ceremonia \u201crenovaci\u00f3n del mundo\u201d, 10 a\u00f1os despu\u00e9s, tiene como objetivo continuar con el trabajo iniciado por el pueblo Wix\u00e1rika, invitando al mundo a tambi\u00e9n hacer su trabajo.<\/p>\n<p><img decoding=\"async\" data-attachment-id=\"63692\" data-permalink=\"http:\/\/www.grieta.org.mx\/index.php\/2022\/03\/10\/pueblo-wixarika-pide-ayuda-para-detener-ecocidio-de-wirikuta-san-luis-potosi\/bf6zkbjqvrgczbda2rpxv6t2eu\/\" data-orig-file=\"http:\/\/www.grieta.org.mx\/wp-content\/uploads\/2022\/03\/BF6ZKBJQVRGCZBDA2RPXV6T2EU.webp\" data-orig-size=\"1200,1697\" data-comments-opened=\"0\" data-image-meta=\"{&quot;aperture&quot;:&quot;0&quot;,&quot;credit&quot;:&quot;&quot;,&quot;camera&quot;:&quot;&quot;,&quot;caption&quot;:&quot;&quot;,&quot;created_timestamp&quot;:&quot;0&quot;,&quot;copyright&quot;:&quot;&quot;,&quot;focal_length&quot;:&quot;0&quot;,&quot;iso&quot;:&quot;0&quot;,&quot;shutter_speed&quot;:&quot;0&quot;,&quot;title&quot;:&quot;&quot;,&quot;orientation&quot;:&quot;0&quot;}\" data-image-title=\"BF6ZKBJQVRGCZBDA2RPXV6T2EU\" data-image-description=\"\" data-image-caption=\"\" data-medium-file=\"http:\/\/www.grieta.org.mx\/wp-content\/uploads\/2022\/03\/BF6ZKBJQVRGCZBDA2RPXV6T2EU-212x300.webp\" data-large-file=\"http:\/\/www.grieta.org.mx\/wp-content\/uploads\/2022\/03\/BF6ZKBJQVRGCZBDA2RPXV6T2EU-724x1024.webp\" src=\"http:\/\/www.grieta.org.mx\/wp-content\/uploads\/2022\/03\/BF6ZKBJQVRGCZBDA2RPXV6T2EU.webp\" alt=\"\" width=\"100%\" class=\"alignnone size-full wp-image-63692\" srcset=\"http:\/\/www.grieta.org.mx\/wp-content\/uploads\/2022\/03\/BF6ZKBJQVRGCZBDA2RPXV6T2EU.webp 1200w, http:\/\/www.grieta.org.mx\/wp-content\/uploads\/2022\/03\/BF6ZKBJQVRGCZBDA2RPXV6T2EU-212x300.webp 212w, http:\/\/www.grieta.org.mx\/wp-content\/uploads\/2022\/03\/BF6ZKBJQVRGCZBDA2RPXV6T2EU-724x1024.webp 724w, http:\/\/www.grieta.org.mx\/wp-content\/uploads\/2022\/03\/BF6ZKBJQVRGCZBDA2RPXV6T2EU-768x1086.webp 768w, http:\/\/www.grieta.org.mx\/wp-content\/uploads\/2022\/03\/BF6ZKBJQVRGCZBDA2RPXV6T2EU-1086x1536.webp 1086w\" sizes=\"(max-width: 1200px) 100vw, 1200px\" \/><br \/>\nINVITACI\u00d3N A CEREMONIA &#8220;RENOVACI\u00d3N DEL MUNDO&#8221; (REBELION.ORG)<\/p>\n<p>Pueblo Wix\u00e1rika hace llamado urgente para salvar Wirikuta de empresas mineras<br \/>\nEl pueblo Wix\u00e1rika hace llamado urgente para salvar Wirikuta de las empresas mineras, luego de presenciar durante a\u00f1os el ecocidio de su sitio sagrado, al que han mantenido solos.<\/p>\n<p>Para ello, adem\u00e1s de la participaci\u00f3n de la ceremonia de \u201crenovaci\u00f3n del mundo\u201d, en el que los interesados preparar\u00e1n un \u201caltar espejo\u201d (que no es m\u00e1s un espacio c\u00f3modo para un rezo) para conectar con el pueblo Wix\u00e1rika, solicitan apoyo econ\u00f3mico para lo siguiente:<\/p>\n<p><img decoding=\"async\" data-attachment-id=\"63693\" data-permalink=\"http:\/\/www.grieta.org.mx\/index.php\/2022\/03\/10\/pueblo-wixarika-pide-ayuda-para-detener-ecocidio-de-wirikuta-san-luis-potosi\/xh53rxcpyrdjhmglaityyvru2q\/\" data-orig-file=\"http:\/\/www.grieta.org.mx\/wp-content\/uploads\/2022\/03\/XH53RXCPYRDJHMGLAITYYVRU2Q.webp\" data-orig-size=\"1200,1505\" data-comments-opened=\"0\" data-image-meta=\"{&quot;aperture&quot;:&quot;0&quot;,&quot;credit&quot;:&quot;&quot;,&quot;camera&quot;:&quot;&quot;,&quot;caption&quot;:&quot;&quot;,&quot;created_timestamp&quot;:&quot;0&quot;,&quot;copyright&quot;:&quot;&quot;,&quot;focal_length&quot;:&quot;0&quot;,&quot;iso&quot;:&quot;0&quot;,&quot;shutter_speed&quot;:&quot;0&quot;,&quot;title&quot;:&quot;&quot;,&quot;orientation&quot;:&quot;0&quot;}\" data-image-title=\"XH53RXCPYRDJHMGLAITYYVRU2Q\" data-image-description=\"\" data-image-caption=\"\" data-medium-file=\"http:\/\/www.grieta.org.mx\/wp-content\/uploads\/2022\/03\/XH53RXCPYRDJHMGLAITYYVRU2Q-239x300.webp\" data-large-file=\"http:\/\/www.grieta.org.mx\/wp-content\/uploads\/2022\/03\/XH53RXCPYRDJHMGLAITYYVRU2Q-816x1024.webp\" src=\"http:\/\/www.grieta.org.mx\/wp-content\/uploads\/2022\/03\/XH53RXCPYRDJHMGLAITYYVRU2Q.webp\" alt=\"\" width=\"100%\" class=\"alignnone size-full wp-image-63693\" srcset=\"http:\/\/www.grieta.org.mx\/wp-content\/uploads\/2022\/03\/XH53RXCPYRDJHMGLAITYYVRU2Q.webp 1200w, http:\/\/www.grieta.org.mx\/wp-content\/uploads\/2022\/03\/XH53RXCPYRDJHMGLAITYYVRU2Q-239x300.webp 239w, http:\/\/www.grieta.org.mx\/wp-content\/uploads\/2022\/03\/XH53RXCPYRDJHMGLAITYYVRU2Q-816x1024.webp 816w, http:\/\/www.grieta.org.mx\/wp-content\/uploads\/2022\/03\/XH53RXCPYRDJHMGLAITYYVRU2Q-768x963.webp 768w\" sizes=\"(max-width: 1200px) 100vw, 1200px\" \/><br \/>\nWIRIKUTA (REBELION.ORG)<\/p>\n<p>Para aportar, pueden ingresar a la p\u00e1gina de Facebook \u201cWirikuta Flor de la Conciencia\u201d, en donde se est\u00e1 compartiendo el avance de la iniciativa.<\/p>\n<p>Por \u00faltimo, ya en CDMX, el pueblo Wix\u00e1rika culminar\u00e1 su peregrinaci\u00f3n en el Templo Mayor, despu\u00e9s de lo cual intentar\u00e1n entregarle una carta a AMLO con el objetivo de que intervenga en el ecocidio de Wirikuta.<\/p>\n<p>\u201cExigimos de nuestras autoridades mayor sensibilidad para la atenci\u00f3n de los proyectos mediante una consulta previa, informada y consensuada con los pueblos\u201d<\/p>\n<p><a href=\"https:\/\/www.sdpnoticias.com\/mexico\/pueblo-wixarika-pide-ayuda-para-detener-ecocidio-de-wirikuta-intentaran-llegar-a-amlo\/?utm_source=pocket_mylist\" rel=\"noopener\" target=\"_blank\">https:\/\/www.sdpnoticias.com\/mexico\/pueblo-wixarika-pide-ayuda-para-detener-ecocidio-de-wirikuta-intentaran-llegar-a-amlo\/?utm_source=pocket_mylist<\/a><\/p>\n","protected":false},"excerpt":{"rendered":"<p>Yazm\u00edn Navarro\/SDP Noticias 10 marzo 2022 El pueblo Wix\u00e1rika hizo un llamado urgente para salvar Wirikuta de las mineras que est\u00e1n invadiendo un espacio sagrado. El pueblo Wix\u00e1rika hizo llamado &hellip; <a href=\"http:\/\/www.grieta.org.mx\/index.php\/2022\/03\/10\/pueblo-wixarika-pide-ayuda-para-detener-ecocidio-de-wirikuta-san-luis-potosi\/\" class=\"more-link\">Leer m\u00e1s<\/a><\/p>\n","protected":false},"author":2,"featured_media":63689,"comment_status":"closed","ping_status":"closed","sticky":false,"template":"","format":"standard","meta":{"ngg_post_thumbnail":0,"_jetpack_newsletter_access":"","_jetpack_dont_email_post_to_subs":false,"_jetpack_newsletter_tier_id":0,"_jetpack_memberships_contains_paywalled_content":false,"_jetpack_memberships_contains_paid_content":false,"footnotes":""},"categories":[80,1619,1608,2829,1278,2886,2,29,83],"tags":[628,2466,3206,1799,1724],"class_list":["post-63688","post","type-post","status-publish","format-standard","has-post-thumbnail","hentry","category-cintillo","category-conflictos-mineros-en-san-luis-potosi","category-conflictos-por-el-territorio-en-san-luis-potosi","category-defensa-de-wirikuta","category-despojo-de-tierras-y-territorios","category-movilizacion-de-pueblos-originarios-en-san-luis-potosi-san-luis-potosi","category-noticias-nacionales","category-san-luis-potosi","category-temas-nacionales","tag-defensa-del-territorio","tag-luchas-y-resistencias-de-pueblos-originarios","tag-protestas-pueblos-indigenas","tag-wirikuta","tag-wixarikas","entry"],"jetpack_featured_media_url":"http:\/\/www.grieta.org.mx\/wp-content\/uploads\/2022\/03\/YZHO2WD7FBCERG54FPJP7V75ZY.webp","jetpack_sharing_enabled":true,"jetpack_shortlink":"https:\/\/wp.me\/p7ZJR4-gze","jetpack_likes_enabled":false,"jetpack-related-posts":[{"id":37216,"url":"http:\/\/www.grieta.org.mx\/index.php\/2019\/07\/27\/no-desistiran-de-amparo-contra-minera-advierten-wixarikas-san-luis-potosi\/","url_meta":{"origin":63688,"position":0},"title":"No desistir\u00e1n de amparo contra minera, advierten Wix\u00e1rikas (San Luis Potos\u00ed)","author":"grieta","date":"27 julio, 2019","format":false,"excerpt":"Mayra Trist\u00e1n \/ El Sol de San Luis Autoridades civiles, tradicionales y agrarias del pueblo Wix\u00e1rika se desistieron de asistir a una reuni\u00f3n convocada por ejidatarios para este s\u00e1bado, en la cual se pretende generar acuerdos para \u201cintervenir en el amparo 819\/2011-VI\u201d que el pueblo Wix\u00e1rika interpuso contra la empresa\u2026","rel":"","context":"En &quot;3. Wix\u00e1rikas&quot;","block_context":{"text":"3. Wix\u00e1rikas","link":"http:\/\/www.grieta.org.mx\/index.php\/category\/espejos-de-la-resistencia\/3-wixarikas\/"},"img":{"alt_text":"","src":"https:\/\/i0.wp.com\/www.grieta.org.mx\/wp-content\/uploads\/2019\/08\/Ritual-Wix%C3%A1rika.jpg?resize=350%2C200","width":350,"height":200,"srcset":"https:\/\/i0.wp.com\/www.grieta.org.mx\/wp-content\/uploads\/2019\/08\/Ritual-Wix%C3%A1rika.jpg?resize=350%2C200 1x, https:\/\/i0.wp.com\/www.grieta.org.mx\/wp-content\/uploads\/2019\/08\/Ritual-Wix%C3%A1rika.jpg?resize=525%2C300 1.5x, https:\/\/i0.wp.com\/www.grieta.org.mx\/wp-content\/uploads\/2019\/08\/Ritual-Wix%C3%A1rika.jpg?resize=700%2C400 2x"},"classes":[]},{"id":58188,"url":"http:\/\/www.grieta.org.mx\/index.php\/2021\/03\/28\/el-consejo-regional-wixarika-exige-a-la-federacion-y-al-estado-apoyo-a-las-comunidades-afectadas-por-incendio-forestal-san-luis-potosi\/","url_meta":{"origin":63688,"position":1},"title":"El Consejo Regional Wix\u00e1rika exige a la Federaci\u00f3n y al estado apoyo a las comunidades afectadas por incendio forestal (San Luis Potos\u00ed)","author":"grieta","date":"28 marzo, 2021","format":false,"excerpt":"Jordana Gonz\u00e1lez\/Contrl\u00ednea 28 marzo 2021 El Consejo Regional Wix\u00e1rika por la Defensa de Wirikuta exigi\u00f3 a los gobiernos federal y estatal intervenir \u201clo m\u00e1s pronto posible\u201d para ayudar a los ejidatarios y comuneros de los municipios Villa de Guadalupe, Charcas y Catorce a sofocar el incendio que ha deforestado m\u00e1s\u2026","rel":"","context":"En &quot;CINTILLO&quot;","block_context":{"text":"CINTILLO","link":"http:\/\/www.grieta.org.mx\/index.php\/category\/cintillo\/"},"img":{"alt_text":"","src":"https:\/\/i0.wp.com\/www.grieta.org.mx\/wp-content\/uploads\/2021\/04\/incendio.jpg?resize=350%2C200","width":350,"height":200,"srcset":"https:\/\/i0.wp.com\/www.grieta.org.mx\/wp-content\/uploads\/2021\/04\/incendio.jpg?resize=350%2C200 1x, https:\/\/i0.wp.com\/www.grieta.org.mx\/wp-content\/uploads\/2021\/04\/incendio.jpg?resize=525%2C300 1.5x"},"classes":[]},{"id":68817,"url":"http:\/\/www.grieta.org.mx\/index.php\/2024\/04\/18\/wirikuta-no-se-vende-se-ama-y-se-defiende-13-anos-en-defensa-del-territorio-sagrado-de-los-wixarikas\/","url_meta":{"origin":63688,"position":2},"title":"\u201cWirikuta no se vende, se ama y se defiende\u201d: 13 a\u00f1os en defensa del territorio sagrado de los Wix\u00e1rikas","author":"grieta","date":"18 abril, 2024","format":false,"excerpt":"Imagen: Zona Docs Despu\u00e9s de 13 a\u00f1os de constante batalla, el Consejo Regional Wix\u00e1rika por la Defensa de Wirikuta exige la cancelaci\u00f3n de concesiones mineras que amenazan su tierra sagrada.\u00a0 Durante el foro Wirikuta: 13 a\u00f1os en defensa del territorio sagrado, autoridades tradicionales y civiles reafirmaron su compromiso, destacando logros\u2026","rel":"","context":"En &quot;3. Wix\u00e1rikas&quot;","block_context":{"text":"3. Wix\u00e1rikas","link":"http:\/\/www.grieta.org.mx\/index.php\/category\/espejos-de-la-resistencia\/3-wixarikas\/"},"img":{"alt_text":"","src":"https:\/\/i0.wp.com\/www.grieta.org.mx\/wp-content\/uploads\/2024\/04\/IMG_4859-1068x712-1.jpeg?resize=350%2C200","width":350,"height":200,"srcset":"https:\/\/i0.wp.com\/www.grieta.org.mx\/wp-content\/uploads\/2024\/04\/IMG_4859-1068x712-1.jpeg?resize=350%2C200 1x, https:\/\/i0.wp.com\/www.grieta.org.mx\/wp-content\/uploads\/2024\/04\/IMG_4859-1068x712-1.jpeg?resize=525%2C300 1.5x, https:\/\/i0.wp.com\/www.grieta.org.mx\/wp-content\/uploads\/2024\/04\/IMG_4859-1068x712-1.jpeg?resize=700%2C400 2x, https:\/\/i0.wp.com\/www.grieta.org.mx\/wp-content\/uploads\/2024\/04\/IMG_4859-1068x712-1.jpeg?resize=1050%2C600 3x"},"classes":[]},{"id":38390,"url":"http:\/\/www.grieta.org.mx\/index.php\/2019\/07\/26\/reiteran-wixarikas-lucha-contra-mineria-jalisco-san-luis-potosi\/","url_meta":{"origin":63688,"position":3},"title":"Reiteran wix\u00e1rikas lucha contra miner\u00eda (Jalisco, San Luis Potos\u00ed)","author":"grieta","date":"26 julio, 2019","format":false,"excerpt":"Dario Pereira \/ El Diario NTR No habr\u00e1 marcha atr\u00e1s en el amparo interpuesto por autoridades tradicionales de San Sebasti\u00e1n Teponahuaxtl\u00e1n, comunidad wix\u00e1rika enclavada en Mezquitic, Jalisco, mediante el que se busca frenar la intervenci\u00f3n de mineras en su territorio sagrado de Wirikuta. En 2011, los wixaritari de Jalisco interpusieron\u2026","rel":"","context":"En &quot;3. Wix\u00e1rikas&quot;","block_context":{"text":"3. Wix\u00e1rikas","link":"http:\/\/www.grieta.org.mx\/index.php\/category\/espejos-de-la-resistencia\/3-wixarikas\/"},"img":{"alt_text":"","src":"https:\/\/i0.wp.com\/www.grieta.org.mx\/wp-content\/uploads\/2019\/08\/2019-07-25_11-07-22___6449.jpg?resize=350%2C200","width":350,"height":200,"srcset":"https:\/\/i0.wp.com\/www.grieta.org.mx\/wp-content\/uploads\/2019\/08\/2019-07-25_11-07-22___6449.jpg?resize=350%2C200 1x, https:\/\/i0.wp.com\/www.grieta.org.mx\/wp-content\/uploads\/2019\/08\/2019-07-25_11-07-22___6449.jpg?resize=525%2C300 1.5x, https:\/\/i0.wp.com\/www.grieta.org.mx\/wp-content\/uploads\/2019\/08\/2019-07-25_11-07-22___6449.jpg?resize=700%2C400 2x"},"classes":[]},{"id":27136,"url":"http:\/\/www.grieta.org.mx\/index.php\/2018\/10\/14\/mineras-tras-ataques-a-huicholes-buscan-empresas-canadienses-extraer-en-centro-ceremonial-san-luis-potosi\/","url_meta":{"origin":63688,"position":4},"title":"Mineras tras ataques a Huicholes; buscan empresas canadienses extraer en centro ceremonial (San Luis Potos\u00ed)","author":"grieta","date":"14 octubre, 2018","format":false,"excerpt":"Wirikuta centro ceremonial y tierra sagrada se encuentra en peligro perseguida por empresas mineras Judith Gonz\u00e1lez \/ Difusi\u00f3n Norte El pueblo wix\u00e1rika sufre un grave ataque, incluso se han registrado en los \u00faltimos meses agresiones hasta el asesinato de l\u00edderes comunitarios y la quema de centros ceremoniales y es que,\u2026","rel":"","context":"En &quot;CINTILLO&quot;","block_context":{"text":"CINTILLO","link":"http:\/\/www.grieta.org.mx\/index.php\/category\/cintillo\/"},"img":{"alt_text":"","src":"https:\/\/i0.wp.com\/www.grieta.org.mx\/wp-content\/uploads\/2018\/10\/Mineras-tras-ataques-a-Huicholes.jpg?resize=350%2C200","width":350,"height":200,"srcset":"https:\/\/i0.wp.com\/www.grieta.org.mx\/wp-content\/uploads\/2018\/10\/Mineras-tras-ataques-a-Huicholes.jpg?resize=350%2C200 1x, https:\/\/i0.wp.com\/www.grieta.org.mx\/wp-content\/uploads\/2018\/10\/Mineras-tras-ataques-a-Huicholes.jpg?resize=525%2C300 1.5x, https:\/\/i0.wp.com\/www.grieta.org.mx\/wp-content\/uploads\/2018\/10\/Mineras-tras-ataques-a-Huicholes.jpg?resize=700%2C400 2x"},"classes":[]},{"id":1805,"url":"http:\/\/www.grieta.org.mx\/index.php\/2015\/08\/10\/anuncian-nueva-etapa-en-defensa-del-territorio-wixarika-2\/","url_meta":{"origin":63688,"position":5},"title":"Anuncian nueva etapa en defensa del territorio wix\u00e1rika","author":"grieta","date":"10 agosto, 2015","format":false,"excerpt":"Las comunidades del pueblo wix\u00e1rika exigen que se detengan los proyectos mineros, tur\u00edsticos y de infraestructura en sus territorios Ra\u00fal Torres\/El Universal Las comunidades que conforman el pueblo wix\u00e1rika, asentado en los estados de Jalisco, Nayarit y Durango, anunciaron una nueva etapa de coordinaci\u00f3n y fortalecimiento en la defensa de\u2026","rel":"","context":"En &quot;CINTILLO&quot;","block_context":{"text":"CINTILLO","link":"http:\/\/www.grieta.org.mx\/index.php\/category\/cintillo\/"},"img":{"alt_text":"","src":"https:\/\/i0.wp.com\/www.grieta.org.mx\/wp-content\/uploads\/2018\/03\/14524434_1106112876131411_958039263622046936_o.jpg?resize=350%2C200","width":350,"height":200,"srcset":"https:\/\/i0.wp.com\/www.grieta.org.mx\/wp-content\/uploads\/2018\/03\/14524434_1106112876131411_958039263622046936_o.jpg?resize=350%2C200 1x, https:\/\/i0.wp.com\/www.grieta.org.mx\/wp-content\/uploads\/2018\/03\/14524434_1106112876131411_958039263622046936_o.jpg?resize=525%2C300 1.5x, https:\/\/i0.wp.com\/www.grieta.org.mx\/wp-content\/uploads\/2018\/03\/14524434_1106112876131411_958039263622046936_o.jpg?resize=700%2C400 2x"},"classes":[]}],"_links":{"self":[{"href":"http:\/\/www.grieta.org.mx\/index.php\/wp-json\/wp\/v2\/posts\/63688","targetHints":{"allow":["GET"]}}],"collection":[{"href":"http:\/\/www.grieta.org.mx\/index.php\/wp-json\/wp\/v2\/posts"}],"about":[{"href":"http:\/\/www.grieta.org.mx\/index.php\/wp-json\/wp\/v2\/types\/post"}],"author":[{"embeddable":true,"href":"http:\/\/www.grieta.org.mx\/index.php\/wp-json\/wp\/v2\/users\/2"}],"replies":[{"embeddable":true,"href":"http:\/\/www.grieta.org.mx\/index.php\/wp-json\/wp\/v2\/comments?post=63688"}],"version-history":[{"count":1,"href":"http:\/\/www.grieta.org.mx\/index.php\/wp-json\/wp\/v2\/posts\/63688\/revisions"}],"predecessor-version":[{"id":63694,"href":"http:\/\/www.grieta.org.mx\/index.php\/wp-json\/wp\/v2\/posts\/63688\/revisions\/63694"}],"wp:featuredmedia":[{"embeddable":true,"href":"http:\/\/www.grieta.org.mx\/index.php\/wp-json\/wp\/v2\/media\/63689"}],"wp:attachment":[{"href":"http:\/\/www.grieta.org.mx\/index.php\/wp-json\/wp\/v2\/media?parent=63688"}],"wp:term":[{"taxonomy":"category","embeddable":true,"href":"http:\/\/www.grieta.org.mx\/index.php\/wp-json\/wp\/v2\/categories?post=63688"},{"taxonomy":"post_tag","embeddable":true,"href":"http:\/\/www.grieta.org.mx\/index.php\/wp-json\/wp\/v2\/tags?post=63688"}],"curies":[{"name":"wp","href":"https:\/\/api.w.org\/{rel}","templated":true}]}}