{"id":63681,"date":"2022-03-09T11:04:09","date_gmt":"2022-03-09T17:04:09","guid":{"rendered":"https:\/\/www.grieta.org.mx\/?p=63681"},"modified":"2022-03-15T11:10:45","modified_gmt":"2022-03-15T17:10:45","slug":"crece-exponencialmente-desaparicion-de-personas-en-aguascalientes","status":"publish","type":"post","link":"http:\/\/www.grieta.org.mx\/index.php\/2022\/03\/09\/crece-exponencialmente-desaparicion-de-personas-en-aguascalientes\/","title":{"rendered":"Crece exponencialmente desaparici\u00f3n de personas en Aguascalientes"},"content":{"rendered":"<p>Tom\u00e1s D\u00e1valos\/El Sol del Centro<br \/>\n15 marzo 2022<\/p>\n<p>En crecimiento exponencial la desaparici\u00f3n de personas en la entidad, y es que durante el 2007 se contabilizaron seis reportes, mientras que entre el 2019 y 2020 se acrecent\u00f3 la cifra, ya que se registraron 700 casos.<\/p>\n<p>Al respecto, Violeta Sab\u00e1s D\u00edaz de Le\u00f3n, directora del Observatorio de Violencia Social y de G\u00e9nero en la entidad, se\u00f1al\u00f3 que actualmente se tienen 300 carpetas de investigaci\u00f3n activas, por este concepto, asimismo, subray\u00f3 que el porcentaje de g\u00e9neros de las personas desaparecidas podr\u00eda limitarse a un 50-50.<\/p>\n<p>Asimismo, lament\u00f3 que los reportes de personas desaparecidas se mantengan al alza, aunada a la falta de actualizaci\u00f3n de los sistemas nacionales, con los casos llevados a cargo de cada fiscal\u00eda.<\/p>\n<p>\u201cHemos realizado mesas de trabajo con la Fiscal\u00eda Especializada en B\u00fasqueda, con la Comisi\u00f3n Estatal de B\u00fasqueda y las comisiones de Derechos Humanos nacional y estatal, para generar un s\u00f3lo padr\u00f3n de personas que no han sido localizadas\u201d, refiri\u00f3 la activista, quien a\u00f1adi\u00f3 que hasta el 2017 se utilizaba el Registro Nacional de Personas Desaparecidas, que fue actualizado por \u00faltima vez en junio de 2018, \u201chay miles de personas que est\u00e1n en carpeta de investigaci\u00f3n en las fiscal\u00edas, no conocen el desuso del RENAPED y chocan los datos\u201d.<\/p>\n<p>La coordinadora del OVSGA extern\u00f3 que llevan a cabo acciones para depurar la lista de reportes de personas desaparecidas, con las carpetas activas por este concepto, ya que a su decir no coinciden las cifras, dado que las autoridades no dan seguimiento a los casos.<\/p>\n<p>Si bien d\u00eda a d\u00eda se reciben reportes por personas desaparecidas, Violeta Sab\u00e1s reconoci\u00f3 que se han tenido ubicaciones inmediatas, sin embargo, \u201cla FGE hace un trabajo de localizaci\u00f3n pero son las familias las que proporcionan datos y antecedentes para la ubicaci\u00f3n de los desaparecidos, la mayor\u00eda de personas se localizan con vida pero se mantiene el rezago\u201d.<\/p>\n<p>En cuanto a los factores por los que podr\u00eda desaparecer una persona, la activista se\u00f1al\u00f3 que estos se derivan de diversas condiciones, una de ella es la violencia, \u201cla persona lo toma como una pr\u00e1ctica de seguridad para poder proteger su vida e integridad, decide irse de su domicilio\u201d, delitos, secuestros, trata de personas con fines de explotaci\u00f3n sexual, sobre todo en adolescentes, que en ocasiones son convencidas por gente mayor, de abandonar sus hogares.<\/p>\n<p><a href=\"https:\/\/www.elsoldelcentro.com.mx\/republica\/justicia\/crece-exponencialmente-desaparicion-de-personas-7964955.html?utm_source=pocket_mylist\" rel=\"noopener\" target=\"_blank\">https:\/\/www.elsoldelcentro.com.mx\/republica\/justicia\/crece-exponencialmente-desaparicion-de-personas-7964955.html?utm_source=pocket_mylist<\/a><\/p>\n","protected":false},"excerpt":{"rendered":"<p>Tom\u00e1s D\u00e1valos\/El Sol del Centro 15 marzo 2022 En crecimiento exponencial la desaparici\u00f3n de personas en la entidad, y es que durante el 2007 se contabilizaron seis reportes, mientras que &hellip; <a href=\"http:\/\/www.grieta.org.mx\/index.php\/2022\/03\/09\/crece-exponencialmente-desaparicion-de-personas-en-aguascalientes\/\" class=\"more-link\">Leer m\u00e1s<\/a><\/p>\n","protected":false},"author":2,"featured_media":63683,"comment_status":"closed","ping_status":"closed","sticky":false,"template":"","format":"standard","meta":{"ngg_post_thumbnail":0,"_jetpack_newsletter_access":"","_jetpack_dont_email_post_to_subs":false,"_jetpack_newsletter_tier_id":0,"_jetpack_memberships_contains_paywalled_content":false,"_jetpack_memberships_contains_paid_content":false,"footnotes":""},"categories":[4,80,87,1189,2,83],"tags":[3700,1828,3152],"class_list":["post-63681","post","type-post","status-publish","format-standard","has-post-thumbnail","hentry","category-aguascalientes","category-cintillo","category-desaparecidos","category-desaparecidos-en-aguascalientes","category-noticias-nacionales","category-temas-nacionales","tag-aumento-desaparecidos","tag-busqueda-de-desaparecidos","tag-observatorio-de-violencia-social-y-genero","entry"],"jetpack_featured_media_url":"http:\/\/www.grieta.org.mx\/wp-content\/uploads\/2022\/03\/personas-desaparecidas.jpg","jetpack_sharing_enabled":true,"jetpack_shortlink":"https:\/\/wp.me\/p7ZJR4-gz7","jetpack_likes_enabled":false,"jetpack-related-posts":[{"id":43905,"url":"http:\/\/www.grieta.org.mx\/index.php\/2020\/02\/01\/hubo-3-denuncias-diarias-de-desaparicion-en-aguascalientes-el-ano-pasado\/","url_meta":{"origin":63681,"position":0},"title":"Hubo 3 denuncias diarias de desaparici\u00f3n en Aguascalientes el a\u00f1o pasado","author":"grieta","date":"1 febrero, 2020","format":false,"excerpt":"Redacci\u00f3n\/El Heraldo Aguascalientes 1 febrero 2020 Cerca de 800 denuncias de personas desaparecidas se registraron el a\u00f1o pasado en Aguascalientes, de las cuales una gran mayor\u00eda fueron resueltas, sin embargo otros expedientes siguen rezagados en las investigaciones, as\u00ed lo se\u00f1al\u00f3 la coordinadora del Observatorio de Violencia Social y de G\u00e9nero,\u2026","rel":"","context":"En &quot;Aguascalientes&quot;","block_context":{"text":"Aguascalientes","link":"http:\/\/www.grieta.org.mx\/index.php\/category\/noticias-nacionales\/aguascalientes\/"},"img":{"alt_text":"","src":"https:\/\/i0.wp.com\/www.grieta.org.mx\/wp-content\/uploads\/2020\/02\/colectivo-desaparecidos.png?resize=350%2C200","width":350,"height":200,"srcset":"https:\/\/i0.wp.com\/www.grieta.org.mx\/wp-content\/uploads\/2020\/02\/colectivo-desaparecidos.png?resize=350%2C200 1x, https:\/\/i0.wp.com\/www.grieta.org.mx\/wp-content\/uploads\/2020\/02\/colectivo-desaparecidos.png?resize=525%2C300 1.5x"},"classes":[]},{"id":54712,"url":"http:\/\/www.grieta.org.mx\/index.php\/2020\/08\/17\/inicia-caravana-de-familiares-de-desaparecidos-de-aguascalientes-en-puerto-vallarta\/","url_meta":{"origin":63681,"position":1},"title":"Inicia caravana de familiares de desaparecidos de Aguascalientes en Puerto Vallarta","author":"grieta","date":"17 agosto, 2020","format":false,"excerpt":"Alejandro Romo\/Newsweek Aguascalientes 17 agosto 2020 Este lunes comenz\u00f3 la caravana de b\u00fasqueda organizada por el Colectivo Buscando Personas, Verdad y Justicia y el Observatorio de Violencia Social y de G\u00e9nero (OVSG) y familiares de personas desaparecidas de Aguascalientes en municipios de Jalisco. La caravana inici\u00f3 en Puerto Vallarta, Jalisco,\u2026","rel":"","context":"En &quot;Aguascalientes&quot;","block_context":{"text":"Aguascalientes","link":"http:\/\/www.grieta.org.mx\/index.php\/category\/noticias-nacionales\/aguascalientes\/"},"img":{"alt_text":"","src":"https:\/\/i0.wp.com\/www.grieta.org.mx\/wp-content\/uploads\/2020\/11\/WhatsApp-Image-2020-08-17-at-1.48.32-PM.jpeg?resize=350%2C200","width":350,"height":200,"srcset":"https:\/\/i0.wp.com\/www.grieta.org.mx\/wp-content\/uploads\/2020\/11\/WhatsApp-Image-2020-08-17-at-1.48.32-PM.jpeg?resize=350%2C200 1x, https:\/\/i0.wp.com\/www.grieta.org.mx\/wp-content\/uploads\/2020\/11\/WhatsApp-Image-2020-08-17-at-1.48.32-PM.jpeg?resize=525%2C300 1.5x"},"classes":[]},{"id":65077,"url":"http:\/\/www.grieta.org.mx\/index.php\/2022\/08\/31\/familiares-de-desaparecidos-se-manifiestan-en-aguascalientes-2\/","url_meta":{"origin":63681,"position":2},"title":"Familiares de desaparecidos se manifiestan en Aguascalientes","author":"grieta","date":"31 agosto, 2022","format":false,"excerpt":"Judith Gavl\u00e1n\/El Sol del centro 31 agosto 2022 Por el d\u00eda D\u00eda Internacional de las V\u00edctimas de Desapariciones Forzadas, algunos colectivos y familiares se re\u00fanen para conmemorar a los desaparecidos Familiares y colectivos de personas desaparecidas se manifestaron en Aguascalientes en la plaza principal, con motivo del D\u00eda Internacional de\u2026","rel":"","context":"En &quot;Aguascalientes&quot;","block_context":{"text":"Aguascalientes","link":"http:\/\/www.grieta.org.mx\/index.php\/category\/noticias-nacionales\/aguascalientes\/"},"img":{"alt_text":"","src":"https:\/\/i0.wp.com\/www.grieta.org.mx\/wp-content\/uploads\/2022\/09\/Manifestacion-PersonasDesaparecidas.jpg?resize=350%2C200","width":350,"height":200,"srcset":"https:\/\/i0.wp.com\/www.grieta.org.mx\/wp-content\/uploads\/2022\/09\/Manifestacion-PersonasDesaparecidas.jpg?resize=350%2C200 1x, https:\/\/i0.wp.com\/www.grieta.org.mx\/wp-content\/uploads\/2022\/09\/Manifestacion-PersonasDesaparecidas.jpg?resize=525%2C300 1.5x, https:\/\/i0.wp.com\/www.grieta.org.mx\/wp-content\/uploads\/2022\/09\/Manifestacion-PersonasDesaparecidas.jpg?resize=700%2C400 2x"},"classes":[]},{"id":54709,"url":"http:\/\/www.grieta.org.mx\/index.php\/2020\/08\/07\/colectivo-verdad-y-justicia-organiza-caravana-a-jalisco-aguascalientes\/","url_meta":{"origin":63681,"position":3},"title":"COLECTIVO VERDAD Y JUSTICIA ORGANIZA CARAVANA A JALISCO (Aguascalientes)","author":"grieta","date":"7 agosto, 2020","format":false,"excerpt":"Claudia Rodr\u00edguez Loera\/La Jornada Aguascalientes 7 agosto 2020 Familiares de desaparecidos exigir\u00e1n a autoridades jaliscienses reactiven investigaciones Son casos de 6 desaparecidos de Aguascalientes en Jalisco, y 3 m\u00e1s en comunidades l\u00edmite Con caravana, Colectivo Verdad y Justicia de Aguascalientes exigir\u00e1n se reactiven investigaciones en Jalisco relacionadas con personas desaparecidas\u2026","rel":"","context":"En &quot;Aguascalientes&quot;","block_context":{"text":"Aguascalientes","link":"http:\/\/www.grieta.org.mx\/index.php\/category\/noticias-nacionales\/aguascalientes\/"},"img":{"alt_text":"","src":"https:\/\/i0.wp.com\/www.grieta.org.mx\/wp-content\/uploads\/2020\/11\/verdad-y-justicia.jpg?resize=350%2C200","width":350,"height":200},"classes":[]},{"id":30728,"url":"http:\/\/www.grieta.org.mx\/index.php\/2019\/03\/08\/familiares-de-desaparecidos-se-manifiestan-en-aguascalientes\/","url_meta":{"origin":63681,"position":4},"title":"Familiares de desaparecidos se manifiestan en Aguascalientes","author":"grieta","date":"8 marzo, 2019","format":false,"excerpt":"En el posicionamiento se exigi\u00f3 al gobierno federal la actualizaci\u00f3n de bases de datos estatal y nacional que contenga la informaci\u00f3n y fotograf\u00eda de personas desaparecidas Karla M\u00e9ndez\/Exc\u00e9lsior AGUASCALIENTES, Aguascalientes. Durante la visita del Presidente Andr\u00e9s Manuel L\u00f3pez Obrador, familiares de personas desaparecidas se manifestaron en el evento \"La idea\u2026","rel":"","context":"En &quot;Aguascalientes&quot;","block_context":{"text":"Aguascalientes","link":"http:\/\/www.grieta.org.mx\/index.php\/category\/noticias-nacionales\/aguascalientes\/"},"img":{"alt_text":"","src":"https:\/\/i0.wp.com\/www.grieta.org.mx\/wp-content\/uploads\/2019\/03\/2111539.jpg?resize=350%2C200","width":350,"height":200,"srcset":"https:\/\/i0.wp.com\/www.grieta.org.mx\/wp-content\/uploads\/2019\/03\/2111539.jpg?resize=350%2C200 1x, https:\/\/i0.wp.com\/www.grieta.org.mx\/wp-content\/uploads\/2019\/03\/2111539.jpg?resize=525%2C300 1.5x"},"classes":[]},{"id":65264,"url":"http:\/\/www.grieta.org.mx\/index.php\/2022\/09\/13\/a-los-desaparecidos-hay-que-buscarlos-siempre-aguascalientes\/","url_meta":{"origin":63681,"position":5},"title":"A los desaparecidos hay que buscarlos siempre (Aguascalientes)","author":"grieta","date":"13 septiembre, 2022","format":false,"excerpt":"Redacci\u00f3n\/El Heraldo Aguascalientes 13 septiembre 2022 Buscar\u00e1 el Observatorio de Violencia Social y de G\u00e9nero de Aguascalientes posicionar con la gobernadora electa Tere Jim\u00e9nez Esquivel los temas de prevenci\u00f3n a la violencia feminicida y el de la atenci\u00f3n prioritaria en la b\u00fasqueda y localizaci\u00f3n de personas, destac\u00f3 su coordinadora, Violeta\u2026","rel":"","context":"En &quot;Aguascalientes&quot;","block_context":{"text":"Aguascalientes","link":"http:\/\/www.grieta.org.mx\/index.php\/category\/noticias-nacionales\/aguascalientes\/"},"img":{"alt_text":"","src":"https:\/\/i0.wp.com\/www.grieta.org.mx\/wp-content\/uploads\/2022\/09\/manifestacion-familias-personas-desaparecidas-ASC_7854-696x464-1.jpg?resize=350%2C200","width":350,"height":200,"srcset":"https:\/\/i0.wp.com\/www.grieta.org.mx\/wp-content\/uploads\/2022\/09\/manifestacion-familias-personas-desaparecidas-ASC_7854-696x464-1.jpg?resize=350%2C200 1x, https:\/\/i0.wp.com\/www.grieta.org.mx\/wp-content\/uploads\/2022\/09\/manifestacion-familias-personas-desaparecidas-ASC_7854-696x464-1.jpg?resize=525%2C300 1.5x"},"classes":[]}],"_links":{"self":[{"href":"http:\/\/www.grieta.org.mx\/index.php\/wp-json\/wp\/v2\/posts\/63681","targetHints":{"allow":["GET"]}}],"collection":[{"href":"http:\/\/www.grieta.org.mx\/index.php\/wp-json\/wp\/v2\/posts"}],"about":[{"href":"http:\/\/www.grieta.org.mx\/index.php\/wp-json\/wp\/v2\/types\/post"}],"author":[{"embeddable":true,"href":"http:\/\/www.grieta.org.mx\/index.php\/wp-json\/wp\/v2\/users\/2"}],"replies":[{"embeddable":true,"href":"http:\/\/www.grieta.org.mx\/index.php\/wp-json\/wp\/v2\/comments?post=63681"}],"version-history":[{"count":1,"href":"http:\/\/www.grieta.org.mx\/index.php\/wp-json\/wp\/v2\/posts\/63681\/revisions"}],"predecessor-version":[{"id":63682,"href":"http:\/\/www.grieta.org.mx\/index.php\/wp-json\/wp\/v2\/posts\/63681\/revisions\/63682"}],"wp:featuredmedia":[{"embeddable":true,"href":"http:\/\/www.grieta.org.mx\/index.php\/wp-json\/wp\/v2\/media\/63683"}],"wp:attachment":[{"href":"http:\/\/www.grieta.org.mx\/index.php\/wp-json\/wp\/v2\/media?parent=63681"}],"wp:term":[{"taxonomy":"category","embeddable":true,"href":"http:\/\/www.grieta.org.mx\/index.php\/wp-json\/wp\/v2\/categories?post=63681"},{"taxonomy":"post_tag","embeddable":true,"href":"http:\/\/www.grieta.org.mx\/index.php\/wp-json\/wp\/v2\/tags?post=63681"}],"curies":[{"name":"wp","href":"https:\/\/api.w.org\/{rel}","templated":true}]}}