{"id":6367,"date":"2016-02-09T21:43:46","date_gmt":"2016-02-09T21:43:46","guid":{"rendered":"http:\/\/50.22.11.12\/~grietaor\/?p=6367"},"modified":"2016-03-28T21:44:58","modified_gmt":"2016-03-28T21:44:58","slug":"segundo-dia-de-protestas-en-escuelas-por-falta-de-maestros","status":"publish","type":"post","link":"http:\/\/www.grieta.org.mx\/index.php\/2016\/02\/09\/segundo-dia-de-protestas-en-escuelas-por-falta-de-maestros\/","title":{"rendered":"Segundo d\u00eda de protestas en escuelas por falta de maestros"},"content":{"rendered":"<p>Tabasco Hoy<br \/>\n09\/02\/2016 14:49 \/ Centro, Tabasco<br \/>\nPadres de familia de diversas escuelas de los municipios de Centro, C\u00e1rdenas y Cunduac\u00e1n realizaron este d\u00eda protestas por la falta de docentes en los centros educativos, lo cual causa afectaci\u00f3n al aprendizaje de sus hijos.<\/p>\n<p>Este es el segundo d\u00eda que las inconformidades mueven al cierre de escuelas y vialidades, tanto en Centro como en municipios debido a la ausencia de maestros y otras carencias; ayer hubo cierres de escuelas en Jalpa de M\u00e9ndez, Balanc\u00e1n.<\/p>\n<p>Esta ma\u00f1ana, padres de familia de la Escuela Francisco J. Santamaria bloquearon esta ma\u00f1ana la Avenida 27 de Febrero esquina con Arista, piden maestro con plaza.<\/p>\n<p>Cerca de una docena de padres de familia acompa\u00f1ados algunos por sus hijos y armados con pancartas, se apostaron sobre la avenida causando por momentos caos vial e interrumpiendo el tr\u00e1fico.<\/p>\n<p>El d\u00eda de hoy, tambi\u00e9n, padres de familia de dos diferentes escuelas primarias en C\u00e1rdenas cerraron planteles en demanda que la secretar\u00eda de educaci\u00f3n les asigne profesores.<\/p>\n<p>En la escuela primaria Profesor Dar\u00edo Vidal Vidal del bajio Tercera Secci\u00f3n padres de familia piden maestro para tercer grado; en tanto, para la escuela Rafael Ram\u00edrez Casta\u00f1eda exigen un maestro para quinto grado y un director, del cual carecen desde hace varios meses.<\/p>\n<p>Ambas escuelas fueron cerradas este lunes por grupos de padres de familia exigen la r\u00e1pida intervenci\u00f3n de la secretar\u00eda de educaci\u00f3n<\/p>\n<p>Y AYER\u2026<\/p>\n<p>La ma\u00f1ana de ayer dos escuelas de municipios fueron cerrados el plantel de CBTA 45 del municipio de Balanc\u00e1n y la Escuela \u201cMariano Matamoros\u201d de la comunidad de Galeana 2da secci\u00f3n, en el municipio de Jalpa de M\u00e9ndez.<\/p>\n<p>Ayer, cerca de las 08:00 horas la Escuela CBTA numero 45 de Balanc\u00e1n ubicada en el bulevar de la cabecera municipal fue cerrada debido a que los alumnos se enceuntran inconformes ante la falta de maestros, adem\u00e1s de que les quieren quitar a tres maestros de \u201cmuy buena calidad educativa\u201d.<\/p>\n<p>Desde las 7 de la ma\u00f1ana, alumnos pusieron candados y cadenas, adem\u00e1s de instalar pancartas con sus peticiones en los portones del plantel, exigiendo tambi\u00e9n un director ya que tiene m\u00e1s de dos a\u00f1os y medio que el CBTA se encuentra abandonado ya que el ex director Mois\u00e9s Palma, debido a problemas internos en el plantel tuvo que renunciar.<\/p>\n<p>Los afectados, m\u00e1s de 380 alumnos, se\u00f1alaron que con esta manifestaci\u00f3n no est\u00e1n \u201cen contra de nadie\u201d, sino que solo est\u00e1n pidiendo \u201clo justo\u201d, que pongan un director y que les dejen los 3 maestros que son muy eficientes en las materias que imparten.<\/p>\n<p>\u2026 Y EN JALPA<\/p>\n<p>Cansados de solicitar a la Secretar\u00eda de Educaci\u00f3n un maestro para cubrir el 5to a\u00f1o de Primaria, ayer Padres de familia de la Escuela \u201cMariano Matamoros\u201d de la comunidad de Galeana 2da secci\u00f3n de Jalpa de M\u00e9ndez determinaron cerrar el plantel escolar; a la directora Mar\u00eda Magdalena Moreno S\u00e1nchez y su personal se les impidi\u00f3 el acceso.<\/p>\n<p>La toma del plantel escolar dejo sin clases a m\u00e1s de 300 alumnos, sin embargo dijo la presidenta de padres de familias Sonia Hern\u00e1ndez Carrillo que fue una acci\u00f3n consensuada entre los padres ante la nula respuesta de parte de la SE a pesar de que van varias ocasiones que han viajada para exigir un nuevo maestro.<\/p>\n<p>La representante de los padres dej\u00f3 claro que por parte de la Supervisora Escolar Angelina P\u00e9rez Mart\u00ednez a mostrado incapacidad para resolver la falta de docentes no solo en esta escuela si no en otras en donde se ha presentado los mismos problemas generando cierre de escuelas.<\/p>\n<p><a href=\"http:\/\/www.tabascohoy.com\/nota\/295967\/segundo-dia-de-protestas-en-escuelas-por-falta-de-maestros\" target=\"_blank\">http:\/\/www.tabascohoy.com\/nota\/295967\/segundo-dia-de-protestas-en-escuelas-por-falta-de-maestros<\/a><\/p>\n","protected":false},"excerpt":{"rendered":"<p>Tabasco Hoy 09\/02\/2016 14:49 \/ Centro, Tabasco Padres de familia de diversas escuelas de los municipios de Centro, C\u00e1rdenas y Cunduac\u00e1n realizaron este d\u00eda protestas por la falta de docentes &hellip; <a href=\"http:\/\/www.grieta.org.mx\/index.php\/2016\/02\/09\/segundo-dia-de-protestas-en-escuelas-por-falta-de-maestros\/\" class=\"more-link\">Leer m\u00e1s<\/a><\/p>\n","protected":false},"author":2,"featured_media":21928,"comment_status":"closed","ping_status":"open","sticky":false,"template":"","format":"standard","meta":{"ngg_post_thumbnail":0,"_jetpack_newsletter_access":"","_jetpack_dont_email_post_to_subs":false,"_jetpack_newsletter_tier_id":0,"_jetpack_memberships_contains_paywalled_content":false,"_jetpack_memberships_contains_paid_content":false,"footnotes":""},"categories":[80,415],"tags":[102],"class_list":["post-6367","post","type-post","status-publish","format-standard","has-post-thumbnail","hentry","category-cintillo","category-tabasco","tag-derecho-a-la-educacion","entry"],"jetpack_featured_media_url":"http:\/\/www.grieta.org.mx\/wp-content\/uploads\/2018\/03\/14524434_1106112876131411_958039263622046936_o.jpg","jetpack_sharing_enabled":true,"jetpack_shortlink":"https:\/\/wp.me\/p7ZJR4-1EH","jetpack_likes_enabled":false,"jetpack-related-posts":[{"id":6359,"url":"http:\/\/www.grieta.org.mx\/index.php\/2016\/03\/09\/protestas-de-estudiantes-y-padres-por-falta-de-maestros-en-escuelas-de-tabasco\/","url_meta":{"origin":6367,"position":0},"title":"Protestas de estudiantes y padres por falta de maestros en escuelas de Tabasco","author":"grieta","date":"9 marzo, 2016","format":false,"excerpt":"09\/03\/16. Otro bloqueo por falta de maestrosHeraldo de Tabasco 18\/02\/16. Cierran calle por segunda vez a falta de maestros en TenosiqueTabasco Hoy 12\/02\/16. Por falta de maestros padres toman escuelaDiario Avance 09\/02\/16. Segundo d\u00eda de protestas en escuelas por falta de maestrosTabasco Hoy","rel":"","context":"En &quot;NOTICIAS NACIONALES&quot;","block_context":{"text":"NOTICIAS NACIONALES","link":"http:\/\/www.grieta.org.mx\/index.php\/category\/noticias-nacionales\/"},"img":{"alt_text":"","src":"https:\/\/i0.wp.com\/www.grieta.org.mx\/wp-content\/uploads\/2018\/03\/14524434_1106112876131411_958039263622046936_o.jpg?resize=350%2C200","width":350,"height":200,"srcset":"https:\/\/i0.wp.com\/www.grieta.org.mx\/wp-content\/uploads\/2018\/03\/14524434_1106112876131411_958039263622046936_o.jpg?resize=350%2C200 1x, https:\/\/i0.wp.com\/www.grieta.org.mx\/wp-content\/uploads\/2018\/03\/14524434_1106112876131411_958039263622046936_o.jpg?resize=525%2C300 1.5x, https:\/\/i0.wp.com\/www.grieta.org.mx\/wp-content\/uploads\/2018\/03\/14524434_1106112876131411_958039263622046936_o.jpg?resize=700%2C400 2x"},"classes":[]},{"id":14188,"url":"http:\/\/www.grieta.org.mx\/index.php\/2016\/06\/08\/recrudecen-cierres-de-escuelas-en-municipios\/","url_meta":{"origin":6367,"position":1},"title":"Recrudecen cierres de escuelas en municipios","author":"grieta","date":"8 junio, 2016","format":false,"excerpt":"Escuelas de Macuspana, Huimanguillo, Tacotalpa y Nacajuca fueron tomadas por padres en apoyo al movimiento magisterial. Redacci\u00f3n - Tabasco HOY Los cierres de planteles por parte de padres de familia en apoyo a los maestros cesados por no presentar la evaluaci\u00f3n magisterial y en repudio a las medidas adoptadas en\u2026","rel":"","context":"En &quot;CINTILLO&quot;","block_context":{"text":"CINTILLO","link":"http:\/\/www.grieta.org.mx\/index.php\/category\/cintillo\/"},"img":{"alt_text":"","src":"https:\/\/i0.wp.com\/www.grieta.org.mx\/wp-content\/uploads\/2018\/03\/14524434_1106112876131411_958039263622046936_o.jpg?resize=350%2C200","width":350,"height":200,"srcset":"https:\/\/i0.wp.com\/www.grieta.org.mx\/wp-content\/uploads\/2018\/03\/14524434_1106112876131411_958039263622046936_o.jpg?resize=350%2C200 1x, https:\/\/i0.wp.com\/www.grieta.org.mx\/wp-content\/uploads\/2018\/03\/14524434_1106112876131411_958039263622046936_o.jpg?resize=525%2C300 1.5x, https:\/\/i0.wp.com\/www.grieta.org.mx\/wp-content\/uploads\/2018\/03\/14524434_1106112876131411_958039263622046936_o.jpg?resize=700%2C400 2x"},"classes":[]},{"id":14193,"url":"http:\/\/www.grieta.org.mx\/index.php\/2016\/06\/09\/cierran-en-municipios-157-planteles\/","url_meta":{"origin":6367,"position":2},"title":"Cierran en municipios 157 planteles","author":"grieta","date":"9 junio, 2016","format":false,"excerpt":"El rechazo a la Reforma Educativa est\u00e1 creciendo y ahora La Chontalpa y La Sierra se suman a Los R\u00edos cerrando planteles Redacci\u00f3n - Tabasco HOY Un promedio de 31 mil alumnos de nivel b\u00e1sico comenzando por jardines de ni\u00f1os hasta secundarias en las regiones de Los R\u00edos, Chontalpa y\u2026","rel":"","context":"En &quot;CINTILLO&quot;","block_context":{"text":"CINTILLO","link":"http:\/\/www.grieta.org.mx\/index.php\/category\/cintillo\/"},"img":{"alt_text":"","src":"https:\/\/i0.wp.com\/www.grieta.org.mx\/wp-content\/uploads\/2018\/03\/14524434_1106112876131411_958039263622046936_o.jpg?resize=350%2C200","width":350,"height":200,"srcset":"https:\/\/i0.wp.com\/www.grieta.org.mx\/wp-content\/uploads\/2018\/03\/14524434_1106112876131411_958039263622046936_o.jpg?resize=350%2C200 1x, https:\/\/i0.wp.com\/www.grieta.org.mx\/wp-content\/uploads\/2018\/03\/14524434_1106112876131411_958039263622046936_o.jpg?resize=525%2C300 1.5x, https:\/\/i0.wp.com\/www.grieta.org.mx\/wp-content\/uploads\/2018\/03\/14524434_1106112876131411_958039263622046936_o.jpg?resize=700%2C400 2x"},"classes":[]},{"id":26109,"url":"http:\/\/www.grieta.org.mx\/index.php\/2018\/09\/01\/el-lunes-reanudaran-clases-en-las-escuelas-con-paro-sinaloa\/","url_meta":{"origin":6367,"position":3},"title":"El lunes reanudar\u00e1n clases en las escuelas con paro (Sinaloa)","author":"grieta","date":"1 septiembre, 2018","format":false,"excerpt":"Foto ilustrativa El Debate Directores de los planteles piden que les den la base a los maestros para que tengan seguridad laboral Angelina Corral Culiac\u00e1n, Sinaloa.- Este lunes se reanudar\u00e1n las clases en las escuelas secundarias generales que realizaron plant\u00f3n el pasado jueves y ayer, ante la falta de respuesta\u2026","rel":"","context":"En &quot;CINTILLO&quot;","block_context":{"text":"CINTILLO","link":"http:\/\/www.grieta.org.mx\/index.php\/category\/cintillo\/"},"img":{"alt_text":"","src":"https:\/\/i0.wp.com\/www.grieta.org.mx\/wp-content\/uploads\/2018\/09\/paro_laboral.jpeg_539665225.jpeg?resize=350%2C200","width":350,"height":200,"srcset":"https:\/\/i0.wp.com\/www.grieta.org.mx\/wp-content\/uploads\/2018\/09\/paro_laboral.jpeg_539665225.jpeg?resize=350%2C200 1x, https:\/\/i0.wp.com\/www.grieta.org.mx\/wp-content\/uploads\/2018\/09\/paro_laboral.jpeg_539665225.jpeg?resize=525%2C300 1.5x"},"classes":[]},{"id":6250,"url":"http:\/\/www.grieta.org.mx\/index.php\/2016\/09\/12\/movilizaciones-contra-la-reforma-educativa-y-la-evaluacion-magisterial-en-tabasco\/","url_meta":{"origin":6367,"position":4},"title":"Movilizaciones contra la Reforma educativa y evaluaci\u00f3n magisterial en Tabasco","author":"grieta","date":"12 septiembre, 2016","format":false,"excerpt":"12\/09\/16. Demandar\u00e1 CNTE-CETET ante CEDH por agresi\u00f3n a paterfamiliaDiario de Tabasco 14\/07\/16. Desconocen maestros tabasque\u00f1os de la CNTE acuerdo SNTE-Nu\u00f1oEl Correo de Tabasco 08\/07\/16. Bloquean padres de familia carretera a Ciudad Pemex, MacuspanaAhora Tabasco 08\/07\/16. Maestros bloquean tres carreteras en TabascoHeraldo de Tabasco 01\/07\/16. Maestros de Tabasco repiten bloqueos en\u2026","rel":"","context":"En &quot;NOTICIAS NACIONALES&quot;","block_context":{"text":"NOTICIAS NACIONALES","link":"http:\/\/www.grieta.org.mx\/index.php\/category\/noticias-nacionales\/"},"img":{"alt_text":"","src":"https:\/\/i0.wp.com\/www.grieta.org.mx\/wp-content\/uploads\/2018\/03\/14524434_1106112876131411_958039263622046936_o.jpg?resize=350%2C200","width":350,"height":200,"srcset":"https:\/\/i0.wp.com\/www.grieta.org.mx\/wp-content\/uploads\/2018\/03\/14524434_1106112876131411_958039263622046936_o.jpg?resize=350%2C200 1x, https:\/\/i0.wp.com\/www.grieta.org.mx\/wp-content\/uploads\/2018\/03\/14524434_1106112876131411_958039263622046936_o.jpg?resize=525%2C300 1.5x, https:\/\/i0.wp.com\/www.grieta.org.mx\/wp-content\/uploads\/2018\/03\/14524434_1106112876131411_958039263622046936_o.jpg?resize=700%2C400 2x"},"classes":[]},{"id":23321,"url":"http:\/\/www.grieta.org.mx\/index.php\/2018\/05\/25\/guerrero-padres-sacan-a-sus-hijos-de-escuelas-por-violencia\/","url_meta":{"origin":6367,"position":5},"title":"Guerrero: padres sacan a sus hijos de escuelas por violencia","author":"grieta","date":"25 mayo, 2018","format":false,"excerpt":"El Sutcobach alert\u00f3 que regiones con alto \u00edndice de violencia el nivel de deserci\u00f3n escolar aumenta a\u00f1o tras a\u00f1o. Chilpancingo, Guerrero.- En las regiones de Tierra Caliente, Costa Grande, Monta\u00f1a baja y Sierra, padres de familia optan por sacar a sus hijos de la escuela por el clima de violencia,\u2026","rel":"","context":"En &quot;CINTILLO&quot;","block_context":{"text":"CINTILLO","link":"http:\/\/www.grieta.org.mx\/index.php\/category\/cintillo\/"},"img":{"alt_text":"","src":"https:\/\/i0.wp.com\/www.grieta.org.mx\/wp-content\/uploads\/2018\/03\/14524434_1106112876131411_958039263622046936_o.jpg?resize=350%2C200","width":350,"height":200,"srcset":"https:\/\/i0.wp.com\/www.grieta.org.mx\/wp-content\/uploads\/2018\/03\/14524434_1106112876131411_958039263622046936_o.jpg?resize=350%2C200 1x, https:\/\/i0.wp.com\/www.grieta.org.mx\/wp-content\/uploads\/2018\/03\/14524434_1106112876131411_958039263622046936_o.jpg?resize=525%2C300 1.5x, https:\/\/i0.wp.com\/www.grieta.org.mx\/wp-content\/uploads\/2018\/03\/14524434_1106112876131411_958039263622046936_o.jpg?resize=700%2C400 2x"},"classes":[]}],"_links":{"self":[{"href":"http:\/\/www.grieta.org.mx\/index.php\/wp-json\/wp\/v2\/posts\/6367","targetHints":{"allow":["GET"]}}],"collection":[{"href":"http:\/\/www.grieta.org.mx\/index.php\/wp-json\/wp\/v2\/posts"}],"about":[{"href":"http:\/\/www.grieta.org.mx\/index.php\/wp-json\/wp\/v2\/types\/post"}],"author":[{"embeddable":true,"href":"http:\/\/www.grieta.org.mx\/index.php\/wp-json\/wp\/v2\/users\/2"}],"replies":[{"embeddable":true,"href":"http:\/\/www.grieta.org.mx\/index.php\/wp-json\/wp\/v2\/comments?post=6367"}],"version-history":[{"count":1,"href":"http:\/\/www.grieta.org.mx\/index.php\/wp-json\/wp\/v2\/posts\/6367\/revisions"}],"predecessor-version":[{"id":6368,"href":"http:\/\/www.grieta.org.mx\/index.php\/wp-json\/wp\/v2\/posts\/6367\/revisions\/6368"}],"wp:featuredmedia":[{"embeddable":true,"href":"http:\/\/www.grieta.org.mx\/index.php\/wp-json\/wp\/v2\/media\/21928"}],"wp:attachment":[{"href":"http:\/\/www.grieta.org.mx\/index.php\/wp-json\/wp\/v2\/media?parent=6367"}],"wp:term":[{"taxonomy":"category","embeddable":true,"href":"http:\/\/www.grieta.org.mx\/index.php\/wp-json\/wp\/v2\/categories?post=6367"},{"taxonomy":"post_tag","embeddable":true,"href":"http:\/\/www.grieta.org.mx\/index.php\/wp-json\/wp\/v2\/tags?post=6367"}],"curies":[{"name":"wp","href":"https:\/\/api.w.org\/{rel}","templated":true}]}}