{"id":63602,"date":"2022-03-02T15:15:40","date_gmt":"2022-03-02T21:15:40","guid":{"rendered":"https:\/\/www.grieta.org.mx\/?p=63602"},"modified":"2022-03-05T15:39:23","modified_gmt":"2022-03-05T21:39:23","slug":"silencio-las-ninas-estan-gritando-jalisco","status":"publish","type":"post","link":"http:\/\/www.grieta.org.mx\/index.php\/2022\/03\/02\/silencio-las-ninas-estan-gritando-jalisco\/","title":{"rendered":"\u00a1Silencio! Las ni\u00f1as est\u00e1n gritando (Jalisco)"},"content":{"rendered":"<p>Ilustraci\u00f3n: Ivanna Orozco<\/p>\n<p><strong>Por su condici\u00f3n de g\u00e9nero y edad, las ni\u00f1as y adolescentes en M\u00e9xico se enfrentan a la vulneraci\u00f3n de sus derechos, a tratos de discriminaci\u00f3n, a estigmas y estereotipos atribuidos al ser mujeres, a la falta de servicios escenciales y al acceso a la justicia cuando han sido v\u00edctimas de alg\u00fan delito.<\/strong><\/p>\n<p><strong>Estas situaciones, de acuerdo con la\u00a0<em>Red por los Derechos de la Infancia en M\u00e9xico (REDIM)<\/em>, se agravaron durante la pandemia de la COVID-19, donde qued\u00f3 al descubierto el doble sistema de justicia patriarcal y adultocentrista\u00a0<\/strong><strong>que genera que la violencia contra las ni\u00f1as y las adolescentes sea ignorada y minimizada.<\/strong><\/p>\n<p><strong>Regina, Valentina y Sol* relatan c\u00f3mo fue enfrentarse a un sistema social y judicial que\u00a0<\/strong><strong>bajo ideas mis\u00f3ginas mostr\u00f3 indiferencia a sus denuncias, les responsabiliz\u00f3 de ser culpables del delito que sufrieron y les revictimiz\u00f3.<\/strong><\/p>\n<p>Samantha Anaya y Jacqueline L\u00f3pez \/ Zona Docs<\/p>\n<p><strong>\u201cQu\u00e9 cree se\u00f1ora, lo que su ni\u00f1a ten\u00eda era una infecci\u00f3n vaginal, no fue abuso sexual\u201d<\/strong>\u00a0dijo el Ministerio P\u00fablico de Ciudad Ni\u00f1ez de Jalisco a Yezica, luego avent\u00f3 sobre la mesa los documentos para que los viera. Ella sab\u00eda que era mentira, ya antes hab\u00eda acudido a la Unidad de Atenci\u00f3n, Prevenci\u00f3n y Rehabilitaci\u00f3n de la Violencia en el Hospital General de Occidente, conocido como \u201cZoquipan\u201d, donde a trav\u00e9s de distintos estudios m\u00e9dicos y psicol\u00f3gicos especialistas le hab\u00edan confirmado que\u00a0<strong>Sol, su hija de 10 a\u00f1os, s\u00ed hab\u00eda sido v\u00edctima de este delito.<\/strong><\/p>\n<p>\u201c\u00a1Ay! que curioso, estos papeles dicen otra cosa\u201d le contest\u00f3 al hombre, y mientras le mostraba los estudios cl\u00ednicos, \u00e9ste comenz\u00f3 a gritarle nuevamente sin explicaci\u00f3n:\u00a0<strong>\u201cpor qu\u00e9 tiene esos documentos\u201d<\/strong>\u00a0le insist\u00eda. Molesta y confundida permaneci\u00f3 unos instantes callada, no entend\u00eda por qu\u00e9\u00a0<strong>la persona que deb\u00eda protegerla a ella y a su hija se mostraba tan hostil y violenta.<\/strong><\/p>\n<p>\u201c\u00a1Qu\u00e9 es lo que quiere, quiere tres millones de pesos!\u201d refut\u00f3 el funcionario p\u00fablico. Yezica lo comprendi\u00f3 todo,\u00a0<strong>el sujeto no era capaz de ser sensible y entender que ella estaba ah\u00ed para que se le hiciera justicia a su hija<\/strong>, a quien le cambiaron la vida para siempre.<\/p>\n<p>Sol fue v\u00edctima de\u00a0<strong>abuso sexual dentro de la escuela<\/strong>\u00a0primaria Marco Antonio Montes de Oca en la colonia Mirador del Bosque en Zapopan, Jalisco , entre agosto de 2019 y enero de 2020. Sus agresores fueron tres estudiantes del mismo plantel dos a\u00f1os mayores que ella.\u00a0<strong>Los hechos se cometieron frente a la omisi\u00f3n de profesores y directivos de la escuela.<\/strong><\/p>\n<p>Por estos hechos fue emitida la Recomendaci\u00f3n 183\/2020 de la Comisi\u00f3n Estatal de Derechos Humanos Jalisco (CEDHJ), dirigida a la Secretar\u00eda de Educaci\u00f3n Jalisco, la cual reconoce una\u00a0<strong>\u201cserie de omisiones cometidas por personas servidoras p\u00fablicas pertenecientes a la escuela primaria\u201d<\/strong>.<\/p>\n<p>El caso de Sol no es aislado. Expertas y defensoras de los derechos humanos de las infancias y adolescencias expresan que esto se debe\u00a0<strong>al doble sistema patriarcal y adultocentrista,<\/strong>\u00a0el cual \u201cgenera una mezcla t\u00f3xica que, primero,\u00a0<strong>violenta los derechos de las ni\u00f1as y las adolescentes<\/strong>; y una vez que se dan estas expresiones de violencia en su contra,\u00a0<strong>las ignora y hace caso omiso a sus denuncias y exigencias de justicia<\/strong>\u201d, sentencia Tania Ram\u00edrez, directora de la<em>\u00a0Red por los Derechos de la Infancia en M\u00e9xico<\/em>(REDIM).<\/p>\n<p>Por ello, ni\u00f1as y adolescentes mujeres son una poblaci\u00f3n vulnerada, y los actos de violencia en su contra son ignorados por el Estado y por la sociedad en general. En Jalisco,<strong>\u00a0la poblaci\u00f3n de ni\u00f1as y adolescentes mujeres de 0 a 15 a\u00f1os de edad asciende a 1.107 millones<\/strong>, es decir, representan el\u00a0<strong>13.3% del total de las y los habitantes de la entidad.<\/strong><\/p>\n<p>Yezica cuenta que, esta no fue la primera vez que sinti\u00f3 que a su hija le violentaron sus derechos dentro del lugar donde \u201cidealmente\u201d tendr\u00edan que protegerla: Ciudad Ni\u00f1ez, dependencia destinada en Jalisco a atender las necesidades de las infancias y adolescencias desde un enfoque de derechos e inter\u00e9s superior de la ni\u00f1ez.\u00a0<strong>Ya antes hab\u00eda intentado que tomaran la declaraci\u00f3n a un ni\u00f1o que tambi\u00e9n hab\u00eda sido v\u00edctima de abuso sexual junto a Sol.<\/strong>\u00a0Sin embargo, el ministerio p\u00fablico ignor\u00f3 su testimonio .<\/p>\n<p>Desde la REDIM, Ram\u00edrez expone que\u00a0<strong>\u201cexiste una mayor incidencia en pr\u00e1cticamente todos los indicadores de violencia cuando se habla de ni\u00f1as y adolescentes mujeres\u201d.<\/strong>\u00a0De acuerdo con sus datos, tan s\u00f3lo del 1 de enero al 5 de diciembre de 2021,\u00a0<strong>12 mil 918personas entre 0 y 17 a\u00f1os<\/strong>\u00a0fueron atendidas en hospitales de M\u00e9xico por violencia familiar; de \u00e9stas,\u00a0<strong>88.3% eran ni\u00f1as y mujeres adolescentes (11 mil 409 en total).<\/strong><\/p>\n<p>La directora ejecutiva de la REDIM, explica que la sociedad mexicana no ha terminado de comprender\u00a0<strong>la magnitud de la violencia y las violaciones a los derechos humanos\u00a0<\/strong>que se perpetran diariamente en M\u00e9xico en contra de las ni\u00f1as y las adolescentes en el pa\u00eds.<\/p>\n<p>Al respecto, Wendy Figueroa, directora de la\u00a0<em>Red Nacional de Refugios<\/em>\u00a0(RNR), organizaci\u00f3n que\u00a0<strong>brinda atenci\u00f3n integral y acompa\u00f1amiento a mujeres, j\u00f3venes y ni\u00f1as en contextos de violencia de g\u00e9nero o intrafamiliar en el pa\u00eds,\u00a0<\/strong>advierte que la poblaci\u00f3n adolescente e infantil\u00a0<strong>son socialmente revictimizadas en un sistema adultocentrista<\/strong>\u00a0y machista donde est\u00e1 bien visto\u00a0<strong>\u201cjuzgar a una ni\u00f1a que fue v\u00edctima de violencia sexual como si se tratase de una adulta\u201d.<\/strong><\/p>\n<p>Dentro de este grupo de la poblaci\u00f3n, las adolescentes sufren\u00a0<strong>un tipo de discriminaci\u00f3n y estigma adicional a su edad.<\/strong><\/p>\n<p>Valentina de 16 a\u00f1os es una de esas adolescentes. A finales de 2019 tuvo que<strong>\u00a0convivir y hacerse cargo de su abuelo materno,<\/strong>por decisi\u00f3n de su madre. Sin embargo, tras el inicio de la pandemia de COVID-19 y la serie de medidas de aislamiento y distanciamiento social, las tareas de cuidado hacia el hombre incrementaron, adem\u00e1s del tiempo que pasaba junto a \u00e9l. Si bien, Valentina no era la \u00fanica que le cuidaba, -porque su hermana de 19 a\u00f1os tambi\u00e9n lo hac\u00eda-,\u00a0<strong>el abuelo se aprovechaba de esos momentos en los que estaba sola para abusar de ella.<\/strong><\/p>\n<p>\u201cComenz\u00f3 a pedirle que tocara sus genitales\u201d, relata su hermana mayor Ver\u00f3nica.<\/p>\n<p>Pese a que en junio de 2020 interpusieron la denuncia correspondiente ante la agencia del ministerio p\u00fablico de Ciudad Ni\u00f1ez, hasta la fecha,\u00a0<strong>no han recibido ninguna resoluci\u00f3n<\/strong>. Adem\u00e1s, recuerda que durante las declaraciones que ella, su pap\u00e1,Valentina y su otra hermana realizaron,\u00a0<strong>fue visible la falta de sensibilidad, escucha y comprensi\u00f3n hacia la gravedad del hecho:<\/strong>\u00a0\u201cyo lo que ve\u00eda era que ten\u00edan un estigma por ver que son adolescentes, as\u00ed como de \u2018ay, es que son adolescentes, est\u00e1n en la edad de la punzada\u2019, \u2018ay s\u00ed, son super rebeldes, y s\u00f3lo quieren buscar problemas\u201d.<\/p>\n<p><strong>\u201cEl sistema es adultocentrista y tiene una fobia a la adolescencia\u201d replica Vero.<\/strong><\/p>\n<p>Es esta\u00a0<strong>posici\u00f3n y mirada adultocentrista\u00a0<\/strong>la que lleva a las autoridades a observar a ni\u00f1as y adolescentes como personas sin derechos, sin poder de decisi\u00f3n y sin capacidad de hacer uso de su voz. Valentina lo vivi\u00f3,\u00a0<strong>ning\u00fan funcionario p\u00fablico le cre\u00edan, ni a ella ni a sus hermanas que se presentaron a declarar.<\/strong><\/p>\n<p><strong>\u201cEl MP encargado de la denuncia era demasiado estricto, me preguntaba \u2018\u00bfa ti te consta que le toc\u00f3 sus partes?, o s\u00f3lo me est\u00e1s contando lo que te cont\u00f3 tu hermana?\u2019 y yo de \u2018pues claro que no lo vi, no es como que el proceso de un abusador todos lo vean, a mi me lo cont\u00f3 mi hermana\u201d, y \u00e9l me preguntaba \u201centonces s\u00ed est\u00e1s segura de que es verdad?\u2019. Osea, c\u00f3mo pod\u00eda preguntarme si estoy segura de que mi hermana fue abusada f\u00edsicamente, pues claro que s\u00ed estoy segura, si no nos hubiese ido a declarar ni a poner la denuncia\u201d, relata Vero<\/strong><\/p>\n<p>Wendy Figueroa asegura que, en su mayor\u00eda, las ni\u00f1as y adolescentes suelen sufrir con mayor frecuencia violencia f\u00edsica, econ\u00f3mica, sexual y psicol\u00f3gica, seg\u00fan los registros de la\u00a0<em>Red Nacional de Refugios<\/em>. Esto es as\u00ed porque est\u00e1n\u00a0<strong>sujetas a roles y actividades que, socialmente, se piensan para las mujeres o al sexo femenino<\/strong>. Ellas se ven obligadas al cuidado de sus hermanas y hermanos m\u00e1s peque\u00f1os, as\u00ed como a\u00a0<strong>la atenci\u00f3n de las actividades dom\u00e9sticas<\/strong>, lo que les impide tener un pleno desarrollo y acceder a sus derechos a la educaci\u00f3n y el esparcimiento. Incluso, como a Valentina, l<strong>as llevan a ser v\u00edctimas de delitos que atentan contra su integridad.<\/strong><\/p>\n<p><strong>Delito de feminicidio (2015-2020)<\/strong><\/p>\n<p>Si bien, el Secretariado Ejecutivo del Sistema Nacional de Seguridad P\u00fablica (SESNP), contabiliza de enero de 2015 a diciembre de 2021,\u00a0<strong>382 feminicidios en el mismo estado,\u00a0<\/strong>sus registros<strong>\u00a0no se encuentran desagregados por edad de las v\u00edctimas.\u00a0<\/strong>Por esta raz\u00f3n, para la red feminista<em>\u00a0<strong>Nostras tenemos otros datos,<\/strong><\/em>\u00a0las estad\u00edsitcas oficiales del SESNSP son \u201csubregistros\u201d. Aunado a ello, en M\u00e9xico,\u00a0<strong>la legislaci\u00f3n no incluye ni reconoce el t\u00e9rmino feminicidio infantil,\u00a0<\/strong>s\u00f3lo se considera una \u201cagravante del delito\u201d.<\/p>\n<p>Desde la RNR, Wendy Figueroa se\u00f1ala que, en todo M\u00e9xico,\u00a0<strong>7 de cada 10 feminicidios infantiles fueron realizados por familiares<\/strong>, de tal manera que las primeras expresiones de violencia se viven al interior del n\u00facleo familiar.<\/p>\n<p><em>\u00bfQui\u00e9nes son m\u00e1s vulnerables?\u00a0<\/em>Al respecto, Tania Rami\u00edrez asegura que vivir en contextos de pobreza genera\u00a0<strong>\u201cexclusi\u00f3n social\u201d,\u00a0<\/strong>situaci\u00f3n que impide a ni\u00f1as y adolescentes\u00a0<strong>acceder a servicios de salud, a una vivienda digna y a una correcta alimentaci\u00f3n.<\/strong>La suma de estas vulnerabilidades produce tensiones hacia el interior de las familias y en sus comunidades y hace que los riesgos de sufrir estas violencias aumenten.<\/p>\n<p>A la par, la psic\u00f3loga y fundadora del<strong><em>\u00a0Instituto de Estudios Transgeneracionales,<\/em><\/strong>\u00a0Raquel Scholosser, explica que dentro de las comunidades en las que se han asentado grupos del crimen organizado y donde prevalecen escenarios de pobreza extrema,\u00a0<strong>los derechos de las ni\u00f1as y las adolescentes son m\u00e1s vulnerados<\/strong>. Tambi\u00e9n reconoce que \u201cla violencia no tiene l\u00edmites, ni nivel de ingreso, ni nivel educativo, ni g\u00e9nero, ni colonia;\u00a0<strong>la violencia es un tema general que se manifiesta en todas las diferentes \u00e1reas de la vida y nadie est\u00e1 exento de ello\u201d.<\/strong><\/p>\n<p>***<\/p>\n<p>Regina es una adolescente que en su escuela\u00a0<strong>ha fundado una colectiva feminista por y para las ni\u00f1as y adolescentes.<\/strong>\u00a0En 2013, cuando ten\u00eda 7 a\u00f1os, fue abusada sexualmente por su t\u00edo de 15. Sin embargo, ella no fue consciente de lo que hab\u00eda vivido hasta cinco a\u00f1os despu\u00e9s:\u00a0<em>\u201cno lo record\u00e9 hasta que comenc\u00e9 a ir con una psic\u00f3loga. No supe qu\u00e9 hacer, porque el agresor era alguien de mi familia. Por un momento me sent\u00ed culpable\u201d.<\/em><\/p>\n<p>Tania Ram\u00edrez de la REDIM, se\u00f1ala que durante 2021 fueron atendidos\u00a0<strong>6 mil 814 casos de pacientes menores de edad v\u00edctimas de abuso sexual dentro de los hospitales de todo el pa\u00eds<\/strong>, de los cuales<strong>\u00a06 mil 337 fueron ni\u00f1as o adolescentes.<\/strong><\/p>\n<p>Mediante una solicitud de transparencia (con folio 07302620), la Fiscal\u00eda del Estado asegura que de enero de 2012 hasta septiembre de 2020, se generaron\u00a0<strong>14 mil 331 averiguaciones y\/o carpetas de investigaci\u00f3n por el delito de abuso sexual infantil<\/strong>. De igual forma, hubo\u00a0<strong>52 \u00f3rdenes de aprehensi\u00f3n por el mismo delito de 2012 a 2020<\/strong>; y en total se dieron\u00a0<strong>303 \u00f3rdenes de aprehensi\u00f3n cumplidas en el mismo periodo de tiempo.<\/strong><\/p>\n<p><strong>Delito de abuso sexual infantil, ordenes de aprehensi\u00f3n y su cumplimiento (2012-2020)<\/strong><\/p>\n<p>Cuando la adolescente habl\u00f3 con sus padres y una abogada para presentar una denuncia por el abuso que vivi\u00f3, estos le pidieron que no lo hiciera, pues \u201cya hab\u00edan pasado muchos a\u00f1os\u2019\u2019y requer\u00eda de pruebas para sostener su dicho:\u00a0<strong>\u201cme dijeron que a fuerzas se necesitaban pruebas porque la ley no puede hacer nada sin ellas\u201d.<\/strong><\/p>\n<p>Sin embargo, el\u00a0Protocolo Unificado de Atenci\u00f3n a Mujeres V\u00edctimas de Violencia de G\u00e9nero en el Estado de Jalisco\u00a0menciona que\u00a0<strong>es obligaci\u00f3n de las o los agentes del ministerio p\u00fablico recibir las denuncias e iniciar una investigaci\u00f3n aun cuando la v\u00edctima no presente pruebas.<\/strong><\/p>\n<p>Wendy Figueroa advierte desde su experiencia que son estas deficiencias y negligencias en los sistemas de procuraci\u00f3n de justicia las que provocan que ni\u00f1as y adolescentes vivan<strong>\u00a0\u201cuna situaci\u00f3n de total inacci\u00f3n\u201d\u00a0<\/strong>en sus casos.<\/p>\n<p>Por otro lado, si bien, ya exist\u00edan deficiencias en las instituciones para atender los casos desde una perspectiva de g\u00e9nero y el inter\u00e9s superior de la ni\u00f1ez,<strong>\u00a0la emergencia sanitaria agrav\u00f3 estas situaciones.<\/strong><\/p>\n<p><strong>La pandemia aument\u00f3 \u201clo que ya era terrible\u201d<\/strong><\/p>\n<p>Raquel Scholosser explica que \u201cla pandemia no invent\u00f3 nada nuevo\u201d, sino que, m\u00e1s bien, a causa de las medidas implementadas por los gobiernos,\u00a0<strong>\u201clas ni\u00f1as se quedaron atrapadas con sus agresores dentro de sus hogares<\/strong>; por ello, \u201c<strong>la pandemia aument\u00f3 300% lo que ya era terrible<\/strong>\u201d. Aunado a la violencia de g\u00e9nero recrudecida, se sum\u00f3\u00a0<strong>la falta de acceso a la justicia y el retraso en la resoluci\u00f3n de las denuncias y sus respectivas investigaciones.<\/strong><\/p>\n<p>Muestra de ello es la historia de\u00a0<strong>Valentina,<\/strong>\u00a0quien se encontraba atrapada con su agresor dentro de su propio hogar, y quien a pesar de presentar una denuncia, las autoridades hicieron caso omiso:\u00a0<strong>\u201cSiempre es esta cuesti\u00f3n de \u2018es que tenemos muchos casos\u2019. El proceso tambi\u00e9n se retras\u00f3 por la pandemia, la cual tambi\u00e9n ha sido una de sus excusas principales\u201d,\u00a0<\/strong>expresa.<\/p>\n<p>Pero tambi\u00e9n est\u00e1 el caso de Sol. Su madre Yezica, expresa que ante la respuesta del ministerio p\u00fablico sobre que \u201cel abuso sexual nunca ocurri\u00f3\u201d tuvo que acudir de nuevo con la ginec\u00f3loga forense, quien le advirti\u00f3 que\u00a0<strong>debido a la carga de trabajo que se conjunt\u00f3 con la crisis sanitaria<\/strong>, \u201chubo un error en los documentos que el funcionario le mostr\u00f3\u201d, y que, en efecto,\u00a0<strong>su hija s\u00ed hab\u00eda sido v\u00edctima de este delito\u00a0<\/strong>y no se trata \u201cs\u00f3lo de una infecci\u00f3n vaginal\u201d:<\/p>\n<p><strong><em>\u201cS\u00f3lo porque yo insist\u00ed y ya llevaba los otros documentos que corroboraban que hab\u00eda se\u00f1alas de abuso sexual, fue que no pudieron tumbar el proceso de la investigaci\u00f3n\u201d.<\/em><\/strong><\/p>\n<p>Yezica interpuso la denuncia por abuso sexual infantil cometida contra su hija, el 24 de enero de 2020 y, pese a que han pasado dos a\u00f1os desde entonces,\u00a0<strong>a\u00fan est\u00e1 en espera de una resolucion<\/strong>. En su opini\u00f3n, la pandemia de COVID-19 s\u00f3lo vino a sumarse como un pretexto m\u00e1s para que\u00a0<strong>\u201cel personal de la Fiscal\u00eda no hiciera su trabajo y pusiera muchas trabas\u201d.<\/strong><\/p>\n<p>Por otro lado, la defensora Wendy Figueroa se\u00f1ala que\u00a0<strong>los embarazos adolescentes e infantiles\u00a0<\/strong>(que son productos de violaciones), durante el confinamiento\u00a0<strong>se han incrementado en m\u00e1s del 80% a nivel nacional.\u00a0<\/strong>Desde RNR, se ha documentado un alza en las peticiones de ayuda a la organizaci\u00f3n a trav\u00e9s de redes sociales, v\u00eda telef\u00f3nica o en los espacios f\u00edsicos de atenci\u00f3n.<\/p>\n<p>En cuanto a los \u00edndices de impunidad, las expertas coinciden en que, al hablar de delitos cometidos en contra de menores de edad mujeres, lo cierto es que la cifra pre pandemia ya era de por s\u00ed alta:\u00a0<strong>\u201cel 95% de las carpetas de investigaci\u00f3n donde la v\u00edctima tiene entre 0 y 17 a\u00f1os son cerradas y jam\u00e1s concluidas\u201d<\/strong>.<\/p>\n<p>Figueroa agrega que, ante la llegada de la crisis sanitaria en todo el pa\u00eds, las autoridades mexicanas\u00a0<strong>no escucharon y tampoco atendieron el recrudecimiento de la violencia contra las ni\u00f1as y las adolescentes.<\/strong>\u00a0Si ya ignoraban\u00a0<strong>lo que suced\u00eda antes,\u00a0<\/strong>poco menos que nada hicieron para atender las otras formas de violencia que llegaron a manifestarse y a atentar contra la seguridad y tranquilidad de esta poblaci\u00f3n. A decir, de la tambi\u00e9n defensora,<strong>\u00a0la violaci\u00f3n a la intimindad sexual, el ciberacoso, as\u00ed como el hostigamiento en plataformas digitales fueron\u00a0<\/strong>las nuevas manifestaciones de la violencia de g\u00e9nero.<\/p>\n<p><strong>El encubrimiento adultoc\u00e9ntrico y conservador<\/strong><\/p>\n<p>El doble sistema que discrimina a las ni\u00f1as y adolescentes no solamente se experimenta en las dependencias de gobierno y juzgados, sino que tambi\u00e9n se vive dentro de sus familias, a trav\u00e9s de\u00a0<strong>pr\u00e1cticas de encubrimiento, intimidaci\u00f3n y silencio.\u00a0<\/strong>Las v\u00edctimas suelen verse orilladas a callar y a \u201cguardar el secreto\u201d para mantener a la \u201cfamilia unida\u201d:<\/p>\n<p><strong><em>\u201cComo el agresor era mi t\u00edo, cuando yo le dije a mi abuela me dijo \u2018no, no lo vayan a quemar en redes sociales, t\u00fa est\u00e1s enferma, necesitas mucha ayuda psicol\u00f3gica, seguramente tu novio te hizo algo, y por eso est\u00e1s diciendo que mi hijo fue\u2019\u201d relata Regina<\/em>.<\/strong><\/p>\n<p>Raquel Schlosser, como especialista en psicolog\u00eda, explica que estas pr\u00e1cticas\u00a0<strong>s\u00f3lo generan m\u00e1s dolor en las ni\u00f1as y adolescentes.<\/strong>\u00a0Adem\u00e1s, contrario a lo que buscan,\u00a0<strong>estos recuerdos no ser\u00e1n olvidados y permanecer\u00e1n para siempre en sus memorias:<\/strong><\/p>\n<p><em><strong>\u201cCuando se le dice silencio a una ni\u00f1a o adolescente, no es que se va a callar, es que el tiempo se congela y cuando llega otra vez la escena lo que se callaron antes y lo que quisieron guardar brota<\/strong><\/em><\/p>\n<p>Por ello, la psic\u00f3loga enfatiza en la importancia de\u00a0<strong>\u201ctener un mundo que les crea\u201d<\/strong>:<\/p>\n<p><em>\u201cNadie lo va a contar para lastimar, nadie lo va a ir a decir si no es cierto, los agresores son los que las da\u00f1an, y nadie debe volver a las ni\u00f1as ni a las adolescentes \u2018agresoras\u2019 solo por decir la verdad, una verdad que les duele, que les lastima y que les arrebata su bienestar\u201d precisa.<\/em><\/p>\n<p>Schlosser afirma que la violencia\u00a0<strong>\u201ctiene efectos transversales en toda la vida\u201d,\u00a0<\/strong>no obstante, cuando se habla de infancias estos\u00a0<strong>se agudizan<\/strong>, pues seg\u00fan explica, en esta etapa las personas menores de edad desarrollan sus estructuras de confianza, de v\u00ednculos, de relaci\u00f3n, de formas de amor, de defensa y de certezas.<\/p>\n<p>Yezica lo sabe, el abuso sexual que vivi\u00f3 su hija pese a que han pasado mas de dos a\u00f1os, es recurrente\u00a0<strong>en sus sue\u00f1os, en sus pensamientos y en su forma de vivir y relacionarse<\/strong>:<\/p>\n<p><em><strong>\u201cme dijeron que tiene terror emocional, mi hija dice que no existen los amigos, tiene mucho terror en la noche y depresi\u00f3n. Mi hija ten\u00eda 8 a\u00f1os y ten\u00eda ganas de ser alguien en la vida, y de la nada cambiaron su vida para siempre, le causaron un da\u00f1o que es irreparable e irreversible. Nadie se lo va a poder quitar, as\u00ed me den millones de pesos. Buscar la justicia es una forma de sanar un poco este dolor\u2019\u2019.<\/strong><\/em><\/p>\n<p>Adem\u00e1s, las marcas que deja la violencia son profundas, reitera la psic\u00f3loga, esto sucede porque\u00a0<strong>\u201cel sistema cognitivo y el sistema consciente quedan alterados por la situaci\u00f3n de trauma\u201d.\u00a0<\/strong>Y, si bien, para atravesar por todas estas situaciones resulta necesario contar con la compa\u00f1\u00eda de una persona que escuche y acompa\u00f1e los procesos,\u00a0<strong>no todas las sobrevivientes cuentan con acceso a servicios terap\u00e9uticos,<\/strong>\u00a0pese a que deber\u00edan garantizarse dentro de las instituciones p\u00fablicas a bajo costo o gratuitas.<\/p>\n<p>Vero, hermana de Valentina, relata que ha tomado terapia \u201cdesde que puede pagarla\u201d. Lo hizo por su cuenta porque, en su experiencia, dentro de las instituciones p\u00fablicas\u00a0<strong>\u201cno se puede tener un seguimiento terap\u00e9utico\u201d,\u00a0<\/strong>ya que s\u00f3lo les ofrecen un m\u00e1ximo de 12 sesiones. En contraste, sus hermanas manifestaron tener desconfianza hacia el personal del \u00e1rea de psicolog\u00eda que les fueron asignados.<\/p>\n<p>Ante este contexto en el que son ignoradas y revictimizadas,\u00a0<strong>la manera en la que ellas resisten es a trav\u00e9s de la exigencia de justicia y la creaci\u00f3n de redes de apoyo<\/strong>\u00a0junto a otras sobrevivientes.<\/p>\n<p>Por ejemplo, Sol s\u00f3lo quiere justicia, as\u00ed se lo dijo a su madre Yezica luego de descubrir que hab\u00eda sido v\u00edctima de abuso sexual, por lo que, hasta la fecha, sigue luchando por justicia para su hija y para los dem\u00e1s ni\u00f1os y ni\u00f1as que se enfrentaron a situaciones de violencia frente a la omisi\u00f3n de adultos a cargo:\u00a0<strong><em>\u201cNo voy a encontrar esa calma hasta que escuchemos esa sentencia\u201d.<\/em><\/strong><\/p>\n<p>Regina, por su parte, narra que una de las maneras en las que ella ha recibido ayuda y ha ayudado a m\u00e1s ni\u00f1as y adolescentes que han pasado por lo mismo que le sucedi\u00f3, es a trav\u00e9s de la construcci\u00f3n de redes de apoyo como\u00a0<strong>la colectiva feminista que ahora ha conformado:<\/strong><\/p>\n<p><em><strong>\u201cCuando ten\u00eda 13 a\u00f1os, en la secundaria, comenc\u00e9 a aprender sobre temas de feminismo, y me di cuenta de que mi caso no era aislado, sino que todas las que conformaban el grupo hab\u00edamos sido violentadas en alg\u00fan momento de nuestra vidas. A partir de ah\u00ed, cre\u00e9 una colectiva con otras compa\u00f1eras, una colectiva con perspectiva de g\u00e9nero y de infancias y juventudes\u201d.<\/strong><\/em><\/p>\n<p>Mientras ellas recuperan lo que se les arrebat\u00f3 y construyen nuevos mundos posibles desde la exigencia de justicia o, como Regina, desde el feminismo, el resto de la sociedad a\u00fan tiene una tarea pendiente:\u00a0<strong>romper<\/strong><strong>\u00a0con las cadenas que violentan los derechos de ni\u00f1as y adolescentes mujeres<\/strong>:<\/p>\n<p><strong>\u201cA veces, rompiendo con todas las ideas, tolerando ser la oveja negra, cortando con el estereotipo, y huyendo de relaciones t\u00f3xicas, patriarcales y adultocentristas se puede contribuir a las acciones para procurar el bienestar de las ni\u00f1as y las adolescentes \u201d, concluye la psic\u00f3loga Schlosser.<\/strong><\/p>\n<p><a href=\"https:\/\/www.zonadocs.mx\/2022\/03\/02\/silencio-las-ninas-estan-gritando\/\">https:\/\/www.zonadocs.mx\/2022\/03\/02\/silencio-las-ninas-estan-gritando\/<\/a><\/p>\n","protected":false},"excerpt":{"rendered":"<p>Ilustraci\u00f3n: Ivanna Orozco Por su condici\u00f3n de g\u00e9nero y edad, las ni\u00f1as y adolescentes en M\u00e9xico se enfrentan a la vulneraci\u00f3n de sus derechos, a tratos de discriminaci\u00f3n, a estigmas &hellip; <a href=\"http:\/\/www.grieta.org.mx\/index.php\/2022\/03\/02\/silencio-las-ninas-estan-gritando-jalisco\/\" class=\"more-link\">Leer m\u00e1s<\/a><\/p>\n","protected":false},"author":2,"featured_media":63603,"comment_status":"closed","ping_status":"closed","sticky":false,"template":"","format":"standard","meta":{"ngg_post_thumbnail":0,"_jetpack_newsletter_access":"","_jetpack_dont_email_post_to_subs":false,"_jetpack_newsletter_tier_id":0,"_jetpack_memberships_contains_paywalled_content":false,"_jetpack_memberships_contains_paid_content":false,"footnotes":""},"categories":[80,84,20,1827,2303,2,83,2504],"tags":[2999,81,2227,3776,3679,3065,1630,3139],"class_list":["post-63602","post","type-post","status-publish","format-standard","has-post-thumbnail","hentry","category-cintillo","category-feminicidios","category-jalisco","category-la-ninez-en-la-tormenta-capitalista","category-la-ninez-en-la-tormenta-en-jalisco","category-noticias-nacionales","category-temas-nacionales","category-violencia-contra-las-mujeres-en-jalisco","tag-feminicidio-violencia-contra-las-mujeres","tag-feminicidios","tag-feminicidios-infantiles","tag-la-ninez-en-la-tormenta-capitalista","tag-ninas","tag-violencia-contra-la-ninez","tag-violencia-contra-las-mujeres","tag-violencia-sexual-contra-ninas","entry"],"jetpack_featured_media_url":"http:\/\/www.grieta.org.mx\/wp-content\/uploads\/2022\/03\/Violencia-ninas-1-1068x890-1.png","jetpack_sharing_enabled":true,"jetpack_shortlink":"https:\/\/wp.me\/p7ZJR4-gxQ","jetpack_likes_enabled":false,"jetpack-related-posts":[{"id":30911,"url":"http:\/\/www.grieta.org.mx\/index.php\/2019\/03\/08\/al-menos-siete-feminicidios-mensuales-de-ninas-y-adolescentes-redim\/","url_meta":{"origin":63602,"position":0},"title":"Al menos siete feminicidios mensuales de ni\u00f1as y adolescentes: REDIM","author":"grieta","date":"8 marzo, 2019","format":false,"excerpt":"L\u00f3pez D\u00f3riga Digital La cifra de adolescentes v\u00edctimas de feminicidios a nivel nacional se duplic\u00f3 de 2015 a 2018, al pasar de 422 a 861 casos La Red por los Derechos de la Infancia en M\u00e9xico (REDIM) asegur\u00f3 que la violencia machista y omisi\u00f3n de las autoridades son responsables de\u2026","rel":"","context":"En &quot;Chihuahua&quot;","block_context":{"text":"Chihuahua","link":"http:\/\/www.grieta.org.mx\/index.php\/category\/noticias-nacionales\/chihuahua\/"},"img":{"alt_text":"","src":"https:\/\/i0.wp.com\/www.grieta.org.mx\/wp-content\/uploads\/2019\/03\/Al-menos-siete-feminicidios-mensuales-de-ni%C3%B1as-y-adolescentes-REDIM-nl-mzo.jpg?resize=350%2C200","width":350,"height":200,"srcset":"https:\/\/i0.wp.com\/www.grieta.org.mx\/wp-content\/uploads\/2019\/03\/Al-menos-siete-feminicidios-mensuales-de-ni%C3%B1as-y-adolescentes-REDIM-nl-mzo.jpg?resize=350%2C200 1x, https:\/\/i0.wp.com\/www.grieta.org.mx\/wp-content\/uploads\/2019\/03\/Al-menos-siete-feminicidios-mensuales-de-ni%C3%B1as-y-adolescentes-REDIM-nl-mzo.jpg?resize=525%2C300 1.5x, https:\/\/i0.wp.com\/www.grieta.org.mx\/wp-content\/uploads\/2019\/03\/Al-menos-siete-feminicidios-mensuales-de-ni%C3%B1as-y-adolescentes-REDIM-nl-mzo.jpg?resize=700%2C400 2x"},"classes":[]},{"id":65948,"url":"http:\/\/www.grieta.org.mx\/index.php\/2022\/12\/07\/municipios-metropolitanos-con-mas-victimas-de-abuso-sexual-infantil-en-jalisco\/","url_meta":{"origin":63602,"position":1},"title":"Municipios metropolitanos con m\u00e1s v\u00edctimas de abuso sexual infantil en Jalisco","author":"grieta","date":"7 diciembre, 2022","format":false,"excerpt":"Imagen; Cuartoscuro Redacci\u00f3n \/ El Diario NTR Jalisco es uno de los estados con m\u00e1s v\u00edctimas de abuso sexual infantil, Guadalajara, Tlaquepaque, Tonal\u00e1, Zapopan y Puerto Vallarta son los municipios con m\u00e1s casos, de acuerdo con el estudio de investigaci\u00f3n sobre la violencia sexual y la muerte de ni\u00f1as y\u2026","rel":"","context":"En &quot;CINTILLO&quot;","block_context":{"text":"CINTILLO","link":"http:\/\/www.grieta.org.mx\/index.php\/category\/cintillo\/"},"img":{"alt_text":"","src":"https:\/\/i0.wp.com\/www.grieta.org.mx\/wp-content\/uploads\/2022\/12\/2022-12-07_06-12-21___7.jpg?resize=350%2C200","width":350,"height":200,"srcset":"https:\/\/i0.wp.com\/www.grieta.org.mx\/wp-content\/uploads\/2022\/12\/2022-12-07_06-12-21___7.jpg?resize=350%2C200 1x, https:\/\/i0.wp.com\/www.grieta.org.mx\/wp-content\/uploads\/2022\/12\/2022-12-07_06-12-21___7.jpg?resize=525%2C300 1.5x, https:\/\/i0.wp.com\/www.grieta.org.mx\/wp-content\/uploads\/2022\/12\/2022-12-07_06-12-21___7.jpg?resize=700%2C400 2x"},"classes":[]},{"id":66568,"url":"http:\/\/www.grieta.org.mx\/index.php\/2023\/03\/14\/jalisco-tercer-estado-en-el-que-matan-mas-ninas\/","url_meta":{"origin":63602,"position":2},"title":"Jalisco, tercer estado en el que matan m\u00e1s ni\u00f1as","author":"grieta","date":"14 marzo, 2023","format":false,"excerpt":"Imagen: Archivo NTR \/\u00a0 GP Sonia Serrano I\u00f1iguez \/ El Diario NTR De 2015 a 2022 fueron asesinadas 2 mil 166 ni\u00f1as y adolescentes en el pa\u00eds, delito en el que Jalisco ocupa el tercer lugar nacional con 140 v\u00edctimas, apenas por debajo del Estado de M\u00e9xico y Guanajuato. El\u2026","rel":"","context":"En &quot;CINTILLO&quot;","block_context":{"text":"CINTILLO","link":"http:\/\/www.grieta.org.mx\/index.php\/category\/cintillo\/"},"img":{"alt_text":"","src":"https:\/\/i0.wp.com\/www.grieta.org.mx\/wp-content\/uploads\/2023\/03\/2023-03-14_12-03-49___6344.jpg?resize=350%2C200","width":350,"height":200,"srcset":"https:\/\/i0.wp.com\/www.grieta.org.mx\/wp-content\/uploads\/2023\/03\/2023-03-14_12-03-49___6344.jpg?resize=350%2C200 1x, https:\/\/i0.wp.com\/www.grieta.org.mx\/wp-content\/uploads\/2023\/03\/2023-03-14_12-03-49___6344.jpg?resize=525%2C300 1.5x, https:\/\/i0.wp.com\/www.grieta.org.mx\/wp-content\/uploads\/2023\/03\/2023-03-14_12-03-49___6344.jpg?resize=700%2C400 2x"},"classes":[]},{"id":65588,"url":"http:\/\/www.grieta.org.mx\/index.php\/2022\/10\/22\/jalisco-segundo-lugar-en-feminicidios-infantiles\/","url_meta":{"origin":63602,"position":3},"title":"Jalisco, segundo lugar en feminicidios infantiles","author":"grieta","date":"22 octubre, 2022","format":false,"excerpt":"Imagen: Cuartoscuro Redacci\u00f3n \/ El Diario TNR Jalisco se ubica en el segundo sitio a nivel nacional con m\u00e1s feminicidios infantiles y adolescentes, el cuarto lugar con m\u00e1s hospitalizaciones de menores de edad por violencia sexual, y quinto lugar en homicidios de menores de 0 a 17 a\u00f1os, precis\u00f3 Tania\u2026","rel":"","context":"En &quot;CINTILLO&quot;","block_context":{"text":"CINTILLO","link":"http:\/\/www.grieta.org.mx\/index.php\/category\/cintillo\/"},"img":{"alt_text":"","src":"https:\/\/i0.wp.com\/www.grieta.org.mx\/wp-content\/uploads\/2022\/10\/2022-10-22_03-10-55___5899.jpg?resize=350%2C200","width":350,"height":200,"srcset":"https:\/\/i0.wp.com\/www.grieta.org.mx\/wp-content\/uploads\/2022\/10\/2022-10-22_03-10-55___5899.jpg?resize=350%2C200 1x, https:\/\/i0.wp.com\/www.grieta.org.mx\/wp-content\/uploads\/2022\/10\/2022-10-22_03-10-55___5899.jpg?resize=525%2C300 1.5x, https:\/\/i0.wp.com\/www.grieta.org.mx\/wp-content\/uploads\/2022\/10\/2022-10-22_03-10-55___5899.jpg?resize=700%2C400 2x"},"classes":[]},{"id":64610,"url":"http:\/\/www.grieta.org.mx\/index.php\/2022\/07\/18\/violencia-sexual-ninas-adolescentes-y-mujeres-son-sus-victimas-jalisco\/","url_meta":{"origin":63602,"position":4},"title":"Violencia sexual: Ni\u00f1as, adolescentes y mujeres son sus v\u00edctimas (Jalisco)","author":"grieta","date":"18 julio, 2022","format":false,"excerpt":"Imagen: Pexels Isaura L\u00f3pez \/ El Occidental Las mujeres enfrentan una serie de violencia que vulnera su integridad f\u00edsica, sexual y emocional, el enemigo principal es la impunidad. Activistas de Am\u00e9rica Latina y el Caribe levantan la voz, exigen a los pa\u00edses cero tolerancias a la esclavitud del siglo XXI:\u2026","rel":"","context":"En &quot;CINTILLO&quot;","block_context":{"text":"CINTILLO","link":"http:\/\/www.grieta.org.mx\/index.php\/category\/cintillo\/"},"img":{"alt_text":"","src":"https:\/\/i0.wp.com\/www.grieta.org.mx\/wp-content\/uploads\/2022\/07\/Violencia-contra-las-mujeres.jpg?resize=350%2C200","width":350,"height":200,"srcset":"https:\/\/i0.wp.com\/www.grieta.org.mx\/wp-content\/uploads\/2022\/07\/Violencia-contra-las-mujeres.jpg?resize=350%2C200 1x, https:\/\/i0.wp.com\/www.grieta.org.mx\/wp-content\/uploads\/2022\/07\/Violencia-contra-las-mujeres.jpg?resize=525%2C300 1.5x, https:\/\/i0.wp.com\/www.grieta.org.mx\/wp-content\/uploads\/2022\/07\/Violencia-contra-las-mujeres.jpg?resize=700%2C400 2x"},"classes":[]},{"id":38240,"url":"http:\/\/www.grieta.org.mx\/index.php\/2019\/08\/17\/se-solidarizan-por-violencia-contra-las-mujeres-jalisco\/","url_meta":{"origin":63602,"position":5},"title":"Se solidarizan por violencia contra las mujeres (Jalisco)","author":"grieta","date":"17 agosto, 2019","format":false,"excerpt":"Foto: F Atilano. \/ El Informador Exigen justicia por caso de menor violada por polic\u00edas en la Ciudad de M\u00e9xico Redacci\u00f3n \/ El Informador Cerca de 200 manifestantes protestaron en la Plaza de Armas, en solidaridad y exigiendo justicia por el caso de una joven de 17 a\u00f1os quien presuntamente\u2026","rel":"","context":"En &quot;CINTILLO&quot;","block_context":{"text":"CINTILLO","link":"http:\/\/www.grieta.org.mx\/index.php\/category\/cintillo\/"},"img":{"alt_text":"","src":"https:\/\/i0.wp.com\/www.grieta.org.mx\/wp-content\/uploads\/2019\/08\/imagen_feminismox_feministasx31311658x_crop1566026510984.jpg_1970638775.jpg?resize=350%2C200","width":350,"height":200,"srcset":"https:\/\/i0.wp.com\/www.grieta.org.mx\/wp-content\/uploads\/2019\/08\/imagen_feminismox_feministasx31311658x_crop1566026510984.jpg_1970638775.jpg?resize=350%2C200 1x, https:\/\/i0.wp.com\/www.grieta.org.mx\/wp-content\/uploads\/2019\/08\/imagen_feminismox_feministasx31311658x_crop1566026510984.jpg_1970638775.jpg?resize=525%2C300 1.5x, https:\/\/i0.wp.com\/www.grieta.org.mx\/wp-content\/uploads\/2019\/08\/imagen_feminismox_feministasx31311658x_crop1566026510984.jpg_1970638775.jpg?resize=700%2C400 2x"},"classes":[]}],"_links":{"self":[{"href":"http:\/\/www.grieta.org.mx\/index.php\/wp-json\/wp\/v2\/posts\/63602","targetHints":{"allow":["GET"]}}],"collection":[{"href":"http:\/\/www.grieta.org.mx\/index.php\/wp-json\/wp\/v2\/posts"}],"about":[{"href":"http:\/\/www.grieta.org.mx\/index.php\/wp-json\/wp\/v2\/types\/post"}],"author":[{"embeddable":true,"href":"http:\/\/www.grieta.org.mx\/index.php\/wp-json\/wp\/v2\/users\/2"}],"replies":[{"embeddable":true,"href":"http:\/\/www.grieta.org.mx\/index.php\/wp-json\/wp\/v2\/comments?post=63602"}],"version-history":[{"count":1,"href":"http:\/\/www.grieta.org.mx\/index.php\/wp-json\/wp\/v2\/posts\/63602\/revisions"}],"predecessor-version":[{"id":63606,"href":"http:\/\/www.grieta.org.mx\/index.php\/wp-json\/wp\/v2\/posts\/63602\/revisions\/63606"}],"wp:featuredmedia":[{"embeddable":true,"href":"http:\/\/www.grieta.org.mx\/index.php\/wp-json\/wp\/v2\/media\/63603"}],"wp:attachment":[{"href":"http:\/\/www.grieta.org.mx\/index.php\/wp-json\/wp\/v2\/media?parent=63602"}],"wp:term":[{"taxonomy":"category","embeddable":true,"href":"http:\/\/www.grieta.org.mx\/index.php\/wp-json\/wp\/v2\/categories?post=63602"},{"taxonomy":"post_tag","embeddable":true,"href":"http:\/\/www.grieta.org.mx\/index.php\/wp-json\/wp\/v2\/tags?post=63602"}],"curies":[{"name":"wp","href":"https:\/\/api.w.org\/{rel}","templated":true}]}}