{"id":63596,"date":"2022-03-02T14:23:22","date_gmt":"2022-03-02T20:23:22","guid":{"rendered":"https:\/\/www.grieta.org.mx\/?p=63596"},"modified":"2022-03-05T14:35:50","modified_gmt":"2022-03-05T20:35:50","slug":"colectivos-y-organizaciones-exigen-correcta-implementacion-de-las-leyes-de-desaparicion-en-jalisco","status":"publish","type":"post","link":"http:\/\/www.grieta.org.mx\/index.php\/2022\/03\/02\/colectivos-y-organizaciones-exigen-correcta-implementacion-de-las-leyes-de-desaparicion-en-jalisco\/","title":{"rendered":"Colectivos y organizaciones exigen correcta implementaci\u00f3n de las Leyes de Desaparici\u00f3n en Jalisco"},"content":{"rendered":"<p>Foto; Recuperada de Centro de Justicia para la Paz y Desarrollo (CEPAD)<\/p>\n<p>Tonantzin Montzerrat \/ Somos El Medio<\/p>\n<p><strong>02 de marzo del 2022, Ciudad de M\u00e9xico.-<\/strong>Hoy por la tarde, mediante un comunicado el colectivo\u00a0<strong>\u201cPor amor a ellxs\u201d<\/strong>\u00a0en conjunto con familiares de v\u00edctimas por desaparici\u00f3n hicieron un llamado a las autoridades para el cumplimiento correcto de las dos\u00a0<strong>Leyes de Desaparici\u00f3n en Jalisco<\/strong>, as\u00ed como su compromiso de participaci\u00f3n con familiares de las v\u00edctimas.<\/p>\n<p>A un a\u00f1o de la aprobaci\u00f3n de las leyes\u00a0<strong>\u201cLey de Personas Desaparecidas\u201d<\/strong>\u00a0y\u00a0<strong>\u201cLey para la Declaraci\u00f3n Especial de Ausencia por Desaparici\u00f3n de Personas en el estado\u201d<\/strong>, las cuales fueron aprobadas a partir de la lucha constante de colectivos y familiares de las v\u00edctimas, consideran que las autoridades han presentado obst\u00e1culos que impiden su correcta aplicaci\u00f3n.<\/p>\n<p>Seg\u00fan el\u00a0<strong>Congreso de Jaliscode<\/strong>\u00a0la ley fue aprobada el pasado 25 de febrero del 2021, y fue publicada el 5 de marzo del 2021, entrando en vigor al d\u00eda siguiente 6 de marzo, las cuales representaron un logro importante para familiares, colectivos y personas que se encuentran en una lucha y b\u00fasqueda constante ya que dichas leyes abren el camino a nuevas oportunidades de b\u00fasqueda, acompa\u00f1amiento y prevenci\u00f3n de delitos como desaparici\u00f3n forzada y apertura para a localizaci\u00f3n de personas desaparecidas, sin embargo la falta de cumplimiento de acciones por parte de las autoridades ha mermado los procesos de b\u00fasqueda e investigaci\u00f3n.<\/p>\n<p>De acuerdo con lo establecido por\u00a0<strong>La Ley General<\/strong>\u00a0en materia de\u00a0<strong>Desaparici\u00f3n Forzada de Personas, Desaparici\u00f3n Cometida por Particulares<\/strong>, y del\u00a0<strong>Sistema Nacional de B\u00fasqueda de Personas<\/strong>\u00a0en conjunto con la\u00a0<strong>Fiscal\u00eda Especial en Personas Desaparecidas<\/strong>, la\u00a0<strong>Comisi\u00f3n de B\u00fasqueda de Personas del Estado<\/strong>\u00a0y el\u00a0<strong>Instituto Jalisciense de Ciencias Forenses<\/strong>, se deben llevar a cabo acciones espec\u00edficas para la correcta investigaci\u00f3n, sin embargo dichas autoridades presentan falta de compromiso y responsabilidad para cumplir con lo que las leyes mandan, por tal motivo\u00a0<strong>las familias han presentado incumplimiento de sus necesidades as\u00ed como el aumento de desapariciones y rezago de investigaciones.<\/strong><\/p>\n<p>Como parte de sus exigencias los colectivos y familiares de las victimas tambi\u00e9n demandan que el\u00a0<strong>Comit\u00e9 Coordinador del Sistema Estatal de B\u00fasqueda de Jalisco<\/strong>\u00a0y las autoridades locales tomen un papel prioritario en el cumplimiento de las leyes, ya que forma parte del\u00a0<strong>Consejo Ciudadano de B\u00fasqueda de Jalisco<\/strong>, quienes de acuerdo a la ley deben realizar los procesos de b\u00fasqueda, atenci\u00f3n a v\u00edctimas, prevenci\u00f3n, identificaci\u00f3n forense e investigaci\u00f3n, sin embargo hasta el momento el\u00a0<strong>Comit\u00e9<\/strong>\u00a0s\u00f3lo ha realizado una sesi\u00f3n ordinaria, cuando la ley determina que deben implementarse m\u00ednimo una reuni\u00f3n cada tres meses.<\/p>\n<p>Entre las carencias de la correcta aplicaci\u00f3n de las leyes, se ha detectado que no se ha emitido el reglamento interno de la\u00a0<strong>Comisi\u00f3n de B\u00fasqueda<\/strong>\u00a0que regula su estructura y forma de operaci\u00f3n, no se ha publicado el reglamento de la\u00a0<strong>Ley de Personas Desaparecidas<\/strong>\u00a0y finalmente no se ha establecido la infraestructura tecnol\u00f3gica para llevar a cabo registros como instrumentos de b\u00fasqueda, as\u00ed como la falta de espacios para la participaci\u00f3n de familiares, tales herramientas y acuerdos fueron determinados por las leyes aprobadas, que a pesar de ello, no han sido implementadas, lo que ha generado nula participaci\u00f3n e indiferencia hacia las v\u00edctimas y sus familiares.<\/p>\n<p>Por tales incumplimientos diversos colectivos, como\u00a0<strong>\u201cPor amor a ellxs\u201d<\/strong>,\u00a0<strong>\u201cGuerreras de San \u00c1ngel\u201d<\/strong>,\u00a0<strong>\u201cHuellas de Amor\u201d<\/strong>,<strong>\u00a0\u201cColectivo Luz Esperanza\u201d<\/strong>, entre otros, piden tres principales acciones por parte de las autoridades, las cuales son;\u00a0<strong>el cumplimiento de los art\u00edculos transitorios de ambas leyes, el acatamiento al acuerdo de la participaci\u00f3n conjunta y por \u00faltimo el reforzamiento de la correcta funci\u00f3n del Comit\u00e9 Coordinador del Sistema Estatal de B\u00fasqueda de Jalisco para que logren llevar a cabo las acciones institucionales que permiten la correcta aplicaci\u00f3n de las leyes aprobadas.<\/strong><\/p>\n<p><a href=\"https:\/\/www.somoselmedio.com\/2022\/03\/02\/diversos-colectivos-exigen-correcta-implementacion-de-las-leyes-de-desaparicion-en-jalisco\/\">https:\/\/www.somoselmedio.com\/2022\/03\/02\/diversos-colectivos-exigen-correcta-implementacion-de-las-leyes-de-desaparicion-en-jalisco\/<\/a><\/p>\n","protected":false},"excerpt":{"rendered":"<p>Foto; Recuperada de Centro de Justicia para la Paz y Desarrollo (CEPAD) Tonantzin Montzerrat \/ Somos El Medio 02 de marzo del 2022, Ciudad de M\u00e9xico.-Hoy por la tarde, mediante &hellip; <a href=\"http:\/\/www.grieta.org.mx\/index.php\/2022\/03\/02\/colectivos-y-organizaciones-exigen-correcta-implementacion-de-las-leyes-de-desaparicion-en-jalisco\/\" class=\"more-link\">Leer m\u00e1s<\/a><\/p>\n","protected":false},"author":2,"featured_media":63597,"comment_status":"closed","ping_status":"closed","sticky":false,"template":"","format":"standard","meta":{"ngg_post_thumbnail":0,"_jetpack_newsletter_access":"","_jetpack_dont_email_post_to_subs":false,"_jetpack_newsletter_tier_id":0,"_jetpack_memberships_contains_paywalled_content":false,"_jetpack_memberships_contains_paid_content":false,"footnotes":""},"categories":[80,87,1032,20,2,83],"tags":[3791,3018,121,1668,2834],"class_list":["post-63596","post","type-post","status-publish","format-standard","has-post-thumbnail","hentry","category-cintillo","category-desaparecidos","category-desaparecidos-en-jalisco","category-jalisco","category-noticias-nacionales","category-temas-nacionales","tag-acciones-por-desaparecidos","tag-colectivos-de-busqueda-de-desaparecidos","tag-desaparecidos","tag-familiares-de-desaparecidos","tag-ley-de-desaparecidos","entry"],"jetpack_featured_media_url":"http:\/\/www.grieta.org.mx\/wp-content\/uploads\/2022\/03\/photo1646104995-1068x801-1-696x522-1.jpeg","jetpack_sharing_enabled":true,"jetpack_shortlink":"https:\/\/wp.me\/p7ZJR4-gxK","jetpack_likes_enabled":false,"jetpack-related-posts":[{"id":52662,"url":"http:\/\/www.grieta.org.mx\/index.php\/2020\/08\/11\/https-www-proceso-com-mx-642817-familiares-de-desaparecidos-rechazan-plazo-del-congreso-de-jalisco-para-discutir-iniciativas-de-ley\/","url_meta":{"origin":63596,"position":0},"title":"Familiares de desaparecidos rechazan plazo del Congreso de Jalisco para discutir iniciativas de ley (Jalisco)","author":"grieta","date":"11 agosto, 2020","format":false,"excerpt":"Foto: Twitter Gloria Reza M. \/ Proceso GUADALAJARA, Jal. (apro).- Ocho organizaciones y familias de desaparecidos rechazaron el plazo que estableci\u00f3 el Congreso local para discutir tres iniciativas de ley: de Personas Desaparecidas, de Declaraci\u00f3n Especial de Ausencia por Desaparici\u00f3n y de V\u00edctimas del Estado de Jalisco. Calificaron como una\u2026","rel":"","context":"En &quot;CINTILLO&quot;","block_context":{"text":"CINTILLO","link":"http:\/\/www.grieta.org.mx\/index.php\/category\/cintillo\/"},"img":{"alt_text":"","src":"https:\/\/i0.wp.com\/www.grieta.org.mx\/wp-content\/uploads\/2018\/03\/14524434_1106112876131411_958039263622046936_o.jpg?resize=350%2C200","width":350,"height":200,"srcset":"https:\/\/i0.wp.com\/www.grieta.org.mx\/wp-content\/uploads\/2018\/03\/14524434_1106112876131411_958039263622046936_o.jpg?resize=350%2C200 1x, https:\/\/i0.wp.com\/www.grieta.org.mx\/wp-content\/uploads\/2018\/03\/14524434_1106112876131411_958039263622046936_o.jpg?resize=525%2C300 1.5x, https:\/\/i0.wp.com\/www.grieta.org.mx\/wp-content\/uploads\/2018\/03\/14524434_1106112876131411_958039263622046936_o.jpg?resize=700%2C400 2x"},"classes":[]},{"id":38483,"url":"http:\/\/www.grieta.org.mx\/index.php\/2019\/08\/26\/el-proyecto-de-ley-de-desaparecidos-en-jalisco-cumple-un-ano-en-congeladora\/","url_meta":{"origin":63596,"position":1},"title":"El proyecto de ley de desaparecidos en Jalisco cumple un a\u00f1o en congeladora","author":"grieta","date":"26 agosto, 2019","format":false,"excerpt":"Los legisladores incumplieron el plazo dado por la C\u00e1mara de Diputados para armonizar las leyes estatales con la Ley General en Materia de Desaparici\u00f3n Forzada de Personas Foto: AP\/ E. Verdugo La aprobaci\u00f3n de la ley estatal sobre personas desaparecidas tiene un a\u00f1o de retraso en el Congreso de Jalisco.\u2026","rel":"","context":"En &quot;CINTILLO&quot;","block_context":{"text":"CINTILLO","link":"http:\/\/www.grieta.org.mx\/index.php\/category\/cintillo\/"},"img":{"alt_text":"","src":"https:\/\/i0.wp.com\/www.grieta.org.mx\/wp-content\/uploads\/2019\/08\/apeverdugo_crop1566812638504.jpg_1970638775.jpg?resize=350%2C200","width":350,"height":200,"srcset":"https:\/\/i0.wp.com\/www.grieta.org.mx\/wp-content\/uploads\/2019\/08\/apeverdugo_crop1566812638504.jpg_1970638775.jpg?resize=350%2C200 1x, https:\/\/i0.wp.com\/www.grieta.org.mx\/wp-content\/uploads\/2019\/08\/apeverdugo_crop1566812638504.jpg_1970638775.jpg?resize=525%2C300 1.5x, https:\/\/i0.wp.com\/www.grieta.org.mx\/wp-content\/uploads\/2019\/08\/apeverdugo_crop1566812638504.jpg_1970638775.jpg?resize=700%2C400 2x"},"classes":[]},{"id":41484,"url":"http:\/\/www.grieta.org.mx\/index.php\/2019\/11\/19\/muy-grave-el-retraso-en-la-elaboracion-de-leyes-par-desaparecidos-en-jalisco-cepad\/","url_meta":{"origin":63596,"position":2},"title":"Muy grave, el retraso en la elaboraci\u00f3n de leyes par desaparecidos en Jalisco: Cepad","author":"grieta","date":"19 noviembre, 2019","format":false,"excerpt":"Foto: UDGTV Radio UdeG Guadalajara \/ UDGTV Ha pasado m\u00e1s de un mes desde que el gobernador Enrique Alfaro present\u00f3 p\u00fablicamente, el 7 de octubre, las tres iniciativas de ley pendientes en materia de desaparecidos (Ley de Personas Desaparecidas del estado de Jalisco, Ley para la Declaraci\u00f3n Especial de Ausencia\u2026","rel":"","context":"En &quot;CINTILLO&quot;","block_context":{"text":"CINTILLO","link":"http:\/\/www.grieta.org.mx\/index.php\/category\/cintillo\/"},"img":{"alt_text":"","src":"https:\/\/i0.wp.com\/www.grieta.org.mx\/wp-content\/uploads\/2019\/11\/Marcha-desaparecidos-26-abril-Celia-Ni%C3%B1o-1-1068x801.jpg?resize=350%2C200","width":350,"height":200,"srcset":"https:\/\/i0.wp.com\/www.grieta.org.mx\/wp-content\/uploads\/2019\/11\/Marcha-desaparecidos-26-abril-Celia-Ni%C3%B1o-1-1068x801.jpg?resize=350%2C200 1x, https:\/\/i0.wp.com\/www.grieta.org.mx\/wp-content\/uploads\/2019\/11\/Marcha-desaparecidos-26-abril-Celia-Ni%C3%B1o-1-1068x801.jpg?resize=525%2C300 1.5x, https:\/\/i0.wp.com\/www.grieta.org.mx\/wp-content\/uploads\/2019\/11\/Marcha-desaparecidos-26-abril-Celia-Ni%C3%B1o-1-1068x801.jpg?resize=700%2C400 2x, https:\/\/i0.wp.com\/www.grieta.org.mx\/wp-content\/uploads\/2019\/11\/Marcha-desaparecidos-26-abril-Celia-Ni%C3%B1o-1-1068x801.jpg?resize=1050%2C600 3x"},"classes":[]},{"id":56008,"url":"http:\/\/www.grieta.org.mx\/index.php\/2020\/12\/22\/colectivos-piden-una-fiscalia-autonoma-para-desaparecidos-jalisco\/","url_meta":{"origin":63596,"position":3},"title":"Colectivos piden una fiscal\u00eda aut\u00f3noma para desaparecidos (Jalisco)","author":"grieta","date":"22 diciembre, 2020","format":false,"excerpt":"Foto: Archivo el Diario NTR Jessica Pilar P\u00e9rez\/ El Diario NTR Colectivos de familiares de personas desaparecidas y acad\u00e9micos pidieron al Congreso del Estado que desde la ley se defina que la fiscal\u00eda de\u00a0desaparecidos local\u00a0debe ser especializada y aut\u00f3noma. Hace dos a\u00f1os, cuando se realizaron reformas a la Ley Org\u00e1nica\u2026","rel":"","context":"En &quot;CINTILLO&quot;","block_context":{"text":"CINTILLO","link":"http:\/\/www.grieta.org.mx\/index.php\/category\/cintillo\/"},"img":{"alt_text":"","src":"https:\/\/i0.wp.com\/www.grieta.org.mx\/wp-content\/uploads\/2020\/12\/2020-12-21_10-12-41___8246.jpg?resize=350%2C200","width":350,"height":200,"srcset":"https:\/\/i0.wp.com\/www.grieta.org.mx\/wp-content\/uploads\/2020\/12\/2020-12-21_10-12-41___8246.jpg?resize=350%2C200 1x, https:\/\/i0.wp.com\/www.grieta.org.mx\/wp-content\/uploads\/2020\/12\/2020-12-21_10-12-41___8246.jpg?resize=525%2C300 1.5x, https:\/\/i0.wp.com\/www.grieta.org.mx\/wp-content\/uploads\/2020\/12\/2020-12-21_10-12-41___8246.jpg?resize=700%2C400 2x"},"classes":[]},{"id":60069,"url":"http:\/\/www.grieta.org.mx\/index.php\/2021\/06\/17\/familias-urgen-al-ejecutivo-a-garantizar-recursos-para-implementar-ley-de-desaparecidos-jalisco\/","url_meta":{"origin":63596,"position":4},"title":"Familias urgen al Ejecutivo a garantizar recursos para implementar Ley de Desaparecidos (Jalisco)","author":"grieta","date":"17 junio, 2021","format":false,"excerpt":"Foto: F\u00e1tima Aguilar (Archivo) Guadalajara, Jalisco.\u00a0Las familias cumplieron con su parte al trabajar para construir la mejor Ley Estatal de Desaparecidos en el pa\u00eds, as\u00ed como una m\u00e1s sobre Declaraci\u00f3n Especial de Ausencia, pero el gobierno no hace su parte al dejar la implementaci\u00f3n de las mismas sin presupuesto suficiente,\u2026","rel":"","context":"En &quot;CINTILLO&quot;","block_context":{"text":"CINTILLO","link":"http:\/\/www.grieta.org.mx\/index.php\/category\/cintillo\/"},"img":{"alt_text":"","src":"https:\/\/i0.wp.com\/www.grieta.org.mx\/wp-content\/uploads\/2021\/06\/Madres-de-desaparecidos-Fatima-Aguilar-560x420-1.jpeg?resize=350%2C200","width":350,"height":200,"srcset":"https:\/\/i0.wp.com\/www.grieta.org.mx\/wp-content\/uploads\/2021\/06\/Madres-de-desaparecidos-Fatima-Aguilar-560x420-1.jpeg?resize=350%2C200 1x, https:\/\/i0.wp.com\/www.grieta.org.mx\/wp-content\/uploads\/2021\/06\/Madres-de-desaparecidos-Fatima-Aguilar-560x420-1.jpeg?resize=525%2C300 1.5x"},"classes":[]},{"id":31750,"url":"http:\/\/www.grieta.org.mx\/index.php\/2019\/04\/04\/diputados-fingieron-incluirnos-en-mejoras-a-la-ley-familiares-de-desaparecidos-jalisco\/","url_meta":{"origin":63596,"position":5},"title":"\u201cDiputados fingieron incluirnos en mejoras a la ley\u201d: familiares de desaparecidos (Jalisco)","author":"grieta","date":"4 abril, 2019","format":false,"excerpt":"Elizabeth R\u00edos Chavarr\u00eda \/ P\u00e1gina 24 Jalisco Bajo el argumento de que diputados obraron de forma improvisada y que el ejercicio no fue m\u00e1s que una simulaci\u00f3n, familiares de desaparecidos se retiraron de las mesas de trabajo del Congreso de Jalisco en torno a la ley sobre desaparici\u00f3n forzada. Integrantes\u2026","rel":"","context":"En &quot;CINTILLO&quot;","block_context":{"text":"CINTILLO","link":"http:\/\/www.grieta.org.mx\/index.php\/category\/cintillo\/"},"img":{"alt_text":"","src":"https:\/\/i0.wp.com\/www.grieta.org.mx\/wp-content\/uploads\/2019\/04\/02-2.jpg?resize=350%2C200","width":350,"height":200,"srcset":"https:\/\/i0.wp.com\/www.grieta.org.mx\/wp-content\/uploads\/2019\/04\/02-2.jpg?resize=350%2C200 1x, https:\/\/i0.wp.com\/www.grieta.org.mx\/wp-content\/uploads\/2019\/04\/02-2.jpg?resize=525%2C300 1.5x, https:\/\/i0.wp.com\/www.grieta.org.mx\/wp-content\/uploads\/2019\/04\/02-2.jpg?resize=700%2C400 2x"},"classes":[]}],"_links":{"self":[{"href":"http:\/\/www.grieta.org.mx\/index.php\/wp-json\/wp\/v2\/posts\/63596","targetHints":{"allow":["GET"]}}],"collection":[{"href":"http:\/\/www.grieta.org.mx\/index.php\/wp-json\/wp\/v2\/posts"}],"about":[{"href":"http:\/\/www.grieta.org.mx\/index.php\/wp-json\/wp\/v2\/types\/post"}],"author":[{"embeddable":true,"href":"http:\/\/www.grieta.org.mx\/index.php\/wp-json\/wp\/v2\/users\/2"}],"replies":[{"embeddable":true,"href":"http:\/\/www.grieta.org.mx\/index.php\/wp-json\/wp\/v2\/comments?post=63596"}],"version-history":[{"count":1,"href":"http:\/\/www.grieta.org.mx\/index.php\/wp-json\/wp\/v2\/posts\/63596\/revisions"}],"predecessor-version":[{"id":63598,"href":"http:\/\/www.grieta.org.mx\/index.php\/wp-json\/wp\/v2\/posts\/63596\/revisions\/63598"}],"wp:featuredmedia":[{"embeddable":true,"href":"http:\/\/www.grieta.org.mx\/index.php\/wp-json\/wp\/v2\/media\/63597"}],"wp:attachment":[{"href":"http:\/\/www.grieta.org.mx\/index.php\/wp-json\/wp\/v2\/media?parent=63596"}],"wp:term":[{"taxonomy":"category","embeddable":true,"href":"http:\/\/www.grieta.org.mx\/index.php\/wp-json\/wp\/v2\/categories?post=63596"},{"taxonomy":"post_tag","embeddable":true,"href":"http:\/\/www.grieta.org.mx\/index.php\/wp-json\/wp\/v2\/tags?post=63596"}],"curies":[{"name":"wp","href":"https:\/\/api.w.org\/{rel}","templated":true}]}}