{"id":6359,"date":"2016-03-09T21:36:46","date_gmt":"2016-03-09T21:36:46","guid":{"rendered":"http:\/\/50.22.11.12\/~grietaor\/?p=6359"},"modified":"2016-03-28T21:45:48","modified_gmt":"2016-03-28T21:45:48","slug":"protestas-de-estudiantes-y-padres-por-falta-de-maestros-en-escuelas-de-tabasco","status":"publish","type":"post","link":"http:\/\/www.grieta.org.mx\/index.php\/2016\/03\/09\/protestas-de-estudiantes-y-padres-por-falta-de-maestros-en-escuelas-de-tabasco\/","title":{"rendered":"Protestas de estudiantes y padres por falta de maestros en escuelas de Tabasco"},"content":{"rendered":"<p><strong>09\/03\/16. <\/strong><a href=\"http:\/\/grieta.org.mx\/index.php\/2016\/03\/09\/otro-bloqueo-por-falta-de-maestros\/\" >Otro bloqueo por falta de maestros<\/a><br \/><em>Heraldo de Tabasco<\/em><\/p>\n<p><strong>18\/02\/16. <\/strong><a href=\"http:\/\/grieta.org.mx\/index.php\/2016\/02\/18\/cierran-calle-por-segunda-vez-a-falta-de-maestros-en-tenosique\/\" >Cierran calle por segunda vez a falta de maestros en Tenosique<\/a><br \/><em>Tabasco Hoy<\/em><\/p>\n<p><strong>12\/02\/16. <\/strong><a href=\"http:\/\/grieta.org.mx\/index.php\/2016\/02\/12\/por-falta-de-maestros-padres-toman-escuela\/\" >Por falta de maestros padres toman escuela<\/a><br \/><em>Diario Avance<\/em><\/p>\n<p><strong>09\/02\/16. <\/strong><a href=\"http:\/\/grieta.org.mx\/?p=6367&#038;preview=true\" >Segundo d\u00eda de protestas en escuelas por falta de maestros<\/a><br \/><em>Tabasco Hoy<\/em><\/p>\n","protected":false},"excerpt":{"rendered":"<p>09\/03\/16. Otro bloqueo por falta de maestrosHeraldo de Tabasco 18\/02\/16. Cierran calle por segunda vez a falta de maestros en TenosiqueTabasco Hoy 12\/02\/16. Por falta de maestros padres toman escuelaDiario &hellip; <a href=\"http:\/\/www.grieta.org.mx\/index.php\/2016\/03\/09\/protestas-de-estudiantes-y-padres-por-falta-de-maestros-en-escuelas-de-tabasco\/\" class=\"more-link\">Leer m\u00e1s<\/a><\/p>\n","protected":false},"author":2,"featured_media":21928,"comment_status":"closed","ping_status":"open","sticky":false,"template":"","format":"standard","meta":{"ngg_post_thumbnail":0,"_jetpack_newsletter_access":"","_jetpack_dont_email_post_to_subs":false,"_jetpack_newsletter_tier_id":0,"_jetpack_memberships_contains_paywalled_content":false,"_jetpack_memberships_contains_paid_content":false,"footnotes":""},"categories":[2,32],"tags":[],"class_list":["post-6359","post","type-post","status-publish","format-standard","has-post-thumbnail","hentry","category-noticias-nacionales","category-tabasco","entry"],"jetpack_featured_media_url":"http:\/\/www.grieta.org.mx\/wp-content\/uploads\/2018\/03\/14524434_1106112876131411_958039263622046936_o.jpg","jetpack_sharing_enabled":true,"jetpack_shortlink":"https:\/\/wp.me\/p7ZJR4-1Ez","jetpack_likes_enabled":false,"jetpack-related-posts":[{"id":6367,"url":"http:\/\/www.grieta.org.mx\/index.php\/2016\/02\/09\/segundo-dia-de-protestas-en-escuelas-por-falta-de-maestros\/","url_meta":{"origin":6359,"position":0},"title":"Segundo d\u00eda de protestas en escuelas por falta de maestros","author":"grieta","date":"9 febrero, 2016","format":false,"excerpt":"Tabasco Hoy 09\/02\/2016 14:49 \/ Centro, Tabasco Padres de familia de diversas escuelas de los municipios de Centro, C\u00e1rdenas y Cunduac\u00e1n realizaron este d\u00eda protestas por la falta de docentes en los centros educativos, lo cual causa afectaci\u00f3n al aprendizaje de sus hijos. Este es el segundo d\u00eda que las\u2026","rel":"","context":"En &quot;CINTILLO&quot;","block_context":{"text":"CINTILLO","link":"http:\/\/www.grieta.org.mx\/index.php\/category\/cintillo\/"},"img":{"alt_text":"","src":"https:\/\/i0.wp.com\/www.grieta.org.mx\/wp-content\/uploads\/2018\/03\/14524434_1106112876131411_958039263622046936_o.jpg?resize=350%2C200","width":350,"height":200,"srcset":"https:\/\/i0.wp.com\/www.grieta.org.mx\/wp-content\/uploads\/2018\/03\/14524434_1106112876131411_958039263622046936_o.jpg?resize=350%2C200 1x, https:\/\/i0.wp.com\/www.grieta.org.mx\/wp-content\/uploads\/2018\/03\/14524434_1106112876131411_958039263622046936_o.jpg?resize=525%2C300 1.5x, https:\/\/i0.wp.com\/www.grieta.org.mx\/wp-content\/uploads\/2018\/03\/14524434_1106112876131411_958039263622046936_o.jpg?resize=700%2C400 2x"},"classes":[]},{"id":6250,"url":"http:\/\/www.grieta.org.mx\/index.php\/2016\/09\/12\/movilizaciones-contra-la-reforma-educativa-y-la-evaluacion-magisterial-en-tabasco\/","url_meta":{"origin":6359,"position":1},"title":"Movilizaciones contra la Reforma educativa y evaluaci\u00f3n magisterial en Tabasco","author":"grieta","date":"12 septiembre, 2016","format":false,"excerpt":"12\/09\/16. Demandar\u00e1 CNTE-CETET ante CEDH por agresi\u00f3n a paterfamiliaDiario de Tabasco 14\/07\/16. Desconocen maestros tabasque\u00f1os de la CNTE acuerdo SNTE-Nu\u00f1oEl Correo de Tabasco 08\/07\/16. Bloquean padres de familia carretera a Ciudad Pemex, MacuspanaAhora Tabasco 08\/07\/16. Maestros bloquean tres carreteras en TabascoHeraldo de Tabasco 01\/07\/16. Maestros de Tabasco repiten bloqueos en\u2026","rel":"","context":"En &quot;NOTICIAS NACIONALES&quot;","block_context":{"text":"NOTICIAS NACIONALES","link":"http:\/\/www.grieta.org.mx\/index.php\/category\/noticias-nacionales\/"},"img":{"alt_text":"","src":"https:\/\/i0.wp.com\/www.grieta.org.mx\/wp-content\/uploads\/2018\/03\/14524434_1106112876131411_958039263622046936_o.jpg?resize=350%2C200","width":350,"height":200,"srcset":"https:\/\/i0.wp.com\/www.grieta.org.mx\/wp-content\/uploads\/2018\/03\/14524434_1106112876131411_958039263622046936_o.jpg?resize=350%2C200 1x, https:\/\/i0.wp.com\/www.grieta.org.mx\/wp-content\/uploads\/2018\/03\/14524434_1106112876131411_958039263622046936_o.jpg?resize=525%2C300 1.5x, https:\/\/i0.wp.com\/www.grieta.org.mx\/wp-content\/uploads\/2018\/03\/14524434_1106112876131411_958039263622046936_o.jpg?resize=700%2C400 2x"},"classes":[]},{"id":20622,"url":"http:\/\/www.grieta.org.mx\/index.php\/2016\/06\/29\/conflictos-laborales-de-trabajadores-del-estado-en-tabasco\/","url_meta":{"origin":6359,"position":2},"title":"Conflictos laborales de trabajadores del estado en Tabasco","author":"grieta","date":"29 junio, 2016","format":false,"excerpt":"29\/06\/16. Exigen jubilados del ISSET de los 17 municipios pago de pensionesHeraldo de Tabasco 27\/06\/16. Protestan m\u00e9dicos legistas y peritos de la Fiscal\u00eda General; exigen aumento salarialHeraldo de Tabasco 28\/05\/16. Bloquean maestros Usumacinta; exigen baseHeraldo de Tabasco 03\/05\/16. Plant\u00f3n en Para\u00edso; exigen pago de laudos por 150 mdpTabasco Hoy 29\/03\/16.\u2026","rel":"","context":"En &quot;NOTICIAS NACIONALES&quot;","block_context":{"text":"NOTICIAS NACIONALES","link":"http:\/\/www.grieta.org.mx\/index.php\/category\/noticias-nacionales\/"},"img":{"alt_text":"","src":"https:\/\/i0.wp.com\/www.grieta.org.mx\/wp-content\/uploads\/2018\/03\/14524434_1106112876131411_958039263622046936_o.jpg?resize=350%2C200","width":350,"height":200,"srcset":"https:\/\/i0.wp.com\/www.grieta.org.mx\/wp-content\/uploads\/2018\/03\/14524434_1106112876131411_958039263622046936_o.jpg?resize=350%2C200 1x, https:\/\/i0.wp.com\/www.grieta.org.mx\/wp-content\/uploads\/2018\/03\/14524434_1106112876131411_958039263622046936_o.jpg?resize=525%2C300 1.5x, https:\/\/i0.wp.com\/www.grieta.org.mx\/wp-content\/uploads\/2018\/03\/14524434_1106112876131411_958039263622046936_o.jpg?resize=700%2C400 2x"},"classes":[]},{"id":6364,"url":"http:\/\/www.grieta.org.mx\/index.php\/2016\/02\/12\/por-falta-de-maestros-padres-toman-escuela\/","url_meta":{"origin":6359,"position":3},"title":"Por falta de maestros padres toman escuela","author":"grieta","date":"12 febrero, 2016","format":false,"excerpt":"Redacci\u00f3n Diario Avance C\u00c1RDENAS, TAB.- Ante el incumplimiento de la Secretaria de Educaci\u00f3n (SE), por asignarle un maestro a la escuela tele secundaria \u201cLuis Ram\u00f3n Su\u00e1rez\u201d, del ejido Habanero, primera secci\u00f3n padres de familia y alumnos del plantel educativo tomaron las instalaciones educativas por tiempo indefinido en se\u00f1al de protesta.\u2026","rel":"","context":"En &quot;CINTILLO&quot;","block_context":{"text":"CINTILLO","link":"http:\/\/www.grieta.org.mx\/index.php\/category\/cintillo\/"},"img":{"alt_text":"","src":"https:\/\/i0.wp.com\/www.grieta.org.mx\/wp-content\/uploads\/2018\/03\/14524434_1106112876131411_958039263622046936_o.jpg?resize=350%2C200","width":350,"height":200,"srcset":"https:\/\/i0.wp.com\/www.grieta.org.mx\/wp-content\/uploads\/2018\/03\/14524434_1106112876131411_958039263622046936_o.jpg?resize=350%2C200 1x, https:\/\/i0.wp.com\/www.grieta.org.mx\/wp-content\/uploads\/2018\/03\/14524434_1106112876131411_958039263622046936_o.jpg?resize=525%2C300 1.5x, https:\/\/i0.wp.com\/www.grieta.org.mx\/wp-content\/uploads\/2018\/03\/14524434_1106112876131411_958039263622046936_o.jpg?resize=700%2C400 2x"},"classes":[]},{"id":14813,"url":"http:\/\/www.grieta.org.mx\/index.php\/2016\/06\/20\/condenan-en-tabasco-genocidio-en-oaxaca-maestros-alistan-protestas\/","url_meta":{"origin":6359,"position":4},"title":"Condenan en Tabasco \u201cgenocidio\u201d en Oaxaca; maestros alistan protestas","author":"grieta","date":"20 junio, 2016","format":false,"excerpt":"Armando Guzm\u00e1n VILLAHERMOSA, Tab. (apro).- La Coordinadora Estatal de Trabajadores de la Educaci\u00f3n en Tabasco (CETET), adherida a la CNTE, repudi\u00f3 \u201cel genocidio\u201d que dej\u00f3 como saldo ocho muertos y decenas de heridos y detenidos en Oaxaca, y convoc\u00f3 a movilizaciones para el pr\u00f3ximo jueves 23. \u201cEn Oaxaca la represi\u00f3n\u2026","rel":"","context":"En &quot;CINTILLO&quot;","block_context":{"text":"CINTILLO","link":"http:\/\/www.grieta.org.mx\/index.php\/category\/cintillo\/"},"img":{"alt_text":"","src":"https:\/\/i0.wp.com\/www.grieta.org.mx\/wp-content\/uploads\/2018\/03\/14524434_1106112876131411_958039263622046936_o.jpg?resize=350%2C200","width":350,"height":200,"srcset":"https:\/\/i0.wp.com\/www.grieta.org.mx\/wp-content\/uploads\/2018\/03\/14524434_1106112876131411_958039263622046936_o.jpg?resize=350%2C200 1x, https:\/\/i0.wp.com\/www.grieta.org.mx\/wp-content\/uploads\/2018\/03\/14524434_1106112876131411_958039263622046936_o.jpg?resize=525%2C300 1.5x, https:\/\/i0.wp.com\/www.grieta.org.mx\/wp-content\/uploads\/2018\/03\/14524434_1106112876131411_958039263622046936_o.jpg?resize=700%2C400 2x"},"classes":[]},{"id":6361,"url":"http:\/\/www.grieta.org.mx\/index.php\/2016\/02\/18\/cierran-calle-por-segunda-vez-a-falta-de-maestros-en-tenosique\/","url_meta":{"origin":6359,"position":5},"title":"Cierran calle por segunda vez a falta de maestros en Tenosique","author":"grieta","date":"18 febrero, 2016","format":false,"excerpt":"Hilario Paredes Tenosique, Tabasco Por segunda ocasi\u00f3n, padres de familia que tienen estudiando a sus hijos en la escuela primaria Jos\u00e9 Mar\u00eda Pino Su\u00e1rez, cerraron un tramo de la calle 26, como medida presi\u00f3n para que la Secretaria de Educaci\u00f3n les mande un profesor que les hace falta. De acuerdo\u2026","rel":"","context":"En &quot;CINTILLO&quot;","block_context":{"text":"CINTILLO","link":"http:\/\/www.grieta.org.mx\/index.php\/category\/cintillo\/"},"img":{"alt_text":"","src":"https:\/\/i0.wp.com\/www.grieta.org.mx\/wp-content\/uploads\/2018\/03\/14524434_1106112876131411_958039263622046936_o.jpg?resize=350%2C200","width":350,"height":200,"srcset":"https:\/\/i0.wp.com\/www.grieta.org.mx\/wp-content\/uploads\/2018\/03\/14524434_1106112876131411_958039263622046936_o.jpg?resize=350%2C200 1x, https:\/\/i0.wp.com\/www.grieta.org.mx\/wp-content\/uploads\/2018\/03\/14524434_1106112876131411_958039263622046936_o.jpg?resize=525%2C300 1.5x, https:\/\/i0.wp.com\/www.grieta.org.mx\/wp-content\/uploads\/2018\/03\/14524434_1106112876131411_958039263622046936_o.jpg?resize=700%2C400 2x"},"classes":[]}],"_links":{"self":[{"href":"http:\/\/www.grieta.org.mx\/index.php\/wp-json\/wp\/v2\/posts\/6359","targetHints":{"allow":["GET"]}}],"collection":[{"href":"http:\/\/www.grieta.org.mx\/index.php\/wp-json\/wp\/v2\/posts"}],"about":[{"href":"http:\/\/www.grieta.org.mx\/index.php\/wp-json\/wp\/v2\/types\/post"}],"author":[{"embeddable":true,"href":"http:\/\/www.grieta.org.mx\/index.php\/wp-json\/wp\/v2\/users\/2"}],"replies":[{"embeddable":true,"href":"http:\/\/www.grieta.org.mx\/index.php\/wp-json\/wp\/v2\/comments?post=6359"}],"version-history":[{"count":1,"href":"http:\/\/www.grieta.org.mx\/index.php\/wp-json\/wp\/v2\/posts\/6359\/revisions"}],"predecessor-version":[{"id":6369,"href":"http:\/\/www.grieta.org.mx\/index.php\/wp-json\/wp\/v2\/posts\/6359\/revisions\/6369"}],"wp:featuredmedia":[{"embeddable":true,"href":"http:\/\/www.grieta.org.mx\/index.php\/wp-json\/wp\/v2\/media\/21928"}],"wp:attachment":[{"href":"http:\/\/www.grieta.org.mx\/index.php\/wp-json\/wp\/v2\/media?parent=6359"}],"wp:term":[{"taxonomy":"category","embeddable":true,"href":"http:\/\/www.grieta.org.mx\/index.php\/wp-json\/wp\/v2\/categories?post=6359"},{"taxonomy":"post_tag","embeddable":true,"href":"http:\/\/www.grieta.org.mx\/index.php\/wp-json\/wp\/v2\/tags?post=6359"}],"curies":[{"name":"wp","href":"https:\/\/api.w.org\/{rel}","templated":true}]}}