{"id":63572,"date":"2022-02-11T12:37:45","date_gmt":"2022-02-11T18:37:45","guid":{"rendered":"https:\/\/www.grieta.org.mx\/?p=63572"},"modified":"2022-03-02T12:45:46","modified_gmt":"2022-03-02T18:45:46","slug":"una-empresa-militar-operara-cuatro-aeropuertos-y-el-tren-maya-amlo","status":"publish","type":"post","link":"http:\/\/www.grieta.org.mx\/index.php\/2022\/02\/11\/una-empresa-militar-operara-cuatro-aeropuertos-y-el-tren-maya-amlo\/","title":{"rendered":"Una empresa militar operar\u00e1 cuatro aeropuertos y el Tren Maya: AMLO"},"content":{"rendered":"<p>Redacci\u00f3n\/Animal Pol\u00edtico<br \/>\n11 febrero 2022<\/p>\n<blockquote><p>La mayor\u00eda de las utilidades de esta empresa militar se destinar\u00e1n a las pensiones de marinos, soldados e integrantes de las Fuerzas Armadas.<\/p><\/blockquote>\n<p>Una empresa militar llamada Olmeca, Maya Mexica administrar\u00e1 el Tren Maya y los nuevos aeropuertos de Santa Luc\u00eda, Tulum, Chetumal y Palenque, anunci\u00f3 el presidente Andr\u00e9s Manuel L\u00f3pez Obrador.<\/p>\n<p>Durante la conmemoraci\u00f3n del D\u00eda de la Fuerza A\u00e9rea Mexicana en Santa Luc\u00eda, el mandatario dijo ante militares que esta empresa va a destinar el 75% de sus utilidades para las pensiones de marinos, soldados e integrantes de las Fuerzas Armadas. <\/p>\n<p>\u201cQueremos que se pueda heredar a las nuevas generaciones. Todo esto es de la naci\u00f3n y por eso se tom\u00f3 la decisi\u00f3n de crear  una empresa que se llama \u2018Olmeca, Maya Mexica\u2019\u201d, dijo el presidente el 10 de febrero.<\/p>\n<p>Especific\u00f3 que se encargar\u00e1 de los aeropuertos de Santa Luc\u00eda, Tulum, Chetumal, Palenque y \u201clos mil 500 kil\u00f3metros de v\u00eda f\u00e9rrea del Tren Maya\u201d. <\/p>\n<p>\u201cLo hacemos para que se fortalezcan estas instituciones importantes del Estado, no va a quedarle a la nueva empresa un centavo de deuda porque todo lo que se est\u00e1 construyendo es con presupuesto p\u00fablico, no va a quedar deuda, al contrario, vamos a pagar hasta por adelantado en mantenimiento en el caso del Tren Maya\u201d, afirm\u00f3 L\u00f3pez Obrador.<\/p>\n<p>Dijo que estos proyectos van a desarrollar al pa\u00eds, espec\u00edficamente el sureste y \u201cqueremos que las Fuerzas Armadas custodien, cuiden el patrimonio de todos los mexicanos, que se defienda lo que del pueblo de M\u00e9xico, lo que es de nuestra patria, de nuestra naci\u00f3n\u201d.<\/p>\n<p>\u201cEs un milagro el que se hayan mantenido estas instituciones, el Ej\u00e9rcito, la Fuerza A\u00e9rea, la Marina. Y ahora, muy pronto, vamos tambi\u00e9n a consolidar la Guardia Nacional, mantener estas instituciones para la defensa de nuestro pueblo y para la defensa de M\u00e9xico\u201d, concluy\u00f3.<\/p>\n<p><a href=\"https:\/\/www.animalpolitico.com\/2022\/02\/empresa-militar-aeropuertos-tren-maya-amlo\/?utm_source=pocket_mylist\" rel=\"noopener\" target=\"_blank\">https:\/\/www.animalpolitico.com\/2022\/02\/empresa-militar-aeropuertos-tren-maya-amlo\/?utm_source=pocket_mylist<\/a><\/p>\n","protected":false},"excerpt":{"rendered":"<p>Redacci\u00f3n\/Animal Pol\u00edtico 11 febrero 2022 La mayor\u00eda de las utilidades de esta empresa militar se destinar\u00e1n a las pensiones de marinos, soldados e integrantes de las Fuerzas Armadas. Una empresa &hellip; <a href=\"http:\/\/www.grieta.org.mx\/index.php\/2022\/02\/11\/una-empresa-militar-operara-cuatro-aeropuertos-y-el-tren-maya-amlo\/\" class=\"more-link\">Leer m\u00e1s<\/a><\/p>\n","protected":false},"author":2,"featured_media":63576,"comment_status":"closed","ping_status":"closed","sticky":false,"template":"","format":"standard","meta":{"ngg_post_thumbnail":0,"_jetpack_newsletter_access":"","_jetpack_dont_email_post_to_subs":false,"_jetpack_newsletter_tier_id":0,"_jetpack_memberships_contains_paywalled_content":false,"_jetpack_memberships_contains_paid_content":false,"footnotes":""},"categories":[80,912,2,83],"tags":[2494,2974,3384,96,1878],"class_list":["post-63572","post","type-post","status-publish","format-standard","has-post-thumbnail","hentry","category-cintillo","category-militarizacion","category-noticias-nacionales","category-temas-nacionales","tag-aeropuerto-santa-lucia","tag-aumento-de-la-militarizacion","tag-ejercito-en-tareas-civiles","tag-megaproyectos","tag-tren-maya","entry"],"jetpack_featured_media_url":"http:\/\/www.grieta.org.mx\/wp-content\/uploads\/2022\/03\/empresa-militar-aeropuertos-tren-maya.jpeg","jetpack_sharing_enabled":true,"jetpack_shortlink":"https:\/\/wp.me\/p7ZJR4-gxm","jetpack_likes_enabled":false,"jetpack-related-posts":[{"id":65062,"url":"http:\/\/www.grieta.org.mx\/index.php\/2022\/08\/28\/sedena-le-entra-al-internet-construira-torres-y-antenas\/","url_meta":{"origin":63572,"position":0},"title":"Sedena le entra al internet; construir\u00e1 torres y antenas","author":"grieta","date":"28 agosto, 2022","format":false,"excerpt":"Redacci\u00f3n\/Animal Pol\u00edtico 28 agosto 2022 Sedena trabajar\u00e1 con la CFE para colocar las torres y antenas sitios como el Banco de Bienestar, cuarteles de la Guardia Nacional y campos militares. La Secretar\u00eda de la Defensa tiene una nueva encomienda asignada por el presidente Andr\u00e9s Manuel L\u00f3pez Obrador, ahora ser\u00e1 la\u2026","rel":"","context":"En &quot;CINTILLO&quot;","block_context":{"text":"CINTILLO","link":"http:\/\/www.grieta.org.mx\/index.php\/category\/cintillo\/"},"img":{"alt_text":"","src":"https:\/\/i0.wp.com\/www.grieta.org.mx\/wp-content\/uploads\/2022\/09\/sedena-internet-mexico.jpeg?resize=350%2C200","width":350,"height":200,"srcset":"https:\/\/i0.wp.com\/www.grieta.org.mx\/wp-content\/uploads\/2022\/09\/sedena-internet-mexico.jpeg?resize=350%2C200 1x, https:\/\/i0.wp.com\/www.grieta.org.mx\/wp-content\/uploads\/2022\/09\/sedena-internet-mexico.jpeg?resize=525%2C300 1.5x, https:\/\/i0.wp.com\/www.grieta.org.mx\/wp-content\/uploads\/2022\/09\/sedena-internet-mexico.jpeg?resize=700%2C400 2x, https:\/\/i0.wp.com\/www.grieta.org.mx\/wp-content\/uploads\/2022\/09\/sedena-internet-mexico.jpeg?resize=1050%2C600 3x, https:\/\/i0.wp.com\/www.grieta.org.mx\/wp-content\/uploads\/2022\/09\/sedena-internet-mexico.jpeg?resize=1400%2C800 4x"},"classes":[]},{"id":46319,"url":"http:\/\/www.grieta.org.mx\/index.php\/2020\/03\/18\/ganancias-del-aeropuerto-en-santa-lucia-seran-para-el-ejercito-amlo\/","url_meta":{"origin":63572,"position":1},"title":"Ganancias del aeropuerto en Santa Luc\u00eda ser\u00e1n para el Ej\u00e9rcito: AMLO","author":"grieta","date":"18 marzo, 2020","format":false,"excerpt":"Sin dar mayores detalles, AMLO adelant\u00f3 que una empresa a cargo de la Secretar\u00eda de la Defensa Nacional ser\u00e1 la que administre el aeropuerto de Santa Luc\u00eda Foto: Germ\u00e1n Canseco Arturo Rodr\u00edguez Garc\u00eda \/ Proceso CIUDAD DE M\u00c9XICO (apro). \u2013 La administraci\u00f3n del Aeropuerto Internacional \u201cFelipe \u00c1ngeles\u201d, que se construye\u2026","rel":"","context":"En &quot;CINTILLO&quot;","block_context":{"text":"CINTILLO","link":"http:\/\/www.grieta.org.mx\/index.php\/category\/cintillo\/"},"img":{"alt_text":"","src":"https:\/\/i0.wp.com\/www.grieta.org.mx\/wp-content\/uploads\/2020\/03\/Ganancias-del-aeropuerto-en-Santa-Luc%C3%ADa-ser%C3%A1n-para-el-Ej%C3%A9rcito-AMLO-edomex-mzo.jpg?resize=350%2C200","width":350,"height":200,"srcset":"https:\/\/i0.wp.com\/www.grieta.org.mx\/wp-content\/uploads\/2020\/03\/Ganancias-del-aeropuerto-en-Santa-Luc%C3%ADa-ser%C3%A1n-para-el-Ej%C3%A9rcito-AMLO-edomex-mzo.jpg?resize=350%2C200 1x, https:\/\/i0.wp.com\/www.grieta.org.mx\/wp-content\/uploads\/2020\/03\/Ganancias-del-aeropuerto-en-Santa-Luc%C3%ADa-ser%C3%A1n-para-el-Ej%C3%A9rcito-AMLO-edomex-mzo.jpg?resize=525%2C300 1.5x, https:\/\/i0.wp.com\/www.grieta.org.mx\/wp-content\/uploads\/2020\/03\/Ganancias-del-aeropuerto-en-Santa-Luc%C3%ADa-ser%C3%A1n-para-el-Ej%C3%A9rcito-AMLO-edomex-mzo.jpg?resize=700%2C400 2x"},"classes":[]},{"id":46687,"url":"http:\/\/www.grieta.org.mx\/index.php\/2020\/03\/18\/sedena-ayudara-con-la-construccion-de-dos-tramos-del-tren-maya-amlo\/","url_meta":{"origin":63572,"position":2},"title":"Sedena ayudar\u00e1 con la construcci\u00f3n de dos tramos del Tren Maya: AMLO","author":"grieta","date":"18 marzo, 2020","format":false,"excerpt":"Redacci\u00f3n\/El Financiero 18 marzo 2020 https:\/\/twitter.com\/i\/status\/1240290082470293506 El mandatario apunt\u00f3 que en el Ej\u00e9rcito hay buenos constructores y que ha recurrido a ellos debido a que resistieron 'el vendaval neoliberal'. El presidente Andr\u00e9s Manuel L\u00f3pez Obrador adelant\u00f3 este mi\u00e9rcoles que ingenieros militares de la Secretar\u00eda de la Defensa Nacional (Sedena) apoyar\u00e1n\u2026","rel":"","context":"En &quot;CINTILLO&quot;","block_context":{"text":"CINTILLO","link":"http:\/\/www.grieta.org.mx\/index.php\/category\/cintillo\/"},"img":{"alt_text":"","src":"https:\/\/i0.wp.com\/www.grieta.org.mx\/wp-content\/uploads\/2020\/03\/pej.png?resize=350%2C200","width":350,"height":200,"srcset":"https:\/\/i0.wp.com\/www.grieta.org.mx\/wp-content\/uploads\/2020\/03\/pej.png?resize=350%2C200 1x, https:\/\/i0.wp.com\/www.grieta.org.mx\/wp-content\/uploads\/2020\/03\/pej.png?resize=525%2C300 1.5x, https:\/\/i0.wp.com\/www.grieta.org.mx\/wp-content\/uploads\/2020\/03\/pej.png?resize=700%2C400 2x"},"classes":[]},{"id":57806,"url":"http:\/\/www.grieta.org.mx\/index.php\/2021\/03\/16\/el-ejercito-recibira-los-ingresos-del-tren-maya-sin-pasar-por-la-shcp-fonatur\/","url_meta":{"origin":63572,"position":3},"title":"El Ej\u00e9rcito recibir\u00e1 los ingresos del Tren Maya, sin pasar por la SHCP: Fonatur","author":"grieta","date":"16 marzo, 2021","format":false,"excerpt":"Mathieu Tourliere \/ Proceso CIUDAD DE M\u00c9XICO (apro).- En un en\u00e9simo cambio al proyecto inicial del Tren Maya, Rogelio Jim\u00e9nez Pons, titular del Fondo Nacional de Fomento al Turismo (Fonatur), indic\u00f3 hoy que el Ej\u00e9rcito concentrar\u00e1 los ingresos de todo el tren, sin que \u00e9stos pasen por la Secretar\u00eda de\u2026","rel":"","context":"En &quot;Campeche&quot;","block_context":{"text":"Campeche","link":"http:\/\/www.grieta.org.mx\/index.php\/category\/noticias-nacionales\/campeche\/"},"img":{"alt_text":"","src":"https:\/\/i0.wp.com\/www.grieta.org.mx\/wp-content\/uploads\/2021\/02\/130288-e1613585374702.jpg?resize=350%2C200","width":350,"height":200,"srcset":"https:\/\/i0.wp.com\/www.grieta.org.mx\/wp-content\/uploads\/2021\/02\/130288-e1613585374702.jpg?resize=350%2C200 1x, https:\/\/i0.wp.com\/www.grieta.org.mx\/wp-content\/uploads\/2021\/02\/130288-e1613585374702.jpg?resize=525%2C300 1.5x, https:\/\/i0.wp.com\/www.grieta.org.mx\/wp-content\/uploads\/2021\/02\/130288-e1613585374702.jpg?resize=700%2C400 2x"},"classes":[]},{"id":58237,"url":"http:\/\/www.grieta.org.mx\/index.php\/2021\/04\/07\/creciente-militarizacion-en-mexico-podria-provocar-violaciones-a-los-derechos-humanos-advierte-la-onu\/","url_meta":{"origin":63572,"position":4},"title":"Creciente militarizaci\u00f3n en M\u00e9xico podr\u00eda provocar violaciones a los derechos humanos, advierte la ONU","author":"grieta","date":"7 abril, 2021","format":false,"excerpt":"El Ej\u00e9rcito mexicano en un operativo. Foto: EFE. Latinus\/Latinus 7 abril 2021 AP.- La creciente participaci\u00f3n de las fuerzas armadas en las tareas de seguridad p\u00fablica y en varios proyectos del gobierno generan preocupaci\u00f3n en materia de respeto a los derechos humanos y de transparencia en M\u00e9xico, dijo este mi\u00e9rcoles\u2026","rel":"","context":"En &quot;CINTILLO&quot;","block_context":{"text":"CINTILLO","link":"http:\/\/www.grieta.org.mx\/index.php\/category\/cintillo\/"},"img":{"alt_text":"","src":"https:\/\/i0.wp.com\/www.grieta.org.mx\/wp-content\/uploads\/2021\/04\/colectivo-investigar-red-corrupcion-ejercito-cienfuegos-1024x529-1.jpg?resize=350%2C200","width":350,"height":200,"srcset":"https:\/\/i0.wp.com\/www.grieta.org.mx\/wp-content\/uploads\/2021\/04\/colectivo-investigar-red-corrupcion-ejercito-cienfuegos-1024x529-1.jpg?resize=350%2C200 1x, https:\/\/i0.wp.com\/www.grieta.org.mx\/wp-content\/uploads\/2021\/04\/colectivo-investigar-red-corrupcion-ejercito-cienfuegos-1024x529-1.jpg?resize=525%2C300 1.5x, https:\/\/i0.wp.com\/www.grieta.org.mx\/wp-content\/uploads\/2021\/04\/colectivo-investigar-red-corrupcion-ejercito-cienfuegos-1024x529-1.jpg?resize=700%2C400 2x"},"classes":[]},{"id":61486,"url":"http:\/\/www.grieta.org.mx\/index.php\/2021\/08\/16\/empresas-alemanas-en-tren-maya-refuerzan-despojo-y-militarizacion\/","url_meta":{"origin":63572,"position":5},"title":"Empresas alemanas en \u201ctren maya\u201d refuerzan despojo y militarizaci\u00f3n","author":"grieta","date":"16 agosto, 2021","format":false,"excerpt":"Aldo Santiago \/ Avispa Midia El megaproyecto de infraestructura \u201ctren maya\u201d, promovido por el gobierno federal, cuenta con inversiones alemanas involucradas en su planificaci\u00f3n, construcci\u00f3n y puesta en marcha. Entre ellas, las corporaciones DB Consulting & Engineering, SIEMENS y T\u00dcV Rheinland, as\u00ed como la conexi\u00f3n con empresas de la industria\u2026","rel":"","context":"En &quot;Campeche&quot;","block_context":{"text":"Campeche","link":"http:\/\/www.grieta.org.mx\/index.php\/category\/noticias-nacionales\/campeche\/"},"img":{"alt_text":"","src":"https:\/\/i0.wp.com\/www.grieta.org.mx\/wp-content\/uploads\/2021\/09\/TrenGermany-e1630709427467.png?resize=350%2C200","width":350,"height":200,"srcset":"https:\/\/i0.wp.com\/www.grieta.org.mx\/wp-content\/uploads\/2021\/09\/TrenGermany-e1630709427467.png?resize=350%2C200 1x, https:\/\/i0.wp.com\/www.grieta.org.mx\/wp-content\/uploads\/2021\/09\/TrenGermany-e1630709427467.png?resize=525%2C300 1.5x, https:\/\/i0.wp.com\/www.grieta.org.mx\/wp-content\/uploads\/2021\/09\/TrenGermany-e1630709427467.png?resize=700%2C400 2x"},"classes":[]}],"_links":{"self":[{"href":"http:\/\/www.grieta.org.mx\/index.php\/wp-json\/wp\/v2\/posts\/63572","targetHints":{"allow":["GET"]}}],"collection":[{"href":"http:\/\/www.grieta.org.mx\/index.php\/wp-json\/wp\/v2\/posts"}],"about":[{"href":"http:\/\/www.grieta.org.mx\/index.php\/wp-json\/wp\/v2\/types\/post"}],"author":[{"embeddable":true,"href":"http:\/\/www.grieta.org.mx\/index.php\/wp-json\/wp\/v2\/users\/2"}],"replies":[{"embeddable":true,"href":"http:\/\/www.grieta.org.mx\/index.php\/wp-json\/wp\/v2\/comments?post=63572"}],"version-history":[{"count":1,"href":"http:\/\/www.grieta.org.mx\/index.php\/wp-json\/wp\/v2\/posts\/63572\/revisions"}],"predecessor-version":[{"id":63577,"href":"http:\/\/www.grieta.org.mx\/index.php\/wp-json\/wp\/v2\/posts\/63572\/revisions\/63577"}],"wp:featuredmedia":[{"embeddable":true,"href":"http:\/\/www.grieta.org.mx\/index.php\/wp-json\/wp\/v2\/media\/63576"}],"wp:attachment":[{"href":"http:\/\/www.grieta.org.mx\/index.php\/wp-json\/wp\/v2\/media?parent=63572"}],"wp:term":[{"taxonomy":"category","embeddable":true,"href":"http:\/\/www.grieta.org.mx\/index.php\/wp-json\/wp\/v2\/categories?post=63572"},{"taxonomy":"post_tag","embeddable":true,"href":"http:\/\/www.grieta.org.mx\/index.php\/wp-json\/wp\/v2\/tags?post=63572"}],"curies":[{"name":"wp","href":"https:\/\/api.w.org\/{rel}","templated":true}]}}