{"id":6357,"date":"2016-03-09T21:32:27","date_gmt":"2016-03-09T21:32:27","guid":{"rendered":"http:\/\/50.22.11.12\/~grietaor\/?p=6357"},"modified":"2016-04-26T03:40:44","modified_gmt":"2016-04-26T03:40:44","slug":"otro-bloqueo-por-falta-de-maestros","status":"publish","type":"post","link":"http:\/\/www.grieta.org.mx\/index.php\/2016\/03\/09\/otro-bloqueo-por-falta-de-maestros\/","title":{"rendered":"Otro bloqueo por falta de maestros"},"content":{"rendered":"<p>Raquel May Ol\u00e1n<\/p>\n<p>Villahermosa, Tabasco.- Por espacio de tres horas, padres de familia de la Escuela Primaria \u201cSabino Ulin Lamoyi\u201d, localizada en el fraccionamiento Revoluci\u00f3n; bloquearon la carretera Villahermosa-Teapa a la altura del kil\u00f3metro 18+500, en protesta de la falta de tres maestros que la Secretar\u00eda de Educaci\u00f3n en Tabasco (Setab) les quit\u00f3 desde hace dos semanas, dejando sin clases a unos 150 alumnos de tres grupos.<\/p>\n<p>Acusaron que la dependencia estatal pretende que solo dos maestros atiendan a 300 alumnos distribuidos en seis grupos, lo cual significa que actualmente la escuela cuenta con un docente por cada 150 alumnos.<\/p>\n<p>A\u00f1adieron que no se han atendido las gestiones de personal, aun cuando en m\u00e1s de tres ocasiones los padres de familia tocaron las puertas de la Setab. Lo anterior los oblig\u00f3 a tomar las v\u00edas del bloqueo, expuso el se\u00f1or Miguel Hern\u00e1ndez, padre de familia.<\/p>\n<p>\u201cNos presentamos en Secretaria de Educaci\u00f3n, motivo de que nos quitaron los maestros de Revoluci\u00f3n, quieres que dos maestros atiendan seis grupos de 53 gente cada grupo, y eso no puede ser\u201d, indic\u00f3.<\/p>\n<p>Los tutores aseguraron que ya est\u00e1n cansados de que constantemente les cambien los maestros, pues las autoridades de educaci\u00f3n \u00fanicamente los env\u00edan en modalidad de contratos temporales. Lo anterior -dijeron- repercute en que los educandos se queden sin clases, retrasando el avance de los programas de estudios.<\/p>\n<p>El se\u00f1or Hern\u00e1ndez expres\u00f3 que lo \u00fanico que quieren es educaci\u00f3n de calidad para sus hijos, pues es imposible que un docente atienda a m\u00e1s de 100 alumnos por d\u00eda.<\/p>\n<p>\u201c\u00bfQu\u00e9 va a pasar con la educaci\u00f3n?, \u00bfA qu\u00e9 hora se van a preparar los maestros?, \u00bfA qu\u00e9 hora van a calificar?, no les estamos pidiendo que nos regalen nada, \u00fanicamente que nos manden maestros para nuestros hijos\u201d, enlist\u00f3.<\/p>\n<p>Desde las 8:00 horas los tutores obstaculizaron el tramo carretero, provocando un intenso congestionamiento vehicular en esta importante v\u00eda de comunicaci\u00f3n, que conduce al municipio de Teapa y por donde mayormente transitan camiones de carga pesada.<\/p>\n<p>La obstaculizaci\u00f3n de la vialidad caus\u00f3 inconformidad entre los choferes de transporte p\u00fablico de Playas del Rosario, quienes intentaron amedrentar a los manifestantes amenaz\u00e1ndolos con machetes; sin embargo, el conflicto fue detenido por elementos de la Secretar\u00eda de Seguridad P\u00fablica (SSP) que se encontraban en el lugar.<\/p>\n<p>Tras el arribo de las autoridades educativas, se instal\u00f3 una mesa de negociaciones en donde se acord\u00f3 que a partir de este d\u00eda dos maestros ser\u00edan enviados al centro escolar, y uno m\u00e1s la semana entrante.<\/p>\n<p>Una vez firmada la minuta, los inconformes liberaron el paso a eso de las 11:15 de la ma\u00f1ana, permitiendo el arroyo de veh\u00edculos.<\/p>\n<p><a href=\"http:\/\/www.oem.com.mx\/elheraldodetabasco\/notas\/n4102443.htm\" target=\"_blank\">http:\/\/www.oem.com.mx\/elheraldodetabasco\/notas\/n4102443.htm<\/a><\/p>\n","protected":false},"excerpt":{"rendered":"<p>Raquel May Ol\u00e1n Villahermosa, Tabasco.- Por espacio de tres horas, padres de familia de la Escuela Primaria \u201cSabino Ulin Lamoyi\u201d, localizada en el fraccionamiento Revoluci\u00f3n; bloquearon la carretera Villahermosa-Teapa a &hellip; <a href=\"http:\/\/www.grieta.org.mx\/index.php\/2016\/03\/09\/otro-bloqueo-por-falta-de-maestros\/\" class=\"more-link\">Leer m\u00e1s<\/a><\/p>\n","protected":false},"author":2,"featured_media":21928,"comment_status":"closed","ping_status":"open","sticky":false,"template":"","format":"standard","meta":{"ngg_post_thumbnail":0,"_jetpack_newsletter_access":"","_jetpack_dont_email_post_to_subs":false,"_jetpack_newsletter_tier_id":0,"_jetpack_memberships_contains_paywalled_content":false,"_jetpack_memberships_contains_paid_content":false,"footnotes":""},"categories":[80,415],"tags":[107],"class_list":["post-6357","post","type-post","status-publish","format-standard","has-post-thumbnail","hentry","category-cintillo","category-tabasco","tag-educacion","entry"],"jetpack_featured_media_url":"http:\/\/www.grieta.org.mx\/wp-content\/uploads\/2018\/03\/14524434_1106112876131411_958039263622046936_o.jpg","jetpack_sharing_enabled":true,"jetpack_shortlink":"https:\/\/wp.me\/p7ZJR4-1Ex","jetpack_likes_enabled":false,"jetpack-related-posts":[{"id":14809,"url":"http:\/\/www.grieta.org.mx\/index.php\/2016\/06\/23\/marchan-maestros-y-entregan-pliego-petitorio-contra-reforma-educativa\/","url_meta":{"origin":6357,"position":0},"title":"Marchan maestros y entregan pliego petitorio contra Reforma Educativa (Tabasco)","author":"grieta","date":"23 junio, 2016","format":false,"excerpt":"Ruth P\u00e9rez Maga\u00f1a Villahermosa, Tabasco.- Aunque con algunos retrasos, la caravana de maestros realiz\u00f3 una marcha por las principales avenidas de esta capital y se congregaron frente a la delegaci\u00f3n de la SEP, la Secretar\u00eda de Educaci\u00f3n estatal, el Palacio de Gobierno y el Congreso local, para entregar una petici\u00f3n\u2026","rel":"","context":"En &quot;CINTILLO&quot;","block_context":{"text":"CINTILLO","link":"http:\/\/www.grieta.org.mx\/index.php\/category\/cintillo\/"},"img":{"alt_text":"","src":"https:\/\/i0.wp.com\/www.grieta.org.mx\/wp-content\/uploads\/2018\/03\/14524434_1106112876131411_958039263622046936_o.jpg?resize=350%2C200","width":350,"height":200,"srcset":"https:\/\/i0.wp.com\/www.grieta.org.mx\/wp-content\/uploads\/2018\/03\/14524434_1106112876131411_958039263622046936_o.jpg?resize=350%2C200 1x, https:\/\/i0.wp.com\/www.grieta.org.mx\/wp-content\/uploads\/2018\/03\/14524434_1106112876131411_958039263622046936_o.jpg?resize=525%2C300 1.5x, https:\/\/i0.wp.com\/www.grieta.org.mx\/wp-content\/uploads\/2018\/03\/14524434_1106112876131411_958039263622046936_o.jpg?resize=700%2C400 2x"},"classes":[]},{"id":6367,"url":"http:\/\/www.grieta.org.mx\/index.php\/2016\/02\/09\/segundo-dia-de-protestas-en-escuelas-por-falta-de-maestros\/","url_meta":{"origin":6357,"position":1},"title":"Segundo d\u00eda de protestas en escuelas por falta de maestros","author":"grieta","date":"9 febrero, 2016","format":false,"excerpt":"Tabasco Hoy 09\/02\/2016 14:49 \/ Centro, Tabasco Padres de familia de diversas escuelas de los municipios de Centro, C\u00e1rdenas y Cunduac\u00e1n realizaron este d\u00eda protestas por la falta de docentes en los centros educativos, lo cual causa afectaci\u00f3n al aprendizaje de sus hijos. Este es el segundo d\u00eda que las\u2026","rel":"","context":"En &quot;CINTILLO&quot;","block_context":{"text":"CINTILLO","link":"http:\/\/www.grieta.org.mx\/index.php\/category\/cintillo\/"},"img":{"alt_text":"","src":"https:\/\/i0.wp.com\/www.grieta.org.mx\/wp-content\/uploads\/2018\/03\/14524434_1106112876131411_958039263622046936_o.jpg?resize=350%2C200","width":350,"height":200,"srcset":"https:\/\/i0.wp.com\/www.grieta.org.mx\/wp-content\/uploads\/2018\/03\/14524434_1106112876131411_958039263622046936_o.jpg?resize=350%2C200 1x, https:\/\/i0.wp.com\/www.grieta.org.mx\/wp-content\/uploads\/2018\/03\/14524434_1106112876131411_958039263622046936_o.jpg?resize=525%2C300 1.5x, https:\/\/i0.wp.com\/www.grieta.org.mx\/wp-content\/uploads\/2018\/03\/14524434_1106112876131411_958039263622046936_o.jpg?resize=700%2C400 2x"},"classes":[]},{"id":6318,"url":"http:\/\/www.grieta.org.mx\/index.php\/2015\/02\/09\/toman-maestros-escuelas-normales\/","url_meta":{"origin":6357,"position":2},"title":"Toman maestros escuelas normales","author":"grieta","date":"9 febrero, 2015","format":false,"excerpt":"Raquel May Ol\u00e1n Villahermosa, Tabasco.- Docentes y administrativos de las escuelas normales \u201cRosario M. Guti\u00e9rrez Eskildsen\u201d de educaci\u00f3n Preescolar y Primaria; \u201cPablo Garc\u00eda \u00c1valos\u201d de Educaci\u00f3n F\u00edsica y \u201cLa Normal de Balancan\u201d, tomaron las instalaciones de los planteles de manera simult\u00e1nea; exigieron a la Secretaria de Educaci\u00f3n en Tabasco (Setab)\u2026","rel":"","context":"En &quot;CINTILLO&quot;","block_context":{"text":"CINTILLO","link":"http:\/\/www.grieta.org.mx\/index.php\/category\/cintillo\/"},"img":{"alt_text":"","src":"https:\/\/i0.wp.com\/www.grieta.org.mx\/wp-content\/uploads\/2018\/03\/14524434_1106112876131411_958039263622046936_o.jpg?resize=350%2C200","width":350,"height":200,"srcset":"https:\/\/i0.wp.com\/www.grieta.org.mx\/wp-content\/uploads\/2018\/03\/14524434_1106112876131411_958039263622046936_o.jpg?resize=350%2C200 1x, https:\/\/i0.wp.com\/www.grieta.org.mx\/wp-content\/uploads\/2018\/03\/14524434_1106112876131411_958039263622046936_o.jpg?resize=525%2C300 1.5x, https:\/\/i0.wp.com\/www.grieta.org.mx\/wp-content\/uploads\/2018\/03\/14524434_1106112876131411_958039263622046936_o.jpg?resize=700%2C400 2x"},"classes":[]},{"id":6364,"url":"http:\/\/www.grieta.org.mx\/index.php\/2016\/02\/12\/por-falta-de-maestros-padres-toman-escuela\/","url_meta":{"origin":6357,"position":3},"title":"Por falta de maestros padres toman escuela","author":"grieta","date":"12 febrero, 2016","format":false,"excerpt":"Redacci\u00f3n Diario Avance C\u00c1RDENAS, TAB.- Ante el incumplimiento de la Secretaria de Educaci\u00f3n (SE), por asignarle un maestro a la escuela tele secundaria \u201cLuis Ram\u00f3n Su\u00e1rez\u201d, del ejido Habanero, primera secci\u00f3n padres de familia y alumnos del plantel educativo tomaron las instalaciones educativas por tiempo indefinido en se\u00f1al de protesta.\u2026","rel":"","context":"En &quot;CINTILLO&quot;","block_context":{"text":"CINTILLO","link":"http:\/\/www.grieta.org.mx\/index.php\/category\/cintillo\/"},"img":{"alt_text":"","src":"https:\/\/i0.wp.com\/www.grieta.org.mx\/wp-content\/uploads\/2018\/03\/14524434_1106112876131411_958039263622046936_o.jpg?resize=350%2C200","width":350,"height":200,"srcset":"https:\/\/i0.wp.com\/www.grieta.org.mx\/wp-content\/uploads\/2018\/03\/14524434_1106112876131411_958039263622046936_o.jpg?resize=350%2C200 1x, https:\/\/i0.wp.com\/www.grieta.org.mx\/wp-content\/uploads\/2018\/03\/14524434_1106112876131411_958039263622046936_o.jpg?resize=525%2C300 1.5x, https:\/\/i0.wp.com\/www.grieta.org.mx\/wp-content\/uploads\/2018\/03\/14524434_1106112876131411_958039263622046936_o.jpg?resize=700%2C400 2x"},"classes":[]},{"id":6361,"url":"http:\/\/www.grieta.org.mx\/index.php\/2016\/02\/18\/cierran-calle-por-segunda-vez-a-falta-de-maestros-en-tenosique\/","url_meta":{"origin":6357,"position":4},"title":"Cierran calle por segunda vez a falta de maestros en Tenosique","author":"grieta","date":"18 febrero, 2016","format":false,"excerpt":"Hilario Paredes Tenosique, Tabasco Por segunda ocasi\u00f3n, padres de familia que tienen estudiando a sus hijos en la escuela primaria Jos\u00e9 Mar\u00eda Pino Su\u00e1rez, cerraron un tramo de la calle 26, como medida presi\u00f3n para que la Secretaria de Educaci\u00f3n les mande un profesor que les hace falta. De acuerdo\u2026","rel":"","context":"En &quot;CINTILLO&quot;","block_context":{"text":"CINTILLO","link":"http:\/\/www.grieta.org.mx\/index.php\/category\/cintillo\/"},"img":{"alt_text":"","src":"https:\/\/i0.wp.com\/www.grieta.org.mx\/wp-content\/uploads\/2018\/03\/14524434_1106112876131411_958039263622046936_o.jpg?resize=350%2C200","width":350,"height":200,"srcset":"https:\/\/i0.wp.com\/www.grieta.org.mx\/wp-content\/uploads\/2018\/03\/14524434_1106112876131411_958039263622046936_o.jpg?resize=350%2C200 1x, https:\/\/i0.wp.com\/www.grieta.org.mx\/wp-content\/uploads\/2018\/03\/14524434_1106112876131411_958039263622046936_o.jpg?resize=525%2C300 1.5x, https:\/\/i0.wp.com\/www.grieta.org.mx\/wp-content\/uploads\/2018\/03\/14524434_1106112876131411_958039263622046936_o.jpg?resize=700%2C400 2x"},"classes":[]},{"id":13125,"url":"http:\/\/www.grieta.org.mx\/index.php\/2016\/05\/28\/bloquean-maestros-usumacinta-exigen-base-tabasco\/","url_meta":{"origin":6357,"position":5},"title":"Bloquean maestros Usumacinta; exigen base (Tabasco)","author":"grieta","date":"28 mayo, 2016","format":false,"excerpt":"Raquel May Ol\u00e1n Villahermosa, Tabasco.- Con un bloqueo en la Av. Paseo Usumacinta, un grupo de docentes de educaci\u00f3n b\u00e1sica exigi\u00f3 a la Secretar\u00eda de Educaci\u00f3n de Tabasco (Setab) basificaciones, tras asegurar que es un derecho que por ley les corresponde, sin embargo, el tr\u00e1mite est\u00e1 parado desde hace m\u00e1s\u2026","rel":"","context":"En &quot;CINTILLO&quot;","block_context":{"text":"CINTILLO","link":"http:\/\/www.grieta.org.mx\/index.php\/category\/cintillo\/"},"img":{"alt_text":"","src":"https:\/\/i0.wp.com\/www.grieta.org.mx\/wp-content\/uploads\/2018\/03\/14524434_1106112876131411_958039263622046936_o.jpg?resize=350%2C200","width":350,"height":200,"srcset":"https:\/\/i0.wp.com\/www.grieta.org.mx\/wp-content\/uploads\/2018\/03\/14524434_1106112876131411_958039263622046936_o.jpg?resize=350%2C200 1x, https:\/\/i0.wp.com\/www.grieta.org.mx\/wp-content\/uploads\/2018\/03\/14524434_1106112876131411_958039263622046936_o.jpg?resize=525%2C300 1.5x, https:\/\/i0.wp.com\/www.grieta.org.mx\/wp-content\/uploads\/2018\/03\/14524434_1106112876131411_958039263622046936_o.jpg?resize=700%2C400 2x"},"classes":[]}],"_links":{"self":[{"href":"http:\/\/www.grieta.org.mx\/index.php\/wp-json\/wp\/v2\/posts\/6357","targetHints":{"allow":["GET"]}}],"collection":[{"href":"http:\/\/www.grieta.org.mx\/index.php\/wp-json\/wp\/v2\/posts"}],"about":[{"href":"http:\/\/www.grieta.org.mx\/index.php\/wp-json\/wp\/v2\/types\/post"}],"author":[{"embeddable":true,"href":"http:\/\/www.grieta.org.mx\/index.php\/wp-json\/wp\/v2\/users\/2"}],"replies":[{"embeddable":true,"href":"http:\/\/www.grieta.org.mx\/index.php\/wp-json\/wp\/v2\/comments?post=6357"}],"version-history":[{"count":1,"href":"http:\/\/www.grieta.org.mx\/index.php\/wp-json\/wp\/v2\/posts\/6357\/revisions"}],"predecessor-version":[{"id":11125,"href":"http:\/\/www.grieta.org.mx\/index.php\/wp-json\/wp\/v2\/posts\/6357\/revisions\/11125"}],"wp:featuredmedia":[{"embeddable":true,"href":"http:\/\/www.grieta.org.mx\/index.php\/wp-json\/wp\/v2\/media\/21928"}],"wp:attachment":[{"href":"http:\/\/www.grieta.org.mx\/index.php\/wp-json\/wp\/v2\/media?parent=6357"}],"wp:term":[{"taxonomy":"category","embeddable":true,"href":"http:\/\/www.grieta.org.mx\/index.php\/wp-json\/wp\/v2\/categories?post=6357"},{"taxonomy":"post_tag","embeddable":true,"href":"http:\/\/www.grieta.org.mx\/index.php\/wp-json\/wp\/v2\/tags?post=6357"}],"curies":[{"name":"wp","href":"https:\/\/api.w.org\/{rel}","templated":true}]}}