{"id":63510,"date":"2022-02-24T17:29:19","date_gmt":"2022-02-24T23:29:19","guid":{"rendered":"https:\/\/www.grieta.org.mx\/?p=63510"},"modified":"2022-02-27T18:50:02","modified_gmt":"2022-02-28T00:50:02","slug":"acusan-represalias-en-mazda-salamanca-tras-despido-de-280-trabajadores-guanajuato","status":"publish","type":"post","link":"http:\/\/www.grieta.org.mx\/index.php\/2022\/02\/24\/acusan-represalias-en-mazda-salamanca-tras-despido-de-280-trabajadores-guanajuato\/","title":{"rendered":"Acusan represalias en Mazda Salamanca tras despido de 280 trabajadores (Guanajuato"},"content":{"rendered":"<p>Por: Redacci\u00f3n\/El Pulso Laboral, 24 de febrero de 2022<\/p>\n<p>Otro conflicto laboral de grandes proporciones toca la puerta en el Baj\u00edo mexicano, ahora protagonizado por trabajadores de la empresa Mazda planta Salamanca, quienes acusan 280 despidos injustificados.<\/p>\n<p>El Movimiento Industrial Automotriz Independiente (MIAI) aglutina a un grupo de trabajadores de la empresa que buscan hacerle frente al sindicato CTM, que es el actual titular del Contrato Colectivo de Trabajo.<\/p>\n<p>En coferencia de prensa, Abel Hern\u00e1ndez Ayala, representante del MIAI e Israel Cervantes C\u00f3rdoba, de la organizaci\u00f3n Generando Movimiento, denunciaron irregularidades y violaciones a los derechos de los 7,000 trabajadores que laboran en Mazda Salamanca.<\/p>\n<p>Ambos coincidieron en se\u00f1alar que el despido de las 280 personas es un acto de represalia por buscar que los trabajadores se reagrupen y defiendan sus derechos.<\/p>\n<p><a href=\"https:\/\/elpulsolaboral.com.mx\/mercado-laboral\/27469\/acusan-represalias-en-mazda-salamanca-tras-despido-de-280-trabajadores\">https:\/\/elpulsolaboral.com.mx\/mercado-laboral\/27469\/acusan-represalias-en-mazda-salamanca-tras-despido-de-280-trabajadores<\/a><\/p>\n","protected":false},"excerpt":{"rendered":"<p>Por: Redacci\u00f3n\/El Pulso Laboral, 24 de febrero de 2022 Otro conflicto laboral de grandes proporciones toca la puerta en el Baj\u00edo mexicano, ahora protagonizado por trabajadores de la empresa Mazda &hellip; <a href=\"http:\/\/www.grieta.org.mx\/index.php\/2022\/02\/24\/acusan-represalias-en-mazda-salamanca-tras-despido-de-280-trabajadores-guanajuato\/\" class=\"more-link\">Leer m\u00e1s<\/a><\/p>\n","protected":false},"author":2,"featured_media":63511,"comment_status":"closed","ping_status":"closed","sticky":false,"template":"","format":"standard","meta":{"ngg_post_thumbnail":0,"_jetpack_newsletter_access":"","_jetpack_dont_email_post_to_subs":false,"_jetpack_newsletter_tier_id":0,"_jetpack_memberships_contains_paywalled_content":false,"_jetpack_memberships_contains_paid_content":false,"footnotes":""},"categories":[80,4010,910,1258,17,2,2910],"tags":[3549,2105,1291,3275,378],"class_list":["post-63510","post","type-post","status-publish","format-standard","has-post-thumbnail","hentry","category-cintillo","category-conflictos-laborales-en-guanajuato","category-explotacion-y-precariedad-laboral","category-explotacion-y-precariedad-laboral-en-guanajuato","category-guanajuato","category-noticias-nacionales","category-resistencias-en-guanajuato","tag-despidos-injustificados","tag-despidos-masivos","tag-explotacion-laboral","tag-protestas-de-trabajadores","tag-sindicatos","entry"],"jetpack_featured_media_url":"http:\/\/www.grieta.org.mx\/wp-content\/uploads\/2022\/02\/284UO_MAZDA.jpg","jetpack_sharing_enabled":true,"jetpack_shortlink":"https:\/\/wp.me\/p7ZJR4-gwm","jetpack_likes_enabled":false,"jetpack-related-posts":[{"id":63507,"url":"http:\/\/www.grieta.org.mx\/index.php\/2022\/02\/24\/despidos-masivos-en-mazda-salamanca-organizan-sindicato-independiente-igual-a-gm-guanajuato\/","url_meta":{"origin":63510,"position":0},"title":"Despidos masivos en Mazda Salamanca; organizan sindicato independiente igual a GM (Guanajuato)","author":"grieta","date":"24 febrero, 2022","format":false,"excerpt":"Los trabajadores dijeron que Mazda Salamanca ha realizado despidos de hasta 80 personas en un solo d\u00eda. Por Luciano V\u00e1zquez febrero 24, 2022 | El Financiero Guanajuato, Gto.- Trabajadores de la planta Mazda de Salamanca Guanajuato denunciaron que la empresa est\u00e1 realizando despidos masivos, por lo cual han iniciado el\u2026","rel":"","context":"En &quot;CINTILLO&quot;","block_context":{"text":"CINTILLO","link":"http:\/\/www.grieta.org.mx\/index.php\/category\/cintillo\/"},"img":{"alt_text":"","src":"https:\/\/i0.wp.com\/www.grieta.org.mx\/wp-content\/uploads\/2022\/02\/KDZA4HOJSVGOBJ2L3PXVLFV55Y.jpg?resize=350%2C200","width":350,"height":200,"srcset":"https:\/\/i0.wp.com\/www.grieta.org.mx\/wp-content\/uploads\/2022\/02\/KDZA4HOJSVGOBJ2L3PXVLFV55Y.jpg?resize=350%2C200 1x, https:\/\/i0.wp.com\/www.grieta.org.mx\/wp-content\/uploads\/2022\/02\/KDZA4HOJSVGOBJ2L3PXVLFV55Y.jpg?resize=525%2C300 1.5x, https:\/\/i0.wp.com\/www.grieta.org.mx\/wp-content\/uploads\/2022\/02\/KDZA4HOJSVGOBJ2L3PXVLFV55Y.jpg?resize=700%2C400 2x"},"classes":[]},{"id":7254,"url":"http:\/\/www.grieta.org.mx\/index.php\/2016\/08\/17\/conflictos-laborales-en-guanajuato\/","url_meta":{"origin":63510,"position":1},"title":"Conflictos laborales en Guanajuato","author":"grieta","date":"17 agosto, 2016","format":false,"excerpt":"17\/08\/16. Crece n\u00famero de muertes por accidentes laborales en Guanajuato El Financiero 24\/04\/2016. Empresas concesionarias explotan a barrenderos en Le\u00f3n AM 30\/03\/2016. Estalla huelga en Cecyteg en Guanajuato, maestros exigen mejores salarios y condiciones dignas de trabajo Zona Franca 03\/08\/2015. Explotan a ni\u00f1os ind\u00edgenas en campos agr\u00edcolas de Guanajuato La\u2026","rel":"","context":"En &quot;Guanajuato&quot;","block_context":{"text":"Guanajuato","link":"http:\/\/www.grieta.org.mx\/index.php\/category\/noticias-nacionales\/guanajuato\/"},"img":{"alt_text":"","src":"https:\/\/i0.wp.com\/www.grieta.org.mx\/wp-content\/uploads\/2018\/03\/14524434_1106112876131411_958039263622046936_o.jpg?resize=350%2C200","width":350,"height":200,"srcset":"https:\/\/i0.wp.com\/www.grieta.org.mx\/wp-content\/uploads\/2018\/03\/14524434_1106112876131411_958039263622046936_o.jpg?resize=350%2C200 1x, https:\/\/i0.wp.com\/www.grieta.org.mx\/wp-content\/uploads\/2018\/03\/14524434_1106112876131411_958039263622046936_o.jpg?resize=525%2C300 1.5x, https:\/\/i0.wp.com\/www.grieta.org.mx\/wp-content\/uploads\/2018\/03\/14524434_1106112876131411_958039263622046936_o.jpg?resize=700%2C400 2x"},"classes":[]},{"id":63876,"url":"http:\/\/www.grieta.org.mx\/index.php\/2022\/03\/02\/irapuato-salamanca-estado-municipios-nacional-e-internacional-a-donde-ir-punto-y-aparte-radio-punto-y-aparte-radio-irapuato-salamanca-estado-municipios-nacion\/","url_meta":{"origin":63510,"position":2},"title":"Llama Sindicalismo Independiente a empleados de Mazda Salamanca a no validar Contrato Colectivo (Guanajuato)","author":"grieta","date":"2 marzo, 2022","format":false,"excerpt":"Punto y aparte. Radio, 02 de marzo de 2022 Silao, Gto.(02\/03\/2022).-Por considerar que el proceso est\u00e1 plagado de irregularidades y enga\u00f1os, la Casa Obrera del Baj\u00edo, que impuls\u00f3 la salida de la CTM de la General Motors, Silao, rechaz\u00f3 la jornada de elecci\u00f3n para la renovaci\u00f3n de la dirigencia sindical\u2026","rel":"","context":"En &quot;Conflictos laborales en Guanajuato&quot;","block_context":{"text":"Conflictos laborales en Guanajuato","link":"http:\/\/www.grieta.org.mx\/index.php\/category\/noticias-nacionales\/guanajuato\/conflictos-laborales-en-guanajuato\/"},"img":{"alt_text":"","src":"https:\/\/i0.wp.com\/www.grieta.org.mx\/wp-content\/uploads\/2022\/04\/Captura-de-Pantalla-2022-03-02-a-las-20.50.31.png?resize=350%2C200","width":350,"height":200,"srcset":"https:\/\/i0.wp.com\/www.grieta.org.mx\/wp-content\/uploads\/2022\/04\/Captura-de-Pantalla-2022-03-02-a-las-20.50.31.png?resize=350%2C200 1x, https:\/\/i0.wp.com\/www.grieta.org.mx\/wp-content\/uploads\/2022\/04\/Captura-de-Pantalla-2022-03-02-a-las-20.50.31.png?resize=525%2C300 1.5x, https:\/\/i0.wp.com\/www.grieta.org.mx\/wp-content\/uploads\/2022\/04\/Captura-de-Pantalla-2022-03-02-a-las-20.50.31.png?resize=700%2C400 2x"},"classes":[]},{"id":40309,"url":"http:\/\/www.grieta.org.mx\/index.php\/2019\/10\/18\/advierten-de-20-despidos-injustificados-en-lo-que-va-del-ano-en-gm-de-silao\/","url_meta":{"origin":63510,"position":3},"title":"Advierten de 20 despidos injustificados en lo que va del a\u00f1o en GM de Silao","author":"grieta","date":"18 octubre, 2019","format":false,"excerpt":"Uno de los empleados asegura que varios de sus compa\u00f1eros fueron despedidos bajo amenaza. Asegura que existen irregularidades hasta dentro del mismo sindicato Karla Silva \/Peri\u00f3dico Correo, 24 de septiembre de 2019 Silao.- De acuerdo con informaci\u00f3n de los empleados de la Planta Silao de la General Motors, en lo\u2026","rel":"","context":"En &quot;CINTILLO&quot;","block_context":{"text":"CINTILLO","link":"http:\/\/www.grieta.org.mx\/index.php\/category\/cintillo\/"},"img":{"alt_text":"","src":"https:\/\/i0.wp.com\/www.grieta.org.mx\/wp-content\/uploads\/2019\/10\/General-motors.jpg?resize=350%2C200","width":350,"height":200,"srcset":"https:\/\/i0.wp.com\/www.grieta.org.mx\/wp-content\/uploads\/2019\/10\/General-motors.jpg?resize=350%2C200 1x, https:\/\/i0.wp.com\/www.grieta.org.mx\/wp-content\/uploads\/2019\/10\/General-motors.jpg?resize=525%2C300 1.5x, https:\/\/i0.wp.com\/www.grieta.org.mx\/wp-content\/uploads\/2019\/10\/General-motors.jpg?resize=700%2C400 2x, https:\/\/i0.wp.com\/www.grieta.org.mx\/wp-content\/uploads\/2019\/10\/General-motors.jpg?resize=1050%2C600 3x"},"classes":[]},{"id":48067,"url":"http:\/\/www.grieta.org.mx\/index.php\/2020\/04\/21\/profesores-del-cen-de-naucalpan-denuncian-despidos-injustificados-estado-de-mexico\/","url_meta":{"origin":63510,"position":4},"title":"PROFESORES DEL CEN DE NAUCALPAN DENUNCIAN DESPIDOS INJUSTIFICADOS (Estado de M\u00e9xico)","author":"grieta","date":"21 abril, 2020","format":false,"excerpt":"Imagen tomada de: la-prensa.mx La Prensa Profesores del Centro de Estudios de Naucalpan (CEN), Estado de M\u00e9xico, denunciaron que fueron suspendidos de sus labores sin goce de sueldo ante la presencia el Covid-19 en el pa\u00eds. El pasado 16 de abril del 2020, el personal docente recibi\u00f3 una carta en\u2026","rel":"","context":"En &quot;CINTILLO&quot;","block_context":{"text":"CINTILLO","link":"http:\/\/www.grieta.org.mx\/index.php\/category\/cintillo\/"},"img":{"alt_text":"","src":"https:\/\/i0.wp.com\/www.grieta.org.mx\/wp-content\/uploads\/2020\/04\/PROFESORES-DEL-CEN-DE-NAUCALPAN-DENUNCIAN-DESPIDOS-INJUSTIFICADOS-edomex-abr.jpg?resize=350%2C200","width":350,"height":200,"srcset":"https:\/\/i0.wp.com\/www.grieta.org.mx\/wp-content\/uploads\/2020\/04\/PROFESORES-DEL-CEN-DE-NAUCALPAN-DENUNCIAN-DESPIDOS-INJUSTIFICADOS-edomex-abr.jpg?resize=350%2C200 1x, https:\/\/i0.wp.com\/www.grieta.org.mx\/wp-content\/uploads\/2020\/04\/PROFESORES-DEL-CEN-DE-NAUCALPAN-DENUNCIAN-DESPIDOS-INJUSTIFICADOS-edomex-abr.jpg?resize=525%2C300 1.5x"},"classes":[]},{"id":29466,"url":"http:\/\/www.grieta.org.mx\/index.php\/2019\/02\/20\/denuncian-despidos-injustificados-zacatecas\/","url_meta":{"origin":63510,"position":5},"title":"Denuncian despidos injustificados (Zacatecas)","author":"grieta","date":"20 febrero, 2019","format":false,"excerpt":"ALEJANDRO CASTA\u00d1EDA | NTRZACATECAS.COM. Zacatecas.- Ex trabajadores del Sistema Nacional del Empleo (SNE) delegaci\u00f3n Zacatecas denunciaron que aproximadamente 40 personas han sido despedidas injustificadamente por la dependencia y 20 m\u00e1s est\u00e1n en riesgo de ser removidos. Rogelio Alv\u00e1rez, quien trabaj\u00f3 durante 22 a\u00f1os en el SNE, asegur\u00f3 que los despidos\u2026","rel":"","context":"En &quot;CINTILLO&quot;","block_context":{"text":"CINTILLO","link":"http:\/\/www.grieta.org.mx\/index.php\/category\/cintillo\/"},"img":{"alt_text":"","src":"https:\/\/i0.wp.com\/www.grieta.org.mx\/wp-content\/uploads\/2019\/02\/whatsapp-image-2019-02-20-at-13.25.25.jpeg?resize=350%2C200","width":350,"height":200,"srcset":"https:\/\/i0.wp.com\/www.grieta.org.mx\/wp-content\/uploads\/2019\/02\/whatsapp-image-2019-02-20-at-13.25.25.jpeg?resize=350%2C200 1x, https:\/\/i0.wp.com\/www.grieta.org.mx\/wp-content\/uploads\/2019\/02\/whatsapp-image-2019-02-20-at-13.25.25.jpeg?resize=525%2C300 1.5x, https:\/\/i0.wp.com\/www.grieta.org.mx\/wp-content\/uploads\/2019\/02\/whatsapp-image-2019-02-20-at-13.25.25.jpeg?resize=700%2C400 2x, https:\/\/i0.wp.com\/www.grieta.org.mx\/wp-content\/uploads\/2019\/02\/whatsapp-image-2019-02-20-at-13.25.25.jpeg?resize=1050%2C600 3x"},"classes":[]}],"_links":{"self":[{"href":"http:\/\/www.grieta.org.mx\/index.php\/wp-json\/wp\/v2\/posts\/63510","targetHints":{"allow":["GET"]}}],"collection":[{"href":"http:\/\/www.grieta.org.mx\/index.php\/wp-json\/wp\/v2\/posts"}],"about":[{"href":"http:\/\/www.grieta.org.mx\/index.php\/wp-json\/wp\/v2\/types\/post"}],"author":[{"embeddable":true,"href":"http:\/\/www.grieta.org.mx\/index.php\/wp-json\/wp\/v2\/users\/2"}],"replies":[{"embeddable":true,"href":"http:\/\/www.grieta.org.mx\/index.php\/wp-json\/wp\/v2\/comments?post=63510"}],"version-history":[{"count":1,"href":"http:\/\/www.grieta.org.mx\/index.php\/wp-json\/wp\/v2\/posts\/63510\/revisions"}],"predecessor-version":[{"id":63512,"href":"http:\/\/www.grieta.org.mx\/index.php\/wp-json\/wp\/v2\/posts\/63510\/revisions\/63512"}],"wp:featuredmedia":[{"embeddable":true,"href":"http:\/\/www.grieta.org.mx\/index.php\/wp-json\/wp\/v2\/media\/63511"}],"wp:attachment":[{"href":"http:\/\/www.grieta.org.mx\/index.php\/wp-json\/wp\/v2\/media?parent=63510"}],"wp:term":[{"taxonomy":"category","embeddable":true,"href":"http:\/\/www.grieta.org.mx\/index.php\/wp-json\/wp\/v2\/categories?post=63510"},{"taxonomy":"post_tag","embeddable":true,"href":"http:\/\/www.grieta.org.mx\/index.php\/wp-json\/wp\/v2\/tags?post=63510"}],"curies":[{"name":"wp","href":"https:\/\/api.w.org\/{rel}","templated":true}]}}