{"id":63507,"date":"2022-02-24T17:00:18","date_gmt":"2022-02-24T23:00:18","guid":{"rendered":"https:\/\/www.grieta.org.mx\/?p=63507"},"modified":"2022-02-25T17:26:48","modified_gmt":"2022-02-25T23:26:48","slug":"despidos-masivos-en-mazda-salamanca-organizan-sindicato-independiente-igual-a-gm-guanajuato","status":"publish","type":"post","link":"http:\/\/www.grieta.org.mx\/index.php\/2022\/02\/24\/despidos-masivos-en-mazda-salamanca-organizan-sindicato-independiente-igual-a-gm-guanajuato\/","title":{"rendered":"Despidos masivos en Mazda Salamanca; organizan sindicato independiente igual a GM (Guanajuato)"},"content":{"rendered":"<p><strong>Los trabajadores dijeron que Mazda Salamanca ha realizado despidos de hasta 80 personas en un solo d\u00eda.<\/strong><\/p>\n<p>Por Luciano V\u00e1zquez febrero 24, 2022 | El Financiero<\/p>\n<p>Guanajuato, Gto.- Trabajadores de la planta Mazda de Salamanca Guanajuato denunciaron que la empresa est\u00e1 realizando despidos masivos, por lo cual han iniciado el proceso legal para interponer demandas por despido injustificado e incluso prev\u00e9n la formaci\u00f3n de un sindicato independiente como lo hicieron los empleados de General Motors de Silao.<\/p>\n<p>En conferencia de prensa, los trabajadores dijeron que Mazda Salamanca ha realizado despidos de hasta 80 personas en un solo d\u00eda.<\/p>\n<p>Aunque actualmente la Confederaci\u00f3n de Trabajadores de M\u00e9xico (CTM) tiene en sus manos el Contrato Colectivo de Trabajo con Mazda Salamanca, trabajadores y extrabajadores buscan un \u2018Movimiento industrial independiente automotriz\u2019, en el que no se descarta convocar a elecciones para renovar a sus l\u00edderes sindicales, tal como lo hicieron trabajadores de General Motors en Silao.<\/p>\n<p>\u201cA ra\u00edz de todo esto, vamos a estar participando en este movimiento, hay mucha gente que est\u00e1 dentro de Mazda que ya est\u00e1 dentro de este movimiento y que nos est\u00e1 apoyando, hemos venido creciendo poco a poco y como les hago menci\u00f3n, los invito a todos a que se sumen y no tengan miedo de levantar la voz, porque tenemos derechos y merecemos un trato digno de nuestra empresa, cuenta con el apoyo m\u00edo desde afuera\u201d, se\u00f1al\u00f3 Abel Hern\u00e1ndez l\u00edder del movimiento.<\/p>\n<p>A trav\u00e9s de la conformaci\u00f3n de un nuevo sindicato, buscan mejorar las condiciones laborales que actualmente se tienen en la empresa y la reincorporaci\u00f3n a sus puestos, de todos aquellos que fueron despedidos.<\/p>\n<p>\u201cLa relaci\u00f3n de ese sindicato, de la CTM que est\u00e1 actualmente con los trabajadores es muy mala, la gente exige un cambio pero nos agobia el miedo de pasar por una situaci\u00f3n como la que yo viv\u00ed\u201d, agreg\u00f3 Abel Hern\u00e1ndez.<\/p>\n<p><a href=\"https:\/\/www.elfinanciero.com.mx\/estados\/2022\/02\/24\/despidos-masivos-en-mazda-salamanca-organizan-sindicato-independiente-igual-a-gm\/\"> https:\/\/www.elfinanciero.com.mx\/estados\/2022\/02\/24\/despidos-masivos-en-mazda-salamanca-organizan-sindicato-independiente-igual-a-gm\/<\/a><\/p>\n","protected":false},"excerpt":{"rendered":"<p>Los trabajadores dijeron que Mazda Salamanca ha realizado despidos de hasta 80 personas en un solo d\u00eda. Por Luciano V\u00e1zquez febrero 24, 2022 | El Financiero Guanajuato, Gto.- Trabajadores de &hellip; <a href=\"http:\/\/www.grieta.org.mx\/index.php\/2022\/02\/24\/despidos-masivos-en-mazda-salamanca-organizan-sindicato-independiente-igual-a-gm-guanajuato\/\" class=\"more-link\">Leer m\u00e1s<\/a><\/p>\n","protected":false},"author":2,"featured_media":63508,"comment_status":"closed","ping_status":"closed","sticky":false,"template":"","format":"standard","meta":{"ngg_post_thumbnail":0,"_jetpack_newsletter_access":"","_jetpack_dont_email_post_to_subs":false,"_jetpack_newsletter_tier_id":0,"_jetpack_memberships_contains_paywalled_content":false,"_jetpack_memberships_contains_paid_content":false,"footnotes":""},"categories":[80,4010,910,1258,17],"tags":[3549,2105,1291,2841,3275,378],"class_list":["post-63507","post","type-post","status-publish","format-standard","has-post-thumbnail","hentry","category-cintillo","category-conflictos-laborales-en-guanajuato","category-explotacion-y-precariedad-laboral","category-explotacion-y-precariedad-laboral-en-guanajuato","category-guanajuato","tag-despidos-injustificados","tag-despidos-masivos","tag-explotacion-laboral","tag-explotacion-y-precariedad-laboral","tag-protestas-de-trabajadores","tag-sindicatos","entry"],"jetpack_featured_media_url":"http:\/\/www.grieta.org.mx\/wp-content\/uploads\/2022\/02\/KDZA4HOJSVGOBJ2L3PXVLFV55Y.jpg","jetpack_sharing_enabled":true,"jetpack_shortlink":"https:\/\/wp.me\/p7ZJR4-gwj","jetpack_likes_enabled":false,"jetpack-related-posts":[{"id":63510,"url":"http:\/\/www.grieta.org.mx\/index.php\/2022\/02\/24\/acusan-represalias-en-mazda-salamanca-tras-despido-de-280-trabajadores-guanajuato\/","url_meta":{"origin":63507,"position":0},"title":"Acusan represalias en Mazda Salamanca tras despido de 280 trabajadores (Guanajuato","author":"grieta","date":"24 febrero, 2022","format":false,"excerpt":"Por: Redacci\u00f3n\/El Pulso Laboral, 24 de febrero de 2022 Otro conflicto laboral de grandes proporciones toca la puerta en el Baj\u00edo mexicano, ahora protagonizado por trabajadores de la empresa Mazda planta Salamanca, quienes acusan 280 despidos injustificados. El Movimiento Industrial Automotriz Independiente (MIAI) aglutina a un grupo de trabajadores de\u2026","rel":"","context":"En &quot;CINTILLO&quot;","block_context":{"text":"CINTILLO","link":"http:\/\/www.grieta.org.mx\/index.php\/category\/cintillo\/"},"img":{"alt_text":"","src":"https:\/\/i0.wp.com\/www.grieta.org.mx\/wp-content\/uploads\/2022\/02\/284UO_MAZDA.jpg?resize=350%2C200","width":350,"height":200,"srcset":"https:\/\/i0.wp.com\/www.grieta.org.mx\/wp-content\/uploads\/2022\/02\/284UO_MAZDA.jpg?resize=350%2C200 1x, https:\/\/i0.wp.com\/www.grieta.org.mx\/wp-content\/uploads\/2022\/02\/284UO_MAZDA.jpg?resize=525%2C300 1.5x, https:\/\/i0.wp.com\/www.grieta.org.mx\/wp-content\/uploads\/2022\/02\/284UO_MAZDA.jpg?resize=700%2C400 2x, https:\/\/i0.wp.com\/www.grieta.org.mx\/wp-content\/uploads\/2022\/02\/284UO_MAZDA.jpg?resize=1050%2C600 3x"},"classes":[]},{"id":63876,"url":"http:\/\/www.grieta.org.mx\/index.php\/2022\/03\/02\/irapuato-salamanca-estado-municipios-nacional-e-internacional-a-donde-ir-punto-y-aparte-radio-punto-y-aparte-radio-irapuato-salamanca-estado-municipios-nacion\/","url_meta":{"origin":63507,"position":1},"title":"Llama Sindicalismo Independiente a empleados de Mazda Salamanca a no validar Contrato Colectivo (Guanajuato)","author":"grieta","date":"2 marzo, 2022","format":false,"excerpt":"Punto y aparte. Radio, 02 de marzo de 2022 Silao, Gto.(02\/03\/2022).-Por considerar que el proceso est\u00e1 plagado de irregularidades y enga\u00f1os, la Casa Obrera del Baj\u00edo, que impuls\u00f3 la salida de la CTM de la General Motors, Silao, rechaz\u00f3 la jornada de elecci\u00f3n para la renovaci\u00f3n de la dirigencia sindical\u2026","rel":"","context":"En &quot;Conflictos laborales en Guanajuato&quot;","block_context":{"text":"Conflictos laborales en Guanajuato","link":"http:\/\/www.grieta.org.mx\/index.php\/category\/noticias-nacionales\/guanajuato\/conflictos-laborales-en-guanajuato\/"},"img":{"alt_text":"","src":"https:\/\/i0.wp.com\/www.grieta.org.mx\/wp-content\/uploads\/2022\/04\/Captura-de-Pantalla-2022-03-02-a-las-20.50.31.png?resize=350%2C200","width":350,"height":200,"srcset":"https:\/\/i0.wp.com\/www.grieta.org.mx\/wp-content\/uploads\/2022\/04\/Captura-de-Pantalla-2022-03-02-a-las-20.50.31.png?resize=350%2C200 1x, https:\/\/i0.wp.com\/www.grieta.org.mx\/wp-content\/uploads\/2022\/04\/Captura-de-Pantalla-2022-03-02-a-las-20.50.31.png?resize=525%2C300 1.5x, https:\/\/i0.wp.com\/www.grieta.org.mx\/wp-content\/uploads\/2022\/04\/Captura-de-Pantalla-2022-03-02-a-las-20.50.31.png?resize=700%2C400 2x"},"classes":[]},{"id":7254,"url":"http:\/\/www.grieta.org.mx\/index.php\/2016\/08\/17\/conflictos-laborales-en-guanajuato\/","url_meta":{"origin":63507,"position":2},"title":"Conflictos laborales en Guanajuato","author":"grieta","date":"17 agosto, 2016","format":false,"excerpt":"17\/08\/16. Crece n\u00famero de muertes por accidentes laborales en Guanajuato El Financiero 24\/04\/2016. Empresas concesionarias explotan a barrenderos en Le\u00f3n AM 30\/03\/2016. Estalla huelga en Cecyteg en Guanajuato, maestros exigen mejores salarios y condiciones dignas de trabajo Zona Franca 03\/08\/2015. Explotan a ni\u00f1os ind\u00edgenas en campos agr\u00edcolas de Guanajuato La\u2026","rel":"","context":"En &quot;Guanajuato&quot;","block_context":{"text":"Guanajuato","link":"http:\/\/www.grieta.org.mx\/index.php\/category\/noticias-nacionales\/guanajuato\/"},"img":{"alt_text":"","src":"https:\/\/i0.wp.com\/www.grieta.org.mx\/wp-content\/uploads\/2018\/03\/14524434_1106112876131411_958039263622046936_o.jpg?resize=350%2C200","width":350,"height":200,"srcset":"https:\/\/i0.wp.com\/www.grieta.org.mx\/wp-content\/uploads\/2018\/03\/14524434_1106112876131411_958039263622046936_o.jpg?resize=350%2C200 1x, https:\/\/i0.wp.com\/www.grieta.org.mx\/wp-content\/uploads\/2018\/03\/14524434_1106112876131411_958039263622046936_o.jpg?resize=525%2C300 1.5x, https:\/\/i0.wp.com\/www.grieta.org.mx\/wp-content\/uploads\/2018\/03\/14524434_1106112876131411_958039263622046936_o.jpg?resize=700%2C400 2x"},"classes":[]},{"id":40309,"url":"http:\/\/www.grieta.org.mx\/index.php\/2019\/10\/18\/advierten-de-20-despidos-injustificados-en-lo-que-va-del-ano-en-gm-de-silao\/","url_meta":{"origin":63507,"position":3},"title":"Advierten de 20 despidos injustificados en lo que va del a\u00f1o en GM de Silao","author":"grieta","date":"18 octubre, 2019","format":false,"excerpt":"Uno de los empleados asegura que varios de sus compa\u00f1eros fueron despedidos bajo amenaza. Asegura que existen irregularidades hasta dentro del mismo sindicato Karla Silva \/Peri\u00f3dico Correo, 24 de septiembre de 2019 Silao.- De acuerdo con informaci\u00f3n de los empleados de la Planta Silao de la General Motors, en lo\u2026","rel":"","context":"En &quot;CINTILLO&quot;","block_context":{"text":"CINTILLO","link":"http:\/\/www.grieta.org.mx\/index.php\/category\/cintillo\/"},"img":{"alt_text":"","src":"https:\/\/i0.wp.com\/www.grieta.org.mx\/wp-content\/uploads\/2019\/10\/General-motors.jpg?resize=350%2C200","width":350,"height":200,"srcset":"https:\/\/i0.wp.com\/www.grieta.org.mx\/wp-content\/uploads\/2019\/10\/General-motors.jpg?resize=350%2C200 1x, https:\/\/i0.wp.com\/www.grieta.org.mx\/wp-content\/uploads\/2019\/10\/General-motors.jpg?resize=525%2C300 1.5x, https:\/\/i0.wp.com\/www.grieta.org.mx\/wp-content\/uploads\/2019\/10\/General-motors.jpg?resize=700%2C400 2x, https:\/\/i0.wp.com\/www.grieta.org.mx\/wp-content\/uploads\/2019\/10\/General-motors.jpg?resize=1050%2C600 3x"},"classes":[]},{"id":33118,"url":"http:\/\/www.grieta.org.mx\/index.php\/2019\/05\/07\/reportan-despidos-masivos-en-conafe-san-luis-potosi\/","url_meta":{"origin":63507,"position":4},"title":"Reportan despidos masivos en Conafe (San Luis Potos\u00ed)","author":"grieta","date":"7 mayo, 2019","format":false,"excerpt":"Rub\u00e9n Pacheco \/ Pulso La cuarta transformaci\u00f3n alcanz\u00f3 a 24 trabajadores eventuales en la delegaci\u00f3n de San Luis Potos\u00ed Desde el viernes pasado, 24 trabajadores eventuales fueron despedidos de la delegaci\u00f3n en San Luis Potos\u00ed del Consejo Nacional de Fomento Educativo (Conafe), quienes desarrollaban labores en las cuatro regiones de\u2026","rel":"","context":"En &quot;CINTILLO&quot;","block_context":{"text":"CINTILLO","link":"http:\/\/www.grieta.org.mx\/index.php\/category\/cintillo\/"},"img":{"alt_text":"","src":"https:\/\/i0.wp.com\/www.grieta.org.mx\/wp-content\/uploads\/2019\/05\/Reportan-despidos-masivos-en-Conafe-slp-may.jpg?resize=350%2C200","width":350,"height":200,"srcset":"https:\/\/i0.wp.com\/www.grieta.org.mx\/wp-content\/uploads\/2019\/05\/Reportan-despidos-masivos-en-Conafe-slp-may.jpg?resize=350%2C200 1x, https:\/\/i0.wp.com\/www.grieta.org.mx\/wp-content\/uploads\/2019\/05\/Reportan-despidos-masivos-en-Conafe-slp-may.jpg?resize=525%2C300 1.5x"},"classes":[]},{"id":34083,"url":"http:\/\/www.grieta.org.mx\/index.php\/2019\/05\/28\/protestan-en-zacatecas-por-despidos-en-el-issste\/","url_meta":{"origin":63507,"position":5},"title":"Protestan en Zacatecas por despidos en el ISSSTE","author":"grieta","date":"28 mayo, 2019","format":false,"excerpt":"Ra\u00fal Garc\u00eda\/El Sol de Zacatecas Integrantes del Sindicato Independiente de Trabajadores del ISSSTE (Sitissste) en Zacatecas expresaron su rechazo al despido de los trabajadores de la oficina de Turissste . Con la colocaci\u00f3n de pancartas en el hospital general del Instituto, en la capital zacatecana, se unieron a la manifestaci\u00f3n\u2026","rel":"","context":"En &quot;CINTILLO&quot;","block_context":{"text":"CINTILLO","link":"http:\/\/www.grieta.org.mx\/index.php\/category\/cintillo\/"},"img":{"alt_text":"","src":"https:\/\/i0.wp.com\/www.grieta.org.mx\/wp-content\/uploads\/2019\/06\/z1.jpg?resize=350%2C200","width":350,"height":200,"srcset":"https:\/\/i0.wp.com\/www.grieta.org.mx\/wp-content\/uploads\/2019\/06\/z1.jpg?resize=350%2C200 1x, https:\/\/i0.wp.com\/www.grieta.org.mx\/wp-content\/uploads\/2019\/06\/z1.jpg?resize=525%2C300 1.5x, https:\/\/i0.wp.com\/www.grieta.org.mx\/wp-content\/uploads\/2019\/06\/z1.jpg?resize=700%2C400 2x"},"classes":[]}],"_links":{"self":[{"href":"http:\/\/www.grieta.org.mx\/index.php\/wp-json\/wp\/v2\/posts\/63507","targetHints":{"allow":["GET"]}}],"collection":[{"href":"http:\/\/www.grieta.org.mx\/index.php\/wp-json\/wp\/v2\/posts"}],"about":[{"href":"http:\/\/www.grieta.org.mx\/index.php\/wp-json\/wp\/v2\/types\/post"}],"author":[{"embeddable":true,"href":"http:\/\/www.grieta.org.mx\/index.php\/wp-json\/wp\/v2\/users\/2"}],"replies":[{"embeddable":true,"href":"http:\/\/www.grieta.org.mx\/index.php\/wp-json\/wp\/v2\/comments?post=63507"}],"version-history":[{"count":1,"href":"http:\/\/www.grieta.org.mx\/index.php\/wp-json\/wp\/v2\/posts\/63507\/revisions"}],"predecessor-version":[{"id":63509,"href":"http:\/\/www.grieta.org.mx\/index.php\/wp-json\/wp\/v2\/posts\/63507\/revisions\/63509"}],"wp:featuredmedia":[{"embeddable":true,"href":"http:\/\/www.grieta.org.mx\/index.php\/wp-json\/wp\/v2\/media\/63508"}],"wp:attachment":[{"href":"http:\/\/www.grieta.org.mx\/index.php\/wp-json\/wp\/v2\/media?parent=63507"}],"wp:term":[{"taxonomy":"category","embeddable":true,"href":"http:\/\/www.grieta.org.mx\/index.php\/wp-json\/wp\/v2\/categories?post=63507"},{"taxonomy":"post_tag","embeddable":true,"href":"http:\/\/www.grieta.org.mx\/index.php\/wp-json\/wp\/v2\/tags?post=63507"}],"curies":[{"name":"wp","href":"https:\/\/api.w.org\/{rel}","templated":true}]}}