{"id":63500,"date":"2022-02-22T09:06:13","date_gmt":"2022-02-22T15:06:13","guid":{"rendered":"http:\/\/www.grieta.org.mx\/?p=63500"},"modified":"2022-02-24T13:18:38","modified_gmt":"2022-02-24T19:18:38","slug":"el-gobierno-no-sabe-cuanto-dano-ambiental-causara-el-tren-maya-ni-cuanto-invertira-para-mitigarlo","status":"publish","type":"post","link":"http:\/\/www.grieta.org.mx\/index.php\/2022\/02\/22\/el-gobierno-no-sabe-cuanto-dano-ambiental-causara-el-tren-maya-ni-cuanto-invertira-para-mitigarlo\/","title":{"rendered":"El gobierno no sabe cu\u00e1nto da\u00f1o ambiental causar\u00e1 el Tren Maya ni cu\u00e1nto invertir\u00e1 para mitigarlo"},"content":{"rendered":"<p>Por Manu Ureste \/ Animal Pol\u00ectico<\/p>\n<blockquote><p>En su tercer informe sobre la Cuenta P\u00fablica 2020, la Auditor\u00eda Superior de la Federaci\u00f3n advierte que los responsables del proyecto no cuentan con un an\u00e1lisis de sus da\u00f1os potenciales ni de cu\u00e1nto implicar\u00e1 mitigar esos efectos.<\/p><\/blockquote>\n<p>El proyecto del Tren Maya no tiene identificados cu\u00e1les ser\u00e1n los impactos ambientales que generar\u00e1 la construcci\u00f3n de m\u00e1s de 600 kil\u00f3metros de v\u00edas en los tres primeros tramos, que van de Palenque, Chiapas, hasta Izamal, Yucat\u00e1n, ni cu\u00e1les ser\u00e1n las medidas de prevenci\u00f3n, mitigaci\u00f3n y recuperaci\u00f3n ecol\u00f3gica, ni cu\u00e1nto invertir\u00e1 para restablecer las zonas afectadas. <\/p>\n<p>Adem\u00e1s, en los tramos 2 y 3 del proyecto, las obras del tren arrancaron sin contar antes con la Manifestaci\u00f3n de Impacto Ambiental (MIA) que detallara tanto los da\u00f1os ecol\u00f3gicos previstos con la construcci\u00f3n como las medidas de mitigaci\u00f3n y restauraci\u00f3n. <\/p>\n<p>Estas son algunas de las principales observaciones que hizo la Auditor\u00eda Superior de la Federaci\u00f3n (ASF) al Fondo Nacional de Turismo (Fonatur), la dependencia federal encargada de las obras del Tren Maya, el mayor proyecto de infraestructura del gobierno de Andr\u00e9s Manuel L\u00f3pez Obrador, en el que se prev\u00e9 una inversi\u00f3n de casi 180 mil millones de pesos. <\/p>\n<p>En esta tercera entrega sobre la Cuenta P\u00fablica 2020, la ASF hizo hasta ocho auditor\u00edas de diferente tipo al Tren Maya, entre las cuales dedic\u00f3 una revisi\u00f3n a la vertiente ambiental del megaproyecto. <\/p>\n<p>La ASF revis\u00f3 la MIA que se hizo para la Fase 1 del proyecto, que abarca solo tres de las siete fases que en total tiene la obra. Se trata de los tramos Palenque-Esc\u00e1rcega, Esc\u00e1rcega-Calkin\u00ed y Calkin\u00ed-Izamal, los cuales suman 635 kil\u00f3metros de v\u00edas, menos de la mitad de los mil 500 kil\u00f3metros que tendr\u00e1 en total el proyecto ferroviario. <\/p>\n<p>A partir de la revisi\u00f3n de esa MIA parcial, la ASF observ\u00f3 que esta \u201cno cuenta con la identificaci\u00f3n de las causas y efectos de los impactos ambientales, el an\u00e1lisis de congruencia entre los impactos identificados y las medidas determinadas, ni los indicadores para evaluar la eficiencia y la eficacia de las medidas de mitigaci\u00f3n\u201d. <\/p>\n<p>En otras palabras: al menos hasta 2020, en la MIA del proyecto no estaban identificadas las causas ni cu\u00e1les ser\u00e1n los efectos de los impactos ambientales que generar\u00e1n las obras en esos m\u00e1s de 600 kil\u00f3metros de v\u00eda.<\/p>\n<p>La Auditor\u00eda tambi\u00e9n expuso que en dicha MIA tampoco se identific\u00f3 cu\u00e1les ser\u00e1n las fuentes de financiamiento a las que recurrir\u00e1 Fonatur para pagar las medidas de prevenci\u00f3n, mitigaci\u00f3n y recuperaci\u00f3n de los da\u00f1os ecol\u00f3gicos, ni cu\u00e1les son las fases en las que se pretende aplicar esos montos. <\/p>\n<p>De hecho, la ASF se\u00f1al\u00f3 en su informe que en la MIA tampoco se expusieron cu\u00e1les son los costos aproximados que se invertir\u00e1n para la prevenci\u00f3n y mitigaci\u00f3n de los da\u00f1os ecol\u00f3gicos que genere el tren. <\/p>\n<p>\u201cEl Fonatur no cont\u00f3 con registros estad\u00edsticos sobre la ejecuci\u00f3n de las actividades y obras relacionadas con las medidas de mitigaci\u00f3n, prevenci\u00f3n y\/o compensaci\u00f3n de los factores ambientales, flora, fauna, aire, e hidrolog\u00eda subterr\u00e1nea\u201d, a\u00f1adi\u00f3 la Auditor\u00eda, que tambi\u00e9n apunt\u00f3 que el Fonatur, al menos hasta 2020, no hab\u00eda tampoco establecido una instancia que coordine de manera integral el desarrollo del proyecto, \u201ca fin de que este se realice con criterios de sustentabilidad\u201d. <\/p>\n<p>Adem\u00e1s, el informe apunt\u00f3 que el proyecto ferroviario carece de un supervisor ambiental y de un comit\u00e9 de vigilancia ambiental. <\/p>\n<p>Riesgos arqueol\u00f3gicos<\/p>\n<p>Por otra parte, la Auditor\u00eda advirti\u00f3 que ante la premura de las obras del Tren Maya \u2014el proyecto debe estar listo para finales de 2023\u2014 existe el riesgo de que las labores de salvamento arqueol\u00f3gico de todas las piezas que se van encontrando durante las obras no se lleven a cabo con el tiempo que requieren. <\/p>\n<p>En su informe, la ASF expuso que Fonatur inform\u00f3 que, en 2020, se identificaron 3 mil 728 monumentos en \u00e1reas de afectaci\u00f3n en los tramos 1 al 4, de los cuales 292, el 9%, requieren de excavaci\u00f3n, conservaci\u00f3n, restauraci\u00f3n, an\u00e1lisis y, en su caso, reubicaci\u00f3n de la obra. A estos 292 monumentos arqueol\u00f3gicos se les clasific\u00f3 con el c\u00f3digo n\u00famero 4. <\/p>\n<p>Mientras, otros 136 monumentos, el 4%, requieren de medidas t\u00e9cnicas para la conservaci\u00f3n y protecci\u00f3n en el derecho de v\u00eda del Tren. <\/p>\n<p>En cuanto a los tramos 5, 6 y 7, se identificaron hasta 957 monumentos arqueol\u00f3gicos, de los cuales 58 se ubicaron dentro del trazo del tren. <\/p>\n<p>\u201cEl grupo auditor de la ASF identific\u00f3 que existe un riesgo relacionado con el tiempo necesario para desarrollar los procedimientos asociados al cumplimiento del salvamento arqueol\u00f3gico\u201d, recalc\u00f3 la Auditor\u00eda en su informe, en el que agreg\u00f3 que Fonatur no cont\u00f3 con un protocolo que detalle las etapas a seguir para orientar las acciones de excavaci\u00f3n, conservaci\u00f3n y restauraci\u00f3n, as\u00ed como el an\u00e1lisis de los materiales arqueol\u00f3gicos que se encuentren.<br \/>\nSe dispara costo de inversi\u00f3n <\/p>\n<p>Ayer lunes, Animal Pol\u00edtico public\u00f3 que, de acuerdo con la Auditor\u00eda, en tan solo dos a\u00f1os el monto de inversi\u00f3n total estimada para el proyecto del Tren Maya aument\u00f3 en 38 mil millones de pesos: de los 141 mil millones que en 2019 se esperaba gastar en esta obra, se pas\u00f3 en 2021 a una inversi\u00f3n estimada de casi 180 mil millones. Esto representa un incremento del 26.9%. <\/p>\n<p>La ASF tambi\u00e9n se\u00f1al\u00f3 que, al tercer trimestre de 2021, Fonatur report\u00f3 que se han invertido 33 mil millones de pesos en la obra, lo que significa apenas el 18.5% de los 180 mil millones de inversi\u00f3n total prevista en el proyecto. <\/p>\n<p>Adem\u00e1s, a pesar de que la obra ya estaba iniciada, Fonatur indic\u00f3 en 2020 que tan solo en los tramos 1 y 3 a\u00fan le restaba por adquirir el derecho de v\u00eda relativo a m\u00e1s de 300 kil\u00f3metros. Ello, aleg\u00f3 Fonatur, debido al inicio en ese a\u00f1o de la contingencia sanitaria por COVID-19, la cual ralentiz\u00f3 tanto las obras como los procesos de compra de los derechos de v\u00eda por donde debe pasar el tren. <\/p>\n<p>Ante estas y otras observaciones, la ASF recalc\u00f3 que hay riesgo de que el Tren Maya no comience a operar para finales de 2023, la fecha fijada por el presidente L\u00f3pez Obrador como plazo m\u00e1ximo para que el proyecto comience a ser una realidad antes de que termine su sexenio en 2024.  <\/p>\n<p>Por otra parte, en las ocho auditor\u00edas realizadas al Tren Maya como parte de la Cuenta P\u00fablica 2020, la ASF realiz\u00f3 m\u00faltiples observaciones para que Fonatur aclare el gasto en contrataciones, en los trabajos realizados hasta el momento y en la compra de los terrenos por donde pasar\u00e1 el proyecto. <\/p>\n<p>Por ejemplo, en el Tramo 1 de Palenque a Esc\u00e1rcega, la ASF determin\u00f3 irregularidades en el pago de 50 millones de pesos por intereses financieros y trabajos no realizados, a pesar de que s\u00ed se realizaron los pagos. <\/p>\n<p>Otra observaci\u00f3n que hizo la ASF refiere que durante 2020 Fonatur destin\u00f3 4 mil 261 millones de pesos a \u201cservicios generales\u201d, \u201ctransferencias, asignaciones y subsidios\u201d y \u201cbienes muebles, inmuebles e intangibles\u201d para el proyecto del Tren Maya. Sin embargo, la Auditor\u00eda detect\u00f3 que Fonatur no report\u00f3 el gasto de 382 millones de pesos en el cap\u00edtulo de \u201cbienes muebles, inmuebles e intangibles\u201d.<\/p>\n<p>Una observaci\u00f3n m\u00e1s refiere que Fonatur firm\u00f3 un convenio con su subsidiaria Fonatur Tren Maya, SA de CV, a la que pag\u00f3 650 millones de pesos a cargo de la partida de gasto \u201csubcontrataci\u00f3n de servicios con terceros\u201d, \u201caun cuando no se recibi\u00f3 alg\u00fan bien o servicio que justificara el gasto\u201d, por lo que Fonatur deber\u00e1 aclarar esta observaci\u00f3n, puesto que est\u00e1 incumpliendo \u201ccon la normativa presupuestal\u201d.<\/p>\n<p><a href=\"https:\/\/www.animalpolitico.com\/2022\/02\/gobierno-no-sabe-cuanto-dano-hara-tren-maya\/\" rel=\"noopener\" target=\"_blank\">https:\/\/www.animalpolitico.com\/2022\/02\/gobierno-no-sabe-cuanto-dano-hara-tren-maya\/<\/a><\/p>\n","protected":false},"excerpt":{"rendered":"<p>Por Manu Ureste \/ Animal Pol\u00ectico En su tercer informe sobre la Cuenta P\u00fablica 2020, la Auditor\u00eda Superior de la Federaci\u00f3n advierte que los responsables del proyecto no cuentan con &hellip; <a href=\"http:\/\/www.grieta.org.mx\/index.php\/2022\/02\/22\/el-gobierno-no-sabe-cuanto-dano-ambiental-causara-el-tren-maya-ni-cuanto-invertira-para-mitigarlo\/\" class=\"more-link\">Leer m\u00e1s<\/a><\/p>\n","protected":false},"author":2,"featured_media":63501,"comment_status":"closed","ping_status":"closed","sticky":false,"template":"","format":"standard","meta":{"ngg_post_thumbnail":0,"_jetpack_newsletter_access":"","_jetpack_dont_email_post_to_subs":false,"_jetpack_newsletter_tier_id":0,"_jetpack_memberships_contains_paywalled_content":false,"_jetpack_memberships_contains_paid_content":false,"footnotes":""},"categories":[11,80,3,922,926,944,952,2,28,1875,1876,1877,2026,36],"tags":[1689,3542,1878],"class_list":["post-63500","post","type-post","status-publish","format-standard","has-post-thumbnail","hentry","category-campeche","category-cintillo","category-megaproyectos","category-megaproyectos-estados","category-mp-campeche","category-mp-quintana-roo","category-mp-yucatan","category-noticias-nacionales","category-quintana-roo","category-resistencia-al-tren-maya-en-la-peninsula-de-yucatan","category-resistencia-al-tren-maya-en-la-peninsula-de-yucatan-quintana-roo","category-resistencia-al-tren-maya-en-la-peninsula-de-yucatan-campeche","category-tren-maya","category-yucatan","tag-danos-ambientales","tag-manifestacion-de-impacto-ambiental","tag-tren-maya","entry"],"jetpack_featured_media_url":"http:\/\/www.grieta.org.mx\/wp-content\/uploads\/2022\/02\/TrenM-e1645729894665.png","jetpack_sharing_enabled":true,"jetpack_shortlink":"https:\/\/wp.me\/p7ZJR4-gwc","jetpack_likes_enabled":false,"jetpack-related-posts":[{"id":47874,"url":"http:\/\/www.grieta.org.mx\/index.php\/2020\/04\/13\/las-vias-torcidas-del-tren-maya-video\/","url_meta":{"origin":63500,"position":0},"title":"Las v\u00edas torcidas del tren maya (Video)","author":"grieta","date":"13 abril, 2020","format":false,"excerpt":"https:\/\/www.youtube.com\/watch?v=k8FRX9eT0YY","rel":"","context":"En &quot;16. Pueblo Maya&quot;","block_context":{"text":"16. Pueblo Maya","link":"http:\/\/www.grieta.org.mx\/index.php\/category\/espejos-de-la-resistencia\/16-pueblo-maya\/"},"img":{"alt_text":"","src":"https:\/\/i0.wp.com\/www.grieta.org.mx\/wp-content\/uploads\/2020\/04\/ViasTorcidasTrenMaya.png?resize=350%2C200","width":350,"height":200,"srcset":"https:\/\/i0.wp.com\/www.grieta.org.mx\/wp-content\/uploads\/2020\/04\/ViasTorcidasTrenMaya.png?resize=350%2C200 1x, https:\/\/i0.wp.com\/www.grieta.org.mx\/wp-content\/uploads\/2020\/04\/ViasTorcidasTrenMaya.png?resize=525%2C300 1.5x, https:\/\/i0.wp.com\/www.grieta.org.mx\/wp-content\/uploads\/2020\/04\/ViasTorcidasTrenMaya.png?resize=700%2C400 2x"},"classes":[]},{"id":35945,"url":"http:\/\/www.grieta.org.mx\/index.php\/2019\/07\/05\/expansion-de-megaproyectos-en-la-peninsula-de-yucatan-video\/","url_meta":{"origin":63500,"position":1},"title":"Expansi\u00f3n de Megaproyectos en la Pen\u00ednsula de Yucat\u00e1n (Video)","author":"grieta","date":"5 julio, 2019","format":false,"excerpt":"https:\/\/youtu.be\/qLBARIAaBsI","rel":"","context":"En &quot;Campeche&quot;","block_context":{"text":"Campeche","link":"http:\/\/www.grieta.org.mx\/index.php\/category\/noticias-nacionales\/campeche\/"},"img":{"alt_text":"","src":"https:\/\/i0.wp.com\/img.youtube.com\/vi\/qLBARIAaBsI\/0.jpg?resize=350%2C200","width":350,"height":200},"classes":[]},{"id":64433,"url":"http:\/\/www.grieta.org.mx\/index.php\/2022\/06\/09\/con-omisiones-e-imprecisiones-la-manifestacion-de-impacto-ambiental-para-el-tren-maya-ong\/","url_meta":{"origin":63500,"position":2},"title":"Con omisiones e imprecisiones, la Manifestaci\u00f3n de Impacto Ambiental para el Tren Maya: ONG","author":"grieta","date":"9 junio, 2022","format":false,"excerpt":"Proceso CIUDAD DE M\u00c9XICO (apro).\u2013 La Manifestaci\u00f3n de Impacto Ambiental (MIA) que el Fondo Nacional de Fomento al Turismo (Fonatur) elabor\u00f3 para reiniciar las obras del Tramo 5 Sur del Tren Maya tiene \u201cuna gran cantidad de omisiones e imprecisiones\u201d en informaci\u00f3n \u201cesencial\u201d para determinar los impactos ambientales del megaproyecto\u2026","rel":"","context":"En &quot;Campeche&quot;","block_context":{"text":"Campeche","link":"http:\/\/www.grieta.org.mx\/index.php\/category\/noticias-nacionales\/campeche\/"},"img":{"alt_text":"","src":"https:\/\/i0.wp.com\/www.grieta.org.mx\/wp-content\/uploads\/2022\/06\/MIATren-e1655851330619.png?resize=350%2C200","width":350,"height":200,"srcset":"https:\/\/i0.wp.com\/www.grieta.org.mx\/wp-content\/uploads\/2022\/06\/MIATren-e1655851330619.png?resize=350%2C200 1x, https:\/\/i0.wp.com\/www.grieta.org.mx\/wp-content\/uploads\/2022\/06\/MIATren-e1655851330619.png?resize=525%2C300 1.5x, https:\/\/i0.wp.com\/www.grieta.org.mx\/wp-content\/uploads\/2022\/06\/MIATren-e1655851330619.png?resize=700%2C400 2x"},"classes":[]},{"id":51646,"url":"http:\/\/www.grieta.org.mx\/index.php\/2020\/07\/07\/la-reserva-ecologica-cuxtal-quedara-desprotegida-advierten-sobre-fuerte-afectacion-por-el-tren-maya\/","url_meta":{"origin":63500,"position":3},"title":"La reserva ecol\u00f3gica Cuxtal quedar\u00e1 &#8221;desprotegida&#8221;. Advierten sobre fuerte afectaci\u00f3n por el Tren Maya","author":"grieta","date":"7 julio, 2020","format":false,"excerpt":"Iv\u00e1n Canul \/ Diario de Yucat\u00e1n El bi\u00f3logo Rodrigo Migoya von Bertrad, director de Ni\u00f1os y Cr\u00edas A. C., uno de los organismos que forman parte de Alianza por Cuxtal, advirti\u00f3 que el proyecto del Tren Maya causar\u00eda una afectaci\u00f3n bastante fuerte en esa reserva ecol\u00f3gica. \u201cSe supone que Cuxtal\u2026","rel":"","context":"En &quot;Campeche&quot;","block_context":{"text":"Campeche","link":"http:\/\/www.grieta.org.mx\/index.php\/category\/noticias-nacionales\/campeche\/"},"img":{"alt_text":"","src":"https:\/\/i0.wp.com\/www.grieta.org.mx\/wp-content\/uploads\/2020\/07\/Cuxtal.png?resize=350%2C200","width":350,"height":200,"srcset":"https:\/\/i0.wp.com\/www.grieta.org.mx\/wp-content\/uploads\/2020\/07\/Cuxtal.png?resize=350%2C200 1x, https:\/\/i0.wp.com\/www.grieta.org.mx\/wp-content\/uploads\/2020\/07\/Cuxtal.png?resize=525%2C300 1.5x"},"classes":[]},{"id":68844,"url":"http:\/\/www.grieta.org.mx\/index.php\/2024\/04\/29\/ambientalistas-clausuran-las-oficinas-de-semarnat-tras-calificarla-de-ecocida-quintana-roo\/","url_meta":{"origin":63500,"position":4},"title":"Ambientalistas &#8220;clausuran&#8221; las oficinas de Semarnat tras calificarla de ecocida (Quintana Roo)","author":"grieta","date":"29 abril, 2024","format":false,"excerpt":"Leslie Gordillo \/ NOTICARIBE PENINSULAR CANC\u00daN.- Un grupo de ambientalistas, representante de diferentes organismos y asociaciones civiles, se manifestaron en la zona hotelera de Canc\u00fan y clausuraron de manera simb\u00f3lica las oficinas de la Secretar\u00eda de Medio Ambiente y Recursos Naturales (Semarnat). La denuncia es que la Semarnat ha sido\u2026","rel":"","context":"En &quot;Campeche&quot;","block_context":{"text":"Campeche","link":"http:\/\/www.grieta.org.mx\/index.php\/category\/noticias-nacionales\/campeche\/"},"img":{"alt_text":"","src":"https:\/\/i0.wp.com\/www.grieta.org.mx\/wp-content\/uploads\/2024\/04\/ambientalitas-e1715552774254.jpg?resize=350%2C200","width":350,"height":200,"srcset":"https:\/\/i0.wp.com\/www.grieta.org.mx\/wp-content\/uploads\/2024\/04\/ambientalitas-e1715552774254.jpg?resize=350%2C200 1x, https:\/\/i0.wp.com\/www.grieta.org.mx\/wp-content\/uploads\/2024\/04\/ambientalitas-e1715552774254.jpg?resize=525%2C300 1.5x, https:\/\/i0.wp.com\/www.grieta.org.mx\/wp-content\/uploads\/2024\/04\/ambientalitas-e1715552774254.jpg?resize=700%2C400 2x"},"classes":[]},{"id":45360,"url":"http:\/\/www.grieta.org.mx\/index.php\/2020\/02\/27\/no-estamos-peleando-la-suspension-provisional-del-tren-maya-sino-la-definitiva-cruz-rueda\/","url_meta":{"origin":63500,"position":5},"title":"&#8220;No estamos peleando la suspensi\u00f3n provisional del Tren Maya, sino la definitiva&#8221;: Cruz Rueda","author":"grieta","date":"27 febrero, 2020","format":false,"excerpt":"Impugnaci\u00f3n de Presidencia \"no nos quita el sue\u00f1o\" Abraham Bote \/Foto: Tomada de Twitter \/La Jornada Maya M\u00e9rida, Yucat\u00e1n Respecto a la impugnaci\u00f3n que realiz\u00f3 la Presidencia de la Rep\u00fablica y el apoderado de la Naci\u00f3n Financiera (Nafin), contra la suspensi\u00f3n provisional del proyecto de Tren Maya, la asesora jur\u00eddica\u2026","rel":"","context":"En &quot;16. Pueblo Maya&quot;","block_context":{"text":"16. Pueblo Maya","link":"http:\/\/www.grieta.org.mx\/index.php\/category\/espejos-de-la-resistencia\/16-pueblo-maya\/"},"img":{"alt_text":"","src":"https:\/\/i0.wp.com\/www.grieta.org.mx\/wp-content\/uploads\/2020\/02\/TrenMallaCampeche.png?resize=350%2C200","width":350,"height":200,"srcset":"https:\/\/i0.wp.com\/www.grieta.org.mx\/wp-content\/uploads\/2020\/02\/TrenMallaCampeche.png?resize=350%2C200 1x, https:\/\/i0.wp.com\/www.grieta.org.mx\/wp-content\/uploads\/2020\/02\/TrenMallaCampeche.png?resize=525%2C300 1.5x, https:\/\/i0.wp.com\/www.grieta.org.mx\/wp-content\/uploads\/2020\/02\/TrenMallaCampeche.png?resize=700%2C400 2x"},"classes":[]}],"_links":{"self":[{"href":"http:\/\/www.grieta.org.mx\/index.php\/wp-json\/wp\/v2\/posts\/63500","targetHints":{"allow":["GET"]}}],"collection":[{"href":"http:\/\/www.grieta.org.mx\/index.php\/wp-json\/wp\/v2\/posts"}],"about":[{"href":"http:\/\/www.grieta.org.mx\/index.php\/wp-json\/wp\/v2\/types\/post"}],"author":[{"embeddable":true,"href":"http:\/\/www.grieta.org.mx\/index.php\/wp-json\/wp\/v2\/users\/2"}],"replies":[{"embeddable":true,"href":"http:\/\/www.grieta.org.mx\/index.php\/wp-json\/wp\/v2\/comments?post=63500"}],"version-history":[{"count":1,"href":"http:\/\/www.grieta.org.mx\/index.php\/wp-json\/wp\/v2\/posts\/63500\/revisions"}],"predecessor-version":[{"id":63502,"href":"http:\/\/www.grieta.org.mx\/index.php\/wp-json\/wp\/v2\/posts\/63500\/revisions\/63502"}],"wp:featuredmedia":[{"embeddable":true,"href":"http:\/\/www.grieta.org.mx\/index.php\/wp-json\/wp\/v2\/media\/63501"}],"wp:attachment":[{"href":"http:\/\/www.grieta.org.mx\/index.php\/wp-json\/wp\/v2\/media?parent=63500"}],"wp:term":[{"taxonomy":"category","embeddable":true,"href":"http:\/\/www.grieta.org.mx\/index.php\/wp-json\/wp\/v2\/categories?post=63500"},{"taxonomy":"post_tag","embeddable":true,"href":"http:\/\/www.grieta.org.mx\/index.php\/wp-json\/wp\/v2\/tags?post=63500"}],"curies":[{"name":"wp","href":"https:\/\/api.w.org\/{rel}","templated":true}]}}