{"id":63487,"date":"2022-02-21T12:19:04","date_gmt":"2022-02-21T18:19:04","guid":{"rendered":"http:\/\/www.grieta.org.mx\/?p=63487"},"modified":"2022-02-24T12:25:13","modified_gmt":"2022-02-24T18:25:13","slug":"vecinos-de-san-damian-en-merida-se-manifiestan-nuevamente-contra-gasoducto-yucatan","status":"publish","type":"post","link":"http:\/\/www.grieta.org.mx\/index.php\/2022\/02\/21\/vecinos-de-san-damian-en-merida-se-manifiestan-nuevamente-contra-gasoducto-yucatan\/","title":{"rendered":"Vecinos de San Dami\u00e1n, en M\u00e9rida, se manifiestan nuevamente contra gasoducto (Yucat\u00e1n)"},"content":{"rendered":"<p>Itzel Chan \/ Noticaribe<\/p>\n<p>M\u00c9RIDA, MX.- Habitantes de la colonia San Dami\u00e1n, en M\u00e9rida, salieron a las calles una vez m\u00e1s para manifestarse y exponer su rechazo hacia el proyecto de gasoductos que pasar\u00eda por sus casas y en esta ocasi\u00f3n pidieron la intervenci\u00f3n del Juez Segundo de Distrito para que reconozca los derechos de las personas que viven en la zona.<\/p>\n<p>Este d\u00eda, se manifestaron vecinos de la colonia San Dami\u00e1n, ya que piden que les sea otorgada la suspensi\u00f3n de los trabajos de excavaci\u00f3n y construcci\u00f3n que lleva a cabo la empresa Engie, encargada del proyecto de gasoductos.<\/p>\n<p>Las personas argumentan que sus vidas est\u00e1n en riesgo porque temen que los gasoductos exploten de un momento a otro.<\/p>\n<p>Ante la situaci\u00f3n, ya presentaron dos juicios de amparo, sin embargo, hasta ahora no ha sido posible obtener la medida cautelar de suspensi\u00f3n definitiva.<\/p>\n<p>La raz\u00f3n por la que piden que las obras sean suspendidas es porque presuntamente la colonia est\u00e1 construida sobre cavernas y esta situaci\u00f3n no les da seguridad para que se construyan gasoductos.<\/p>\n<p>Adem\u00e1s, alegaron que las autoridades correspondientes no les informaron de este proyecto con anticipaci\u00f3n, sino de un d\u00eda para otro las obras comenzaron.<\/p>\n<p>Janeth Medina, abogada de la Agrupaci\u00f3n Kanan, ha asesorado a las y los vecinos para interponer los amparos correspondientes y con su orientaci\u00f3n interpusieron los amparos que esperan sean favorables para la ciudadan\u00eda.<\/p>\n<p>Mientras tanto, las personas desean ser escuchadas por las autoridades municipales, estatales y federales.<\/p>\n<p><a href=\"https:\/\/noticaribe.com.mx\/2022\/02\/21\/vecinos-de-san-damian-en-merida-se-manifiestan-nuevamente-contra-gasoducto\/\" rel=\"noopener\" target=\"_blank\">https:\/\/noticaribe.com.mx\/2022\/02\/21\/vecinos-de-san-damian-en-merida-se-manifiestan-nuevamente-contra-gasoducto\/<\/a><\/p>\n","protected":false},"excerpt":{"rendered":"<p>Itzel Chan \/ Noticaribe M\u00c9RIDA, MX.- Habitantes de la colonia San Dami\u00e1n, en M\u00e9rida, salieron a las calles una vez m\u00e1s para manifestarse y exponer su rechazo hacia el proyecto &hellip; <a href=\"http:\/\/www.grieta.org.mx\/index.php\/2022\/02\/21\/vecinos-de-san-damian-en-merida-se-manifiestan-nuevamente-contra-gasoducto-yucatan\/\" class=\"more-link\">Leer m\u00e1s<\/a><\/p>\n","protected":false},"author":2,"featured_media":63488,"comment_status":"closed","ping_status":"closed","sticky":false,"template":"","format":"standard","meta":{"ngg_post_thumbnail":0,"_jetpack_newsletter_access":"","_jetpack_dont_email_post_to_subs":false,"_jetpack_newsletter_tier_id":0,"_jetpack_memberships_contains_paywalled_content":false,"_jetpack_memberships_contains_paid_content":false,"footnotes":""},"categories":[80,2943,2,36],"tags":[4074,350,3288],"class_list":["post-63487","post","type-post","status-publish","format-standard","has-post-thumbnail","hentry","category-cintillo","category-destruccion-y-contaminacion-ambiental-en-yucatan","category-noticias-nacionales","category-yucatan","tag-gas-natural","tag-gasoducto","tag-protesta-vecinal","entry"],"jetpack_featured_media_url":"http:\/\/www.grieta.org.mx\/wp-content\/uploads\/2022\/02\/NoAlGasoducto-1.png","jetpack_sharing_enabled":true,"jetpack_shortlink":"https:\/\/wp.me\/p7ZJR4-gvZ","jetpack_likes_enabled":false,"jetpack-related-posts":[{"id":64265,"url":"http:\/\/www.grieta.org.mx\/index.php\/2022\/05\/23\/nuevos-bloqueos-por-instalacion-de-ductos-de-gas-natural-en-san-damian-yucatan\/","url_meta":{"origin":63487,"position":0},"title":"Nuevos bloqueos por instalaci\u00f3n de ductos de gas natural en San Dami\u00e1n (Yucat\u00e1n)","author":"grieta","date":"23 mayo, 2022","format":false,"excerpt":"M\u00e9rida, Yucat\u00e1n; 23 de mayo de 2022 (ACOM).- Habitantes de la calle 13 por 48 y 46 de la colonia San Dami\u00e1n, al poniente de M\u00e9rida, cerraron la v\u00eda para externar su inconformidad contra la colocaci\u00f3n de gasoductos que representa un peligro. Afirman que por varios meses no hubo ning\u00fan\u2026","rel":"","context":"En &quot;CINTILLO&quot;","block_context":{"text":"CINTILLO","link":"http:\/\/www.grieta.org.mx\/index.php\/category\/cintillo\/"},"img":{"alt_text":"","src":"https:\/\/i0.wp.com\/www.grieta.org.mx\/wp-content\/uploads\/2022\/05\/Gasoducto-e1653496264325.png?resize=350%2C200","width":350,"height":200,"srcset":"https:\/\/i0.wp.com\/www.grieta.org.mx\/wp-content\/uploads\/2022\/05\/Gasoducto-e1653496264325.png?resize=350%2C200 1x, https:\/\/i0.wp.com\/www.grieta.org.mx\/wp-content\/uploads\/2022\/05\/Gasoducto-e1653496264325.png?resize=525%2C300 1.5x, https:\/\/i0.wp.com\/www.grieta.org.mx\/wp-content\/uploads\/2022\/05\/Gasoducto-e1653496264325.png?resize=700%2C400 2x"},"classes":[]},{"id":63320,"url":"http:\/\/www.grieta.org.mx\/index.php\/2022\/02\/03\/vecinos-contra-gasoducto-no-quieren-vivir-sobre-un-peligro-constante-yucatan\/","url_meta":{"origin":63487,"position":1},"title":"Vecinos contra gasoducto: No quieren vivir sobre un peligro constante (Yucat\u00e1n)","author":"grieta","date":"3 febrero, 2022","format":false,"excerpt":"Paloma Reyes \/ Haz Ruido Las y los habitantes de San Dami\u00e1n volvieron a protestar y recordaron que el gasoducto se est\u00e1 construyendo en una zona de cuevas. M\u00e9rida, Yucat\u00e1n, 3 de febrero de 2022.-De nueva cuenta, las vecinas y los vecinos que integran la organizaci\u00f3n Defensores de San Dami\u00e1n\u2026","rel":"","context":"En &quot;CINTILLO&quot;","block_context":{"text":"CINTILLO","link":"http:\/\/www.grieta.org.mx\/index.php\/category\/cintillo\/"},"img":{"alt_text":"","src":"https:\/\/i0.wp.com\/www.grieta.org.mx\/wp-content\/uploads\/2022\/02\/NoAlGasoducto-e1644318793183.png?resize=350%2C200","width":350,"height":200,"srcset":"https:\/\/i0.wp.com\/www.grieta.org.mx\/wp-content\/uploads\/2022\/02\/NoAlGasoducto-e1644318793183.png?resize=350%2C200 1x, https:\/\/i0.wp.com\/www.grieta.org.mx\/wp-content\/uploads\/2022\/02\/NoAlGasoducto-e1644318793183.png?resize=525%2C300 1.5x, https:\/\/i0.wp.com\/www.grieta.org.mx\/wp-content\/uploads\/2022\/02\/NoAlGasoducto-e1644318793183.png?resize=700%2C400 2x"},"classes":[]},{"id":62753,"url":"http:\/\/www.grieta.org.mx\/index.php\/2021\/11\/27\/temen-que-explote-el-gasoducto-y-salen-a-protestar-yucatan\/","url_meta":{"origin":63487,"position":2},"title":"Temen que explote el gasoducto y salen a protestar (Yucat\u00e1n)","author":"grieta","date":"27 noviembre, 2021","format":false,"excerpt":"Herbeth Escalante \/ Haz Ruido Vecinas y vecinos de San Dami\u00e1n y Pensiones manifestaron su indignaci\u00f3n porque de la noche a la ma\u00f1ana la empresa Engie inici\u00f3 la instalaci\u00f3n subterr\u00e1nea del ducto de gas natural, sin consultarles y vulnerando sus derechos. M\u00e9rida, Yucat\u00e1n, 27 de noviembre de 2021.- Vecinas y\u2026","rel":"","context":"En &quot;CINTILLO&quot;","block_context":{"text":"CINTILLO","link":"http:\/\/www.grieta.org.mx\/index.php\/category\/cintillo\/"},"img":{"alt_text":"","src":"https:\/\/i0.wp.com\/www.grieta.org.mx\/wp-content\/uploads\/2021\/12\/NoAlGasoducto-e1638464272760.png?resize=350%2C200","width":350,"height":200,"srcset":"https:\/\/i0.wp.com\/www.grieta.org.mx\/wp-content\/uploads\/2021\/12\/NoAlGasoducto-e1638464272760.png?resize=350%2C200 1x, https:\/\/i0.wp.com\/www.grieta.org.mx\/wp-content\/uploads\/2021\/12\/NoAlGasoducto-e1638464272760.png?resize=525%2C300 1.5x, https:\/\/i0.wp.com\/www.grieta.org.mx\/wp-content\/uploads\/2021\/12\/NoAlGasoducto-e1638464272760.png?resize=700%2C400 2x"},"classes":[]},{"id":63964,"url":"http:\/\/www.grieta.org.mx\/index.php\/2022\/04\/07\/queman-llantas-en-protesta-contra-apagones-del-sur-de-merida-yucatan\/","url_meta":{"origin":63487,"position":3},"title":"Queman llantas en protesta contra apagones del sur de M\u00e9rida (Yucat\u00e1n)","author":"grieta","date":"7 abril, 2022","format":false,"excerpt":"Herbeth Escalante \/ Haz Ruido Vecinas y vecinos de San Antonio Xluch est\u00e1n hartos de quedarse sin energ\u00eda el\u00e9ctrica durante horas en esta \u00e9poca de calor. M\u00e9rida, Yucat\u00e1n, 7 de abril de 2022.- Anoche, vecinas y vecinos de la colonia San Antonio Xluch protestaron en contra de los apagones de\u2026","rel":"","context":"En &quot;CINTILLO&quot;","block_context":{"text":"CINTILLO","link":"http:\/\/www.grieta.org.mx\/index.php\/category\/cintillo\/"},"img":{"alt_text":"","src":"https:\/\/i0.wp.com\/www.grieta.org.mx\/wp-content\/uploads\/2022\/04\/Apagones-e1649692830589.png?resize=350%2C200","width":350,"height":200,"srcset":"https:\/\/i0.wp.com\/www.grieta.org.mx\/wp-content\/uploads\/2022\/04\/Apagones-e1649692830589.png?resize=350%2C200 1x, https:\/\/i0.wp.com\/www.grieta.org.mx\/wp-content\/uploads\/2022\/04\/Apagones-e1649692830589.png?resize=525%2C300 1.5x, https:\/\/i0.wp.com\/www.grieta.org.mx\/wp-content\/uploads\/2022\/04\/Apagones-e1649692830589.png?resize=700%2C400 2x"},"classes":[]},{"id":38569,"url":"http:\/\/www.grieta.org.mx\/index.php\/2019\/08\/29\/en-hidalgo-dos-gasoductos-parados-por-conflictos-sociales\/","url_meta":{"origin":63487,"position":4},"title":"En Hidalgo, dos gasoductos parados por conflictos sociales","author":"Admin","date":"29 agosto, 2019","format":false,"excerpt":"Lorena Rosas \/ La Silla Rota PACHUCA.\u2013 Por el territorio de Hidalgo convergen dos de los siete gasoductos que proveer\u00e1n de gas natural a las centrales de generaci\u00f3n de la Comisi\u00f3n Federal de Electricidad (CFE), ambos con un avance de m\u00e1s del 80 por ciento, pero suspendidos por oposici\u00f3n de\u2026","rel":"","context":"En &quot;CINTILLO&quot;","block_context":{"text":"CINTILLO","link":"http:\/\/www.grieta.org.mx\/index.php\/category\/cintillo\/"},"img":{"alt_text":"","src":"https:\/\/i0.wp.com\/www.grieta.org.mx\/wp-content\/uploads\/2019\/08\/tcenergia.jpg?resize=350%2C200","width":350,"height":200,"srcset":"https:\/\/i0.wp.com\/www.grieta.org.mx\/wp-content\/uploads\/2019\/08\/tcenergia.jpg?resize=350%2C200 1x, https:\/\/i0.wp.com\/www.grieta.org.mx\/wp-content\/uploads\/2019\/08\/tcenergia.jpg?resize=525%2C300 1.5x, https:\/\/i0.wp.com\/www.grieta.org.mx\/wp-content\/uploads\/2019\/08\/tcenergia.jpg?resize=700%2C400 2x"},"classes":[]},{"id":7285,"url":"http:\/\/www.grieta.org.mx\/index.php\/2015\/06\/23\/puebla-se-llenara-de-gasoductos-de-pemex-cfe-y-privados\/","url_meta":{"origin":63487,"position":5},"title":"Puebla se llenar\u00e1 de gasoductos de Pemex, CFE y privados","author":"Admin","date":"23 junio, 2015","format":false,"excerpt":"De tres gasoductos que actualmente operan en Puebla, a mediados de 2017 habr\u00e1 siete, pues est\u00e1n en construcci\u00f3n tres l\u00edneas que conducir\u00e1n diversos combustibles y hay en puerta un proyecto m\u00e1s para transportar, por la entidad, gas proveniente de Estados Unidos. Los trayectos de los ductos existentes cruzan el 70\u2026","rel":"","context":"En &quot;CINTILLO&quot;","block_context":{"text":"CINTILLO","link":"http:\/\/www.grieta.org.mx\/index.php\/category\/cintillo\/"},"img":{"alt_text":"","src":"https:\/\/i0.wp.com\/www.grieta.org.mx\/wp-content\/uploads\/2018\/03\/14524434_1106112876131411_958039263622046936_o.jpg?resize=350%2C200","width":350,"height":200,"srcset":"https:\/\/i0.wp.com\/www.grieta.org.mx\/wp-content\/uploads\/2018\/03\/14524434_1106112876131411_958039263622046936_o.jpg?resize=350%2C200 1x, https:\/\/i0.wp.com\/www.grieta.org.mx\/wp-content\/uploads\/2018\/03\/14524434_1106112876131411_958039263622046936_o.jpg?resize=525%2C300 1.5x, https:\/\/i0.wp.com\/www.grieta.org.mx\/wp-content\/uploads\/2018\/03\/14524434_1106112876131411_958039263622046936_o.jpg?resize=700%2C400 2x"},"classes":[]}],"_links":{"self":[{"href":"http:\/\/www.grieta.org.mx\/index.php\/wp-json\/wp\/v2\/posts\/63487","targetHints":{"allow":["GET"]}}],"collection":[{"href":"http:\/\/www.grieta.org.mx\/index.php\/wp-json\/wp\/v2\/posts"}],"about":[{"href":"http:\/\/www.grieta.org.mx\/index.php\/wp-json\/wp\/v2\/types\/post"}],"author":[{"embeddable":true,"href":"http:\/\/www.grieta.org.mx\/index.php\/wp-json\/wp\/v2\/users\/2"}],"replies":[{"embeddable":true,"href":"http:\/\/www.grieta.org.mx\/index.php\/wp-json\/wp\/v2\/comments?post=63487"}],"version-history":[{"count":1,"href":"http:\/\/www.grieta.org.mx\/index.php\/wp-json\/wp\/v2\/posts\/63487\/revisions"}],"predecessor-version":[{"id":63489,"href":"http:\/\/www.grieta.org.mx\/index.php\/wp-json\/wp\/v2\/posts\/63487\/revisions\/63489"}],"wp:featuredmedia":[{"embeddable":true,"href":"http:\/\/www.grieta.org.mx\/index.php\/wp-json\/wp\/v2\/media\/63488"}],"wp:attachment":[{"href":"http:\/\/www.grieta.org.mx\/index.php\/wp-json\/wp\/v2\/media?parent=63487"}],"wp:term":[{"taxonomy":"category","embeddable":true,"href":"http:\/\/www.grieta.org.mx\/index.php\/wp-json\/wp\/v2\/categories?post=63487"},{"taxonomy":"post_tag","embeddable":true,"href":"http:\/\/www.grieta.org.mx\/index.php\/wp-json\/wp\/v2\/tags?post=63487"}],"curies":[{"name":"wp","href":"https:\/\/api.w.org\/{rel}","templated":true}]}}