{"id":63484,"date":"2022-02-22T12:07:33","date_gmt":"2022-02-22T18:07:33","guid":{"rendered":"http:\/\/www.grieta.org.mx\/?p=63484"},"modified":"2022-02-24T12:16:05","modified_gmt":"2022-02-24T18:16:05","slug":"alertan-organizaciones-internacionales-por-alza-de-agresiones-contra-la-prensa-en-yucatan","status":"publish","type":"post","link":"http:\/\/www.grieta.org.mx\/index.php\/2022\/02\/22\/alertan-organizaciones-internacionales-por-alza-de-agresiones-contra-la-prensa-en-yucatan\/","title":{"rendered":"Alertan organizaciones internacionales por alza de agresiones contra la prensa en Yucat\u00e1n"},"content":{"rendered":"<p>Itzel Chan \/ Noticaribe<\/p>\n<p>M\u00c9RIDA, MX.- Organizaciones como Article 19 han lanzado una alerta ante la preocupaci\u00f3n por las diversas agresiones contra la prensa de Yucat\u00e1n, ya que en los primeros meses de este a\u00f1o, se han presentado al menos cuatro ataques a reporteros como Bety Vera, Jaime Vargas, Roberto L\u00f3pez M\u00e9ndez y F\u00e9lix Bigman.<\/p>\n<p>La organizaci\u00f3n identific\u00f3 que se han violentado diversos principios democr\u00e1ticos en los casos de la reportera y los reporteros mencionados, ya que hay actos de difamaci\u00f3n y adem\u00e1s se han criminalizado por cumplir con su labor period\u00edstica.<\/p>\n<p>De igual forma, han identificado que en algunos de los casos hubo uso de agentes de la fuerza p\u00fablica para hostigar y amedrentar a los periodistas, adem\u00e1s que esto es una constante de los funcionarios p\u00fablicos en Yucat\u00e1n.<\/p>\n<p>La organizaci\u00f3n expuso que se han sometido a periodistas con actos intimidatorios con el fin de inhibir la labor period\u00edstica, por lo que piden que se revise el actuar de los agentes y las autoridades relacionadas.<\/p>\n<p>La raz\u00f3n por la que presuntamente han sido agredidos es porque han expuesto posibles hechos de corrupci\u00f3n realizados por funcionarios p\u00fablicos.<\/p>\n<p>En este sentido, Article 19 ha solicitado a la Fiscal\u00eda Especial para la Atenci\u00f3n de Delitos cometidos contra de la Libertad de Expresi\u00f3n que atraiga el caso del periodista Jaime Vargas, quien denunci\u00f3 ante la Fiscal\u00eda General de Justicia del Estado de Yucat\u00e1n, por el supuesto de tentativa de homicidio.<\/p>\n<p>Tambi\u00e9n solicit\u00f3 al Instituto de Defensor\u00eda de Oficio de Yucat\u00e1n, que brinde la atenci\u00f3n y seguimiento al caso de Bety Vera, a partir de la perspectiva de defensa de derechos humanos.<\/p>\n<p>A la par solicitaron al Mecanismo de protecci\u00f3n de personas defensoras de derechos humanos y periodistas, pronta acci\u00f3n para brindar las medidas necesarias en favor de los periodistas, ya que ha sido omiso a pesar de la petici\u00f3n expresa de apoyo. <\/p>\n<p><a href=\"https:\/\/noticaribe.com.mx\/2022\/02\/22\/alertan-organizaciones-internacionales-por-alza-de-agresiones-contra-la-prensa-en-yucatan\/\" rel=\"noopener\" target=\"_blank\">https:\/\/noticaribe.com.mx\/2022\/02\/22\/alertan-organizaciones-internacionales-por-alza-de-agresiones-contra-la-prensa-en-yucatan\/<\/a><\/p>\n","protected":false},"excerpt":{"rendered":"<p>Itzel Chan \/ Noticaribe M\u00c9RIDA, MX.- Organizaciones como Article 19 han lanzado una alerta ante la preocupaci\u00f3n por las diversas agresiones contra la prensa de Yucat\u00e1n, ya que en los &hellip; <a href=\"http:\/\/www.grieta.org.mx\/index.php\/2022\/02\/22\/alertan-organizaciones-internacionales-por-alza-de-agresiones-contra-la-prensa-en-yucatan\/\" class=\"more-link\">Leer m\u00e1s<\/a><\/p>\n","protected":false},"author":2,"featured_media":63485,"comment_status":"closed","ping_status":"closed","sticky":false,"template":"","format":"standard","meta":{"ngg_post_thumbnail":0,"_jetpack_newsletter_access":"","_jetpack_dont_email_post_to_subs":false,"_jetpack_newsletter_tier_id":0,"_jetpack_memberships_contains_paywalled_content":false,"_jetpack_memberships_contains_paid_content":false,"footnotes":""},"categories":[80,2,83,88,1271,36],"tags":[2262,2486,2263],"class_list":["post-63484","post","type-post","status-publish","format-standard","has-post-thumbnail","hentry","category-cintillo","category-noticias-nacionales","category-temas-nacionales","category-violencia-contra-periodistas","category-violencia-contra-periodistas-en-yucatan","category-yucatan","tag-agresiones-contra-periodistas","tag-amenazas-contra-periodistas","tag-hostigamiento-contra-periodistas","entry"],"jetpack_featured_media_url":"http:\/\/www.grieta.org.mx\/wp-content\/uploads\/2022\/02\/AlertanAgresionesPrensa.png","jetpack_sharing_enabled":true,"jetpack_shortlink":"https:\/\/wp.me\/p7ZJR4-gvW","jetpack_likes_enabled":false,"jetpack-related-posts":[{"id":71835,"url":"http:\/\/www.grieta.org.mx\/index.php\/2025\/06\/06\/documentan-18-agresiones-a-periodistas-yucatecos\/","url_meta":{"origin":63484,"position":0},"title":"Documentan 18 agresiones a periodistas yucatecos","author":"grieta","date":"6 junio, 2025","format":false,"excerpt":"Paloma Reyes \/ Haz Ruido Entre los principales motivos de estos ataques a la prensa son situaciones relacionadas con abuso de poder y amenazas, temas que la organizaci\u00f3n Article 19 observ\u00f3 que son constantes en Yucat\u00e1n. M\u00e9rida, Yucat\u00e1n, 6 de junio de 2025.-Durante el a\u00f1o 2024 y en lo que\u2026","rel":"","context":"En &quot;CINTILLO&quot;","block_context":{"text":"CINTILLO","link":"http:\/\/www.grieta.org.mx\/index.php\/category\/cintillo\/"},"img":{"alt_text":"","src":"https:\/\/i0.wp.com\/www.grieta.org.mx\/wp-content\/uploads\/2025\/06\/Periodistas-e1749645872510.jpg?resize=350%2C200","width":350,"height":200,"srcset":"https:\/\/i0.wp.com\/www.grieta.org.mx\/wp-content\/uploads\/2025\/06\/Periodistas-e1749645872510.jpg?resize=350%2C200 1x, https:\/\/i0.wp.com\/www.grieta.org.mx\/wp-content\/uploads\/2025\/06\/Periodistas-e1749645872510.jpg?resize=525%2C300 1.5x, https:\/\/i0.wp.com\/www.grieta.org.mx\/wp-content\/uploads\/2025\/06\/Periodistas-e1749645872510.jpg?resize=700%2C400 2x"},"classes":[]},{"id":64271,"url":"http:\/\/www.grieta.org.mx\/index.php\/2022\/05\/24\/periodistas-de-yucatan-alzan-la-voz-contra-la-violencia-y-la-censura\/","url_meta":{"origin":63484,"position":1},"title":"Periodistas de Yucat\u00e1n alzan la voz contra la violencia y la censura","author":"grieta","date":"24 mayo, 2022","format":false,"excerpt":"Texto: Herbeth Escalante \/ Fotos: Lilia Balam \/ Pie de P\u00e1gina Las agresiones y las denuncias en contra de los periodistas yucatecos han aumentado este a\u00f1o. Uno de los mecanismos que ha empleado el Estado es el hostigamiento judicial, con leyes violatorias de derechos humanos como el art\u00edculo 295 del\u2026","rel":"","context":"En &quot;CINTILLO&quot;","block_context":{"text":"CINTILLO","link":"http:\/\/www.grieta.org.mx\/index.php\/category\/cintillo\/"},"img":{"alt_text":"","src":"https:\/\/i0.wp.com\/www.grieta.org.mx\/wp-content\/uploads\/2022\/05\/Periodistas-e1653505501539.png?resize=350%2C200","width":350,"height":200,"srcset":"https:\/\/i0.wp.com\/www.grieta.org.mx\/wp-content\/uploads\/2022\/05\/Periodistas-e1653505501539.png?resize=350%2C200 1x, https:\/\/i0.wp.com\/www.grieta.org.mx\/wp-content\/uploads\/2022\/05\/Periodistas-e1653505501539.png?resize=525%2C300 1.5x, https:\/\/i0.wp.com\/www.grieta.org.mx\/wp-content\/uploads\/2022\/05\/Periodistas-e1653505501539.png?resize=700%2C400 2x"},"classes":[]},{"id":65669,"url":"http:\/\/www.grieta.org.mx\/index.php\/2022\/11\/08\/condenan-agresion-y-detencion-del-periodista-gabriel-chan-yucatan\/","url_meta":{"origin":63484,"position":2},"title":"Condenan agresi\u00f3n y detenci\u00f3n del periodista Gabriel Chan (Yucat\u00e1n)","author":"grieta","date":"8 noviembre, 2022","format":false,"excerpt":"Haz Ruido La agrupaci\u00f3n Somos Periodistas lament\u00f3 que el Estado, a trav\u00e9s de sus cuerpos policiacos, siga violentando los derechos de los reporteros en Yucat\u00e1n. M\u00e9rida, Yucat\u00e1n, 8 de noviembre de 2022.- La agrupaci\u00f3n Somos Periodistas conden\u00f3 la agresi\u00f3n y detenci\u00f3n arbitraria de la que fue v\u00edctima el periodista Gabriel\u2026","rel":"","context":"En &quot;Abuso Autoridades en Yucat\u00e1n&quot;","block_context":{"text":"Abuso Autoridades en Yucat\u00e1n","link":"http:\/\/www.grieta.org.mx\/index.php\/category\/noticias-nacionales\/yucatan\/abuso-autoridades-en-yucatan\/"},"img":{"alt_text":"","src":"https:\/\/i0.wp.com\/www.grieta.org.mx\/wp-content\/uploads\/2022\/11\/Periodistas-e1668109701605.jpg?resize=350%2C200","width":350,"height":200,"srcset":"https:\/\/i0.wp.com\/www.grieta.org.mx\/wp-content\/uploads\/2022\/11\/Periodistas-e1668109701605.jpg?resize=350%2C200 1x, https:\/\/i0.wp.com\/www.grieta.org.mx\/wp-content\/uploads\/2022\/11\/Periodistas-e1668109701605.jpg?resize=525%2C300 1.5x, https:\/\/i0.wp.com\/www.grieta.org.mx\/wp-content\/uploads\/2022\/11\/Periodistas-e1668109701605.jpg?resize=700%2C400 2x"},"classes":[]},{"id":33143,"url":"http:\/\/www.grieta.org.mx\/index.php\/2019\/05\/03\/se-reportan-29-agresiones-contra-periodistas-en-veracruz-durante-2019\/","url_meta":{"origin":63484,"position":3},"title":"Se reportan 29 agresiones contra periodistas en Veracruz durante 2019","author":"grieta","date":"3 mayo, 2019","format":false,"excerpt":"Redacci\u00f3n \/ El Dictamen En Veracruz, de enero a abril se han reportado al menos 29 casos de agresiones contra periodistas, confirm\u00f3 la presidenta de la Comisi\u00f3n Estatal de Atenci\u00f3n y Protecci\u00f3n a Periodistas (CEAPP), Ana Laura P\u00e9rez Mendoza. En el marco del D\u00eda Mundial de la Liberta de Prensa,\u2026","rel":"","context":"En &quot;CINTILLO&quot;","block_context":{"text":"CINTILLO","link":"http:\/\/www.grieta.org.mx\/index.php\/category\/cintillo\/"},"img":{"alt_text":"","src":"https:\/\/i0.wp.com\/www.grieta.org.mx\/wp-content\/uploads\/2019\/05\/admin_fotos_2018-03-22_General_455626.jpg.jpg?resize=350%2C200","width":350,"height":200,"srcset":"https:\/\/i0.wp.com\/www.grieta.org.mx\/wp-content\/uploads\/2019\/05\/admin_fotos_2018-03-22_General_455626.jpg.jpg?resize=350%2C200 1x, https:\/\/i0.wp.com\/www.grieta.org.mx\/wp-content\/uploads\/2019\/05\/admin_fotos_2018-03-22_General_455626.jpg.jpg?resize=525%2C300 1.5x, https:\/\/i0.wp.com\/www.grieta.org.mx\/wp-content\/uploads\/2019\/05\/admin_fotos_2018-03-22_General_455626.jpg.jpg?resize=700%2C400 2x"},"classes":[]},{"id":24210,"url":"http:\/\/www.grieta.org.mx\/index.php\/2018\/06\/18\/documentan-45-agresiones-contra-la-prensa-durante-jornada-electoral\/","url_meta":{"origin":63484,"position":4},"title":"Documentan 45 agresiones contra la prensa durante jornada electoral","author":"grieta","date":"18 junio, 2018","format":false,"excerpt":"Redacci\u00f3n\/El Sol de M\u00e9xico AFP El violento proceso electoral que vive M\u00e9xico ha hecho que los periodistas sean a\u00fan m\u00e1s vulnerables a las agresiones, dijeron el lunes grupos defensores de la libertad de expresi\u00f3n que documentaron 45 casos en los primeros cinco meses del a\u00f1o. De estas 45 agresiones hay\u2026","rel":"","context":"En &quot;CINTILLO&quot;","block_context":{"text":"CINTILLO","link":"http:\/\/www.grieta.org.mx\/index.php\/category\/cintillo\/"},"img":{"alt_text":"","src":"https:\/\/i0.wp.com\/www.grieta.org.mx\/wp-content\/uploads\/2018\/07\/Protesta_Periodistas-1.jpg?resize=350%2C200","width":350,"height":200,"srcset":"https:\/\/i0.wp.com\/www.grieta.org.mx\/wp-content\/uploads\/2018\/07\/Protesta_Periodistas-1.jpg?resize=350%2C200 1x, https:\/\/i0.wp.com\/www.grieta.org.mx\/wp-content\/uploads\/2018\/07\/Protesta_Periodistas-1.jpg?resize=525%2C300 1.5x, https:\/\/i0.wp.com\/www.grieta.org.mx\/wp-content\/uploads\/2018\/07\/Protesta_Periodistas-1.jpg?resize=700%2C400 2x"},"classes":[]},{"id":63217,"url":"http:\/\/www.grieta.org.mx\/index.php\/2022\/01\/25\/exigen-periodistas-de-puerto-vallarta-un-cese-a-la-violencia-contra-el-gremio-jalisco\/","url_meta":{"origin":63484,"position":5},"title":"Exigen periodistas de Puerto Vallarta un cese a la violencia contra el gremio (Jalisco)","author":"grieta","date":"25 enero, 2022","format":false,"excerpt":"Foto: Zona Docs Periodistas de Puerto Vallarta, Jalisco, tambi\u00e9n se sumaron a la Movilizaci\u00f3n Nacional #PeriodismoEnRiesgo y desde el malec\u00f3n exigieron condiciones de seguridad para ejercer su trabajo, as\u00ed mismo exhortaron al gobierno para que ninguna del cr\u00edmenes cometidos contra periodistas quede impune. Leslie Zepeda\/ Zona Docs Tras el asesinato\u2026","rel":"","context":"En &quot;CINTILLO&quot;","block_context":{"text":"CINTILLO","link":"http:\/\/www.grieta.org.mx\/index.php\/category\/cintillo\/"},"img":{"alt_text":"","src":"https:\/\/i0.wp.com\/www.grieta.org.mx\/wp-content\/uploads\/2022\/01\/Unknown-20-2-768x512-1.jpeg?resize=350%2C200","width":350,"height":200,"srcset":"https:\/\/i0.wp.com\/www.grieta.org.mx\/wp-content\/uploads\/2022\/01\/Unknown-20-2-768x512-1.jpeg?resize=350%2C200 1x, https:\/\/i0.wp.com\/www.grieta.org.mx\/wp-content\/uploads\/2022\/01\/Unknown-20-2-768x512-1.jpeg?resize=525%2C300 1.5x, https:\/\/i0.wp.com\/www.grieta.org.mx\/wp-content\/uploads\/2022\/01\/Unknown-20-2-768x512-1.jpeg?resize=700%2C400 2x"},"classes":[]}],"_links":{"self":[{"href":"http:\/\/www.grieta.org.mx\/index.php\/wp-json\/wp\/v2\/posts\/63484","targetHints":{"allow":["GET"]}}],"collection":[{"href":"http:\/\/www.grieta.org.mx\/index.php\/wp-json\/wp\/v2\/posts"}],"about":[{"href":"http:\/\/www.grieta.org.mx\/index.php\/wp-json\/wp\/v2\/types\/post"}],"author":[{"embeddable":true,"href":"http:\/\/www.grieta.org.mx\/index.php\/wp-json\/wp\/v2\/users\/2"}],"replies":[{"embeddable":true,"href":"http:\/\/www.grieta.org.mx\/index.php\/wp-json\/wp\/v2\/comments?post=63484"}],"version-history":[{"count":1,"href":"http:\/\/www.grieta.org.mx\/index.php\/wp-json\/wp\/v2\/posts\/63484\/revisions"}],"predecessor-version":[{"id":63486,"href":"http:\/\/www.grieta.org.mx\/index.php\/wp-json\/wp\/v2\/posts\/63484\/revisions\/63486"}],"wp:featuredmedia":[{"embeddable":true,"href":"http:\/\/www.grieta.org.mx\/index.php\/wp-json\/wp\/v2\/media\/63485"}],"wp:attachment":[{"href":"http:\/\/www.grieta.org.mx\/index.php\/wp-json\/wp\/v2\/media?parent=63484"}],"wp:term":[{"taxonomy":"category","embeddable":true,"href":"http:\/\/www.grieta.org.mx\/index.php\/wp-json\/wp\/v2\/categories?post=63484"},{"taxonomy":"post_tag","embeddable":true,"href":"http:\/\/www.grieta.org.mx\/index.php\/wp-json\/wp\/v2\/tags?post=63484"}],"curies":[{"name":"wp","href":"https:\/\/api.w.org\/{rel}","templated":true}]}}