{"id":63470,"date":"2022-02-18T13:12:07","date_gmt":"2022-02-18T19:12:07","guid":{"rendered":"https:\/\/www.grieta.org.mx\/?p=63470"},"modified":"2022-02-23T13:21:11","modified_gmt":"2022-02-23T19:21:11","slug":"persiste-desaparicion-de-mujeres-en-zona-centro-de-veracruz-y-esta-relacionada-con-industria-de-trata-de-personas-acusa-colectivo","status":"publish","type":"post","link":"http:\/\/www.grieta.org.mx\/index.php\/2022\/02\/18\/persiste-desaparicion-de-mujeres-en-zona-centro-de-veracruz-y-esta-relacionada-con-industria-de-trata-de-personas-acusa-colectivo\/","title":{"rendered":"Persiste desaparici\u00f3n de mujeres en zona centro de Veracruz y est\u00e1 relacionada con industria de trata de personas, acusa colectivo"},"content":{"rendered":"<p>Nora Gabriela Lira \/ Imagen de Veracruz<\/p>\n<p>La desaparici\u00f3n de mujeres, principalmente j\u00f3venes, persiste en la zona centro de Veracruz, lo que hace pensar en trata de personas, indic\u00f3 Araceli Salcedo Jim\u00e9nez, representante del Colectivo de Familiares de Desaparecidos en Orizaba-C\u00f3rdoba.<\/p>\n<p>Record\u00f3 que apenas el mi\u00e9rcoles hubo una marcha por una jovencita del municipio de Acultzingo que sali\u00f3 de su casa y sus familiares no han vuelto a saber de ella.<\/p>\n<p>&#8220;Como lo ha dado a conocer el Colectivo de Familiares Orizaba-C\u00f3rdoba, las desapariciones en la zona centro del estado siguen d\u00eda con d\u00eda; desafortunadamente hay personas que no quieren denunciar, otras s\u00ed alzan la voz y todas las familias que tienen a un desaparecido saben que cuentan con el Colectivo para apoyarlos, asesorarlos y ayudarlos a difundir, como lo hemos estado haciendo con esta chiquita de 18 a\u00f1os que tiene cinco d\u00edas desaparecida, y exigiendo que las autoridades activen los protocolos de b\u00fasqueda inmediata de esta persona&#8221;.<\/p>\n<p>Salcedo Jim\u00e9nez destac\u00f3 que la trata existe, pero el gobierno no le pone le atenci\u00f3n adecuada y las ni\u00f1as son enganchadas en redes sociales, por diferentes medios, y son &#8220;enamoradas con falsas promesas&#8221; y algunas por la inexperiencia caen en ese enga\u00f1o.<\/p>\n<p>Consider\u00f3 que lo que queda es seguir difundiendo que la trata existe, que las desapariciones se siguen dando y con eso ayudar.<\/p>\n<p>Record\u00f3 que cuando ellas iniciaron ese camino no hab\u00eda nada, pero ahora est\u00e1n en disposici\u00f3n de ayudar a otros.<\/p>\n<p>Reconoci\u00f3 que en la zona serrana hay casos tambi\u00e9n y es necesario que en las Fiscal\u00edas haya un traductor, porque muchas veces se acercan pero no saben expresarse bien en espa\u00f1ol y no les hacen caso.<\/p>\n<p>&#8220;En las zonas serranas se complica por las distancias, por la cultura, y no es f\u00e1cil salir de sus comunidades para poner una denuncia y estar yendo cada vez que se los soliciten&#8221;, apunt\u00f3.<\/p>\n<p><a href=\"https:\/\/imagendeveracruz.mx\/estado\/persiste-desaparicion-de-mujeres-en-zona-centro-de-veracruz-acusa-colectivo\/50160977\" rel=\"noopener\" target=\"_blank\">https:\/\/imagendeveracruz.mx\/estado\/persiste-desaparicion-de-mujeres-en-zona-centro-de-veracruz-acusa-colectivo\/50160977<\/a><\/p>\n","protected":false},"excerpt":{"rendered":"<p>Nora Gabriela Lira \/ Imagen de Veracruz La desaparici\u00f3n de mujeres, principalmente j\u00f3venes, persiste en la zona centro de Veracruz, lo que hace pensar en trata de personas, indic\u00f3 Araceli &hellip; <a href=\"http:\/\/www.grieta.org.mx\/index.php\/2022\/02\/18\/persiste-desaparicion-de-mujeres-en-zona-centro-de-veracruz-y-esta-relacionada-con-industria-de-trata-de-personas-acusa-colectivo\/\" class=\"more-link\">Leer m\u00e1s<\/a><\/p>\n","protected":false},"author":2,"featured_media":63471,"comment_status":"closed","ping_status":"closed","sticky":false,"template":"","format":"standard","meta":{"ngg_post_thumbnail":0,"_jetpack_newsletter_access":"","_jetpack_dont_email_post_to_subs":false,"_jetpack_newsletter_tier_id":0,"_jetpack_memberships_contains_paywalled_content":false,"_jetpack_memberships_contains_paid_content":false,"footnotes":""},"categories":[80,87,1012,2,83,2828,35],"tags":[1490,631,2270,417],"class_list":["post-63470","post","type-post","status-publish","format-standard","has-post-thumbnail","hentry","category-cintillo","category-desaparecidos","category-desaparecidos-en-veracruz","category-noticias-nacionales","category-temas-nacionales","category-trata-de-personas-en-veracruz","category-veracruz","tag-adolescentes-desaparecidas","tag-desaparecidas","tag-mujeres-desaparecidas","tag-trata-de-personas","entry"],"jetpack_featured_media_url":"http:\/\/www.grieta.org.mx\/wp-content\/uploads\/2022\/02\/e1797428-8f98-4c56-b8ee-a3308d21127f-focus-0-0-732-549.jpg","jetpack_sharing_enabled":true,"jetpack_shortlink":"https:\/\/wp.me\/p7ZJR4-gvI","jetpack_likes_enabled":false,"jetpack-related-posts":[{"id":69473,"url":"http:\/\/www.grieta.org.mx\/index.php\/2024\/08\/11\/preocupa-en-la-zona-centro-de-veracruz-la-desaparicion-de-menores-de-edad-colectivo\/","url_meta":{"origin":63470,"position":0},"title":"Preocupa en la zona centro de Veracruz la desaparici\u00f3n de menores de edad: Colectivo","author":"grieta","date":"11 agosto, 2024","format":false,"excerpt":"Editor: Javier Dom\u00ednguez \/ XEU Noticias La desaparici\u00f3n de menores se ha recrudecido de manera dr\u00e1stica durante los \u00faltimos d\u00edas en Orizaba y la regi\u00f3n de Altas Monta\u00f1as, situaci\u00f3n ha desencadenado una gran preocupaci\u00f3n entre padres y padres de familia. Integrantes del Colectivo de Familias de Personas Desaparecidas en la\u2026","rel":"","context":"En &quot;CINTILLO&quot;","block_context":{"text":"CINTILLO","link":"http:\/\/www.grieta.org.mx\/index.php\/category\/cintillo\/"},"img":{"alt_text":"","src":"https:\/\/i0.wp.com\/www.grieta.org.mx\/wp-content\/uploads\/2024\/08\/Screenshot-2024-08-28-at-13-51-55-Preocupa-en-la-zona-centro-de-Veracruz-la-desaparicion-de-menores-de-edad-Colectivo-xeu-noticias-veracruz.png?resize=350%2C200","width":350,"height":200,"srcset":"https:\/\/i0.wp.com\/www.grieta.org.mx\/wp-content\/uploads\/2024\/08\/Screenshot-2024-08-28-at-13-51-55-Preocupa-en-la-zona-centro-de-Veracruz-la-desaparicion-de-menores-de-edad-Colectivo-xeu-noticias-veracruz.png?resize=350%2C200 1x, https:\/\/i0.wp.com\/www.grieta.org.mx\/wp-content\/uploads\/2024\/08\/Screenshot-2024-08-28-at-13-51-55-Preocupa-en-la-zona-centro-de-Veracruz-la-desaparicion-de-menores-de-edad-Colectivo-xeu-noticias-veracruz.png?resize=525%2C300 1.5x, https:\/\/i0.wp.com\/www.grieta.org.mx\/wp-content\/uploads\/2024\/08\/Screenshot-2024-08-28-at-13-51-55-Preocupa-en-la-zona-centro-de-Veracruz-la-desaparicion-de-menores-de-edad-Colectivo-xeu-noticias-veracruz.png?resize=700%2C400 2x, https:\/\/i0.wp.com\/www.grieta.org.mx\/wp-content\/uploads\/2024\/08\/Screenshot-2024-08-28-at-13-51-55-Preocupa-en-la-zona-centro-de-Veracruz-la-desaparicion-de-menores-de-edad-Colectivo-xeu-noticias-veracruz.png?resize=1050%2C600 3x"},"classes":[]},{"id":67646,"url":"http:\/\/www.grieta.org.mx\/index.php\/2023\/08\/31\/marchan-colectivos-en-el-dia-internacional-contra-la-violencia-de-victimas-desaparicion-forzada-veracruz\/","url_meta":{"origin":63470,"position":1},"title":"Marchan colectivos en el D\u00eda Internacional contra la Violencia de V\u00edctimas Desaparici\u00f3n Forzada, Veracruz","author":"grieta","date":"31 agosto, 2023","format":false,"excerpt":"Se movilizan en Veracruz, Xalapa, Orizaba, C\u00f3rdoba En el D\u00eda Internacional contra la Violencia de V\u00edctimas Desaparici\u00f3n Forzada Reclaman nulo avance en la localizaci\u00f3n de personas Noem\u00ed Valdez \/ Notiver Este mi\u00e9rcoles, colectivos salieron a las calles en diversas ciudades de Veracruz para levantar la voz en el D\u00eda Internacional\u2026","rel":"","context":"En &quot;CINTILLO&quot;","block_context":{"text":"CINTILLO","link":"http:\/\/www.grieta.org.mx\/index.php\/category\/cintillo\/"},"img":{"alt_text":"","src":"https:\/\/i0.wp.com\/www.grieta.org.mx\/wp-content\/uploads\/2023\/09\/1SE-LEVANTAN-COLECTIVOS-1.jpg?resize=350%2C200","width":350,"height":200,"srcset":"https:\/\/i0.wp.com\/www.grieta.org.mx\/wp-content\/uploads\/2023\/09\/1SE-LEVANTAN-COLECTIVOS-1.jpg?resize=350%2C200 1x, https:\/\/i0.wp.com\/www.grieta.org.mx\/wp-content\/uploads\/2023\/09\/1SE-LEVANTAN-COLECTIVOS-1.jpg?resize=525%2C300 1.5x, https:\/\/i0.wp.com\/www.grieta.org.mx\/wp-content\/uploads\/2023\/09\/1SE-LEVANTAN-COLECTIVOS-1.jpg?resize=700%2C400 2x"},"classes":[]},{"id":53337,"url":"http:\/\/www.grieta.org.mx\/index.php\/2020\/09\/14\/integrantes-de-colectivo-de-familias-de-desaparecidos-convocan-a-marcha-veracruz\/","url_meta":{"origin":63470,"position":2},"title":"Integrantes de colectivo de Familias de desaparecidos, convocan a marcha (Veracruz)","author":"grieta","date":"14 septiembre, 2020","format":false,"excerpt":"\u00a0 Mayra Figueiras Hern\u00e1ndez | El Sol de Orizaba Orizaba, Ver.- La b\u00fasqueda de los desaparecidos en Veracruz es simulada, pues ni el gobierno estatal ni las instituciones que fueron creadas para ello los buscan, asever\u00f3 Ana Lilia Jim\u00e9nez Sandoval, integrante del Colectivo Familias de Desaparecidos Orizaba-C\u00f3rdoba. Por ello, pese\u2026","rel":"","context":"En &quot;CINTILLO&quot;","block_context":{"text":"CINTILLO","link":"http:\/\/www.grieta.org.mx\/index.php\/category\/cintillo\/"},"img":{"alt_text":"","src":"https:\/\/i0.wp.com\/www.grieta.org.mx\/wp-content\/uploads\/2020\/09\/desaparecidos1-marcha.gif?resize=350%2C200","width":350,"height":200,"srcset":"https:\/\/i0.wp.com\/www.grieta.org.mx\/wp-content\/uploads\/2020\/09\/desaparecidos1-marcha.gif?resize=350%2C200 1x, https:\/\/i0.wp.com\/www.grieta.org.mx\/wp-content\/uploads\/2020\/09\/desaparecidos1-marcha.gif?resize=525%2C300 1.5x, https:\/\/i0.wp.com\/www.grieta.org.mx\/wp-content\/uploads\/2020\/09\/desaparecidos1-marcha.gif?resize=700%2C400 2x"},"classes":[]},{"id":26306,"url":"http:\/\/www.grieta.org.mx\/index.php\/2018\/08\/30\/pase-de-lista-de-desaparecidos-en-seis-ciudades-de-veracruz-estiman-en-7-mil-las-ausencias\/","url_meta":{"origin":63470,"position":3},"title":"\u201cPase de lista de desaparecidos\u201d en seis ciudades de Veracruz; estiman en 7 mil las ausencias","author":"grieta","date":"30 agosto, 2018","format":false,"excerpt":"No\u00e9 Zabaleta \/ Proceso XALAPA, Ver. (apro).- Con misas, ofrendas florales y veladoras, as\u00ed como un performance que emul\u00f3 una narcofosa, aparte de letreros de \u201cimpunidad\u201d, y un emotivo \u201cpase de lista\u201d, integrantes de los 13 colectivos recordaron hoy el D\u00eda Internacional de V\u00edctimas de Desaparici\u00f3n Forzada. En Xalapa, en\u2026","rel":"","context":"En &quot;CINTILLO&quot;","block_context":{"text":"CINTILLO","link":"http:\/\/www.grieta.org.mx\/index.php\/category\/cintillo\/"},"img":{"alt_text":"","src":"https:\/\/i0.wp.com\/www.grieta.org.mx\/wp-content\/uploads\/2018\/09\/c-1-1078x800.jpg?resize=350%2C200","width":350,"height":200,"srcset":"https:\/\/i0.wp.com\/www.grieta.org.mx\/wp-content\/uploads\/2018\/09\/c-1-1078x800.jpg?resize=350%2C200 1x, https:\/\/i0.wp.com\/www.grieta.org.mx\/wp-content\/uploads\/2018\/09\/c-1-1078x800.jpg?resize=525%2C300 1.5x, https:\/\/i0.wp.com\/www.grieta.org.mx\/wp-content\/uploads\/2018\/09\/c-1-1078x800.jpg?resize=700%2C400 2x, https:\/\/i0.wp.com\/www.grieta.org.mx\/wp-content\/uploads\/2018\/09\/c-1-1078x800.jpg?resize=1050%2C600 3x"},"classes":[]},{"id":38893,"url":"http:\/\/www.grieta.org.mx\/index.php\/2019\/08\/15\/alarmante-numero-de-feminicidios-colectivo-veracruz\/","url_meta":{"origin":63470,"position":4},"title":"Alarmante, n\u00famero de feminicidios: Colectivo (Veracruz)","author":"grieta","date":"15 agosto, 2019","format":false,"excerpt":"Mayra Figueiras Hern\u00e1ndez \/ El Sol de Cordoba En la regi\u00f3n C\u00f3rdoba, Orizaba y Zongolica van 28, se\u00f1al\u00f3 que los datos que ellos obtienen se recaban de la informaci\u00f3n que cada d\u00eda se reporta. Orizaba, Ver.- Las estad\u00edsticas de feminicidios, que desconoce la titular del Instituto Veracruzano de las Mujeres,\u2026","rel":"","context":"En &quot;CINTILLO&quot;","block_context":{"text":"CINTILLO","link":"http:\/\/www.grieta.org.mx\/index.php\/category\/cintillo\/"},"img":{"alt_text":"","src":"https:\/\/i0.wp.com\/www.grieta.org.mx\/wp-content\/uploads\/2019\/09\/Colectivo-Feminista-Cihuatlahtolli.jpg?resize=350%2C200","width":350,"height":200,"srcset":"https:\/\/i0.wp.com\/www.grieta.org.mx\/wp-content\/uploads\/2019\/09\/Colectivo-Feminista-Cihuatlahtolli.jpg?resize=350%2C200 1x, https:\/\/i0.wp.com\/www.grieta.org.mx\/wp-content\/uploads\/2019\/09\/Colectivo-Feminista-Cihuatlahtolli.jpg?resize=525%2C300 1.5x, https:\/\/i0.wp.com\/www.grieta.org.mx\/wp-content\/uploads\/2019\/09\/Colectivo-Feminista-Cihuatlahtolli.jpg?resize=700%2C400 2x"},"classes":[]},{"id":45506,"url":"http:\/\/www.grieta.org.mx\/index.php\/2020\/03\/03\/colectivo-de-puebla-si-encontro-a-desaparecidos-tras-intervenir-fosas-clandestinas-en-veracruz\/","url_meta":{"origin":63470,"position":5},"title":"Colectivo de Puebla s\u00ed encontr\u00f3 a desaparecidos tras intervenir fosas clandestinas en Veracruz","author":"Admin","date":"3 marzo, 2020","format":false,"excerpt":"Magarely Hern\u00e1ndez \/ P\u00e1gina Negra Tras intervenir fosas clandestinas en el estado de Veracruz, el colectivo \u201cVoz de los Desaparecidos\u201d de Puebla encontr\u00f3 restos de personas que podr\u00edan ser algunos poblanos buscados desde hace varios meses e incluso a\u00f1os. As\u00ed lo confirm\u00f3 a P\u00c1GINA NEGRA Mar\u00eda Luisa N\u00fa\u00f1ez, vocera del\u2026","rel":"","context":"En &quot;CINTILLO&quot;","block_context":{"text":"CINTILLO","link":"http:\/\/www.grieta.org.mx\/index.php\/category\/cintillo\/"},"img":{"alt_text":"","src":"https:\/\/i0.wp.com\/www.grieta.org.mx\/wp-content\/uploads\/2020\/03\/Captura-de-pantalla-2020-03-04-a-las-12.03.59-p.m..png?resize=350%2C200","width":350,"height":200,"srcset":"https:\/\/i0.wp.com\/www.grieta.org.mx\/wp-content\/uploads\/2020\/03\/Captura-de-pantalla-2020-03-04-a-las-12.03.59-p.m..png?resize=350%2C200 1x, https:\/\/i0.wp.com\/www.grieta.org.mx\/wp-content\/uploads\/2020\/03\/Captura-de-pantalla-2020-03-04-a-las-12.03.59-p.m..png?resize=525%2C300 1.5x"},"classes":[]}],"_links":{"self":[{"href":"http:\/\/www.grieta.org.mx\/index.php\/wp-json\/wp\/v2\/posts\/63470","targetHints":{"allow":["GET"]}}],"collection":[{"href":"http:\/\/www.grieta.org.mx\/index.php\/wp-json\/wp\/v2\/posts"}],"about":[{"href":"http:\/\/www.grieta.org.mx\/index.php\/wp-json\/wp\/v2\/types\/post"}],"author":[{"embeddable":true,"href":"http:\/\/www.grieta.org.mx\/index.php\/wp-json\/wp\/v2\/users\/2"}],"replies":[{"embeddable":true,"href":"http:\/\/www.grieta.org.mx\/index.php\/wp-json\/wp\/v2\/comments?post=63470"}],"version-history":[{"count":1,"href":"http:\/\/www.grieta.org.mx\/index.php\/wp-json\/wp\/v2\/posts\/63470\/revisions"}],"predecessor-version":[{"id":63472,"href":"http:\/\/www.grieta.org.mx\/index.php\/wp-json\/wp\/v2\/posts\/63470\/revisions\/63472"}],"wp:featuredmedia":[{"embeddable":true,"href":"http:\/\/www.grieta.org.mx\/index.php\/wp-json\/wp\/v2\/media\/63471"}],"wp:attachment":[{"href":"http:\/\/www.grieta.org.mx\/index.php\/wp-json\/wp\/v2\/media?parent=63470"}],"wp:term":[{"taxonomy":"category","embeddable":true,"href":"http:\/\/www.grieta.org.mx\/index.php\/wp-json\/wp\/v2\/categories?post=63470"},{"taxonomy":"post_tag","embeddable":true,"href":"http:\/\/www.grieta.org.mx\/index.php\/wp-json\/wp\/v2\/tags?post=63470"}],"curies":[{"name":"wp","href":"https:\/\/api.w.org\/{rel}","templated":true}]}}