{"id":63453,"date":"2022-02-13T11:09:22","date_gmt":"2022-02-13T17:09:22","guid":{"rendered":"https:\/\/www.grieta.org.mx\/?p=63453"},"modified":"2022-02-23T11:16:27","modified_gmt":"2022-02-23T17:16:27","slug":"marina-reserva-las-ordenes-que-recibieron-sus-elementos-acusados-de-desapariciones-en-nuevo-laredo","status":"publish","type":"post","link":"http:\/\/www.grieta.org.mx\/index.php\/2022\/02\/13\/marina-reserva-las-ordenes-que-recibieron-sus-elementos-acusados-de-desapariciones-en-nuevo-laredo\/","title":{"rendered":"Marina reserva las \u00f3rdenes que recibieron sus elementos acusados de desapariciones en Nuevo Laredo"},"content":{"rendered":"<p>Alberto Pradilla\/Animal Pol\u00edtico<br \/>\n13 febrero 2022<\/p>\n<p>La Secretar\u00eda de Marina quiere reservar la informaci\u00f3n sobre dos operativos clave para entender las desapariciones perpetradas presuntamente por elementos navales entre febrero y junio de 2018.<\/p>\n<p>Se trata de los operativos Laguna 2018 y Refuerzo Laguna 2018, \u2212que seg\u00fan informaci\u00f3n contenida en diversas carpetas de investigaci\u00f3n de la Fiscal\u00eda General de la Rep\u00fablica (FGR)\u2212, explican el despliegue de la Armada de M\u00e9xico en Coahuila, Nuevo Le\u00f3n y Tamaulipas durante las fechas en las que se produjeron las desapariciones y que los investigadores atribuyen a los marinos.<\/p>\n<p>Animal Pol\u00edtico solicit\u00f3, a trav\u00e9s de transparencia, el contenido de las instrucciones recibidas por los marinos entre marzo y noviembre, aunque el operativo inici\u00f3 en diciembre de 2017. La primera respuesta fue declarar la inexistencia de la informaci\u00f3n, pero tras un recurso ante el Instituto Nacional de Transparencia, Acceso a la Informaci\u00f3n y Protecci\u00f3n de Datos Personales (INAI), la instituci\u00f3n no solo reconoci\u00f3 disponer de la documentaci\u00f3n, sino que la declar\u00f3 como informaci\u00f3n reservada.<\/p>\n<p>La Semar argumenta que la divulgaci\u00f3n de esta informaci\u00f3n supondr\u00eda un riesgo para sus elementos, que podr\u00edan ser atacados por grupos del crimen organizado.<\/p>\n<p>\u201cPor la naturaleza del desempe\u00f1o de sus actividades, se pondr\u00eda en peligro la vida o la integridad f\u00edsica de los mismos\u201d. Adem\u00e1s, afirma tambi\u00e9n que difundir dicha informaci\u00f3n pondr\u00eda en peligro \u201cla seguridad de las instalaciones navales, ya que la delincuencia organizada tendr\u00eda la posibilidad de utilizar la citada informaci\u00f3n para localizar a personal naval y cometer hechos constitutivos de delitos poni\u00e9ndose en peligro la vida, seguridad y salud del personal naval\u201d.<\/p>\n<p>La reserva tambi\u00e9n forma parte de una estrategia de opacidad de la instituci\u00f3n en relaci\u00f3n con estos hechos. En su momento tambi\u00e9n reserv\u00f3 los expedientes de los mandos vinculados a las desapariciones como el almirante Marco Antonio Ortega Siu, que en aquel momento era el m\u00e1ximo responsable de la Unidad de Operaciones Especiales (Unopes), y el capit\u00e1n Alfredo Reyes Mondrag\u00f3n, jefe en Nuevo Laredo y encarcelado por desaparici\u00f3n forzada entre abril y noviembre de 2021.<\/p>\n<p>Casi 600 elementos en tres estados<br \/>\nLa Fiscal\u00eda General de la Rep\u00fablica tiene abiertas 34 carpetas de investigaci\u00f3n sobre 47 desapariciones perpetradas entre febrero y mayo de 2018 en Nuevo Laredo. De ellos, al menos 20 fueron encontrados muertos, pero por ahora no hay ning\u00fan expediente que apunte a la ejecuci\u00f3n extrajudicial.<\/p>\n<p>Actualmente hay 18 marinos en prisi\u00f3n por la desaparici\u00f3n de tres personas: No\u00e9 Ignacio Alf\u00e9rez Hern\u00e1ndez y Jonathan Ballesteros, Julio C\u00e9sar Viramontes y Jos\u00e9 Luis Bautista Carrillo. En abril se cumple un a\u00f1o de la vinculaci\u00f3n a proceso de estos y otros 12 que en noviembre recuperaron la libertad tras presentar un amparo. Todos ellos formaban parte de dos operativos m\u00e1s amplios denominados Laguna 2018 y Refuerzo Laguna 2018 y que estuvieron en vigor, al menos, entre marzo y noviembre de aquel a\u00f1o.<\/p>\n<p>En este periodo, un total de 586 elementos fueron desplegados entre Coahuila, Nuevo Le\u00f3n y Tamaulipas, distribuidos en las bases de Nuevo Laredo Norte, Nuevo Laredo Sur, Colombia, El Vergel, Silla, Rancho Grande, Quer\u00e9taro, Miguel Alem\u00e1n, Jarachina y R\u00edo Bravo. Algunos de los cuerpos que fueron encontrados aparecieron en brechas de carreteras que unen Nuevo Laredo con Piedras Negras, Coahuila, o Monterrey, Nuevo Le\u00f3n.<\/p>\n<p>El prop\u00f3sito de aquel operativo, seg\u00fan Semar, era \u201crealizar recorridos de disuasi\u00f3n en diferentes ciudades, negando el uso del \u00e1rea a presuntos infractores de la Ley y poner a disposici\u00f3n a personas detenidas y material asegurado ante las autoridades competentes; as\u00ed como el de coadyuvar con las autoridades de los tres niveles de gobierno en el restablecimiento del estado de derecho en dichas entidades federativas, en estricto apego al respecto de los derechos humanos y del Manual del Uso de la Fuerza, de aplicaci\u00f3n com\u00fan a las tres armadas\u201d.<\/p>\n<p>M\u00e1s all\u00e1 de esta explicaci\u00f3n gen\u00e9rica, la Marina mantiene en reserva las \u00f3rdenes concretas que recibieron sus elementos.<\/p>\n<p>El despliegue tuvo lugar cinco meses despu\u00e9s de un encuentro celebrado a finales de julio en la Ciudad de M\u00e9xico en el que participaron el almirante Ortega Siu, el entonces secretario de la Semar, almirante Vidal Francisco Sober\u00f3n, y el jefe de gobierno del estado de Tamaulipas, Francisco Garc\u00eda Cabeza de Vaca. Seg\u00fan inform\u00f3 en su momento el gobierno del estado, esta reuni\u00f3n era para fortalecer la presencia de la Armada en la Playa de Matamoros, Tamaulipas.<\/p>\n<p>El 1 de junio de 2018 el operativo termin\u00f3 abruptamente. Las denuncias por las desapariciones llegaron hasta la oficina del Alto Comisionado para los Derechos Humanos de la ONU, que dio veracidad a los testimonios de las familias. As\u00ed que 257 marinos fueron enviados a la Ciudad de M\u00e9xico, supuestamente, para ser puestos a disposici\u00f3n de los investigadores. Sin embargo, en Nuevo Laredo permanecieron dos peque\u00f1os destacamentos en las bases Norte y Sur. La primera mantuvo 36 elementos hasta el 22 de diciembre, mientras que la segunda sigui\u00f3 con 39 marinos hasta el 16 de enero. En este tiempo se registr\u00f3 una \u00faltima desaparici\u00f3n: F\u00e9lix Nieto V\u00e1zquez fue capturado el 16 de diciembre y no se le volvi\u00f3 a ver. El caso est\u00e1 siendo investigado por la FGR dentro de la carpeta 347\/2018.<\/p>\n<p>La opacidad de Marina se mantiene y la investigaci\u00f3n no avanza. Actualmente solo hay tres carpetas judicializadas, por la que siguen los 18 marinos en prisi\u00f3n. Sin embargo, est\u00e1n pendientes de resolverse los amparos presentados por los elementos, lo que mantiene el caso paralizado. La semana pasada, un juez federal en Reynosa tom\u00f3 declaraci\u00f3n al exalcalde de Nuevo Laredo, Enrique Rivas Cu\u00e9llar, por el uso de camionetas clonadas de la Marina. Est\u00e1 acusado de \u201cuso indebido de condecoraciones, uniformes, grados jer\u00e1rquicos, divisas, insignias y siglas\u201d, seg\u00fan el art\u00edculo 250 1 bis del C\u00f3digo Penal Federal, pero no ha trascendido si finalmente fue vinculado a proceso.<\/p>\n<p>Al menos una familia se\u00f1ala a esas camionetas como responsables de una desaparici\u00f3n. La Armada de M\u00e9xico reconoci\u00f3 su responsabilidad en los hechos mediante una disculpa p\u00fablica realizada el 13 de julio ante las familias en Nuevo Laredo. Desde entonces todo sigue estancado. Las familias siguen esperando el siguiente paso: que los responsables les digan qu\u00e9 hicieron con sus seres queridos.<\/p>\n<p><a href=\"https:\/\/www.animalpolitico.com\/2022\/02\/marina-reserva-ordenes-elementos-acusados-desapariciones-nuevo-laredo\/?utm_source=pocket_mylist\" rel=\"noopener\" target=\"_blank\">https:\/\/www.animalpolitico.com\/2022\/02\/marina-reserva-ordenes-elementos-acusados-desapariciones-nuevo-laredo\/?utm_source=pocket_mylist<\/a><\/p>\n","protected":false},"excerpt":{"rendered":"<p>Alberto Pradilla\/Animal Pol\u00edtico 13 febrero 2022 La Secretar\u00eda de Marina quiere reservar la informaci\u00f3n sobre dos operativos clave para entender las desapariciones perpetradas presuntamente por elementos navales entre febrero y &hellip; <a href=\"http:\/\/www.grieta.org.mx\/index.php\/2022\/02\/13\/marina-reserva-las-ordenes-que-recibieron-sus-elementos-acusados-de-desapariciones-en-nuevo-laredo\/\" class=\"more-link\">Leer m\u00e1s<\/a><\/p>\n","protected":false},"author":2,"featured_media":63454,"comment_status":"closed","ping_status":"closed","sticky":false,"template":"","format":"standard","meta":{"ngg_post_thumbnail":0,"_jetpack_newsletter_access":"","_jetpack_dont_email_post_to_subs":false,"_jetpack_newsletter_tier_id":0,"_jetpack_memberships_contains_paywalled_content":false,"_jetpack_memberships_contains_paid_content":false,"footnotes":""},"categories":[80,912,2,83],"tags":[260,4078,614,1790],"class_list":["post-63453","post","type-post","status-publish","format-standard","has-post-thumbnail","hentry","category-cintillo","category-militarizacion","category-noticias-nacionales","category-temas-nacionales","tag-desaparicion-forzada","tag-impunidad-fuerzas-militares","tag-militarizacion","tag-semar","entry"],"jetpack_featured_media_url":"http:\/\/www.grieta.org.mx\/wp-content\/uploads\/2022\/02\/semar.jpeg","jetpack_sharing_enabled":true,"jetpack_shortlink":"https:\/\/wp.me\/p7ZJR4-gvr","jetpack_likes_enabled":false,"jetpack-related-posts":[{"id":58787,"url":"http:\/\/www.grieta.org.mx\/index.php\/2021\/04\/14\/en-nuevo-laredo-tamaulipas-cada-semana-desaparecian-personas\/","url_meta":{"origin":63453,"position":0},"title":"En Nuevo Laredo, Tamaulipas, &#8216;cada semana desaparec\u00edan personas&#8217;","author":"grieta","date":"14 abril, 2021","format":false,"excerpt":"Redacci\u00f3n\/Aristegui Noticias 14 abril 2021 Cuestionan error de la Marina en comunicado sobre sus 30 elementos detenidos por desapariciones en Nuevo Laredo. La Fiscal\u00eda General de la Rep\u00fablica ejecut\u00f3 las \u00f3rdenes de aprehensi\u00f3n contra los marinos, lo que est\u00e1 relacionado con los hechos ocurridos en 2018 en Nuevo Laredo, Tamaulipas.\u2026","rel":"","context":"En &quot;CINTILLO&quot;","block_context":{"text":"CINTILLO","link":"http:\/\/www.grieta.org.mx\/index.php\/category\/cintillo\/"},"img":{"alt_text":"","src":"https:\/\/i0.wp.com\/www.grieta.org.mx\/wp-content\/uploads\/2021\/04\/marina.jpg?resize=350%2C200","width":350,"height":200,"srcset":"https:\/\/i0.wp.com\/www.grieta.org.mx\/wp-content\/uploads\/2021\/04\/marina.jpg?resize=350%2C200 1x, https:\/\/i0.wp.com\/www.grieta.org.mx\/wp-content\/uploads\/2021\/04\/marina.jpg?resize=525%2C300 1.5x, https:\/\/i0.wp.com\/www.grieta.org.mx\/wp-content\/uploads\/2021\/04\/marina.jpg?resize=700%2C400 2x, https:\/\/i0.wp.com\/www.grieta.org.mx\/wp-content\/uploads\/2021\/04\/marina.jpg?resize=1050%2C600 3x"},"classes":[]},{"id":52260,"url":"http:\/\/www.grieta.org.mx\/index.php\/2020\/07\/22\/cndh-acredita-responsabilidad-de-la-marina-en-la-desaparicion-de-27-personas-en-tamaulipas\/","url_meta":{"origin":63453,"position":1},"title":"CNDH acredita responsabilidad de la Marina en la desaparici\u00f3n de 27 personas en Tamaulipas","author":"grieta","date":"22 julio, 2020","format":false,"excerpt":"AFP\/Animal Pol\u00edtico 22 julio 2020 En 2018, elementos de la Marina detuvieron a 27 personas de forma arbitraria, 12 de ellas fueron encontradas muertas. Foto: Cuartoscuro La Secretar\u00eda de Marina Armada de M\u00e9xico (SEMAR) fue implicada en la desaparici\u00f3n de 27 personas en 2018 y se le pidi\u00f3 indemnizar a\u2026","rel":"","context":"En &quot;CINTILLO&quot;","block_context":{"text":"CINTILLO","link":"http:\/\/www.grieta.org.mx\/index.php\/category\/cintillo\/"},"img":{"alt_text":"","src":"https:\/\/i0.wp.com\/www.grieta.org.mx\/wp-content\/uploads\/2020\/08\/cuartoscuro_755037_digital-e1595420896238.jpeg?resize=350%2C200","width":350,"height":200,"srcset":"https:\/\/i0.wp.com\/www.grieta.org.mx\/wp-content\/uploads\/2020\/08\/cuartoscuro_755037_digital-e1595420896238.jpeg?resize=350%2C200 1x, https:\/\/i0.wp.com\/www.grieta.org.mx\/wp-content\/uploads\/2020\/08\/cuartoscuro_755037_digital-e1595420896238.jpeg?resize=525%2C300 1.5x, https:\/\/i0.wp.com\/www.grieta.org.mx\/wp-content\/uploads\/2020\/08\/cuartoscuro_755037_digital-e1595420896238.jpeg?resize=700%2C400 2x, https:\/\/i0.wp.com\/www.grieta.org.mx\/wp-content\/uploads\/2020\/08\/cuartoscuro_755037_digital-e1595420896238.jpeg?resize=1050%2C600 3x"},"classes":[]},{"id":27896,"url":"http:\/\/www.grieta.org.mx\/index.php\/2018\/12\/05\/refuerzan-operativos-en-focos-rojos-de-temixco\/","url_meta":{"origin":63453,"position":2},"title":"Refuerzan operativos en focos rojos de Temixco, Morelos","author":"grieta","date":"5 diciembre, 2018","format":false,"excerpt":"CARLOS SOBERANES \/ Diario de Morelos TEMIXCO, MORELOS.- La alcaldesa de Temixco, Juana Ocampo Dom\u00ednguez, confirm\u00f3 que implementan operativos y recorridos con personal de la Sedena y elementos del Mando \u00danico, como parte de la estrategia de seguridad del Gobierno estatal. Aunado a ello, dijo que como parte del plan\u2026","rel":"","context":"En &quot;Militarizaci\u00f3n&quot;","block_context":{"text":"Militarizaci\u00f3n","link":"http:\/\/www.grieta.org.mx\/index.php\/category\/temas-nacionales\/militarizacion\/"},"img":{"alt_text":"","src":"https:\/\/i0.wp.com\/www.grieta.org.mx\/wp-content\/uploads\/2018\/03\/14524434_1106112876131411_958039263622046936_o.jpg?resize=350%2C200","width":350,"height":200,"srcset":"https:\/\/i0.wp.com\/www.grieta.org.mx\/wp-content\/uploads\/2018\/03\/14524434_1106112876131411_958039263622046936_o.jpg?resize=350%2C200 1x, https:\/\/i0.wp.com\/www.grieta.org.mx\/wp-content\/uploads\/2018\/03\/14524434_1106112876131411_958039263622046936_o.jpg?resize=525%2C300 1.5x, https:\/\/i0.wp.com\/www.grieta.org.mx\/wp-content\/uploads\/2018\/03\/14524434_1106112876131411_958039263622046936_o.jpg?resize=700%2C400 2x"},"classes":[]},{"id":48377,"url":"http:\/\/www.grieta.org.mx\/index.php\/2020\/04\/03\/cierran-playas-nayaritas\/","url_meta":{"origin":63453,"position":3},"title":"Cierran playas nayaritas","author":"grieta","date":"3 abril, 2020","format":false,"excerpt":"Foto: Realidades de Nayarit Arcelia Garc\u00eda Ortega \/ Realidades de Nayarit Tepic, Nayarit.- Viernes 03 de abril del 2020.- Ya desde ayer viernes, aument\u00f3 el patrullaje de la Marina Armada de M\u00e9xico en las playas Las Islitas, El Borrego, Matanch\u00e9n, Los Cocos, Platanitos, y todas las playas del litoral de\u2026","rel":"","context":"En &quot;CINTILLO&quot;","block_context":{"text":"CINTILLO","link":"http:\/\/www.grieta.org.mx\/index.php\/category\/cintillo\/"},"img":{"alt_text":"","src":"https:\/\/i0.wp.com\/www.grieta.org.mx\/wp-content\/uploads\/2020\/04\/cierre-647x420.jpg?resize=350%2C200","width":350,"height":200,"srcset":"https:\/\/i0.wp.com\/www.grieta.org.mx\/wp-content\/uploads\/2020\/04\/cierre-647x420.jpg?resize=350%2C200 1x, https:\/\/i0.wp.com\/www.grieta.org.mx\/wp-content\/uploads\/2020\/04\/cierre-647x420.jpg?resize=525%2C300 1.5x"},"classes":[]},{"id":62997,"url":"http:\/\/www.grieta.org.mx\/index.php\/2021\/12\/28\/fueron-los-marinos-instalan-planton-en-michoacan-por-desaparicion-de-un-joven\/","url_meta":{"origin":63453,"position":4},"title":"\u201cFueron los marinos\u201d: Instalan plant\u00f3n en Michoac\u00e1n por desaparici\u00f3n de un joven","author":"grieta","date":"28 diciembre, 2021","format":false,"excerpt":"Heriberto L\u00f3pez Pe\u00f1a, de 27 a\u00f1os, no ha sido localizado desde el pasado 10 de diciembre. Su familia asegura tener testimonios de que elementos navales lo capturaron y entregaron a un grupo delictivo. Por Alberto Pradilla, Animal Pol\u00edtico, 28 de diciembre, 2021 Heriberto L\u00f3pez Pe\u00f1a, de 27 a\u00f1os y oriundo\u2026","rel":"","context":"En &quot;CINTILLO&quot;","block_context":{"text":"CINTILLO","link":"http:\/\/www.grieta.org.mx\/index.php\/category\/cintillo\/"},"img":{"alt_text":"","src":"https:\/\/i0.wp.com\/www.grieta.org.mx\/wp-content\/uploads\/2022\/01\/heriberto.png?resize=350%2C200","width":350,"height":200,"srcset":"https:\/\/i0.wp.com\/www.grieta.org.mx\/wp-content\/uploads\/2022\/01\/heriberto.png?resize=350%2C200 1x, https:\/\/i0.wp.com\/www.grieta.org.mx\/wp-content\/uploads\/2022\/01\/heriberto.png?resize=525%2C300 1.5x, https:\/\/i0.wp.com\/www.grieta.org.mx\/wp-content\/uploads\/2022\/01\/heriberto.png?resize=700%2C400 2x"},"classes":[]},{"id":49482,"url":"http:\/\/www.grieta.org.mx\/index.php\/2020\/04\/25\/fuerzas-de-seguridad-desplegadas-dentro-del-territorio-nacional\/","url_meta":{"origin":63453,"position":5},"title":"Fuerzas de Seguridad desplegadas dentro del territorio nacional","author":"grieta","date":"25 abril, 2020","format":false,"excerpt":"Jos\u00e9 Quevedo\/M\u00e9xico Aeroespacial 25 abril 2020 El C. General Luis Cresencio Sandoval Gonz\u00e1lez, Secretario de la Defensa Nacional inform\u00f3 sobre el efectivo de las Fuerzas Armadas y Guardia Nacional desplegado en el territorio nacional. La Sedena mantiene un efectivo real de personal operativo de 165,454 integrantes; la Secretar\u00eda de Marina\u2026","rel":"","context":"En &quot;CINTILLO&quot;","block_context":{"text":"CINTILLO","link":"http:\/\/www.grieta.org.mx\/index.php\/category\/cintillo\/"},"img":{"alt_text":"","src":"https:\/\/i0.wp.com\/www.grieta.org.mx\/wp-content\/uploads\/2020\/05\/150319-59-MexAeroesp-Copiar.jpg?resize=350%2C200","width":350,"height":200,"srcset":"https:\/\/i0.wp.com\/www.grieta.org.mx\/wp-content\/uploads\/2020\/05\/150319-59-MexAeroesp-Copiar.jpg?resize=350%2C200 1x, https:\/\/i0.wp.com\/www.grieta.org.mx\/wp-content\/uploads\/2020\/05\/150319-59-MexAeroesp-Copiar.jpg?resize=525%2C300 1.5x, https:\/\/i0.wp.com\/www.grieta.org.mx\/wp-content\/uploads\/2020\/05\/150319-59-MexAeroesp-Copiar.jpg?resize=700%2C400 2x"},"classes":[]}],"_links":{"self":[{"href":"http:\/\/www.grieta.org.mx\/index.php\/wp-json\/wp\/v2\/posts\/63453","targetHints":{"allow":["GET"]}}],"collection":[{"href":"http:\/\/www.grieta.org.mx\/index.php\/wp-json\/wp\/v2\/posts"}],"about":[{"href":"http:\/\/www.grieta.org.mx\/index.php\/wp-json\/wp\/v2\/types\/post"}],"author":[{"embeddable":true,"href":"http:\/\/www.grieta.org.mx\/index.php\/wp-json\/wp\/v2\/users\/2"}],"replies":[{"embeddable":true,"href":"http:\/\/www.grieta.org.mx\/index.php\/wp-json\/wp\/v2\/comments?post=63453"}],"version-history":[{"count":1,"href":"http:\/\/www.grieta.org.mx\/index.php\/wp-json\/wp\/v2\/posts\/63453\/revisions"}],"predecessor-version":[{"id":63455,"href":"http:\/\/www.grieta.org.mx\/index.php\/wp-json\/wp\/v2\/posts\/63453\/revisions\/63455"}],"wp:featuredmedia":[{"embeddable":true,"href":"http:\/\/www.grieta.org.mx\/index.php\/wp-json\/wp\/v2\/media\/63454"}],"wp:attachment":[{"href":"http:\/\/www.grieta.org.mx\/index.php\/wp-json\/wp\/v2\/media?parent=63453"}],"wp:term":[{"taxonomy":"category","embeddable":true,"href":"http:\/\/www.grieta.org.mx\/index.php\/wp-json\/wp\/v2\/categories?post=63453"},{"taxonomy":"post_tag","embeddable":true,"href":"http:\/\/www.grieta.org.mx\/index.php\/wp-json\/wp\/v2\/tags?post=63453"}],"curies":[{"name":"wp","href":"https:\/\/api.w.org\/{rel}","templated":true}]}}