{"id":63417,"date":"2022-02-14T12:23:23","date_gmt":"2022-02-14T18:23:23","guid":{"rendered":"https:\/\/www.grieta.org.mx\/?p=63417"},"modified":"2022-02-19T12:28:59","modified_gmt":"2022-02-19T18:28:59","slug":"protestan-periodistas-de-nayarit-por-los-multiples-asesinatos-de-colegas-en-mexico","status":"publish","type":"post","link":"http:\/\/www.grieta.org.mx\/index.php\/2022\/02\/14\/protestan-periodistas-de-nayarit-por-los-multiples-asesinatos-de-colegas-en-mexico\/","title":{"rendered":"Protestan periodistas de Nayarit por los m\u00faltiples asesinatos de colegas en M\u00e9xico"},"content":{"rendered":"<p>Foto: El Sol de Nayarit<\/p>\n<p>Lucero Santa Anna\/El Sol de Nayarit<\/p>\n<p>Este 14 de Febrero, periodistas del estado de Nayarit alzaron la voz por segunda vez en lo que va del a\u00f1o 2022 para protestar por los m\u00faltiples asesinatos y agresiones a comunicadores en M\u00e9xico.<\/p>\n<p>En punto de las 5:00 pm, el grupo de periodistas locales se colocaron frente a Palacio de Gobierno para pedir un alto a los ataques en su contra, asimismo, hicieron un llamado a las autoridades municipales, estatales y federales, para que intervengan a la brevedad y hagan justicia en cada uno de los casos de violencia contra la prensa en la Republica Mexicana.<\/p>\n<p>La comunicadora, Lorena Meza expres\u00f3 su solidaridad con los comunicadores de todo el pa\u00ecs, y con las familias de los periodistas que han sido asesinados en d\u00edas recientes. &#8220;Estamos totalmente en contra de los cr\u00edmenes que han ocurrido en toda la naci\u00f3n, estamos exigiendo el respeto absoluto para nuestra labor, a nuestra vida y a nuestras familias, para todos aquellos que llevan la voz del pueblo&#8221;. Dijo.<\/p>\n<p>Con pancartas en mano, los comunicadores de la entidad expresaron su solidaridad con el movimiento nacional. &#8220;M\u00e9xico pa\u00ecs de Riesgo&#8221;, &#8220;Hoy en M\u00e9xico agoniza la libertad de Expresi\u00f3n&#8221;, &#8220;No se mata la verdad matando a periodistas&#8221;. Se lee en algunas de las pancartas.<\/p>\n<p>Apenas en lo que va del a\u00f1o, en M\u00e9xico al menos seis comunicadores han sido asesinados. El caso m\u00e1s reciente; el asesinato del periodista Heber L\u00f3pez V\u00e1squez del medio RCP Noticias, quien fue ultimado a balazos el jueves en el barrio Espinal de Salina Cruz, Oaxaca.<\/p>\n<p><a href=\"http:\/\/www.elsoldenayarit.mx\/nota-roja\/82663-protestan-periodistas-de-nayarit-por-los-multiples-asesinatos-de-colegas-en-mexico\">http:\/\/www.elsoldenayarit.mx\/nota-roja\/82663-protestan-periodistas-de-nayarit-por-los-multiples-asesinatos-de-colegas-en-mexico<\/a><\/p>\n","protected":false},"excerpt":{"rendered":"<p>Foto: El Sol de Nayarit Lucero Santa Anna\/El Sol de Nayarit Este 14 de Febrero, periodistas del estado de Nayarit alzaron la voz por segunda vez en lo que va &hellip; <a href=\"http:\/\/www.grieta.org.mx\/index.php\/2022\/02\/14\/protestan-periodistas-de-nayarit-por-los-multiples-asesinatos-de-colegas-en-mexico\/\" class=\"more-link\">Leer m\u00e1s<\/a><\/p>\n","protected":false},"author":2,"featured_media":63418,"comment_status":"closed","ping_status":"closed","sticky":false,"template":"","format":"standard","meta":{"ngg_post_thumbnail":0,"_jetpack_newsletter_access":"","_jetpack_dont_email_post_to_subs":false,"_jetpack_newsletter_tier_id":0,"_jetpack_memberships_contains_paywalled_content":false,"_jetpack_memberships_contains_paid_content":false,"footnotes":""},"categories":[80,23,2,83,88,2301],"tags":[2486,1180,1310,120],"class_list":["post-63417","post","type-post","status-publish","format-standard","has-post-thumbnail","hentry","category-cintillo","category-nayarit","category-noticias-nacionales","category-temas-nacionales","category-violencia-contra-periodistas","category-violencia-contra-periodistas-en-nayarit","tag-amenazas-contra-periodistas","tag-asesinato-de-periodistas","tag-protestas-contra-el-asesinato-de-periodistas","tag-violencia-contra-periodistas","entry"],"jetpack_featured_media_url":"http:\/\/www.grieta.org.mx\/wp-content\/uploads\/2022\/02\/temp_nota_01_82663__2022021504323_117medios.jpg","jetpack_sharing_enabled":true,"jetpack_shortlink":"https:\/\/wp.me\/p7ZJR4-guR","jetpack_likes_enabled":false,"jetpack-related-posts":[{"id":67207,"url":"http:\/\/www.grieta.org.mx\/index.php\/2023\/07\/10\/se-manifiestan-periodistas-de-nayarit-frente-a-palacio-de-gobierno\/","url_meta":{"origin":63417,"position":0},"title":"Se manifiestan periodistas de Nayarit frente a Palacio de Gobierno","author":"grieta","date":"10 julio, 2023","format":false,"excerpt":"Imagen: El Sol de Nayarit Redacci\u00f3n \/ El Sol de Nayarit Luego del secuestro de tres comunicadores de Nayarit; uno de ellos asesinado, periodistas del estado se manifestaron este lunes para exigir justicia. Los comunicadores se plantaron con pancartas en mano frente a Palacio de Gobierno para exigir garant\u00edas y\u2026","rel":"","context":"En &quot;CINTILLO&quot;","block_context":{"text":"CINTILLO","link":"http:\/\/www.grieta.org.mx\/index.php\/category\/cintillo\/"},"img":{"alt_text":"","src":"https:\/\/i0.wp.com\/www.grieta.org.mx\/wp-content\/uploads\/2023\/07\/temp_nota_01_91915_17_20230710222412_11765d18ec2-0541-40b9-9091-7cfbd3a5b5c8.jpeg?resize=350%2C200","width":350,"height":200,"srcset":"https:\/\/i0.wp.com\/www.grieta.org.mx\/wp-content\/uploads\/2023\/07\/temp_nota_01_91915_17_20230710222412_11765d18ec2-0541-40b9-9091-7cfbd3a5b5c8.jpeg?resize=350%2C200 1x, https:\/\/i0.wp.com\/www.grieta.org.mx\/wp-content\/uploads\/2023\/07\/temp_nota_01_91915_17_20230710222412_11765d18ec2-0541-40b9-9091-7cfbd3a5b5c8.jpeg?resize=525%2C300 1.5x"},"classes":[]},{"id":4180,"url":"http:\/\/www.grieta.org.mx\/index.php\/2015\/07\/27\/violencia-contra-periodistas-en-nayarit\/","url_meta":{"origin":63417,"position":1},"title":"Violencia contra periodistas en Nayarit","author":"grieta","date":"27 julio, 2015","format":false,"excerpt":"27\/07\/15. Denuncian acoso e inseguridad para periodistas en Nayarit Elecciones y agresiones 15\/05\/15. Periodista denuncia amenazas del gobierno de Nayarit Proceso","rel":"","context":"En &quot;Nayarit&quot;","block_context":{"text":"Nayarit","link":"http:\/\/www.grieta.org.mx\/index.php\/category\/noticias-nacionales\/nayarit\/"},"img":{"alt_text":"","src":"https:\/\/i0.wp.com\/www.grieta.org.mx\/wp-content\/uploads\/2018\/03\/14524434_1106112876131411_958039263622046936_o.jpg?resize=350%2C200","width":350,"height":200,"srcset":"https:\/\/i0.wp.com\/www.grieta.org.mx\/wp-content\/uploads\/2018\/03\/14524434_1106112876131411_958039263622046936_o.jpg?resize=350%2C200 1x, https:\/\/i0.wp.com\/www.grieta.org.mx\/wp-content\/uploads\/2018\/03\/14524434_1106112876131411_958039263622046936_o.jpg?resize=525%2C300 1.5x, https:\/\/i0.wp.com\/www.grieta.org.mx\/wp-content\/uploads\/2018\/03\/14524434_1106112876131411_958039263622046936_o.jpg?resize=700%2C400 2x"},"classes":[]},{"id":63211,"url":"http:\/\/www.grieta.org.mx\/index.php\/2022\/01\/26\/periodistas-nayaritas-se-unen-a-la-indignacion-nacional-por-el-asesinato-de-companeros\/","url_meta":{"origin":63417,"position":2},"title":"Periodistas nayaritas se unen a la indignaci\u00f3n nacional por el asesinato de compa\u00f1eros","author":"grieta","date":"26 enero, 2022","format":false,"excerpt":"Foto: Crys Ben\u00edtez Crys Ben\u00edtez \/ El Occidental Tepic, Nayarit (OEM-Informex).- Con la finalidad de exigir justicia y protecci\u00f3n a quienes ejercen la labor de informar, tras registrarse el asesinato de tres periodistas en lo que va del presente a\u00f1o, el \u00faltimo perpetrado este domingo en contra de Lourdes Maldonado\u2026","rel":"","context":"En &quot;CINTILLO&quot;","block_context":{"text":"CINTILLO","link":"http:\/\/www.grieta.org.mx\/index.php\/category\/cintillo\/"},"img":{"alt_text":"","src":"https:\/\/i0.wp.com\/www.grieta.org.mx\/wp-content\/uploads\/2022\/01\/El-gremio-de-pertiodistas-se-manifiesta-en-Nayarit.jpg?resize=350%2C200","width":350,"height":200,"srcset":"https:\/\/i0.wp.com\/www.grieta.org.mx\/wp-content\/uploads\/2022\/01\/El-gremio-de-pertiodistas-se-manifiesta-en-Nayarit.jpg?resize=350%2C200 1x, https:\/\/i0.wp.com\/www.grieta.org.mx\/wp-content\/uploads\/2022\/01\/El-gremio-de-pertiodistas-se-manifiesta-en-Nayarit.jpg?resize=525%2C300 1.5x, https:\/\/i0.wp.com\/www.grieta.org.mx\/wp-content\/uploads\/2022\/01\/El-gremio-de-pertiodistas-se-manifiesta-en-Nayarit.jpg?resize=700%2C400 2x"},"classes":[]},{"id":67203,"url":"http:\/\/www.grieta.org.mx\/index.php\/2023\/07\/10\/periodistas-protestan-frente-a-la-segob-exigen-justicia-para-luis-martin-sanchez\/","url_meta":{"origin":63417,"position":3},"title":"Periodistas protestan frente a la Segob, exigen justicia para Luis Mart\u00edn S\u00e1nchez","author":"grieta","date":"10 julio, 2023","format":false,"excerpt":"Imagen: Periodistas y defensores de la libertad de expresi\u00f3n protestaron este 10 de julio a las afueras de la Secretar\u00eda de Gobernaci\u00f3n para exigir justicia y mayores medidas de protecci\u00f3n tras el reciente asesinato del periodista Luis Mart\u00edn S\u00e1nchez en Nayarit, as\u00ed como las desapariciones de otros dos comunicadores. Abraham\u2026","rel":"","context":"En &quot;CINTILLO&quot;","block_context":{"text":"CINTILLO","link":"http:\/\/www.grieta.org.mx\/index.php\/category\/cintillo\/"},"img":{"alt_text":"","src":"https:\/\/i0.wp.com\/www.grieta.org.mx\/wp-content\/uploads\/2023\/07\/photo1689054384.jpeg?resize=350%2C200","width":350,"height":200,"srcset":"https:\/\/i0.wp.com\/www.grieta.org.mx\/wp-content\/uploads\/2023\/07\/photo1689054384.jpeg?resize=350%2C200 1x, https:\/\/i0.wp.com\/www.grieta.org.mx\/wp-content\/uploads\/2023\/07\/photo1689054384.jpeg?resize=525%2C300 1.5x, https:\/\/i0.wp.com\/www.grieta.org.mx\/wp-content\/uploads\/2023\/07\/photo1689054384.jpeg?resize=700%2C400 2x, https:\/\/i0.wp.com\/www.grieta.org.mx\/wp-content\/uploads\/2023\/07\/photo1689054384.jpeg?resize=1050%2C600 3x"},"classes":[]},{"id":52669,"url":"http:\/\/www.grieta.org.mx\/index.php\/2020\/08\/13\/periodista-patricia-aguilar-romano-es-detenida-en-el-estado-de-nayarit\/","url_meta":{"origin":63417,"position":4},"title":"Periodista Patricia Aguilar Romano es detenida en el estado de Nayarit","author":"grieta","date":"13 agosto, 2020","format":false,"excerpt":"Foto: La Voz de Michoac\u00e1n Elementos de la Fiscal\u00eda General del Estado de Nayarit detuvieron a la periodista en su domicilio; ha denunciado delitos de funcionarios estatales Redacci\u00f3n \/ La Voz de Michoac\u00e1n Tepic, Nayarit. Elementos de la Fiscal\u00eda General del Estado de Nayarit detuvieron a la periodista Patricia Aguilar\u2026","rel":"","context":"En &quot;CINTILLO&quot;","block_context":{"text":"CINTILLO","link":"http:\/\/www.grieta.org.mx\/index.php\/category\/cintillo\/"},"img":{"alt_text":"","src":"https:\/\/i0.wp.com\/www.grieta.org.mx\/wp-content\/uploads\/2020\/08\/1523869_10202679295135176_3816892187258942491_o.jpg?resize=350%2C200","width":350,"height":200,"srcset":"https:\/\/i0.wp.com\/www.grieta.org.mx\/wp-content\/uploads\/2020\/08\/1523869_10202679295135176_3816892187258942491_o.jpg?resize=350%2C200 1x, https:\/\/i0.wp.com\/www.grieta.org.mx\/wp-content\/uploads\/2020\/08\/1523869_10202679295135176_3816892187258942491_o.jpg?resize=525%2C300 1.5x, https:\/\/i0.wp.com\/www.grieta.org.mx\/wp-content\/uploads\/2020\/08\/1523869_10202679295135176_3816892187258942491_o.jpg?resize=700%2C400 2x"},"classes":[]},{"id":56137,"url":"http:\/\/www.grieta.org.mx\/index.php\/2021\/01\/04\/17-periodistas-asesinados-en-dos-anos-del-gobierno-de-4t\/","url_meta":{"origin":63417,"position":5},"title":"17 periodistas asesinados en dos a\u00f1os del gobierno de  4T","author":"grieta","date":"4 enero, 2021","format":false,"excerpt":"Redacci\u00f3n\/ Sol Yucat\u00e1n Ciudad de M\u00e9xico. \u2013 Durante los primeros dos a\u00f1os del gobierno de la 4T, la situaci\u00f3n del periodismo en nuestro pa\u00eds se agrav\u00f3 casi al doble, en comparaci\u00f3n con gobiernos anteriores. Cada 4 de enero se reconoce la labor de las y los periodistas mexicanos, quienes hacen\u2026","rel":"","context":"En &quot;Agresiones a periodistas en Morelos&quot;","block_context":{"text":"Agresiones a periodistas en Morelos","link":"http:\/\/www.grieta.org.mx\/index.php\/category\/noticias-nacionales\/morelos\/agresiones-a-periodistas-en-morelos\/"},"img":{"alt_text":"","src":"https:\/\/i0.wp.com\/www.grieta.org.mx\/wp-content\/uploads\/2021\/01\/WhatsApp-Image-2021-01-04-at-10.51.40.jpg?resize=350%2C200","width":350,"height":200,"srcset":"https:\/\/i0.wp.com\/www.grieta.org.mx\/wp-content\/uploads\/2021\/01\/WhatsApp-Image-2021-01-04-at-10.51.40.jpg?resize=350%2C200 1x, https:\/\/i0.wp.com\/www.grieta.org.mx\/wp-content\/uploads\/2021\/01\/WhatsApp-Image-2021-01-04-at-10.51.40.jpg?resize=525%2C300 1.5x, https:\/\/i0.wp.com\/www.grieta.org.mx\/wp-content\/uploads\/2021\/01\/WhatsApp-Image-2021-01-04-at-10.51.40.jpg?resize=700%2C400 2x"},"classes":[]}],"_links":{"self":[{"href":"http:\/\/www.grieta.org.mx\/index.php\/wp-json\/wp\/v2\/posts\/63417","targetHints":{"allow":["GET"]}}],"collection":[{"href":"http:\/\/www.grieta.org.mx\/index.php\/wp-json\/wp\/v2\/posts"}],"about":[{"href":"http:\/\/www.grieta.org.mx\/index.php\/wp-json\/wp\/v2\/types\/post"}],"author":[{"embeddable":true,"href":"http:\/\/www.grieta.org.mx\/index.php\/wp-json\/wp\/v2\/users\/2"}],"replies":[{"embeddable":true,"href":"http:\/\/www.grieta.org.mx\/index.php\/wp-json\/wp\/v2\/comments?post=63417"}],"version-history":[{"count":1,"href":"http:\/\/www.grieta.org.mx\/index.php\/wp-json\/wp\/v2\/posts\/63417\/revisions"}],"predecessor-version":[{"id":63419,"href":"http:\/\/www.grieta.org.mx\/index.php\/wp-json\/wp\/v2\/posts\/63417\/revisions\/63419"}],"wp:featuredmedia":[{"embeddable":true,"href":"http:\/\/www.grieta.org.mx\/index.php\/wp-json\/wp\/v2\/media\/63418"}],"wp:attachment":[{"href":"http:\/\/www.grieta.org.mx\/index.php\/wp-json\/wp\/v2\/media?parent=63417"}],"wp:term":[{"taxonomy":"category","embeddable":true,"href":"http:\/\/www.grieta.org.mx\/index.php\/wp-json\/wp\/v2\/categories?post=63417"},{"taxonomy":"post_tag","embeddable":true,"href":"http:\/\/www.grieta.org.mx\/index.php\/wp-json\/wp\/v2\/tags?post=63417"}],"curies":[{"name":"wp","href":"https:\/\/api.w.org\/{rel}","templated":true}]}}