{"id":63411,"date":"2022-02-14T11:52:19","date_gmt":"2022-02-14T17:52:19","guid":{"rendered":"https:\/\/www.grieta.org.mx\/?p=63411"},"modified":"2022-02-19T11:56:53","modified_gmt":"2022-02-19T17:56:53","slug":"registra-puerto-vallarta-67-personas-desaparecidas-jalisco","status":"publish","type":"post","link":"http:\/\/www.grieta.org.mx\/index.php\/2022\/02\/14\/registra-puerto-vallarta-67-personas-desaparecidas-jalisco\/","title":{"rendered":"Registra Puerto Vallarta 67 personas desaparecidas (Jalisco)"},"content":{"rendered":"<p>Foto: Tribuna de la Bah\u00eda<\/p>\n<p>Israel Torres \/ Tribuna de la Bah\u00eda<\/p>\n<p>El municipio de Puerto Vallarta cerr\u00f3 el 2021 con 67 personas desaparecidas, aunque de acuerdo con el Monitoreo de la Unidad de An\u00e1lisis y Contexto de la Comisi\u00f3n Estatal de Derechos Humanos de Jalisco y con base en el Registro Nacional de Personas Desaparecidas, hasta el 9 de febrero no se tiene registro de m\u00e1s desapariciones; por otro lado, a\u00fan no se sabe se sabe del paradero de por lo menos del 69 % de ellas.<\/p>\n<p>De acuerdo con el reporte del organismo p\u00fablico aut\u00f3nomo, 21 personas desaparecidas han sido encontradas sin vida y de las otras 46 no se tienen mayores datos, ni hip\u00f3tesis de su desaparici\u00f3n que abone a la investigaci\u00f3n de la Fiscal\u00eda de Jalisco para su localizaci\u00f3n.<\/p>\n<p>Del total de las desapariciones, se tiene registro que 11 de ellas fueron cometidas \u00a0por particulares. Se dio a conocer tambi\u00e9n que 17 de ellas son de manera involuntaria, es decir, de manera forzada y el resto se denomin\u00f3 que fueron de manera voluntaria.<\/p>\n<p>En base a la tendencia registrada por CEDHJ, se determin\u00f3 que el 91% de las desapariciones son hombres y el 9 % son mujeres. La tasa por cada 100 mil habitantes ronda entre 189 y 253 personas.<\/p>\n<p>En el caso de las desaparici\u00f3n de mujeres, la tasa de desaparici\u00f3n por 100 mil habitantes es de 30.<\/p>\n<p><a href=\"https:\/\/tribunadelabahia.com.mx\/vallarta-67-personas-desaparecidas-52956\">https:\/\/tribunadelabahia.com.mx\/vallarta-67-personas-desaparecidas-52956<\/a><\/p>\n","protected":false},"excerpt":{"rendered":"<p>Foto: Tribuna de la Bah\u00eda Israel Torres \/ Tribuna de la Bah\u00eda El municipio de Puerto Vallarta cerr\u00f3 el 2021 con 67 personas desaparecidas, aunque de acuerdo con el Monitoreo &hellip; <a href=\"http:\/\/www.grieta.org.mx\/index.php\/2022\/02\/14\/registra-puerto-vallarta-67-personas-desaparecidas-jalisco\/\" class=\"more-link\">Leer m\u00e1s<\/a><\/p>\n","protected":false},"author":2,"featured_media":63412,"comment_status":"closed","ping_status":"closed","sticky":false,"template":"","format":"standard","meta":{"ngg_post_thumbnail":0,"_jetpack_newsletter_access":"","_jetpack_dont_email_post_to_subs":false,"_jetpack_newsletter_tier_id":0,"_jetpack_memberships_contains_paywalled_content":false,"_jetpack_memberships_contains_paid_content":false,"footnotes":""},"categories":[80,87,1032,20,2,83],"tags":[1828,121,3775],"class_list":["post-63411","post","type-post","status-publish","format-standard","has-post-thumbnail","hentry","category-cintillo","category-desaparecidos","category-desaparecidos-en-jalisco","category-jalisco","category-noticias-nacionales","category-temas-nacionales","tag-busqueda-de-desaparecidos","tag-desaparecidos","tag-estadisticas-de-desaparecidos","entry"],"jetpack_featured_media_url":"http:\/\/www.grieta.org.mx\/wp-content\/uploads\/2022\/02\/registra-puerto-vallarta-67-personas-desaparecidas-cover.jpg","jetpack_sharing_enabled":true,"jetpack_shortlink":"https:\/\/wp.me\/p7ZJR4-guL","jetpack_likes_enabled":false,"jetpack-related-posts":[{"id":54712,"url":"http:\/\/www.grieta.org.mx\/index.php\/2020\/08\/17\/inicia-caravana-de-familiares-de-desaparecidos-de-aguascalientes-en-puerto-vallarta\/","url_meta":{"origin":63411,"position":0},"title":"Inicia caravana de familiares de desaparecidos de Aguascalientes en Puerto Vallarta","author":"grieta","date":"17 agosto, 2020","format":false,"excerpt":"Alejandro Romo\/Newsweek Aguascalientes 17 agosto 2020 Este lunes comenz\u00f3 la caravana de b\u00fasqueda organizada por el Colectivo Buscando Personas, Verdad y Justicia y el Observatorio de Violencia Social y de G\u00e9nero (OVSG) y familiares de personas desaparecidas de Aguascalientes en municipios de Jalisco. La caravana inici\u00f3 en Puerto Vallarta, Jalisco,\u2026","rel":"","context":"En &quot;Aguascalientes&quot;","block_context":{"text":"Aguascalientes","link":"http:\/\/www.grieta.org.mx\/index.php\/category\/noticias-nacionales\/aguascalientes\/"},"img":{"alt_text":"","src":"https:\/\/i0.wp.com\/www.grieta.org.mx\/wp-content\/uploads\/2020\/11\/WhatsApp-Image-2020-08-17-at-1.48.32-PM.jpeg?resize=350%2C200","width":350,"height":200,"srcset":"https:\/\/i0.wp.com\/www.grieta.org.mx\/wp-content\/uploads\/2020\/11\/WhatsApp-Image-2020-08-17-at-1.48.32-PM.jpeg?resize=350%2C200 1x, https:\/\/i0.wp.com\/www.grieta.org.mx\/wp-content\/uploads\/2020\/11\/WhatsApp-Image-2020-08-17-at-1.48.32-PM.jpeg?resize=525%2C300 1.5x"},"classes":[]},{"id":62940,"url":"http:\/\/www.grieta.org.mx\/index.php\/2021\/12\/22\/huellas-de-amor-cuelga-50-fotos-de-desaparecidos-en-arbol-navideno-en-jalisco\/","url_meta":{"origin":63411,"position":1},"title":"Huellas de amor cuelga 50 fotos de desaparecidos en \u00e1rbol navide\u00f1o en Jalisco","author":"grieta","date":"22 diciembre, 2021","format":false,"excerpt":"Foto: Rosario \u00c1lvarez Rosario \u00c1lvarez \/ Telediario En Jalisco 15 mil 148 familias tienen alg\u00fan familiar desaparecido, de acuerdo al \u00faltimo corte del Registro Nacional de Personas Desaparecidas y No Localizadas. Tras este dato, el colectivo Huellas de Amor,\u00a0colg\u00f3 m\u00e1s de 50 fichas de b\u00fasqueda de hombres y mujeres alrededor\u2026","rel":"","context":"En &quot;CINTILLO&quot;","block_context":{"text":"CINTILLO","link":"http:\/\/www.grieta.org.mx\/index.php\/category\/cintillo\/"},"img":{"alt_text":"","src":"https:\/\/i0.wp.com\/www.grieta.org.mx\/wp-content\/uploads\/2021\/12\/arbol-navidad-instalado-plaza-liberacion.jpg?resize=350%2C200","width":350,"height":200,"srcset":"https:\/\/i0.wp.com\/www.grieta.org.mx\/wp-content\/uploads\/2021\/12\/arbol-navidad-instalado-plaza-liberacion.jpg?resize=350%2C200 1x, https:\/\/i0.wp.com\/www.grieta.org.mx\/wp-content\/uploads\/2021\/12\/arbol-navidad-instalado-plaza-liberacion.jpg?resize=525%2C300 1.5x, https:\/\/i0.wp.com\/www.grieta.org.mx\/wp-content\/uploads\/2021\/12\/arbol-navidad-instalado-plaza-liberacion.jpg?resize=700%2C400 2x"},"classes":[]},{"id":43184,"url":"http:\/\/www.grieta.org.mx\/index.php\/2020\/01\/13\/cepad-denuncia-falta-de-protocolos-en-registro-de-personas-desaparecidas-en-jalisco\/","url_meta":{"origin":63411,"position":2},"title":"Cepad denuncia falta de protocolos en registro de personas desaparecidas en Jalisco","author":"grieta","date":"13 enero, 2020","format":false,"excerpt":"Fotograf\u00eda: Cuartoscuro Redacci\u00f3n \/ El Diario NTR Al no existir protocolos espec\u00edficos sobre el registro de casos de personas desaparecidos, los datos sobre este rubro carecen de fiabilidad, se\u00f1al\u00f3 el Centro de Justicia para la paz y el Desarrollo (Cepad). El Centro de Justicia explic\u00f3 que Jalisco ocupa el primer\u2026","rel":"","context":"En &quot;CINTILLO&quot;","block_context":{"text":"CINTILLO","link":"http:\/\/www.grieta.org.mx\/index.php\/category\/cintillo\/"},"img":{"alt_text":"","src":"https:\/\/i0.wp.com\/www.grieta.org.mx\/wp-content\/uploads\/2020\/01\/2020-01-13_06-01-43___8309.jpg?resize=350%2C200","width":350,"height":200,"srcset":"https:\/\/i0.wp.com\/www.grieta.org.mx\/wp-content\/uploads\/2020\/01\/2020-01-13_06-01-43___8309.jpg?resize=350%2C200 1x, https:\/\/i0.wp.com\/www.grieta.org.mx\/wp-content\/uploads\/2020\/01\/2020-01-13_06-01-43___8309.jpg?resize=525%2C300 1.5x, https:\/\/i0.wp.com\/www.grieta.org.mx\/wp-content\/uploads\/2020\/01\/2020-01-13_06-01-43___8309.jpg?resize=700%2C400 2x"},"classes":[]},{"id":59551,"url":"http:\/\/www.grieta.org.mx\/index.php\/2021\/05\/18\/protestas-jovenes-por-desaparecidos-en-puerto-vallarta-jalisco\/","url_meta":{"origin":63411,"position":3},"title":"Protestan j\u00f3venes por desaparecidos en Puerto Vallarta (Jalisco)","author":"grieta","date":"18 mayo, 2021","format":false,"excerpt":"Foto: Ilustrativa, tomada de Internet J. Alejo \/ Meridiano.MX Puerto Vallarta.- Colectivos marcharon la tarde de ayer en protesta por la desaparici\u00f3n y posterior hallazgo sin vida de los hermanos Gonz\u00e1lez Moreno. De manera pac\u00edfica y por las principales calles de la ciudad, decenas de personas, mujeres j\u00f3venes en su\u2026","rel":"","context":"En &quot;CINTILLO&quot;","block_context":{"text":"CINTILLO","link":"http:\/\/www.grieta.org.mx\/index.php\/category\/cintillo\/"},"img":{"alt_text":"","src":"https:\/\/i0.wp.com\/www.grieta.org.mx\/wp-content\/uploads\/2021\/05\/WhatsApp-Image-2020-09-26-at-1.41.48-PM-e1621889726451.jpeg?resize=350%2C200","width":350,"height":200,"srcset":"https:\/\/i0.wp.com\/www.grieta.org.mx\/wp-content\/uploads\/2021\/05\/WhatsApp-Image-2020-09-26-at-1.41.48-PM-e1621889726451.jpeg?resize=350%2C200 1x, https:\/\/i0.wp.com\/www.grieta.org.mx\/wp-content\/uploads\/2021\/05\/WhatsApp-Image-2020-09-26-at-1.41.48-PM-e1621889726451.jpeg?resize=525%2C300 1.5x, https:\/\/i0.wp.com\/www.grieta.org.mx\/wp-content\/uploads\/2021\/05\/WhatsApp-Image-2020-09-26-at-1.41.48-PM-e1621889726451.jpeg?resize=700%2C400 2x"},"classes":[]},{"id":43811,"url":"http:\/\/www.grieta.org.mx\/index.php\/2020\/01\/24\/familiares-de-personas-desaparecidas-en-jalisco-convocan-a-rueda-de-prensa-por-una-busqueda-e-identificacion-digna-adecuada-y-eficaz\/","url_meta":{"origin":63411,"position":4},"title":"Familiares de personas desaparecidas en Jalisco convocan a rueda de prensa \u201cpor una b\u00fasqueda e identificaci\u00f3n digna, adecuada y eficaz\u201d","author":"grieta","date":"24 enero, 2020","format":false,"excerpt":"Foto: Zona Docs El colectivo de familiares de personas desaparecidas en Jalisco,\u00a0Por Amor a Ellxs, junto con organizaciones de la sociedad civil, convocaron a una conferencia de prensa para exponer la \u201cdimensi\u00f3n de la problem\u00e1tica\u201d de las desapariciones en Jalisco y la respuesta gubernamental frente a la crisis que coloc\u00f3\u2026","rel":"","context":"En &quot;CINTILLO&quot;","block_context":{"text":"CINTILLO","link":"http:\/\/www.grieta.org.mx\/index.php\/category\/cintillo\/"},"img":{"alt_text":"","src":"https:\/\/i0.wp.com\/www.grieta.org.mx\/wp-content\/uploads\/2020\/02\/photo4997182556587796569-1.jpg?resize=350%2C200","width":350,"height":200,"srcset":"https:\/\/i0.wp.com\/www.grieta.org.mx\/wp-content\/uploads\/2020\/02\/photo4997182556587796569-1.jpg?resize=350%2C200 1x, https:\/\/i0.wp.com\/www.grieta.org.mx\/wp-content\/uploads\/2020\/02\/photo4997182556587796569-1.jpg?resize=525%2C300 1.5x, https:\/\/i0.wp.com\/www.grieta.org.mx\/wp-content\/uploads\/2020\/02\/photo4997182556587796569-1.jpg?resize=700%2C400 2x, https:\/\/i0.wp.com\/www.grieta.org.mx\/wp-content\/uploads\/2020\/02\/photo4997182556587796569-1.jpg?resize=1050%2C600 3x"},"classes":[]},{"id":62919,"url":"http:\/\/www.grieta.org.mx\/index.php\/2021\/12\/08\/el-tamano-de-la-pesadilla-jalisco-rebasa-los-15-mil-desaparecidos-en-el-rnpdno\/","url_meta":{"origin":63411,"position":5},"title":"El tama\u00f1o de la pesadilla: Jalisco rebasa los 15 mil desaparecidos en el Rnpdno","author":"grieta","date":"8 diciembre, 2021","format":false,"excerpt":"Foto: Archivo NTR Juan Levario \/ El Diario NTR La cantidad de personas desaparecidas y no localizadas en Jalisco\u00a0rebas\u00f3\u00a0las\u00a015 mil\u00a0este martes, seg\u00fan\u00a0datos oficiales del Registro Nacional de Personas Desaparecidas y No Localizadas (Rnpdno). La cifra\u00a0equivale al aforo estimado para la Arena VFG. Los municipios con mayor cantidad de personas desaparecidas\u2026","rel":"","context":"En &quot;CINTILLO&quot;","block_context":{"text":"CINTILLO","link":"http:\/\/www.grieta.org.mx\/index.php\/category\/cintillo\/"},"img":{"alt_text":"","src":"https:\/\/i0.wp.com\/www.grieta.org.mx\/wp-content\/uploads\/2021\/12\/2021-12-07_10-12-42___4592.jpg?resize=350%2C200","width":350,"height":200,"srcset":"https:\/\/i0.wp.com\/www.grieta.org.mx\/wp-content\/uploads\/2021\/12\/2021-12-07_10-12-42___4592.jpg?resize=350%2C200 1x, https:\/\/i0.wp.com\/www.grieta.org.mx\/wp-content\/uploads\/2021\/12\/2021-12-07_10-12-42___4592.jpg?resize=525%2C300 1.5x, https:\/\/i0.wp.com\/www.grieta.org.mx\/wp-content\/uploads\/2021\/12\/2021-12-07_10-12-42___4592.jpg?resize=700%2C400 2x"},"classes":[]}],"_links":{"self":[{"href":"http:\/\/www.grieta.org.mx\/index.php\/wp-json\/wp\/v2\/posts\/63411","targetHints":{"allow":["GET"]}}],"collection":[{"href":"http:\/\/www.grieta.org.mx\/index.php\/wp-json\/wp\/v2\/posts"}],"about":[{"href":"http:\/\/www.grieta.org.mx\/index.php\/wp-json\/wp\/v2\/types\/post"}],"author":[{"embeddable":true,"href":"http:\/\/www.grieta.org.mx\/index.php\/wp-json\/wp\/v2\/users\/2"}],"replies":[{"embeddable":true,"href":"http:\/\/www.grieta.org.mx\/index.php\/wp-json\/wp\/v2\/comments?post=63411"}],"version-history":[{"count":1,"href":"http:\/\/www.grieta.org.mx\/index.php\/wp-json\/wp\/v2\/posts\/63411\/revisions"}],"predecessor-version":[{"id":63413,"href":"http:\/\/www.grieta.org.mx\/index.php\/wp-json\/wp\/v2\/posts\/63411\/revisions\/63413"}],"wp:featuredmedia":[{"embeddable":true,"href":"http:\/\/www.grieta.org.mx\/index.php\/wp-json\/wp\/v2\/media\/63412"}],"wp:attachment":[{"href":"http:\/\/www.grieta.org.mx\/index.php\/wp-json\/wp\/v2\/media?parent=63411"}],"wp:term":[{"taxonomy":"category","embeddable":true,"href":"http:\/\/www.grieta.org.mx\/index.php\/wp-json\/wp\/v2\/categories?post=63411"},{"taxonomy":"post_tag","embeddable":true,"href":"http:\/\/www.grieta.org.mx\/index.php\/wp-json\/wp\/v2\/tags?post=63411"}],"curies":[{"name":"wp","href":"https:\/\/api.w.org\/{rel}","templated":true}]}}