{"id":63405,"date":"2022-02-14T10:49:20","date_gmt":"2022-02-14T16:49:20","guid":{"rendered":"https:\/\/www.grieta.org.mx\/?p=63405"},"modified":"2022-02-19T11:11:21","modified_gmt":"2022-02-19T17:11:21","slug":"periodistas-de-jalisco-exigen-justicia-por-sus-cinco-companeros-asesinados","status":"publish","type":"post","link":"http:\/\/www.grieta.org.mx\/index.php\/2022\/02\/14\/periodistas-de-jalisco-exigen-justicia-por-sus-cinco-companeros-asesinados\/","title":{"rendered":"Periodistas de Jalisco exigen justicia por sus cinco compa\u00f1eros asesinados"},"content":{"rendered":"<p>Foto: Christian Cantero<\/p>\n<p><strong>En el marco de la Segunda Acci\u00f3n Nacional #PeriodismoEnRiesgo, periodistas de Jalisco protestaron para exigir justicia por los cinco colegas asesinados en este a\u00f1o; adem\u00e1s hicieron un llamado para que desde los gobiernos se deje de atacar a las y los trabajadores de los medios, pues eso s\u00f3lo genera mayores riesgos.<\/strong><\/p>\n<p>Darwin Franco \/ Zona Docs<\/p>\n<p><strong>Jos\u00e9 Luis Gamboa Arenas: \u201cJUSTICIA\u201d; Margarito Mart\u00ednez Esquivel: \u201cJUSTICIA\u201d; Lourdes Maldonado L\u00f3pez: \u201cJUSTICIA\u201d; Roberto Toledo Barrera: \u201cJUSTICIA\u201d; Heber L\u00f3pez V\u00e1squez: \u201cJUSTICIA\u201d<\/strong>, gritaron con fuerza periodistas jaliscienses que se reunieron en el kiosko central de Plaza de Armas en Guadalajara, Jalisco,<strong>\u00a0para exigir que los asesinatos de sus compa\u00f1eros no queden impunes<\/strong>\u00a0y que las autoridades responsables de sus casos no dejen de lado el trabajo period\u00edstico que realizaban antes de que les asesinaran.<\/p>\n<p>Esta segunda acci\u00f3n se realiz\u00f3 luego de que el pasado 10 de febrero\u00a0<strong>se confirmara el asesinato de Heber L\u00f3pez V\u00e1squez en Salina Cruz, Oaxaca.<\/strong>\u00a0Con \u00e9l, suman ya cinco periodistas asesinados en M\u00e9xico en lo que va de a\u00f1o. Y, lamentablemente, tambi\u00e9n se\u00a0<strong>lleg\u00f3 a la cifra de 150 periodistas asesinados en el pa\u00eds desde el a\u00f1o 2000.<\/strong><\/p>\n<p>El espacio memorial que se cre\u00f3 para exigir justicia<strong>\u00a0incluy\u00f3 cada uno de los gafetes de prensa de las y los colegas asesinados y desaparecidos<\/strong>; as\u00ed como una serie de mensajes en las que se hizo evidente su molestia<strong>\u00a0porque al Estado Mexicano parece no importarle la violencia contra el gremio.<\/strong><\/p>\n<div class=\"column\">\n<p>En la lectura del pronunciamiento, mismo que se ley\u00f3 de igual manera en todo el pa\u00eds, se hizo hincapi\u00e9 en que\u00a0<strong>\u201cel gremio period\u00edstico de M\u00e9xico atraviesa por la crisis m\u00e1s violenta en el pa\u00eds desde el 2017, cuando a\u00fan gobernaba el r\u00e9gimen neoliberal\u201d<\/strong>, pues en estos primeros 42 d\u00edas del 2022, cinco colegas fueron asesinados.<\/p>\n<p>El nombre de las y los periodistas asesinados son<\/p>\n<ol>\n<li><strong>Jos\u00e9 Luis Gamboa Arenas, 10 de enero, Veracruz, Veracruz.<\/strong><\/li>\n<li><strong>Margarito Mart\u00ednez Esquivel, 17 de enero, Tijuana, Baja California.<\/strong><\/li>\n<li><strong>Lourdes Maldonado L\u00f3pez, 23 de enero, Tijuana, Baja California.<\/strong><\/li>\n<li><strong>Roberto Toledo Barrera, 31 de enero, Zit\u00e1cuaro, Michoac\u00e1n.<\/strong><\/li>\n<li><strong>Heber L\u00f3pez V\u00e1squez, 10 de febrero, Salina Cruz, Oaxaca.<\/strong><\/li>\n<\/ol>\n<p>As\u00ed mismo se\u00f1alaron que a partir de estos asesinatos han comenzado a organizarse porque esa ser\u00e1 la \u00fanica manera de exigir un alto a la violencia contra la prensa, pero tambi\u00e9n mejoras en sus condiciones labores, <strong>pues trabajar de manera precaria tambi\u00e9n es violencia.<\/strong><\/p>\n<p><strong>\u201cLas y los trabajadores de los medios laboramos durante largas jornadas por salarios miserables, sufrimos acoso laboral y sexual, tememos por nuestra seguridad y aun as\u00ed no tenemos garantizada una vejez digna, en caso de que lleguemos a la vejez.<\/strong><\/p>\n<p><strong>La gran mayor\u00eda de las y los trabajadores de los medios laboramos en varios medios al mismo tiempo para completar nuestro salario, trabajamos jornadas de hasta 12 horas, no tenemos acceso a descansos dignos y nuestra salud mental se ve seriamente afectada\u201d.<\/strong><\/p>\n<p>En M\u00e9xico, conforme UNESCO, la mayor\u00eda de los periodistas tienen dos o m\u00e1s trabajos, pues es la \u00fanica manera de garantizar un ingreso digno para ellos y sus familias.<\/p>\n<p>Concluyeron su mensaje se\u00f1alando que desde el poder cese la violencia contra la prensa,\u00a0<strong>\u201cmisma que el presidente Andr\u00e9s Manuel L\u00f3pez Obrador y otros gobernantes en el pa\u00eds promueven a trav\u00e9s de su discurso de odio hacia los medios y sus trabajadores\u201d.<\/strong><\/p>\n<p><strong>\u201cNo somos enemigos del Estado y exigimos garant\u00edas para ejercer nuestra labor sin temer por nuestras vidas.\u201d<\/strong><\/p>\n<p><a href=\"https:\/\/www.zonadocs.mx\/2022\/02\/14\/periodistas-de-jalisco-exigen-justicia-por-sus-cinco-companeros-asesinados\/\">https:\/\/www.zonadocs.mx\/2022\/02\/14\/periodistas-de-jalisco-exigen-justicia-por-sus-cinco-companeros-asesinados\/<\/a><\/p>\n<\/div>\n","protected":false},"excerpt":{"rendered":"<p>Foto: Christian Cantero En el marco de la Segunda Acci\u00f3n Nacional #PeriodismoEnRiesgo, periodistas de Jalisco protestaron para exigir justicia por los cinco colegas asesinados en este a\u00f1o; adem\u00e1s hicieron un &hellip; <a href=\"http:\/\/www.grieta.org.mx\/index.php\/2022\/02\/14\/periodistas-de-jalisco-exigen-justicia-por-sus-cinco-companeros-asesinados\/\" class=\"more-link\">Leer m\u00e1s<\/a><\/p>\n","protected":false},"author":2,"featured_media":63406,"comment_status":"closed","ping_status":"closed","sticky":false,"template":"","format":"standard","meta":{"ngg_post_thumbnail":0,"_jetpack_newsletter_access":"","_jetpack_dont_email_post_to_subs":false,"_jetpack_newsletter_tier_id":0,"_jetpack_memberships_contains_paywalled_content":false,"_jetpack_memberships_contains_paid_content":false,"footnotes":""},"categories":[80,20,2,83,88,2108],"tags":[2262,1180,1310,120],"class_list":["post-63405","post","type-post","status-publish","format-standard","has-post-thumbnail","hentry","category-cintillo","category-jalisco","category-noticias-nacionales","category-temas-nacionales","category-violencia-contra-periodistas","category-violencia-contra-periodistas-en-jalisco","tag-agresiones-contra-periodistas","tag-asesinato-de-periodistas","tag-protestas-contra-el-asesinato-de-periodistas","tag-violencia-contra-periodistas","entry"],"jetpack_featured_media_url":"http:\/\/www.grieta.org.mx\/wp-content\/uploads\/2022\/02\/TODOSSOMOS-1068x1068-1.png","jetpack_sharing_enabled":true,"jetpack_shortlink":"https:\/\/wp.me\/p7ZJR4-guF","jetpack_likes_enabled":false,"jetpack-related-posts":[{"id":64153,"url":"http:\/\/www.grieta.org.mx\/index.php\/2022\/05\/03\/periodistas-vallartenses-conmemoran-libertad-de-prensa-exigen-justicia-por-sus-companeros-muertos-jalisco\/","url_meta":{"origin":63405,"position":0},"title":"Periodistas vallartenses conmemoran Libertad de Prensa, exigen justicia por sus compa\u00f1eros asesinados (Jalisco)","author":"grieta","date":"3 mayo, 2022","format":false,"excerpt":"Foto: Tribuna de la bah\u00eda \u00a0 Los periodistas vallartenses conmemoraron este 3 de mayo el\u00a0Dia Mundial de la Libertad de Prensa\u00a0en un sencillo pero simb\u00f3lico acto realizado en la Plaza de Armas, entre el quiosco y el monumento a Ignacio L. Vallarta. Recordaron con pase de lista a los siete\u00a0comunicadores\u2026","rel":"","context":"En &quot;CINTILLO&quot;","block_context":{"text":"CINTILLO","link":"http:\/\/www.grieta.org.mx\/index.php\/category\/cintillo\/"},"img":{"alt_text":"","src":"https:\/\/i0.wp.com\/www.grieta.org.mx\/wp-content\/uploads\/2022\/05\/periodistas-vallartenses-conmemoran-libertad-de-prensa-2-cover.jpg?resize=350%2C200","width":350,"height":200,"srcset":"https:\/\/i0.wp.com\/www.grieta.org.mx\/wp-content\/uploads\/2022\/05\/periodistas-vallartenses-conmemoran-libertad-de-prensa-2-cover.jpg?resize=350%2C200 1x, https:\/\/i0.wp.com\/www.grieta.org.mx\/wp-content\/uploads\/2022\/05\/periodistas-vallartenses-conmemoran-libertad-de-prensa-2-cover.jpg?resize=525%2C300 1.5x, https:\/\/i0.wp.com\/www.grieta.org.mx\/wp-content\/uploads\/2022\/05\/periodistas-vallartenses-conmemoran-libertad-de-prensa-2-cover.jpg?resize=700%2C400 2x"},"classes":[]},{"id":63214,"url":"http:\/\/www.grieta.org.mx\/index.php\/2022\/01\/25\/nosematalaverdad-periodistas-de-jalisco-exigen-justicia-para-lourdes-margarito-y-jose-luis\/","url_meta":{"origin":63405,"position":1},"title":"#NoSeMataLaVerdad: Periodistas de Jalisco exigen justicia para Lourdes, Margarito y Jos\u00e9 Luis","author":"grieta","date":"25 enero, 2022","format":false,"excerpt":"Foto: Darwin Fanco En el marco de la Movilizaci\u00f3n Nacional #PeriodismoEnRiesgo, periodistas de Jalisco se conjuntaron para alzar la voz y exigir justicia para Lourdes Maldonado, Margarito Mart\u00ednez y Jos\u00e9 Luis Gamboa, periodistas asesinados en los \u00faltimos 15 d\u00edas. Tambi\u00e9n recordaron las acciones de hostigamiento y represi\u00f3n que desde el\u2026","rel":"","context":"En &quot;CINTILLO&quot;","block_context":{"text":"CINTILLO","link":"http:\/\/www.grieta.org.mx\/index.php\/category\/cintillo\/"},"img":{"alt_text":"","src":"https:\/\/i0.wp.com\/www.grieta.org.mx\/wp-content\/uploads\/2022\/01\/Unknown-31-696x522-1.jpeg?resize=350%2C200","width":350,"height":200,"srcset":"https:\/\/i0.wp.com\/www.grieta.org.mx\/wp-content\/uploads\/2022\/01\/Unknown-31-696x522-1.jpeg?resize=350%2C200 1x, https:\/\/i0.wp.com\/www.grieta.org.mx\/wp-content\/uploads\/2022\/01\/Unknown-31-696x522-1.jpeg?resize=525%2C300 1.5x"},"classes":[]},{"id":63170,"url":"http:\/\/www.grieta.org.mx\/index.php\/2022\/01\/25\/periodismo-en-riesgo-desde-cancun-exigen-justicia-por-periodistas-asesinados-quintana-roo\/","url_meta":{"origin":63405,"position":2},"title":"&#8220;Periodismo en riesgo&#8221;: Desde Canc\u00fan, exigen justicia por periodistas asesinados (Quintana Roo)","author":"grieta","date":"25 enero, 2022","format":false,"excerpt":"Agencia SIM | Fotos: Infoqroo \/ Noticaribe CANC\u00daN, MX.- Reporteros, editores, fot\u00f3grafos y otros trabajadores de los medios de comunicaci\u00f3n se reunieron esta noche afuera del Palacio Municipal del Ayuntamiento de Benito Ju\u00e1rez, para sumarse al movimiento \u201cPeriodismo en Riesgo\u201d y exigir justicia por los tres colegas que fueron asesinados\u2026","rel":"","context":"En &quot;CINTILLO&quot;","block_context":{"text":"CINTILLO","link":"http:\/\/www.grieta.org.mx\/index.php\/category\/cintillo\/"},"img":{"alt_text":"","src":"https:\/\/i0.wp.com\/www.grieta.org.mx\/wp-content\/uploads\/2022\/01\/PeriodismoEnRiesgo.png?resize=350%2C200","width":350,"height":200,"srcset":"https:\/\/i0.wp.com\/www.grieta.org.mx\/wp-content\/uploads\/2022\/01\/PeriodismoEnRiesgo.png?resize=350%2C200 1x, https:\/\/i0.wp.com\/www.grieta.org.mx\/wp-content\/uploads\/2022\/01\/PeriodismoEnRiesgo.png?resize=525%2C300 1.5x, https:\/\/i0.wp.com\/www.grieta.org.mx\/wp-content\/uploads\/2022\/01\/PeriodismoEnRiesgo.png?resize=700%2C400 2x"},"classes":[]},{"id":6692,"url":"http:\/\/www.grieta.org.mx\/index.php\/2015\/08\/08\/violencia-contra-periodistas-en-aguascalientes\/","url_meta":{"origin":63405,"position":3},"title":"Violencia contra periodistas en Aguascalientes","author":"grieta","date":"8 agosto, 2015","format":false,"excerpt":"08\/08\/15. Periodistas en Aguascalientes exigen justicia a Osorio Chong por el asesinato de Rub\u00e9n Espinosa Sin embargo 07\/08\/15. Reporteros piden Ni Uno M\u00e1s, Ni Una Menos Hidroc\u00e1lido digital","rel":"","context":"En &quot;Aguascalientes&quot;","block_context":{"text":"Aguascalientes","link":"http:\/\/www.grieta.org.mx\/index.php\/category\/noticias-nacionales\/aguascalientes\/"},"img":{"alt_text":"","src":"https:\/\/i0.wp.com\/www.grieta.org.mx\/wp-content\/uploads\/2018\/03\/14524434_1106112876131411_958039263622046936_o.jpg?resize=350%2C200","width":350,"height":200,"srcset":"https:\/\/i0.wp.com\/www.grieta.org.mx\/wp-content\/uploads\/2018\/03\/14524434_1106112876131411_958039263622046936_o.jpg?resize=350%2C200 1x, https:\/\/i0.wp.com\/www.grieta.org.mx\/wp-content\/uploads\/2018\/03\/14524434_1106112876131411_958039263622046936_o.jpg?resize=525%2C300 1.5x, https:\/\/i0.wp.com\/www.grieta.org.mx\/wp-content\/uploads\/2018\/03\/14524434_1106112876131411_958039263622046936_o.jpg?resize=700%2C400 2x"},"classes":[]},{"id":63184,"url":"http:\/\/www.grieta.org.mx\/index.php\/2022\/01\/25\/se-manifiestan-en-playa-del-carmen-por-el-asesinato-de-la-periodista-lourdes-maldonado-quintana-roo\/","url_meta":{"origin":63405,"position":4},"title":"Se manifiestan en Playa del Carmen por el asesinato de la periodista Lourdes Maldonado (Quintana Roo)","author":"grieta","date":"25 enero, 2022","format":false,"excerpt":"Fernando Morcillo \/ PorEsto! Reporteros acudieron al Palacio Municipal de Playa del Carmen para exigir justicia por el asesinato de la Lourdes Maldonado, periodista asesinada en Baja California, adem\u00e1s de tener condiciones seguras para trabajar Reporteros de Playa del Carmen se manifiestan en los bajos del Palacio Municipal, como parte\u2026","rel":"","context":"En &quot;CINTILLO&quot;","block_context":{"text":"CINTILLO","link":"http:\/\/www.grieta.org.mx\/index.php\/category\/cintillo\/"},"img":{"alt_text":"","src":"https:\/\/i0.wp.com\/www.grieta.org.mx\/wp-content\/uploads\/2022\/01\/PlayaPeriodistas-e1643308857279.png?resize=350%2C200","width":350,"height":200,"srcset":"https:\/\/i0.wp.com\/www.grieta.org.mx\/wp-content\/uploads\/2022\/01\/PlayaPeriodistas-e1643308857279.png?resize=350%2C200 1x, https:\/\/i0.wp.com\/www.grieta.org.mx\/wp-content\/uploads\/2022\/01\/PlayaPeriodistas-e1643308857279.png?resize=525%2C300 1.5x, https:\/\/i0.wp.com\/www.grieta.org.mx\/wp-content\/uploads\/2022\/01\/PlayaPeriodistas-e1643308857279.png?resize=700%2C400 2x"},"classes":[]},{"id":33559,"url":"http:\/\/www.grieta.org.mx\/index.php\/2019\/05\/15\/periodistas-claman-justicia-para-javier-valdez-sinaloa\/","url_meta":{"origin":63405,"position":5},"title":"Periodistas claman justicia para Javier Valdez (Sinaloa)","author":"grieta","date":"15 mayo, 2019","format":false,"excerpt":"El d\u00eda de hoy se cumplieron dos a\u00f1os del cobarde asesinato del periodista Javier Valdez. Esmeralda Ivonne Ba\u00f1uelos Rodr\u00edguez \/ El Debate Guam\u00fachil,\u00a0Sinaloa.- A dos a\u00f1os del asesinato del periodista Javier Valdez, en la ciudad de Culiac\u00e1n, el club de periodistas de Guam\u00fachil se sum\u00f3 este 15 de mayo a\u2026","rel":"","context":"En &quot;CINTILLO&quot;","block_context":{"text":"CINTILLO","link":"http:\/\/www.grieta.org.mx\/index.php\/category\/cintillo\/"},"img":{"alt_text":"","src":"https:\/\/i0.wp.com\/www.grieta.org.mx\/wp-content\/uploads\/2019\/05\/img-20190515-wa0021.jpeg_749719311.jpeg?resize=350%2C200","width":350,"height":200,"srcset":"https:\/\/i0.wp.com\/www.grieta.org.mx\/wp-content\/uploads\/2019\/05\/img-20190515-wa0021.jpeg_749719311.jpeg?resize=350%2C200 1x, https:\/\/i0.wp.com\/www.grieta.org.mx\/wp-content\/uploads\/2019\/05\/img-20190515-wa0021.jpeg_749719311.jpeg?resize=525%2C300 1.5x, https:\/\/i0.wp.com\/www.grieta.org.mx\/wp-content\/uploads\/2019\/05\/img-20190515-wa0021.jpeg_749719311.jpeg?resize=700%2C400 2x"},"classes":[]}],"_links":{"self":[{"href":"http:\/\/www.grieta.org.mx\/index.php\/wp-json\/wp\/v2\/posts\/63405","targetHints":{"allow":["GET"]}}],"collection":[{"href":"http:\/\/www.grieta.org.mx\/index.php\/wp-json\/wp\/v2\/posts"}],"about":[{"href":"http:\/\/www.grieta.org.mx\/index.php\/wp-json\/wp\/v2\/types\/post"}],"author":[{"embeddable":true,"href":"http:\/\/www.grieta.org.mx\/index.php\/wp-json\/wp\/v2\/users\/2"}],"replies":[{"embeddable":true,"href":"http:\/\/www.grieta.org.mx\/index.php\/wp-json\/wp\/v2\/comments?post=63405"}],"version-history":[{"count":1,"href":"http:\/\/www.grieta.org.mx\/index.php\/wp-json\/wp\/v2\/posts\/63405\/revisions"}],"predecessor-version":[{"id":63407,"href":"http:\/\/www.grieta.org.mx\/index.php\/wp-json\/wp\/v2\/posts\/63405\/revisions\/63407"}],"wp:featuredmedia":[{"embeddable":true,"href":"http:\/\/www.grieta.org.mx\/index.php\/wp-json\/wp\/v2\/media\/63406"}],"wp:attachment":[{"href":"http:\/\/www.grieta.org.mx\/index.php\/wp-json\/wp\/v2\/media?parent=63405"}],"wp:term":[{"taxonomy":"category","embeddable":true,"href":"http:\/\/www.grieta.org.mx\/index.php\/wp-json\/wp\/v2\/categories?post=63405"},{"taxonomy":"post_tag","embeddable":true,"href":"http:\/\/www.grieta.org.mx\/index.php\/wp-json\/wp\/v2\/tags?post=63405"}],"curies":[{"name":"wp","href":"https:\/\/api.w.org\/{rel}","templated":true}]}}