{"id":63399,"date":"2022-02-14T22:14:08","date_gmt":"2022-02-15T04:14:08","guid":{"rendered":"https:\/\/www.grieta.org.mx\/?p=63399"},"modified":"2022-02-18T18:15:58","modified_gmt":"2022-02-19T00:15:58","slug":"michoacan-purepechas-tiran-estatua-de-espanoles-detienen-a-24-y-bloquean-carreteras","status":"publish","type":"post","link":"http:\/\/www.grieta.org.mx\/index.php\/2022\/02\/14\/michoacan-purepechas-tiran-estatua-de-espanoles-detienen-a-24-y-bloquean-carreteras\/","title":{"rendered":"Michoac\u00e1n: Pur\u00e9pechas tiran estatua de espa\u00f1oles; detienen a 24 y bloquean carreteras"},"content":{"rendered":"<p><strong>Las estatuas de tama\u00f1o real muestran al sacerdote espa\u00f1ol Fray Antonio de San Miguel orden\u00e1ndole a un pur\u00e9pecha semidesnudo que corte un bloque de piedra, mientras que se ve a otro cargar una piedra sobre su espalda.<\/strong><\/p>\n<p>Por Redacci\u00f3n\/SinEmbargo, 14 de febrero de 2022<\/p>\n<p>Ciudad de M\u00e9xico, 14 de febrero (SinEmbargo\/AP) \u2014 Activistas del pueblo pur\u00e9pecha utilizaron hachas y mazos para derribar el lunes estatuas que representan a sus ancestros siendo obligados a trabajar para un sacerdote espa\u00f1ol durante la Colonia espa\u00f1ola.<\/p>\n<p><em>Los pur\u00e9pechas se han opuesto a las estatuas desde que fueron erigidas en 1995 en Morelia, la capital del estado occidental de Michoac\u00e1n, y han solicitado en varias ocasiones que sean retiradas.<\/em><\/p>\n<p>Las estatuas de tama\u00f1o real muestran al sacerdote espa\u00f1ol Fray Antonio de San Miguel orden\u00e1ndole a un pur\u00e9pecha semidesnudo que corte un bloque de piedra, mientras que se ve a otro cargar una piedra sobre su espalda.<\/p>\n<p>Una cuarta figura dentro del grupo, conocido como \u201cMonumento a los Constructores\u201d, representa a un urbanista espa\u00f1ol de nombre desconocido que sostiene unos papeles.<\/p>\n<p>El Consejo Supremo Ind\u00edgena de Michoac\u00e1n asegur\u00f3 que las estatuas glorificaban la brutal explotaci\u00f3n de sus ancestros, quienes continuaron resisti\u00e9ndose a los espa\u00f1oles despu\u00e9s de la ca\u00edda del imperio azteca en 1521.<\/p>\n<blockquote><p><em><br \/>\n\u201cDurante este a\u00f1o 2022, se cumplen 500 a\u00f1os de la conquista e invasi\u00f3n de Michoac\u00e1n, acontecida en junio de 1522\u201d, dijo el organismo en un comunicado. \u201cDurante la invasi\u00f3n al actual territorio michoacano, los espa\u00f1oles esclavizaron a miles de ind\u00edgenas\u201d.<\/em><\/p>\n<p>\u201cA 500 a\u00f1os de la invasi\u00f3n de Michoac\u00e1n, los pueblos originarios continuamos en resistencia y lucha, tal y como lo hicieron nuestros abuelos en el camino\u201d, a\u00f1adi\u00f3 el consejo.<\/p><\/blockquote>\n<p>El organismo difundi\u00f3 fotograf\u00edas de algunas de las estatuas derribadas, mientras activistas las part\u00edan en pedazos.<\/p>\n<p>Las autoridades michoacanas detuvieron por el vandalismo a unas 24 personas, por lo que habitantes locales se organizaron y bloquearon, supuestamente junto a normalistas michoacanos, varias v\u00edas de comunicaci\u00f3n.<\/p>\n<blockquote><p><em><br \/>\nDe acuerdo con el Consejo Supremo Ind\u00edgena de Michoac\u00e1n, han cerrado hasta seis carreteras en la zona \u201cpor la exigencia de la liberaci\u00f3n de los presos pol\u00edticos de las comunidades originarias, quienes fueron detenidos, golpeados y humillados el d\u00eda de hoy por instrucciones del Presidente Municipal de Morelia Alfonzo Mart\u00ednez Alcanzar, a quien hacemos responsable de la integridad f\u00edsica y moral de nuestros compa\u00f1eros\u201d.<\/em><\/p><\/blockquote>\n<figure id=\"attachment_63400\" aria-describedby=\"caption-attachment-63400\" style=\"width: 686px\" class=\"wp-caption alignnone\"><img loading=\"lazy\" decoding=\"async\" data-attachment-id=\"63400\" data-permalink=\"http:\/\/www.grieta.org.mx\/index.php\/2022\/02\/14\/michoacan-purepechas-tiran-estatua-de-espanoles-detienen-a-24-y-bloquean-carreteras\/captura-de-pantalla-2022-02-17-a-las-22-25-22\/\" data-orig-file=\"http:\/\/www.grieta.org.mx\/wp-content\/uploads\/2022\/02\/Captura-de-pantalla-2022-02-17-a-las-22.25.22.png\" data-orig-size=\"686,1142\" data-comments-opened=\"0\" data-image-meta=\"{&quot;aperture&quot;:&quot;0&quot;,&quot;credit&quot;:&quot;&quot;,&quot;camera&quot;:&quot;&quot;,&quot;caption&quot;:&quot;&quot;,&quot;created_timestamp&quot;:&quot;0&quot;,&quot;copyright&quot;:&quot;&quot;,&quot;focal_length&quot;:&quot;0&quot;,&quot;iso&quot;:&quot;0&quot;,&quot;shutter_speed&quot;:&quot;0&quot;,&quot;title&quot;:&quot;&quot;,&quot;orientation&quot;:&quot;0&quot;}\" data-image-title=\"Captura de pantalla 2022-02-17 a la(s) 22.25.22\" data-image-description=\"\" data-image-caption=\"&lt;p&gt;Las autoridades michoacanas detuvieron por el vandalismo a unas 24 personas, por lo que habitantes locales se organizaron y bloquearon, supuestamente junto a normalistas michoacanos, varias v\u00edas de comunicaci\u00f3n. Foto: @ConsejoSupremoIndigenaMichoacan , Facebook.&lt;\/p&gt;\n\" data-medium-file=\"http:\/\/www.grieta.org.mx\/wp-content\/uploads\/2022\/02\/Captura-de-pantalla-2022-02-17-a-las-22.25.22-180x300.png\" data-large-file=\"http:\/\/www.grieta.org.mx\/wp-content\/uploads\/2022\/02\/Captura-de-pantalla-2022-02-17-a-las-22.25.22-615x1024.png\" class=\"wp-image-63400 size-full\" src=\"http:\/\/www.grieta.org.mx\/wp-content\/uploads\/2022\/02\/Captura-de-pantalla-2022-02-17-a-las-22.25.22.png\" alt=\"\" width=\"686\" height=\"1142\" srcset=\"http:\/\/www.grieta.org.mx\/wp-content\/uploads\/2022\/02\/Captura-de-pantalla-2022-02-17-a-las-22.25.22.png 686w, http:\/\/www.grieta.org.mx\/wp-content\/uploads\/2022\/02\/Captura-de-pantalla-2022-02-17-a-las-22.25.22-180x300.png 180w, http:\/\/www.grieta.org.mx\/wp-content\/uploads\/2022\/02\/Captura-de-pantalla-2022-02-17-a-las-22.25.22-615x1024.png 615w\" sizes=\"auto, (max-width: 686px) 100vw, 686px\" \/><figcaption id=\"caption-attachment-63400\" class=\"wp-caption-text\">Las autoridades michoacanas detuvieron por el vandalismo a unas 24 personas, por lo que habitantes locales se organizaron y bloquearon, supuestamente junto a normalistas michoacanos, varias v\u00edas de comunicaci\u00f3n. Foto: @ConsejoSupremoIndigenaMichoacan , Facebook.<\/figcaption><\/figure>\n<p>Se trata de las carreteras de Cher\u00e1n-Zamora a la altura de Carapan; P\u00e1tzcuaro-Uruapan a la altura del Puente de Ajuno; Morelia-Zacapu a la altura de Santa Fe de la Laguna; Uruapan-P\u00e1tzcuaro a la altura de La Cofrad\u00eda; y Uruapan-Gabriel Zamora a la altura de Zumpimito. Adem\u00e1s, tambi\u00e9n bloquearon la autopista Siglo XXI en a la altura de Caltzontzin.<\/p>\n<blockquote><p><em><br \/>\n\u201cNo nos vamos. Aqu\u00ed estaremos hasta la liberaci\u00f3n de los compa\u00f1eros detenidos de Zirahu\u00e9n y de Uruapan.<\/em><\/p>\n<p>\u00a1Ante la Represi\u00f3n, la Movilizaci\u00f3n!\u201d, se\u00f1al\u00f3 el Consejo. \u201cLos pueblos originarios somos Sujetos Hist\u00f3ricos, Sujetos de Jur\u00eddicos y Sujetos de Conocimiento, y continuaremos caminado en la libre autodeterminaci\u00f3n\u201d, se\u00f1al\u00f3.<\/p><\/blockquote>\n<p>Durante la d\u00e9cada de 1780, Fray Antonio de San Miguel supervis\u00f3 las labores de la construcci\u00f3n de un acueducto para abastecer de agua a Morelia.<\/p>\n<figure id=\"attachment_63401\" aria-describedby=\"caption-attachment-63401\" style=\"width: 750px\" class=\"wp-caption alignnone\"><img loading=\"lazy\" decoding=\"async\" data-attachment-id=\"63401\" data-permalink=\"http:\/\/www.grieta.org.mx\/index.php\/2022\/02\/14\/michoacan-purepechas-tiran-estatua-de-espanoles-detienen-a-24-y-bloquean-carreteras\/captura-de-pantalla-2022-02-17-a-las-22-25-46\/\" data-orig-file=\"http:\/\/www.grieta.org.mx\/wp-content\/uploads\/2022\/02\/Captura-de-pantalla-2022-02-17-a-las-22.25.46.png\" data-orig-size=\"1366,774\" data-comments-opened=\"0\" data-image-meta=\"{&quot;aperture&quot;:&quot;0&quot;,&quot;credit&quot;:&quot;&quot;,&quot;camera&quot;:&quot;&quot;,&quot;caption&quot;:&quot;&quot;,&quot;created_timestamp&quot;:&quot;0&quot;,&quot;copyright&quot;:&quot;&quot;,&quot;focal_length&quot;:&quot;0&quot;,&quot;iso&quot;:&quot;0&quot;,&quot;shutter_speed&quot;:&quot;0&quot;,&quot;title&quot;:&quot;&quot;,&quot;orientation&quot;:&quot;0&quot;}\" data-image-title=\"Captura de pantalla 2022-02-17 a la(s) 22.25.46\" data-image-description=\"\" data-image-caption=\"&lt;p&gt;De acuerdo con el Consejo Supremo Ind\u00edgena de Michoac\u00e1n, han cerrado hasta seis carreteras en la zona. Foto: @ConsejoSupremoIndigenaMichoacan , Facebook.&lt;\/p&gt;\n\" data-medium-file=\"http:\/\/www.grieta.org.mx\/wp-content\/uploads\/2022\/02\/Captura-de-pantalla-2022-02-17-a-las-22.25.46-300x170.png\" data-large-file=\"http:\/\/www.grieta.org.mx\/wp-content\/uploads\/2022\/02\/Captura-de-pantalla-2022-02-17-a-las-22.25.46-1024x580.png\" class=\"wp-image-63401\" src=\"http:\/\/www.grieta.org.mx\/wp-content\/uploads\/2022\/02\/Captura-de-pantalla-2022-02-17-a-las-22.25.46.png\" alt=\"\" width=\"750\" height=\"425\" srcset=\"http:\/\/www.grieta.org.mx\/wp-content\/uploads\/2022\/02\/Captura-de-pantalla-2022-02-17-a-las-22.25.46.png 1366w, http:\/\/www.grieta.org.mx\/wp-content\/uploads\/2022\/02\/Captura-de-pantalla-2022-02-17-a-las-22.25.46-300x170.png 300w, http:\/\/www.grieta.org.mx\/wp-content\/uploads\/2022\/02\/Captura-de-pantalla-2022-02-17-a-las-22.25.46-1024x580.png 1024w, http:\/\/www.grieta.org.mx\/wp-content\/uploads\/2022\/02\/Captura-de-pantalla-2022-02-17-a-las-22.25.46-768x435.png 768w\" sizes=\"auto, (max-width: 750px) 100vw, 750px\" \/><figcaption id=\"caption-attachment-63401\" class=\"wp-caption-text\">De acuerdo con el Consejo Supremo Ind\u00edgena de Michoac\u00e1n, han cerrado hasta seis carreteras en la zona. Foto: @ConsejoSupremoIndigenaMichoacan , Facebook.<\/figcaption><\/figure>\n<p>En 2020, el organismo de legado cultural de la ciudad emiti\u00f3 un comunicado en el que defend\u00eda la presencia del monumento.<\/p>\n<p>\u201cBasta con leer la placa muy clara y sencilla del monumento para enorgullecernos de lo que tenemos en nuestra ciudad, cuna de grandes pensadores\u201d, se lee en el comunicado, en el que se niega que se hayan utilizado esclavos en la construcci\u00f3n de la ciudad.<\/p>\n<p><a href=\"https:\/\/www.sinembargo.mx\/14-02-2022\/4124240?utm_source=pocket_mylist\">https:\/\/www.sinembargo.mx\/14-02-2022\/4124240?utm_source=pocket_mylist<\/a><\/p>\n","protected":false},"excerpt":{"rendered":"<p>Las estatuas de tama\u00f1o real muestran al sacerdote espa\u00f1ol Fray Antonio de San Miguel orden\u00e1ndole a un pur\u00e9pecha semidesnudo que corte un bloque de piedra, mientras que se ve a &hellip; <a href=\"http:\/\/www.grieta.org.mx\/index.php\/2022\/02\/14\/michoacan-purepechas-tiran-estatua-de-espanoles-detienen-a-24-y-bloquean-carreteras\/\" class=\"more-link\">Leer m\u00e1s<\/a><\/p>\n","protected":false},"author":2,"featured_media":63402,"comment_status":"closed","ping_status":"closed","sticky":false,"template":"","format":"standard","meta":{"ngg_post_thumbnail":0,"_jetpack_newsletter_access":"","_jetpack_dont_email_post_to_subs":false,"_jetpack_newsletter_tier_id":0,"_jetpack_memberships_contains_paywalled_content":false,"_jetpack_memberships_contains_paid_content":false,"footnotes":""},"categories":[80,21,82,1169,3336],"tags":[2466,3206,4060,1090],"class_list":{"0":"post-63399","1":"post","2":"type-post","3":"status-publish","4":"format-standard","5":"has-post-thumbnail","6":"hentry","7":"category-cintillo","8":"category-michoacan","10":"category-organizacion-autonoma-del-consejo-supremos-indigena-de-michoacan","11":"category-violencia-delas-fuerzas-represivas-en-michoacan","12":"tag-luchas-y-resistencias-de-pueblos-originarios","13":"tag-protestas-pueblos-indigenas","14":"tag-racismo-institucional","15":"tag-represion-de-la-protesta-social","16":"entry"},"jetpack_featured_media_url":"http:\/\/www.grieta.org.mx\/wp-content\/uploads\/2022\/02\/Captura-de-pantalla-2022-02-17-a-las-22.35.17.png","jetpack_sharing_enabled":true,"jetpack_shortlink":"https:\/\/wp.me\/p7ZJR4-guz","jetpack_likes_enabled":false,"jetpack-related-posts":[{"id":22767,"url":"http:\/\/www.grieta.org.mx\/index.php\/2018\/04\/17\/purepechas-no-permitiran-instalacion-de-casillas-en-michoacan\/","url_meta":{"origin":63399,"position":0},"title":"Pur\u00e9pechas no permitir\u00e1n instalaci\u00f3n de casillas en Michoac\u00e1n","author":"Admin","date":"17 abril, 2018","format":false,"excerpt":"A este pronunciamiento se suman siete poblaciones del Consejo Supremo Ind\u00edgena de la entidad. La comunidad Pur\u00e9pecha de Cocucho, en el municipio de Charapan, Michoac\u00e1n, avis\u00f3 al INE que no permitir\u00e1n la instalaci\u00f3n de casillas electorales argumentando que los candidatos generan problemas y divisiones en su comunidad. El documento de\u2026","rel":"","context":"En &quot;Michoac\u00e1n&quot;","block_context":{"text":"Michoac\u00e1n","link":"http:\/\/www.grieta.org.mx\/index.php\/category\/noticias-nacionales\/michoacan\/"},"img":{"alt_text":"","src":"https:\/\/i0.wp.com\/www.grieta.org.mx\/wp-content\/uploads\/2018\/04\/2007065040_176c5cb37d_b.jpg?resize=350%2C200","width":350,"height":200,"srcset":"https:\/\/i0.wp.com\/www.grieta.org.mx\/wp-content\/uploads\/2018\/04\/2007065040_176c5cb37d_b.jpg?resize=350%2C200 1x, https:\/\/i0.wp.com\/www.grieta.org.mx\/wp-content\/uploads\/2018\/04\/2007065040_176c5cb37d_b.jpg?resize=525%2C300 1.5x, https:\/\/i0.wp.com\/www.grieta.org.mx\/wp-content\/uploads\/2018\/04\/2007065040_176c5cb37d_b.jpg?resize=700%2C400 2x"},"classes":[]},{"id":23302,"url":"http:\/\/www.grieta.org.mx\/index.php\/2018\/05\/25\/comunicado-del-cni-cig-condenando-el-ataque-a-la-comunidad-purepecha-de-nurio-michoacan\/","url_meta":{"origin":63399,"position":1},"title":"COMUNICADO DEL CNI- CIG CONDENANDO EL ATAQUE A LA COMUNIDAD PUR\u00c9PECHA DE NUR\u00cdO, MICHOAC\u00c1N","author":"grieta","date":"25 mayo, 2018","format":false,"excerpt":"Al pueblo de M\u00e9xico y del mundo Con dolor y rabia, pero tambi\u00e9n con una urgencia de justicia, el CNI- CIG manifestamos nuestro apoyo y solidaridad a la comunidad pur\u00e9pecha de Nur\u00edo, Michoac\u00e1n. El pasado 22 de mayo un grupo fuertemente armado, ingres\u00f3 a esta comunidad con la intenci\u00f3n de\u2026","rel":"","context":"En &quot;28. Nur\u00edo&quot;","block_context":{"text":"28. Nur\u00edo","link":"http:\/\/www.grieta.org.mx\/index.php\/category\/espejos-de-la-resistencia\/28-nurio\/"},"img":{"alt_text":"","src":"https:\/\/i0.wp.com\/www.grieta.org.mx\/wp-content\/uploads\/2018\/03\/14524434_1106112876131411_958039263622046936_o.jpg?resize=350%2C200","width":350,"height":200,"srcset":"https:\/\/i0.wp.com\/www.grieta.org.mx\/wp-content\/uploads\/2018\/03\/14524434_1106112876131411_958039263622046936_o.jpg?resize=350%2C200 1x, https:\/\/i0.wp.com\/www.grieta.org.mx\/wp-content\/uploads\/2018\/03\/14524434_1106112876131411_958039263622046936_o.jpg?resize=525%2C300 1.5x, https:\/\/i0.wp.com\/www.grieta.org.mx\/wp-content\/uploads\/2018\/03\/14524434_1106112876131411_958039263622046936_o.jpg?resize=700%2C400 2x"},"classes":[]},{"id":23275,"url":"http:\/\/www.grieta.org.mx\/index.php\/2018\/05\/23\/denuncia-de-la-comunidad-purepecha-de-nurio-michoacan\/","url_meta":{"origin":63399,"position":2},"title":"Denuncia de la Comunidad Pur\u00e9pecha de Nurio (Michoac\u00e1n)","author":"grieta","date":"23 mayo, 2018","format":false,"excerpt":"A la opini\u00f3n p\u00fablica Al Congreso Nacional Ind\u00edgena Al Ej\u00e9rcito Zapatista de Liberaci\u00f3n Nacional A los medios de comunicaci\u00f3n libres nacionales e internacionales A las comunidades ind\u00edgenas hermanas de M\u00e9xico y del mundo A la sociedad civil nacional e internacional Informamos que el d\u00eda de ayer 22 de mayo del\u2026","rel":"","context":"En &quot;28. Nur\u00edo&quot;","block_context":{"text":"28. Nur\u00edo","link":"http:\/\/www.grieta.org.mx\/index.php\/category\/espejos-de-la-resistencia\/28-nurio\/"},"img":{"alt_text":"","src":"https:\/\/i0.wp.com\/www.grieta.org.mx\/wp-content\/uploads\/2018\/03\/14524434_1106112876131411_958039263622046936_o.jpg?resize=350%2C200","width":350,"height":200,"srcset":"https:\/\/i0.wp.com\/www.grieta.org.mx\/wp-content\/uploads\/2018\/03\/14524434_1106112876131411_958039263622046936_o.jpg?resize=350%2C200 1x, https:\/\/i0.wp.com\/www.grieta.org.mx\/wp-content\/uploads\/2018\/03\/14524434_1106112876131411_958039263622046936_o.jpg?resize=525%2C300 1.5x, https:\/\/i0.wp.com\/www.grieta.org.mx\/wp-content\/uploads\/2018\/03\/14524434_1106112876131411_958039263622046936_o.jpg?resize=700%2C400 2x"},"classes":[]},{"id":63767,"url":"http:\/\/www.grieta.org.mx\/index.php\/2022\/03\/08\/las-kuarhichas-mujeres-guardianas-del-oasis-purepecha-michoacan\/","url_meta":{"origin":63399,"position":3},"title":"Las Kuarhichas, mujeres guardianas del oasis pur\u00e9pecha (Michoac\u00e1n)","author":"grieta","date":"8 marzo, 2022","format":false,"excerpt":"La comunidad pur\u00e9pecha de La Cantera, en Tangamandapio, Michoac\u00e1n, est\u00e1 resguardada por un cuerpo de vigilancia que es emanado de la propia localidad. Este grupo, integrado por seis hombres y cuatro mujeres, es encabezado por una singular mujer: Guillermina Ascencio. La comunidad pur\u00e9pecha de La Cantera, en Tangamandapio, Michoac\u00e1n, est\u00e1\u2026","rel":"","context":"En &quot;Luchas de las mujeres en Michoac\u00e1n&quot;","block_context":{"text":"Luchas de las mujeres en Michoac\u00e1n","link":"http:\/\/www.grieta.org.mx\/index.php\/category\/noticias-nacionales\/michoacan\/luchas-de-las-mujeres-en-michoacan\/"},"img":{"alt_text":"","src":"https:\/\/i0.wp.com\/www.grieta.org.mx\/wp-content\/uploads\/2018\/03\/14524434_1106112876131411_958039263622046936_o.jpg?resize=350%2C200","width":350,"height":200,"srcset":"https:\/\/i0.wp.com\/www.grieta.org.mx\/wp-content\/uploads\/2018\/03\/14524434_1106112876131411_958039263622046936_o.jpg?resize=350%2C200 1x, https:\/\/i0.wp.com\/www.grieta.org.mx\/wp-content\/uploads\/2018\/03\/14524434_1106112876131411_958039263622046936_o.jpg?resize=525%2C300 1.5x, https:\/\/i0.wp.com\/www.grieta.org.mx\/wp-content\/uploads\/2018\/03\/14524434_1106112876131411_958039263622046936_o.jpg?resize=700%2C400 2x"},"classes":[]},{"id":66866,"url":"http:\/\/www.grieta.org.mx\/index.php\/2023\/04\/28\/en-michoacan-comunidades-se-movilizan-por-asesinato-de-defensor-de-los-bosques\/","url_meta":{"origin":63399,"position":4},"title":"En Michoac\u00e1n, comunidades se movilizan por asesinato de defensor de los bosques","author":"grieta","date":"28 abril, 2023","format":false,"excerpt":"Alfredo Cisneros Madrigal, ind\u00edgena pur\u00e9pecha y miembro activo en la defensa de los bosques de la comunidad de Sicuicho, municipio de Los Reyes, Michoac\u00e1n, fue asesinado a balazos la noche del pasado martes (21). As\u00ed lo denunciaron el Consejo Supremo Ind\u00edgena de Michoac\u00e1n (CSIM) y el Concejo Comunal Ind\u00edgena de\u2026","rel":"","context":"En &quot;CINTILLO&quot;","block_context":{"text":"CINTILLO","link":"http:\/\/www.grieta.org.mx\/index.php\/category\/cintillo\/"},"img":{"alt_text":"","src":"https:\/\/i0.wp.com\/www.grieta.org.mx\/wp-content\/uploads\/2023\/04\/Captura-de-Pantalla-2023-04-28-a-las-11.57.10.jpg?resize=350%2C200","width":350,"height":200,"srcset":"https:\/\/i0.wp.com\/www.grieta.org.mx\/wp-content\/uploads\/2023\/04\/Captura-de-Pantalla-2023-04-28-a-las-11.57.10.jpg?resize=350%2C200 1x, https:\/\/i0.wp.com\/www.grieta.org.mx\/wp-content\/uploads\/2023\/04\/Captura-de-Pantalla-2023-04-28-a-las-11.57.10.jpg?resize=525%2C300 1.5x, https:\/\/i0.wp.com\/www.grieta.org.mx\/wp-content\/uploads\/2023\/04\/Captura-de-Pantalla-2023-04-28-a-las-11.57.10.jpg?resize=700%2C400 2x, https:\/\/i0.wp.com\/www.grieta.org.mx\/wp-content\/uploads\/2023\/04\/Captura-de-Pantalla-2023-04-28-a-las-11.57.10.jpg?resize=1050%2C600 3x, https:\/\/i0.wp.com\/www.grieta.org.mx\/wp-content\/uploads\/2023\/04\/Captura-de-Pantalla-2023-04-28-a-las-11.57.10.jpg?resize=1400%2C800 4x"},"classes":[]},{"id":65280,"url":"http:\/\/www.grieta.org.mx\/index.php\/2022\/09\/22\/en-protesta-por-la-decision-de-la-scjn-consejo-supremo-indigena-marcha-en-la-ciudad-de-mexico-michoacan\/","url_meta":{"origin":63399,"position":5},"title":"En protesta por la decisi\u00f3n de la SCJN, Consejo Supremo Ind\u00edgena marcha en la Ciudad de M\u00e9xico (Michoac\u00e1n)","author":"grieta","date":"22 septiembre, 2022","format":false,"excerpt":"Se presentaron m\u00e1s de mil habitantes de los diversos pueblos originarios pertenecientes al Concejo Supremo Ind\u00edgena de Michoac\u00e1n, en lo que denominaron \u201cmovilizaci\u00f3n nacional en defensa de las autonom\u00edas\u201d Ang\u00e9lica Ayala \/ La Voz de Michoac\u00e1n, 22 de septiembre de 2022 Ciudad de M\u00e9xico. Las comunidades ind\u00edgenas que integran el\u2026","rel":"","context":"En &quot;CINTILLO&quot;","block_context":{"text":"CINTILLO","link":"http:\/\/www.grieta.org.mx\/index.php\/category\/cintillo\/"},"img":{"alt_text":"","src":"https:\/\/i0.wp.com\/www.grieta.org.mx\/wp-content\/uploads\/2022\/09\/csi1-1.jpeg?resize=350%2C200","width":350,"height":200,"srcset":"https:\/\/i0.wp.com\/www.grieta.org.mx\/wp-content\/uploads\/2022\/09\/csi1-1.jpeg?resize=350%2C200 1x, https:\/\/i0.wp.com\/www.grieta.org.mx\/wp-content\/uploads\/2022\/09\/csi1-1.jpeg?resize=525%2C300 1.5x, https:\/\/i0.wp.com\/www.grieta.org.mx\/wp-content\/uploads\/2022\/09\/csi1-1.jpeg?resize=700%2C400 2x"},"classes":[]}],"_links":{"self":[{"href":"http:\/\/www.grieta.org.mx\/index.php\/wp-json\/wp\/v2\/posts\/63399","targetHints":{"allow":["GET"]}}],"collection":[{"href":"http:\/\/www.grieta.org.mx\/index.php\/wp-json\/wp\/v2\/posts"}],"about":[{"href":"http:\/\/www.grieta.org.mx\/index.php\/wp-json\/wp\/v2\/types\/post"}],"author":[{"embeddable":true,"href":"http:\/\/www.grieta.org.mx\/index.php\/wp-json\/wp\/v2\/users\/2"}],"replies":[{"embeddable":true,"href":"http:\/\/www.grieta.org.mx\/index.php\/wp-json\/wp\/v2\/comments?post=63399"}],"version-history":[{"count":1,"href":"http:\/\/www.grieta.org.mx\/index.php\/wp-json\/wp\/v2\/posts\/63399\/revisions"}],"predecessor-version":[{"id":63404,"href":"http:\/\/www.grieta.org.mx\/index.php\/wp-json\/wp\/v2\/posts\/63399\/revisions\/63404"}],"wp:featuredmedia":[{"embeddable":true,"href":"http:\/\/www.grieta.org.mx\/index.php\/wp-json\/wp\/v2\/media\/63402"}],"wp:attachment":[{"href":"http:\/\/www.grieta.org.mx\/index.php\/wp-json\/wp\/v2\/media?parent=63399"}],"wp:term":[{"taxonomy":"category","embeddable":true,"href":"http:\/\/www.grieta.org.mx\/index.php\/wp-json\/wp\/v2\/categories?post=63399"},{"taxonomy":"post_tag","embeddable":true,"href":"http:\/\/www.grieta.org.mx\/index.php\/wp-json\/wp\/v2\/tags?post=63399"}],"curies":[{"name":"wp","href":"https:\/\/api.w.org\/{rel}","templated":true}]}}