{"id":63288,"date":"2022-02-03T16:07:45","date_gmt":"2022-02-03T22:07:45","guid":{"rendered":"https:\/\/www.grieta.org.mx\/?p=63288"},"modified":"2022-02-05T16:29:41","modified_gmt":"2022-02-05T22:29:41","slug":"por-adherirse-a-nuevo-sindicato-enfermeras-del-issste-padecen-violencia-institucional-jalisco","status":"publish","type":"post","link":"http:\/\/www.grieta.org.mx\/index.php\/2022\/02\/03\/por-adherirse-a-nuevo-sindicato-enfermeras-del-issste-padecen-violencia-institucional-jalisco\/","title":{"rendered":"Por adherirse a nuevo sindicato enfermeras del ISSSTE padecen violencia institucional (Jalisco)"},"content":{"rendered":"<p>Foto: Cuatoscuro<\/p>\n<p>Isaura L\u00f3pez \/ El Occidental<\/p>\n<p>Por adherirse a un nuevo sindicato al menos cinco enfermeras de la cl\u00ednica n\u00famero dos del Instituto de Seguridad y Servicios Sociales de los Trabajadores del Estado (ISSSTE), delegaci\u00f3n Jalisco son v\u00edctimas de violaci\u00f3n a sus derechos laborales, econ\u00f3micos, y en su desarrollo profesional.<\/p>\n<p>La denuncia p\u00fablica, la hicieron los dirigentes nacionales del Sindicato \u00danico de Trabajadores del ISSSTE (SUTISSSTE), quien pide la destituci\u00f3n de la directora Ana Mar\u00eda Camarena Vera, y de no obtener respuesta por parte del ISSSTE Federal advierten que podr\u00eda tomar las oficinas administrativas.<\/p>\n<p>El secretario general de asuntos juicio del Comit\u00e9 Ejecutivo Nacional del SUTISSSTE, C\u00e9sar Vega Pe\u00f1a ante la serie de arbitrariedades de la cuales son objeto las enfermeras de Jalisco, y a la negativa de dialogo institucional, expres\u00f3: \u201cEstamos pidiendo la destituci\u00f3n de la directora porque no ha sido competente para el cargo que fue nombrada en su momento, y no nos ha dado respuesta absolutamente a ninguna de la petici\u00f3n a efecto de regularizar esta situaci\u00f3n que vulnera los derechos y prestaciones de nuestros representados\u201d.<\/p>\n<p>Por su parte, el secretario general del sindicato a nivel nacional Juan Jos\u00e9 Hern\u00e1ndez Dom\u00ednguez, denunci\u00f3 que tras adherirse las enfermeras del ISSSTE Jalisco al sindicato de reciente creaci\u00f3n con mil agremiados han sido objeto de una serie de actos violatorios de derechos humanos.<\/p>\n<p>Mencion\u00f3 que los descuentos indebidos son por puntualidad, asistencia, eficiencia y m\u00e9rito relevante, las enfermeras tienen m\u00e1s de dos d\u00e9cadas laborando en el ISSSTE.<\/p>\n<p>\u201cLa autoridad les est\u00e1 haciendo descuentos autoritarios, indebidos, prestaciones y derechos que tienen como trabajadoras, les est\u00e1n descontando los conceptos 37, 38, 39 y 40 de forma injustificada y hemos pedido que se aclaren este tipo de situaciones, que dejen de seguir haci\u00e9ndolo\u201d.<\/p>\n<p>Sin embargo, indic\u00f3 que a la fecha no hay una respuesta para resolver la problem\u00e1tica laboral e hizo un llamado al director Normativo del ISSSTE, Federal, Ramiro L\u00f3pez Elizalde que intervenga en asuntos de su estado para evitar que el personal sea v\u00edctima de acoso.<\/p>\n<p>El Sindicato \u00danico de Trabajadores del ISSSTE (SUTISSSTE) se constituy\u00f3 en el 2020 y la toma de nota fue el 3 de marzo del 2021, cuenta con mil agremiados a nivel nacional.<\/p>\n<p><a href=\"https:\/\/www.eloccidental.com.mx\/local\/denuncia-sindicato-nacional-que-enfermeras-del-issste-padecen-violencia-institucional-7820813.html\">https:\/\/www.eloccidental.com.mx\/local\/denuncia-sindicato-nacional-que-enfermeras-del-issste-padecen-violencia-institucional-7820813.html<\/a><\/p>\n","protected":false},"excerpt":{"rendered":"<p>Foto: Cuatoscuro Isaura L\u00f3pez \/ El Occidental Por adherirse a un nuevo sindicato al menos cinco enfermeras de la cl\u00ednica n\u00famero dos del Instituto de Seguridad y Servicios Sociales de &hellip; <a href=\"http:\/\/www.grieta.org.mx\/index.php\/2022\/02\/03\/por-adherirse-a-nuevo-sindicato-enfermeras-del-issste-padecen-violencia-institucional-jalisco\/\" class=\"more-link\">Leer m\u00e1s<\/a><\/p>\n","protected":false},"author":2,"featured_media":63289,"comment_status":"closed","ping_status":"closed","sticky":false,"template":"","format":"standard","meta":{"ngg_post_thumbnail":0,"_jetpack_newsletter_access":"","_jetpack_dont_email_post_to_subs":false,"_jetpack_newsletter_tier_id":0,"_jetpack_memberships_contains_paywalled_content":false,"_jetpack_memberships_contains_paid_content":false,"footnotes":""},"categories":[80,910,3289,20,2,83],"tags":[2054,3255,2841,492,2580,381],"class_list":["post-63288","post","type-post","status-publish","format-standard","has-post-thumbnail","hentry","category-cintillo","category-explotacion-y-precariedad-laboral","category-explotacion-y-precariedad-laboral-en-jalisco","category-jalisco","category-noticias-nacionales","category-temas-nacionales","tag-acoso-laboral","tag-enfermeras-agredidas","tag-explotacion-y-precariedad-laboral","tag-issste","tag-precarizacion-laboral","tag-violencia-de-genero","entry"],"jetpack_featured_media_url":"http:\/\/www.grieta.org.mx\/wp-content\/uploads\/2022\/02\/ISSSTE.jpg","jetpack_sharing_enabled":true,"jetpack_shortlink":"https:\/\/wp.me\/p7ZJR4-gsM","jetpack_likes_enabled":false,"jetpack-related-posts":[{"id":50815,"url":"http:\/\/www.grieta.org.mx\/index.php\/2020\/06\/09\/enfermeras-y-doctores-exigen-mejores-insumos-medicos-queretaro\/","url_meta":{"origin":63288,"position":0},"title":"Enfermeras y Doctores exigen mejores insumos m\u00e9dicos (Quer\u00e9taro)","author":"grieta","date":"9 junio, 2020","format":false,"excerpt":"Foto: www.facebook.com\/InboxPolitico Inbox Pol\u00edtico Este martes se llevaron acabo dos manifestaciones -en la capital del Estado de Quer\u00e9taro- ambas integradas por personal m\u00e9dico. En la primera, Enfermeras del Hospital de Especialidades del Ni\u00f1o y la Mujer, en Plaza de Armas, exigieron insumos de calidad para atender a pacientes Covid. En\u2026","rel":"","context":"En &quot;CINTILLO&quot;","block_context":{"text":"CINTILLO","link":"http:\/\/www.grieta.org.mx\/index.php\/category\/cintillo\/"},"img":{"alt_text":"","src":"https:\/\/i0.wp.com\/www.grieta.org.mx\/wp-content\/uploads\/2020\/06\/Enfermeras-y-Doctores-exigen-mejores-insumos-m%C3%A9dicos-qro-jun.jpg?resize=350%2C200","width":350,"height":200,"srcset":"https:\/\/i0.wp.com\/www.grieta.org.mx\/wp-content\/uploads\/2020\/06\/Enfermeras-y-Doctores-exigen-mejores-insumos-m%C3%A9dicos-qro-jun.jpg?resize=350%2C200 1x, https:\/\/i0.wp.com\/www.grieta.org.mx\/wp-content\/uploads\/2020\/06\/Enfermeras-y-Doctores-exigen-mejores-insumos-m%C3%A9dicos-qro-jun.jpg?resize=525%2C300 1.5x, https:\/\/i0.wp.com\/www.grieta.org.mx\/wp-content\/uploads\/2020\/06\/Enfermeras-y-Doctores-exigen-mejores-insumos-m%C3%A9dicos-qro-jun.jpg?resize=700%2C400 2x"},"classes":[]},{"id":68733,"url":"http:\/\/www.grieta.org.mx\/index.php\/2024\/03\/28\/ante-ambiente-laboral-tenso-issste-amenaza-de-paro-total-en-chetumal-quintana-roo\/","url_meta":{"origin":63288,"position":1},"title":"Ante ambiente laboral \u2018tenso\u2019, ISSSTE amenaza de paro total en Chetumal (Quintana Roo)","author":"grieta","date":"28 marzo, 2024","format":false,"excerpt":"Armando Galera \/ Novedades Quintana Roo Pacientes del hospital del Instituto de Seguridad y Servicios Sociales de los Trabajadores del Estado (ISSSTE) se encuentran temerosos de que su atenci\u00f3n m\u00e9dica se suspenda, luego de que personal de la cl\u00ednica amenazara con un paro de labores definitivo a partir de la\u2026","rel":"","context":"En &quot;CINTILLO&quot;","block_context":{"text":"CINTILLO","link":"http:\/\/www.grieta.org.mx\/index.php\/category\/cintillo\/"},"img":{"alt_text":"","src":"https:\/\/i0.wp.com\/www.grieta.org.mx\/wp-content\/uploads\/2024\/04\/ChetumalIssste-e1712170051802.jpg?resize=350%2C200","width":350,"height":200,"srcset":"https:\/\/i0.wp.com\/www.grieta.org.mx\/wp-content\/uploads\/2024\/04\/ChetumalIssste-e1712170051802.jpg?resize=350%2C200 1x, https:\/\/i0.wp.com\/www.grieta.org.mx\/wp-content\/uploads\/2024\/04\/ChetumalIssste-e1712170051802.jpg?resize=525%2C300 1.5x, https:\/\/i0.wp.com\/www.grieta.org.mx\/wp-content\/uploads\/2024\/04\/ChetumalIssste-e1712170051802.jpg?resize=700%2C400 2x"},"classes":[]},{"id":34052,"url":"http:\/\/www.grieta.org.mx\/index.php\/2019\/05\/29\/protestan-en-clinica-del-issste-de-victoria-por-despidos-injustificados-tamaulipas\/","url_meta":{"origin":63288,"position":2},"title":"Protestan en cl\u00ednica del ISSSTE de Victoria por despidos injustificados (Tamaulipas)","author":"grieta","date":"29 mayo, 2019","format":false,"excerpt":"Lupita \u00c1lvarez \/ Gaceta Cd. Victoria, Tamaulipas.- Con el argumento de que tres de sus compa\u00f1eros fueron despedidos injustificadamente, integrantes del Sindicato de los Trabajadores del ISSSTE se manifestaron frente a la cl\u00ednica de esta capital, desde donde adem\u00e1s exigieron al gobierno federal que les informe cu\u00e1l es su situaci\u00f3n\u2026","rel":"","context":"En &quot;CINTILLO&quot;","block_context":{"text":"CINTILLO","link":"http:\/\/www.grieta.org.mx\/index.php\/category\/cintillo\/"},"img":{"alt_text":"","src":"https:\/\/i0.wp.com\/www.grieta.org.mx\/wp-content\/uploads\/2019\/06\/Protestan-en-cl%C3%ADnica-del-ISSSTE-de-Victoria-por-despidos-injustificados-tama-jun.jpg?resize=350%2C200","width":350,"height":200,"srcset":"https:\/\/i0.wp.com\/www.grieta.org.mx\/wp-content\/uploads\/2019\/06\/Protestan-en-cl%C3%ADnica-del-ISSSTE-de-Victoria-por-despidos-injustificados-tama-jun.jpg?resize=350%2C200 1x, https:\/\/i0.wp.com\/www.grieta.org.mx\/wp-content\/uploads\/2019\/06\/Protestan-en-cl%C3%ADnica-del-ISSSTE-de-Victoria-por-despidos-injustificados-tama-jun.jpg?resize=525%2C300 1.5x"},"classes":[]},{"id":41665,"url":"http:\/\/www.grieta.org.mx\/index.php\/2019\/11\/27\/trabajadores-del-issste-rinen-con-policias-en-bloqueo-de-zaragoza-ciudad-de-mexico\/","url_meta":{"origin":63288,"position":3},"title":"Trabajadores del ISSSTE ri\u00f1en con polic\u00edas en bloqueo de Zaragoza (Ciudad de M\u00e9xico)","author":"grieta","date":"27 noviembre, 2019","format":false,"excerpt":"Excelsior Los manifestantes se enfrentaron con los agentes que intentaban abrir algunos carriles de la vialidad CIUDAD DE M\u00c9XICO. Un conato de bronca se dio entre trabajadores del Instituto de Seguridad y Servicios Sociales de los Trabajadores del Estado (ISSSTE) y polic\u00edas capitalinos durante un bloqueo sobre Calzada Ignacio Zaragoza,\u2026","rel":"","context":"En &quot;Abuso policiaco y tortura en el Estado de M\u00e9xico&quot;","block_context":{"text":"Abuso policiaco y tortura en el Estado de M\u00e9xico","link":"http:\/\/www.grieta.org.mx\/index.php\/category\/noticias-nacionales\/estado-de-mexico\/abuso-policiaco-y-tortura-en-el-estado-de-mexico\/"},"img":{"alt_text":"","src":"https:\/\/i0.wp.com\/www.grieta.org.mx\/wp-content\/uploads\/2019\/11\/Trabajadores-del-ISSSTE-ri%C3%B1en-con-polic%C3%ADas-en-bloqueo-de-Zaragoza-cdmx-nov.jpg?resize=350%2C200","width":350,"height":200,"srcset":"https:\/\/i0.wp.com\/www.grieta.org.mx\/wp-content\/uploads\/2019\/11\/Trabajadores-del-ISSSTE-ri%C3%B1en-con-polic%C3%ADas-en-bloqueo-de-Zaragoza-cdmx-nov.jpg?resize=350%2C200 1x, https:\/\/i0.wp.com\/www.grieta.org.mx\/wp-content\/uploads\/2019\/11\/Trabajadores-del-ISSSTE-ri%C3%B1en-con-polic%C3%ADas-en-bloqueo-de-Zaragoza-cdmx-nov.jpg?resize=525%2C300 1.5x"},"classes":[]},{"id":34083,"url":"http:\/\/www.grieta.org.mx\/index.php\/2019\/05\/28\/protestan-en-zacatecas-por-despidos-en-el-issste\/","url_meta":{"origin":63288,"position":4},"title":"Protestan en Zacatecas por despidos en el ISSSTE","author":"grieta","date":"28 mayo, 2019","format":false,"excerpt":"Ra\u00fal Garc\u00eda\/El Sol de Zacatecas Integrantes del Sindicato Independiente de Trabajadores del ISSSTE (Sitissste) en Zacatecas expresaron su rechazo al despido de los trabajadores de la oficina de Turissste . Con la colocaci\u00f3n de pancartas en el hospital general del Instituto, en la capital zacatecana, se unieron a la manifestaci\u00f3n\u2026","rel":"","context":"En &quot;CINTILLO&quot;","block_context":{"text":"CINTILLO","link":"http:\/\/www.grieta.org.mx\/index.php\/category\/cintillo\/"},"img":{"alt_text":"","src":"https:\/\/i0.wp.com\/www.grieta.org.mx\/wp-content\/uploads\/2019\/06\/z1.jpg?resize=350%2C200","width":350,"height":200,"srcset":"https:\/\/i0.wp.com\/www.grieta.org.mx\/wp-content\/uploads\/2019\/06\/z1.jpg?resize=350%2C200 1x, https:\/\/i0.wp.com\/www.grieta.org.mx\/wp-content\/uploads\/2019\/06\/z1.jpg?resize=525%2C300 1.5x, https:\/\/i0.wp.com\/www.grieta.org.mx\/wp-content\/uploads\/2019\/06\/z1.jpg?resize=700%2C400 2x"},"classes":[]},{"id":49692,"url":"http:\/\/www.grieta.org.mx\/index.php\/2020\/05\/20\/exigen-garantias-de-salud-para-trabajadores-de-reclusorios-en-jalisco\/","url_meta":{"origin":63288,"position":5},"title":"Exigen garant\u00edas de salud para trabajadores de reclusorios en Jalisco","author":"grieta","date":"20 mayo, 2020","format":false,"excerpt":"Foto. Pablo Toledo Integrantes del Sindicato Democr\u00e1tico del Sistema Penitenciario del Estado de Jalisco denunciaron tambi\u00e9n la falta de pagos de bonos, discriminaci\u00f3n laboral y la falta de protocolos sanitarios Pablo Toledo \/ UDGTV Guadalajara, Jalisco. Integrantes del Sindicato Democr\u00e1tico del Sistema Penitenciario del Estado de Jalisco entregaron un pliego\u2026","rel":"","context":"En &quot;CINTILLO&quot;","block_context":{"text":"CINTILLO","link":"http:\/\/www.grieta.org.mx\/index.php\/category\/cintillo\/"},"img":{"alt_text":"","src":"https:\/\/i0.wp.com\/www.grieta.org.mx\/wp-content\/uploads\/2020\/05\/reclusorios-de-Jalisco-Pablo-Toledo-696x385.jpeg?resize=350%2C200","width":350,"height":200,"srcset":"https:\/\/i0.wp.com\/www.grieta.org.mx\/wp-content\/uploads\/2020\/05\/reclusorios-de-Jalisco-Pablo-Toledo-696x385.jpeg?resize=350%2C200 1x, https:\/\/i0.wp.com\/www.grieta.org.mx\/wp-content\/uploads\/2020\/05\/reclusorios-de-Jalisco-Pablo-Toledo-696x385.jpeg?resize=525%2C300 1.5x"},"classes":[]}],"_links":{"self":[{"href":"http:\/\/www.grieta.org.mx\/index.php\/wp-json\/wp\/v2\/posts\/63288","targetHints":{"allow":["GET"]}}],"collection":[{"href":"http:\/\/www.grieta.org.mx\/index.php\/wp-json\/wp\/v2\/posts"}],"about":[{"href":"http:\/\/www.grieta.org.mx\/index.php\/wp-json\/wp\/v2\/types\/post"}],"author":[{"embeddable":true,"href":"http:\/\/www.grieta.org.mx\/index.php\/wp-json\/wp\/v2\/users\/2"}],"replies":[{"embeddable":true,"href":"http:\/\/www.grieta.org.mx\/index.php\/wp-json\/wp\/v2\/comments?post=63288"}],"version-history":[{"count":1,"href":"http:\/\/www.grieta.org.mx\/index.php\/wp-json\/wp\/v2\/posts\/63288\/revisions"}],"predecessor-version":[{"id":63290,"href":"http:\/\/www.grieta.org.mx\/index.php\/wp-json\/wp\/v2\/posts\/63288\/revisions\/63290"}],"wp:featuredmedia":[{"embeddable":true,"href":"http:\/\/www.grieta.org.mx\/index.php\/wp-json\/wp\/v2\/media\/63289"}],"wp:attachment":[{"href":"http:\/\/www.grieta.org.mx\/index.php\/wp-json\/wp\/v2\/media?parent=63288"}],"wp:term":[{"taxonomy":"category","embeddable":true,"href":"http:\/\/www.grieta.org.mx\/index.php\/wp-json\/wp\/v2\/categories?post=63288"},{"taxonomy":"post_tag","embeddable":true,"href":"http:\/\/www.grieta.org.mx\/index.php\/wp-json\/wp\/v2\/tags?post=63288"}],"curies":[{"name":"wp","href":"https:\/\/api.w.org\/{rel}","templated":true}]}}