{"id":63283,"date":"2022-02-03T12:14:45","date_gmt":"2022-02-03T18:14:45","guid":{"rendered":"https:\/\/www.grieta.org.mx\/?p=63283"},"modified":"2022-02-05T12:22:33","modified_gmt":"2022-02-05T18:22:33","slug":"afectados-desde-hace-tres-anos-5-mil-jubilados-y-pensionados-del-issste-por-impago-de-retroactivo-salarial-colima","status":"publish","type":"post","link":"http:\/\/www.grieta.org.mx\/index.php\/2022\/02\/03\/afectados-desde-hace-tres-anos-5-mil-jubilados-y-pensionados-del-issste-por-impago-de-retroactivo-salarial-colima\/","title":{"rendered":"Afectados desde hace tres a\u00f1os 5 mil jubilados y pensionados del ISSSTE por impago de retroactivo salarial (Colima)"},"content":{"rendered":"<p>Foto: El Comentario<\/p>\n<p>Francis Bravo \/ El Comentario<\/p>\n<p>El presidente de la Asociaci\u00f3n de Jubilados y Adultos Mayores,\u00a0<strong>Manuel Godina Velasco<\/strong>, denunci\u00f3 que desde hace tres a\u00f1os, a alrededor de 5 mil\u00a0<strong>jubilados<\/strong>\u00a0y\u00a0<strong>pensionados<\/strong>\u00a0del\u00a0<strong>ISSSTE<\/strong>\u00a0en Colima, se les est\u00e1 afectando al no entregarles el\u00a0<strong>retroactivo<\/strong>\u00a0del\u00a0<strong>incremento salarial<\/strong>, el cual representa este a\u00f1o casi 2 mil pesos.<\/p>\n<p>\u201cEn estos aumentos anuales, desde hace tres a\u00f1os el ISSSTE nos roba una importante cantidad cada a\u00f1o, adem\u00e1s de que no nos paga correctamente en\u00a0<strong>salarios m\u00ednimos<\/strong>; cada a\u00f1o en enero se queda con una cantidad, y este a\u00f1o la cantidad que nos rasur\u00f3 fue a partir del 1 enero\u201d, expuso.<\/p>\n<p>Explic\u00f3 que en febrero les llega el retroactivo a enero y a quien gana m\u00e1s de 20 mil pesos mensuales no se les paga, por lo que invit\u00f3 a quienes no se les refleje el aumento desde enero de un 7.36%, a que acudan a firmar el reclamo a las oficinas de las Asociaci\u00f3n de Jubilados y Pensionados del ISSSTE, ubicadas en Manuel Gallardo Zamora No. 256, zona Centro de Colima, o comunicarse al tel\u00e9fono es 312 3305048.<\/p>\n<p>Manuel Godina calific\u00f3 como grave que no se les entregue el retroactivo de enero, pues afecta la\u00a0<strong>econom\u00eda<\/strong>\u00a0de los jubilados desde hace tres a\u00f1os, y responsabiliz\u00f3 a\u00a0<strong>Fernando R\u00edos de la Mora<\/strong>, subdelegado de\u00a0<strong>Prestaciones del ISSSTE<\/strong>.<\/p>\n<p>\u201cHay un funcionario importante que viola el\u00a0<strong>Art\u00edculo 8<\/strong>\u00a0Constitucional, el cual dice que a toda solicitud en dependencia publica, el funcionario debe dar respuesta pronta. Le mandamos solicitud desde hace tres a\u00f1os cada a\u00f1o y no nos contesta, el funcionario es Fernando R\u00edos de la Mora, subdelegado de Prestaciones del ISSSTE que afecta a miles de jubilados de Colima por su\u00a0<strong>incompetencia e irresponsabilidad<\/strong>\u201d, mencion\u00f3.<\/p>\n<p>Por lo anterior, solicit\u00f3 a\u00a0<strong>Leticia Delgado Carrillo<\/strong>, quien recientemente fue nombrada t\u00e9cnica de la Comisi\u00f3n de Vigilancia a nivel nacional del ISSSTE, para que ponga en su tierra, orden en dicha\u00a0<strong>irregularidad<\/strong>, pues no se sabe d\u00f3nde queda ese dinero de los trabajadores jubilados y pensionados.<\/p>\n<p>Refiri\u00f3 que en Colima la\u00a0<strong>Delegaci\u00f3n<\/strong>\u00a0del ISSSTE les cubre sus pensiones a 12 mil jubilados y pensionados, de los cuales estim\u00f3 que 5 mil son afectados por omisi\u00f3n de pago porque el ISSSTE les rasura el recurso.<\/p>\n<p>Asimismo, dio a conocer que dicha situaci\u00f3n ya se la expuso a la gobernadora\u00a0<strong>Indira Vizca\u00edno<\/strong>\u00a0Silva y al representante de la Secretar\u00eda de Gobernaci\u00f3n,\u00a0<strong>Carlos Gonz\u00e1lez Palomino<\/strong>.<\/p>\n<p>Manuel Godina mencion\u00f3 que adem\u00e1s se les afecta tambi\u00e9n al momento de otorgar el aumento de la pensi\u00f3n, pues de acuerdo a la ley, el aumento debe ser lo que beneficie m\u00e1s; de acuerdo al \u00edndice de precios al consumidor o el porcentaje aumentado a activos, \u201cqu\u00e9 hace ma\u00f1osamente el ISSSTE, pues nos da la cantidad menor\u201d.<\/p>\n<p><a href=\"https:\/\/elcomentario.ucol.mx\/afectados-5-mil-jubilados-y-pensionados-del-isste-por-impago-de-retroactivo-salarial\/\">https:\/\/elcomentario.ucol.mx\/afectados-5-mil-jubilados-y-pensionados-del-isste-por-impago-de-retroactivo-salarial\/<\/a><\/p>\n","protected":false},"excerpt":{"rendered":"<p>Foto: El Comentario Francis Bravo \/ El Comentario El presidente de la Asociaci\u00f3n de Jubilados y Adultos Mayores,\u00a0Manuel Godina Velasco, denunci\u00f3 que desde hace tres a\u00f1os, a alrededor de 5 &hellip; <a href=\"http:\/\/www.grieta.org.mx\/index.php\/2022\/02\/03\/afectados-desde-hace-tres-anos-5-mil-jubilados-y-pensionados-del-issste-por-impago-de-retroactivo-salarial-colima\/\" class=\"more-link\">Leer m\u00e1s<\/a><\/p>\n","protected":false},"author":2,"featured_media":63284,"comment_status":"closed","ping_status":"closed","sticky":false,"template":"","format":"standard","meta":{"ngg_post_thumbnail":0,"_jetpack_newsletter_access":"","_jetpack_dont_email_post_to_subs":false,"_jetpack_newsletter_tier_id":0,"_jetpack_memberships_contains_paywalled_content":false,"_jetpack_memberships_contains_paid_content":false,"footnotes":""},"categories":[80,13,910,2192,2,83],"tags":[1912,2841,2281,203,3792],"class_list":["post-63283","post","type-post","status-publish","format-standard","has-post-thumbnail","hentry","category-cintillo","category-colima","category-explotacion-y-precariedad-laboral","category-explotacion-y-precariedad-laboral-en-colima","category-noticias-nacionales","category-temas-nacionales","tag-burocratas-jubilados-sin-pago","tag-explotacion-y-precariedad-laboral","tag-falta-de-pago-de-jubilaciones","tag-pensionados","tag-protestas-de-jubilados-y-pensionados","entry"],"jetpack_featured_media_url":"http:\/\/www.grieta.org.mx\/wp-content\/uploads\/2022\/02\/ad1feba6468a84a41854dcfb6ccabec2.jpg","jetpack_sharing_enabled":true,"jetpack_shortlink":"https:\/\/wp.me\/p7ZJR4-gsH","jetpack_likes_enabled":false,"jetpack-related-posts":[{"id":58008,"url":"http:\/\/www.grieta.org.mx\/index.php\/2021\/03\/21\/diversificaran-jubilados-lucha-para-lograr-pago-de-pensiones-en-salarios-minimos-colima\/","url_meta":{"origin":63283,"position":0},"title":"Diversificar\u00e1n jubilados lucha para lograr pago de pensiones en salarios m\u00ednimos (Colima)","author":"grieta","date":"21 marzo, 2021","format":false,"excerpt":"Foto: El Comentario Carlos A. Arevalos \/ El Comentario Las diversas\u00a0organizaciones de pensionados y jubilados\u00a0empiezan a agruparse para hacer \u201cfuerza com\u00fan\u201d en contra de la resoluci\u00f3n de la\u00a0Suprema Corte de Justicia de la Naci\u00f3n\u00a0para que el pago de sus\u00a0pensiones\u00a0sea en\u00a0Unidades de Medida y Actualizaci\u00f3n\u00a0(UMA\u2019s) en lugar del\u00a0salario m\u00ednimo general. En\u2026","rel":"","context":"En &quot;CINTILLO&quot;","block_context":{"text":"CINTILLO","link":"http:\/\/www.grieta.org.mx\/index.php\/category\/cintillo\/"},"img":{"alt_text":"","src":"https:\/\/i0.wp.com\/www.grieta.org.mx\/wp-content\/uploads\/2021\/03\/f5088d5dde577f88e4bdaa66cf87c364.jpg?resize=350%2C200","width":350,"height":200,"srcset":"https:\/\/i0.wp.com\/www.grieta.org.mx\/wp-content\/uploads\/2021\/03\/f5088d5dde577f88e4bdaa66cf87c364.jpg?resize=350%2C200 1x, https:\/\/i0.wp.com\/www.grieta.org.mx\/wp-content\/uploads\/2021\/03\/f5088d5dde577f88e4bdaa66cf87c364.jpg?resize=525%2C300 1.5x, https:\/\/i0.wp.com\/www.grieta.org.mx\/wp-content\/uploads\/2021\/03\/f5088d5dde577f88e4bdaa66cf87c364.jpg?resize=700%2C400 2x, https:\/\/i0.wp.com\/www.grieta.org.mx\/wp-content\/uploads\/2021\/03\/f5088d5dde577f88e4bdaa66cf87c364.jpg?resize=1050%2C600 3x"},"classes":[]},{"id":57709,"url":"http:\/\/www.grieta.org.mx\/index.php\/2021\/03\/09\/terminaran-protestas-de-jubilados-cuando-pensiones-se-paguen-en-salarios-minimos-colima\/","url_meta":{"origin":63283,"position":1},"title":"Terminar\u00e1n protestas de jubilados cuando pensiones se paguen en salarios m\u00ednimos (Colima)","author":"grieta","date":"9 marzo, 2021","format":false,"excerpt":"Foto: El Comentario Francis Bravo \/ El Comentario Las\u00a0manifestaciones de jubilados\u00a0y pensionados en contra de que se les pague bajo la tabulaci\u00f3n en\u00a0UMA\u2019s, terminar\u00e1n cuando el presidente de la Rep\u00fablica,\u00a0Andr\u00e9s Manuel L\u00f3pez Obrador, ofrezca una\u00a0respuesta positiva, asegur\u00f3 el dirigente del Grupo Independiente de Jubilados y Pensionados del ISSSTE en Colima,\u00a0\u00c1ngel\u2026","rel":"","context":"En &quot;CINTILLO&quot;","block_context":{"text":"CINTILLO","link":"http:\/\/www.grieta.org.mx\/index.php\/category\/cintillo\/"},"img":{"alt_text":"","src":"https:\/\/i0.wp.com\/www.grieta.org.mx\/wp-content\/uploads\/2021\/03\/39c63ddb96a31b9610cd976b896ad4f0.jpg?resize=350%2C200","width":350,"height":200,"srcset":"https:\/\/i0.wp.com\/www.grieta.org.mx\/wp-content\/uploads\/2021\/03\/39c63ddb96a31b9610cd976b896ad4f0.jpg?resize=350%2C200 1x, https:\/\/i0.wp.com\/www.grieta.org.mx\/wp-content\/uploads\/2021\/03\/39c63ddb96a31b9610cd976b896ad4f0.jpg?resize=525%2C300 1.5x, https:\/\/i0.wp.com\/www.grieta.org.mx\/wp-content\/uploads\/2021\/03\/39c63ddb96a31b9610cd976b896ad4f0.jpg?resize=700%2C400 2x"},"classes":[]},{"id":62406,"url":"http:\/\/www.grieta.org.mx\/index.php\/2021\/10\/15\/pensionados-y-jubilados-embargan-y-quieren-rematar-casa-de-gobierno-colima\/","url_meta":{"origin":63283,"position":2},"title":"Pensionados y jubilados embargan y quieren rematar Casa de Gobierno (Colima)","author":"grieta","date":"15 octubre, 2021","format":false,"excerpt":"Foto: El Comentario Carlos A. Ar\u00e9valo \/ El Comentario Un grupo de jubilados y pensionados de confianza del Gobierno del estado, de manera simb\u00f3lica embargaron la Casa de Gobierno, ubicada en la ciudad de Colima, para rematar el inmueble y con ese recurso se les pague sus quincenas atrasadas. La\u2026","rel":"","context":"En &quot;CINTILLO&quot;","block_context":{"text":"CINTILLO","link":"http:\/\/www.grieta.org.mx\/index.php\/category\/cintillo\/"},"img":{"alt_text":"","src":"https:\/\/i0.wp.com\/www.grieta.org.mx\/wp-content\/uploads\/2021\/10\/37057b1468d8a49389439a93ab2be3c1.jpeg?resize=350%2C200","width":350,"height":200,"srcset":"https:\/\/i0.wp.com\/www.grieta.org.mx\/wp-content\/uploads\/2021\/10\/37057b1468d8a49389439a93ab2be3c1.jpeg?resize=350%2C200 1x, https:\/\/i0.wp.com\/www.grieta.org.mx\/wp-content\/uploads\/2021\/10\/37057b1468d8a49389439a93ab2be3c1.jpeg?resize=525%2C300 1.5x, https:\/\/i0.wp.com\/www.grieta.org.mx\/wp-content\/uploads\/2021\/10\/37057b1468d8a49389439a93ab2be3c1.jpeg?resize=700%2C400 2x"},"classes":[]},{"id":40505,"url":"http:\/\/www.grieta.org.mx\/index.php\/2019\/10\/23\/a-pensionados-con-el-tipo-salarial-en-issste-de-colima-les-adeudan-125-mil-pesos\/","url_meta":{"origin":63283,"position":3},"title":"A pensionados con el tipo salarial, en ISSSTE  de Colima les adeudan 125 mil pesos","author":"grieta","date":"23 octubre, 2019","format":false,"excerpt":"Foto \/ Ilustrativa Ulises Mort\u00edn \/ AFMEDIOS Colima. Manuel Godina Velasco, presidente de la Asociaci\u00f3n de Pensionados y Jubilados del Instituto de Seguridad y Servicios Sociales de los Trabajadores del Estado (ISSSTE), dio a concoer que se les adeuda alrededor del 125 mil pesos a los que tienen el concepto\u2026","rel":"","context":"En &quot;CINTILLO&quot;","block_context":{"text":"CINTILLO","link":"http:\/\/www.grieta.org.mx\/index.php\/category\/cintillo\/"},"img":{"alt_text":"","src":"https:\/\/i0.wp.com\/www.grieta.org.mx\/wp-content\/uploads\/2019\/10\/issste-federal-300x183.jpg?resize=350%2C200","width":350,"height":200,"srcset":"https:\/\/i0.wp.com\/www.grieta.org.mx\/wp-content\/uploads\/2019\/10\/issste-federal-300x183.jpg?resize=350%2C200 1x, https:\/\/i0.wp.com\/www.grieta.org.mx\/wp-content\/uploads\/2019\/10\/issste-federal-300x183.jpg?resize=525%2C300 1.5x, https:\/\/i0.wp.com\/www.grieta.org.mx\/wp-content\/uploads\/2019\/10\/issste-federal-300x183.jpg?resize=700%2C400 2x"},"classes":[]},{"id":57333,"url":"http:\/\/www.grieta.org.mx\/index.php\/2021\/03\/05\/continuaran-las-protestas-de-jubilados-por-pagos-de-pensiones-con-umas-colima\/","url_meta":{"origin":63283,"position":4},"title":"Continuar\u00e1n las protestas de jubilados por pagos de pensiones con UMA\u2019s (Colima)","author":"grieta","date":"5 marzo, 2021","format":false,"excerpt":"Foto: El Comentario Francis Bravo \/ El Comentario Durante una protesta por la determinaci\u00f3n de la Suprema Corte de Justicia de la Nacional (SCJN) para que las pensiones a trabajadores jubilados se paguen en UMA\u2019s (Unidad de Medida y Actualizaci\u00f3n), el 9 de marzo se realizar\u00e1 otra marcha a la\u2026","rel":"","context":"En &quot;CINTILLO&quot;","block_context":{"text":"CINTILLO","link":"http:\/\/www.grieta.org.mx\/index.php\/category\/cintillo\/"},"img":{"alt_text":"","src":"https:\/\/i0.wp.com\/www.grieta.org.mx\/wp-content\/uploads\/2021\/03\/5fa9db2e335ef69a4eeb9fe7974d61f4.jpg?resize=350%2C200","width":350,"height":200,"srcset":"https:\/\/i0.wp.com\/www.grieta.org.mx\/wp-content\/uploads\/2021\/03\/5fa9db2e335ef69a4eeb9fe7974d61f4.jpg?resize=350%2C200 1x, https:\/\/i0.wp.com\/www.grieta.org.mx\/wp-content\/uploads\/2021\/03\/5fa9db2e335ef69a4eeb9fe7974d61f4.jpg?resize=525%2C300 1.5x, https:\/\/i0.wp.com\/www.grieta.org.mx\/wp-content\/uploads\/2021\/03\/5fa9db2e335ef69a4eeb9fe7974d61f4.jpg?resize=700%2C400 2x"},"classes":[]},{"id":57846,"url":"http:\/\/www.grieta.org.mx\/index.php\/2021\/03\/17\/se-manifiestan-maestros-jubilados-colima\/","url_meta":{"origin":63283,"position":5},"title":"Se manifiestan maestros jubilados (Colima)","author":"grieta","date":"17 marzo, 2021","format":false,"excerpt":"Foto: Especial Jes\u00fas Lozoya Baeza \/ El Noticiero Un numeroso grupo de maestros pensionados se manifestaron la tarde de ayer en el puerto de Manzanillo para pedirle al presidente de M\u00e9xico, Andr\u00e9s Manuel L\u00f3pez Obrador, que los salarios y pensiones de este sector se paguen en salarios m\u00ednimos y no\u2026","rel":"","context":"En &quot;CINTILLO&quot;","block_context":{"text":"CINTILLO","link":"http:\/\/www.grieta.org.mx\/index.php\/category\/cintillo\/"},"img":{"alt_text":"","src":"https:\/\/i0.wp.com\/www.grieta.org.mx\/wp-content\/uploads\/2021\/03\/Sin-titulo.png?resize=350%2C200","width":350,"height":200,"srcset":"https:\/\/i0.wp.com\/www.grieta.org.mx\/wp-content\/uploads\/2021\/03\/Sin-titulo.png?resize=350%2C200 1x, https:\/\/i0.wp.com\/www.grieta.org.mx\/wp-content\/uploads\/2021\/03\/Sin-titulo.png?resize=525%2C300 1.5x, https:\/\/i0.wp.com\/www.grieta.org.mx\/wp-content\/uploads\/2021\/03\/Sin-titulo.png?resize=700%2C400 2x"},"classes":[]}],"_links":{"self":[{"href":"http:\/\/www.grieta.org.mx\/index.php\/wp-json\/wp\/v2\/posts\/63283","targetHints":{"allow":["GET"]}}],"collection":[{"href":"http:\/\/www.grieta.org.mx\/index.php\/wp-json\/wp\/v2\/posts"}],"about":[{"href":"http:\/\/www.grieta.org.mx\/index.php\/wp-json\/wp\/v2\/types\/post"}],"author":[{"embeddable":true,"href":"http:\/\/www.grieta.org.mx\/index.php\/wp-json\/wp\/v2\/users\/2"}],"replies":[{"embeddable":true,"href":"http:\/\/www.grieta.org.mx\/index.php\/wp-json\/wp\/v2\/comments?post=63283"}],"version-history":[{"count":1,"href":"http:\/\/www.grieta.org.mx\/index.php\/wp-json\/wp\/v2\/posts\/63283\/revisions"}],"predecessor-version":[{"id":63286,"href":"http:\/\/www.grieta.org.mx\/index.php\/wp-json\/wp\/v2\/posts\/63283\/revisions\/63286"}],"wp:featuredmedia":[{"embeddable":true,"href":"http:\/\/www.grieta.org.mx\/index.php\/wp-json\/wp\/v2\/media\/63284"}],"wp:attachment":[{"href":"http:\/\/www.grieta.org.mx\/index.php\/wp-json\/wp\/v2\/media?parent=63283"}],"wp:term":[{"taxonomy":"category","embeddable":true,"href":"http:\/\/www.grieta.org.mx\/index.php\/wp-json\/wp\/v2\/categories?post=63283"},{"taxonomy":"post_tag","embeddable":true,"href":"http:\/\/www.grieta.org.mx\/index.php\/wp-json\/wp\/v2\/tags?post=63283"}],"curies":[{"name":"wp","href":"https:\/\/api.w.org\/{rel}","templated":true}]}}