{"id":63278,"date":"2022-01-22T11:58:47","date_gmt":"2022-01-22T17:58:47","guid":{"rendered":"https:\/\/www.grieta.org.mx\/?p=63278"},"modified":"2022-02-05T12:06:12","modified_gmt":"2022-02-05T18:06:12","slug":"el-proyecto-estadio-azteca-significa-gentrificacion-para-los-vecinos-ciudad-de-mexico","status":"publish","type":"post","link":"http:\/\/www.grieta.org.mx\/index.php\/2022\/01\/22\/el-proyecto-estadio-azteca-significa-gentrificacion-para-los-vecinos-ciudad-de-mexico\/","title":{"rendered":"El Proyecto Estadio Azteca significa gentrificaci\u00f3n para los vecinos (Ciudad de M\u00e9xico)"},"content":{"rendered":"<p>Texto: Arturo Contreras Camero \/ Pie de P\u00e1gina<\/p>\n<p>Imagen: Proyecto Estadio Azteca<\/p>\n<p><strong>Bajo el pretexto de mejorar el Estadio Azteca para el mundial de 2026, Grupo Televisa quiere construir una plaza comercial con hotel que se conecte al Coloso de Santa \u00darsula. El gobierno de la Ciudad de M\u00e9xico pide a los constructores proyectos de mitigaci\u00f3n para dar los permisos; \u201cmigajas de mitigaci\u00f3n\u201d, reclaman vecinos<\/strong><\/p>\n<p>CIUDAD DE M\u00c9XICO.- Para que Grupo Televisa, propietario del Estadio Azteca, pueda construir una plaza comercial con un estacionamiento de siete niveles, y un hotel junto al recinto, incluy\u00f3 obras de mitigaci\u00f3n en la zona, que incluye mantenimiento urbano; esta deber\u00eda ser tarea del Gobierno de la Ciudad de M\u00e9xico.<\/p>\n<p>El Proyecto Estadio Azteca incluye un hotel de lujo en el que se podr\u00eda hospedar la Selecci\u00f3n mexicana de futbol; una plaza comercial que se conectar\u00e1 al estadio, y un estacionamiento de siete pisos.<\/p>\n<p>El proyecto, dicen los vecinos, generar\u00e1 el encarecimiento de los servicios en la zona, lo que podr\u00eda desplazarlos. Como las autoridades no tienen presupuesto suficiente para las obras de mantenimiento urbano de la zona, le piden a los vecinos que acepten el proyecto.<\/p>\n<p>\u201cEllos dicen que eso va a hacer que mejore la plusval\u00eda de la zona, lo que va a generar gentrificaci\u00f3n; va a elevar el costo del predial, de la luz y de todo lo dem\u00e1s. Eso nos dijo Ricardo Ruiz, subsecretario de gobierno, que no hay dinero del gobierno para satisfacer los usos urbanos de la zona; y que era mejor aceptar el proyecto\u201d, dice al respecto Francisco Cerezo Contreras, activista y vecino del lugar.<\/p>\n<h3>Un impacto ge\u00f3m\u00e9trico<\/h3>\n<p>Seg\u00fan los c\u00e1lculos de los vecinos, el Proyecto Estadio Azteca afectar\u00e1 a 13 colonias a la redonda; entre las que se encuentra el Pedregal de Santa \u00darsula, el pueblo de Huipulco y el barrio de San Lorenzo as\u00ed como las colonias de Santa \u00darsula Tlalpan.<\/p>\n<p>El pretexto para la obra es la copa mundial de futbol de la FIFA del 2026; sin embargo el proyecto urbano es parte de otro mucho m\u00e1s amplio que se hab\u00eda proyectado durante el sexenio de Miguel \u00c1ngel Mancera al frente del gobierno de la ciudad.<\/p>\n<p>En ese entonces se planeaba crear una Zona de Desarrollo Econ\u00f3mico y Social, un modelo de desarrollo en el que el gobierno de la ciudad estaba obligado a crear una asociaci\u00f3n p\u00fablico-privada para instalar equipamiento urbano. Ese proyecto, llamado Ciudad Futura pretend\u00eda ocupar 528 hect\u00e1reas de suelo urbano en lo que era la antigua planta de asfalto para edificar en ella. Uno de esos predios se rescat\u00f3 y fue rehabilitado por el gobierno actual como un parque p\u00fablico<\/p>\n<p>\u201cLas megaobras ya no se hacen con dinero p\u00fablico, sino que ahora el gobierno, para dar los permisos para que \u00e9stos se realicen, piden a cambio proyectos de mitigaci\u00f3n. A ver si en esas medidas, en las \u2018migajas de la mitigaci\u00f3n\u2019, incluyen una mejor distribuci\u00f3n del agua\u00bb, agrega Francisco Cerezo.<\/p>\n<h3>No se hace nada sin los vecinos<\/h3>\n<p>Desde que se anunci\u00f3 el Proyecto Estadio en octubre de 2021, algunos de los vecinos de la zona se mostraron en contra. Por tratarse de una construcci\u00f3n grande (que ocupar\u00e1 m\u00e1s de 10 mil metros cuadrados o que construir\u00e1 edificios con m\u00e1s de 100 mil metros cuadrados), los constructores deben iniciar un proceso de publicitaci\u00f3n y de consulta vecinal.<\/p>\n<p>El problema con el proceso, apunta Cerezo Contreras, es que la empresa encargada de escuchar a los vecinos y convencerlos de aceptar el proyecto es contratada por Grupo Televisa; por ello no conf\u00edan en los resultados que pueda arrojar. Actualmente el proceso se encuentra en la segunda etapa de encuestas entre los pobladores. Si se acepta en estas encuestas, el proyecto podr\u00eda obtener los permisos de construcci\u00f3n y empezar\u00edan las obras.<\/p>\n<p>\u201cYo creo que por la pandemia frenaron la segunda encuesta. Iba a empezar en enero, pero hasta ahora no ha iniciado. yo creo que la pandemia los fren\u00f3 un poco, pero ya ah\u00ed viene la pregunta final que dice que si adem\u00e1s de todas las mejoras se pregunta si los vecinos s\u00ed quieren la construcci\u00f3n en el Estadio Azteca\u201d, cuenta.<\/p>\n<p>A los pocos d\u00edas del anuncio la misma jefa de Gobierno, Claudia Sheinbaum, asegur\u00f3 que las obras no iniciar\u00edan si no se ten\u00eda la aprobaci\u00f3n de la gente. Hace una semana, el 14 de enero, despu\u00e9s de que se le volviera a consultar sobre el tema durante una de sus conferencias de prensa, Sheinbaum Pardo, reiter\u00f3 su promesa.<\/p>\n<p>Si bien el proceso de consulta es llevado a cabo por la empresa constructora, la ley marca que la Secretar\u00eda del Medio Ambiente de la Ciudad es la encargada de supervisar el proceso y de dar el aval final. Esto no es suficiente para los vecinos, ellos demandan que se realice una consulta ciudadana organizada por el Instituto Electoral de la Ciudad de M\u00e9xico.<\/p>\n<h3>Mitigaci\u00f3n o la lista de promesas rotas<\/h3>\n<p>Los megaproyectos no son ajenos a esta zona de la ciudad. Tampoco las promesas en las obras de mitigaci\u00f3n. Con la construcci\u00f3n del centro comercial Gran Sur, se supone que el servicio de drenaje y de agua en la zona mejorar\u00eda, pero eso nunca pas\u00f3.<\/p>\n<p>El Proyecto Estadio Azteca llega con las mismas promesas de generar mejores espacios abiertos, corredores con \u00e1reas verdes y mejores vialidades; pero los vecinos no conf\u00edan en que se cumpla con todas las obras de mitigaci\u00f3n prometidas.<\/p>\n<p>Entre ellas destaca la perforaci\u00f3n de seis pozos de agua, uno en el coraz\u00f3n de la plaza comercial y otros cinco en las colonias circundantes. Uno en el cruce de avenida Santa \u00darsula y San Celso; otro en Perif\u00e9rico y Renato Leduc, el tercero estar\u00eda en el estacionamiento anexo del estadio, otro en bosques de Santa \u00darsula en lo que ser\u00eda la entrada a la plaza y el quinto en el \u00e1rea verde del tr\u00e9bol entre Viaducto Tlalpan y Periferico Sur.<\/p>\n<p>Cada pozo tendr\u00e1 una capacidad de extracci\u00f3n de 50 litros por segundo y un permiso de extracci\u00f3n de 1 mill\u00f3n 576 mil 800 metros c\u00fabicos de agua por a\u00f1o. Seg\u00fan dice el proyecto, el 80 por ciento del l\u00edquido (1.26 millones de metros c\u00fabicos por a\u00f1o) se destinar\u00e1 a las colonias del lugar. Los 315 mil 360 litros ser\u00e1n para el consumo de la plaza y el hotel; y aunque \u00e9ste tendr\u00e1 un sistema de captaci\u00f3n y purificaci\u00f3n de agua pluvial, los constructores consideran que la captaci\u00f3n s\u00f3lo satisfar\u00e1 9 de los 315 mil litros que necesitan).<\/p>\n<p>Tambi\u00e9n van a incrementar el di\u00e1metro de la infraestructura del drenaje, de 60 a 70 cent\u00edmetros en San Benito y San Le\u00f3n. Se van a ampliar las banquetas en todas las avenidas cercanas, y se van a construir algunos tramos de ciclov\u00eda de la estaci\u00f3n del metro Universidad a avenida del Im\u00e1n y de ah\u00ed en el camino al estadio. En un tramo ser\u00e1 un carril compartido de autob\u00fas y bicicletas. Ser\u00e1n tres kil\u00f3metros de ciclov\u00edas, seg\u00fan dice en la p\u00e1gina de proyecto. El proyecto va a afectar 33 paradas de transporte p\u00fablico, 3 paradas de Tren Ligero y 2 sitios de taxis.<\/p>\n<p><a href=\"https:\/\/piedepagina.mx\/el-proyecto-estadio-azteca-significa-gentrificacion-para-los-vecinos\/\" target=\"_blank\" rel=\"noopener\">https:\/\/piedepagina.mx\/el-proyecto-estadio-azteca-significa-gentrificacion-para-los-vecinos\/<\/a><\/p>\n<p>&nbsp;<\/p>\n","protected":false},"excerpt":{"rendered":"<p>Texto: Arturo Contreras Camero \/ Pie de P\u00e1gina Imagen: Proyecto Estadio Azteca Bajo el pretexto de mejorar el Estadio Azteca para el mundial de 2026, Grupo Televisa quiere construir una &hellip; <a href=\"http:\/\/www.grieta.org.mx\/index.php\/2022\/01\/22\/el-proyecto-estadio-azteca-significa-gentrificacion-para-los-vecinos-ciudad-de-mexico\/\" class=\"more-link\">Leer m\u00e1s<\/a><\/p>\n","protected":false},"author":2,"featured_media":63281,"comment_status":"closed","ping_status":"closed","sticky":false,"template":"","format":"standard","meta":{"ngg_post_thumbnail":0,"_jetpack_newsletter_access":"","_jetpack_dont_email_post_to_subs":false,"_jetpack_newsletter_tier_id":0,"_jetpack_memberships_contains_paywalled_content":false,"_jetpack_memberships_contains_paid_content":false,"footnotes":""},"categories":[80,14,1044,922,2065,928,2],"tags":[870,96],"class_list":["post-63278","post","type-post","status-publish","format-standard","has-post-thumbnail","hentry","category-cintillo","category-ciudad-de-mexico","category-desarrollos-inmobiliarios-en-la-ciudad-de-mexico","category-megaproyectos-estados","category-movilizaciones-y-protestas-de-habitantes-de-la-ciudad-de-mexico","category-mp-ciudad-de-mexico","category-noticias-nacionales","tag-gentrificacion","tag-megaproyectos","entry"],"jetpack_featured_media_url":"http:\/\/www.grieta.org.mx\/wp-content\/uploads\/2022\/02\/El-Proyecto-Estadio-Azteca-significa-gentrificacion-para-los-vecinos-cdmx-feb.jpg","jetpack_sharing_enabled":true,"jetpack_shortlink":"https:\/\/wp.me\/p7ZJR4-gsC","jetpack_likes_enabled":false,"jetpack-related-posts":[{"id":63857,"url":"http:\/\/www.grieta.org.mx\/index.php\/2022\/03\/27\/revisara-conagua-concesion-a-televisa-por-conjunto-estadio-azteca-ciudad-de-mexico\/","url_meta":{"origin":63278,"position":0},"title":"Revisar\u00e1 Conagua concesi\u00f3n a Televisa por Conjunto Estadio Azteca (Ciudad de M\u00e9xico)","author":"grieta","date":"27 marzo, 2022","format":false,"excerpt":"Alberto Cuenca \/ Capital CDMX Fotos tomadas de: capital-cdmx.org Vecinos opositores al Conjunto Estadio Azteca lograron de la Comisi\u00f3n Nacional del Agua (Conagua) un acuerdo para revisar la concesi\u00f3n otorgada a Televisa en Santa \u00darsula En el marco del D\u00eda Mundial del Agua, habitantes de distintas comunidades y pueblos del\u2026","rel":"","context":"En &quot;CINTILLO&quot;","block_context":{"text":"CINTILLO","link":"http:\/\/www.grieta.org.mx\/index.php\/category\/cintillo\/"},"img":{"alt_text":"","src":"https:\/\/i0.wp.com\/www.grieta.org.mx\/wp-content\/uploads\/2018\/03\/14524434_1106112876131411_958039263622046936_o.jpg?resize=350%2C200","width":350,"height":200,"srcset":"https:\/\/i0.wp.com\/www.grieta.org.mx\/wp-content\/uploads\/2018\/03\/14524434_1106112876131411_958039263622046936_o.jpg?resize=350%2C200 1x, https:\/\/i0.wp.com\/www.grieta.org.mx\/wp-content\/uploads\/2018\/03\/14524434_1106112876131411_958039263622046936_o.jpg?resize=525%2C300 1.5x, https:\/\/i0.wp.com\/www.grieta.org.mx\/wp-content\/uploads\/2018\/03\/14524434_1106112876131411_958039263622046936_o.jpg?resize=700%2C400 2x"},"classes":[]},{"id":64777,"url":"http:\/\/www.grieta.org.mx\/index.php\/2022\/08\/16\/agua-para-el-concreto-crecen-megaproyectos-comerciales-ante-la-escasez-en-la-ciudad-de-mexico\/","url_meta":{"origin":63278,"position":1},"title":"Agua para el concreto, crecen megaproyectos comerciales ante la escasez en la Ciudad de M\u00e9xico","author":"grieta","date":"16 agosto, 2022","format":false,"excerpt":"Patricia Ram\u00edrez \/ Periodismo CN La escasez del agua en zonas de la ciudad donde se tienen planeadas grandes construcciones inquietan a los habitantes y ponen en riesgo al agua subterr\u00e1nea que se encuentra ya en estado de sobreexplotaci\u00f3n. El n\u00famero 42 del Circuito Estadio Azteca es la entrada a\u2026","rel":"","context":"En &quot;Ciudad de M\u00e9xico&quot;","block_context":{"text":"Ciudad de M\u00e9xico","link":"http:\/\/www.grieta.org.mx\/index.php\/category\/noticias-nacionales\/ciudad-de-mexico\/"},"img":{"alt_text":"","src":"https:\/\/i0.wp.com\/www.grieta.org.mx\/wp-content\/uploads\/2018\/03\/14524434_1106112876131411_958039263622046936_o.jpg?resize=350%2C200","width":350,"height":200,"srcset":"https:\/\/i0.wp.com\/www.grieta.org.mx\/wp-content\/uploads\/2018\/03\/14524434_1106112876131411_958039263622046936_o.jpg?resize=350%2C200 1x, https:\/\/i0.wp.com\/www.grieta.org.mx\/wp-content\/uploads\/2018\/03\/14524434_1106112876131411_958039263622046936_o.jpg?resize=525%2C300 1.5x, https:\/\/i0.wp.com\/www.grieta.org.mx\/wp-content\/uploads\/2018\/03\/14524434_1106112876131411_958039263622046936_o.jpg?resize=700%2C400 2x"},"classes":[]},{"id":68971,"url":"http:\/\/www.grieta.org.mx\/index.php\/2024\/05\/20\/un-pozo-privado-para-un-pueblo-la-lucha-de-santa-ursula-con-el-estadio-azteca-ciudad-de-mexico\/","url_meta":{"origin":63278,"position":2},"title":"Un pozo privado para un pueblo: la lucha de Santa \u00darsula con el Estadio Azteca (Ciudad de M\u00e9xico)","author":"grieta","date":"20 mayo, 2024","format":false,"excerpt":"Por Patricia Ram\u00edrez\/Causa Natura Media \u201cY tiemblen y tiemblen los extractivistas\u201d,\u00a0corea un grupo de personas en una reducida marcha que atraviesa la explanada central de Ciudad Universitaria, al sur de la Ciudad de M\u00e9xico. En la lona blanca de letras negras que encabeza la manifestaci\u00f3n se lee:\u00a0\u201cDe esta facultad egresan\u2026","rel":"","context":"En &quot;cdmx&quot;","block_context":{"text":"cdmx","link":"http:\/\/www.grieta.org.mx\/index.php\/category\/cdmx\/"},"img":{"alt_text":"","src":"https:\/\/i0.wp.com\/www.grieta.org.mx\/wp-content\/uploads\/2024\/05\/Un-pozo-privado-para-un-pueblo-la-lucha-de-Santa-Ursula-con-el-Estadio-Azteca.jpeg?resize=350%2C200","width":350,"height":200,"srcset":"https:\/\/i0.wp.com\/www.grieta.org.mx\/wp-content\/uploads\/2024\/05\/Un-pozo-privado-para-un-pueblo-la-lucha-de-Santa-Ursula-con-el-Estadio-Azteca.jpeg?resize=350%2C200 1x, https:\/\/i0.wp.com\/www.grieta.org.mx\/wp-content\/uploads\/2024\/05\/Un-pozo-privado-para-un-pueblo-la-lucha-de-Santa-Ursula-con-el-Estadio-Azteca.jpeg?resize=525%2C300 1.5x, https:\/\/i0.wp.com\/www.grieta.org.mx\/wp-content\/uploads\/2024\/05\/Un-pozo-privado-para-un-pueblo-la-lucha-de-Santa-Ursula-con-el-Estadio-Azteca.jpeg?resize=700%2C400 2x, https:\/\/i0.wp.com\/www.grieta.org.mx\/wp-content\/uploads\/2024\/05\/Un-pozo-privado-para-un-pueblo-la-lucha-de-Santa-Ursula-con-el-Estadio-Azteca.jpeg?resize=1050%2C600 3x"},"classes":[]},{"id":64983,"url":"http:\/\/www.grieta.org.mx\/index.php\/2022\/08\/30\/inmobiliarios-se-apropian-del-agua-en-la-cdmx-con-trampas-juridicas-denuncian\/","url_meta":{"origin":63278,"position":3},"title":"Inmobiliarios se apropian del agua en la CDMX con trampas jur\u00eddicas, denuncian","author":"grieta","date":"30 agosto, 2022","format":false,"excerpt":"24\/08\/22 Alberto Cuenca \/ CapitalCDMX En la CDMX se ha instaurado desde hace lustros una pol\u00edtica gubernamental que favorece al sector inmobiliario de lujo y a las grandes construcciones comerciales para que se apropien del agua. Las concesiones vigentes entregadas por autoridades dan cuenta de 4 millones 911 mil 776\u2026","rel":"","context":"En &quot;Ciudad de M\u00e9xico&quot;","block_context":{"text":"Ciudad de M\u00e9xico","link":"http:\/\/www.grieta.org.mx\/index.php\/category\/noticias-nacionales\/ciudad-de-mexico\/"},"img":{"alt_text":"","src":"https:\/\/i0.wp.com\/www.grieta.org.mx\/wp-content\/uploads\/2018\/03\/14524434_1106112876131411_958039263622046936_o.jpg?resize=350%2C200","width":350,"height":200,"srcset":"https:\/\/i0.wp.com\/www.grieta.org.mx\/wp-content\/uploads\/2018\/03\/14524434_1106112876131411_958039263622046936_o.jpg?resize=350%2C200 1x, https:\/\/i0.wp.com\/www.grieta.org.mx\/wp-content\/uploads\/2018\/03\/14524434_1106112876131411_958039263622046936_o.jpg?resize=525%2C300 1.5x, https:\/\/i0.wp.com\/www.grieta.org.mx\/wp-content\/uploads\/2018\/03\/14524434_1106112876131411_958039263622046936_o.jpg?resize=700%2C400 2x"},"classes":[]},{"id":9630,"url":"http:\/\/www.grieta.org.mx\/index.php\/2016\/08\/11\/oposicion-a-la-construccion-de-centros-comerciales-en-la-ciudad-de-mexico\/","url_meta":{"origin":63278,"position":4},"title":"Oposici\u00f3n a la construcci\u00f3n de Centros Comerciales en la Ciudad de M\u00e9xico","author":"grieta","date":"11 agosto, 2016","format":false,"excerpt":"11\/08\/16. Dudan vecinos que la demolici\u00f3n del Estadio Azul sea ben\u00e9fica (CDMX) El big data 03\/08\/16. Proyecto comercial Cetram Chapultepec traer\u00e1 afectaciones sociales y ambientales Desinform\u00e9monos 30\/06\/16. Rechazan apertura de Chedraui (CDMX) El Universal 21\/04\/16. Locatarios bloquean la circulaci\u00f3n de Rojo G\u00f3mez El Universal 28\/03\/16. La amenaza en Coapa Reporte\u2026","rel":"","context":"En &quot;Ciudad de M\u00e9xico&quot;","block_context":{"text":"Ciudad de M\u00e9xico","link":"http:\/\/www.grieta.org.mx\/index.php\/category\/noticias-nacionales\/ciudad-de-mexico\/"},"img":{"alt_text":"","src":"https:\/\/i0.wp.com\/www.grieta.org.mx\/wp-content\/uploads\/2018\/03\/14524434_1106112876131411_958039263622046936_o.jpg?resize=350%2C200","width":350,"height":200,"srcset":"https:\/\/i0.wp.com\/www.grieta.org.mx\/wp-content\/uploads\/2018\/03\/14524434_1106112876131411_958039263622046936_o.jpg?resize=350%2C200 1x, https:\/\/i0.wp.com\/www.grieta.org.mx\/wp-content\/uploads\/2018\/03\/14524434_1106112876131411_958039263622046936_o.jpg?resize=525%2C300 1.5x, https:\/\/i0.wp.com\/www.grieta.org.mx\/wp-content\/uploads\/2018\/03\/14524434_1106112876131411_958039263622046936_o.jpg?resize=700%2C400 2x"},"classes":[]},{"id":26637,"url":"http:\/\/www.grieta.org.mx\/index.php\/2018\/09\/15\/policias-de-la-cdmx-detienen-a-dos-defensores-del-agua-cuando-documentaban-en-el-planton-azteca\/","url_meta":{"origin":63278,"position":5},"title":"Polic\u00edas de la CDMX detienen a dos defensores del agua cuando documentaban en el plant\u00f3n Azteca","author":"grieta","date":"15 septiembre, 2018","format":false,"excerpt":"Redacci\u00f3n\/somos el medio CDMX, 15 de septiembre 2018.-\u00a0Polic\u00edas de la Secretaria de Seguridad P\u00fablica de la Ciudad de M\u00e9xico, detuvieron a dos activistas que realizaban una transmisi\u00f3n en vivo donde denunciaban la afectaci\u00f3n a la v\u00eda p\u00fablica que la inmobiliaria Quiero Casa realizaba sobre la banqueta. Al rededor de las\u00a010:30\u2026","rel":"","context":"En &quot;CINTILLO&quot;","block_context":{"text":"CINTILLO","link":"http:\/\/www.grieta.org.mx\/index.php\/category\/cintillo\/"},"img":{"alt_text":"","src":"https:\/\/i0.wp.com\/www.grieta.org.mx\/wp-content\/uploads\/2018\/03\/14524434_1106112876131411_958039263622046936_o.jpg?resize=350%2C200","width":350,"height":200,"srcset":"https:\/\/i0.wp.com\/www.grieta.org.mx\/wp-content\/uploads\/2018\/03\/14524434_1106112876131411_958039263622046936_o.jpg?resize=350%2C200 1x, https:\/\/i0.wp.com\/www.grieta.org.mx\/wp-content\/uploads\/2018\/03\/14524434_1106112876131411_958039263622046936_o.jpg?resize=525%2C300 1.5x, https:\/\/i0.wp.com\/www.grieta.org.mx\/wp-content\/uploads\/2018\/03\/14524434_1106112876131411_958039263622046936_o.jpg?resize=700%2C400 2x"},"classes":[]}],"_links":{"self":[{"href":"http:\/\/www.grieta.org.mx\/index.php\/wp-json\/wp\/v2\/posts\/63278","targetHints":{"allow":["GET"]}}],"collection":[{"href":"http:\/\/www.grieta.org.mx\/index.php\/wp-json\/wp\/v2\/posts"}],"about":[{"href":"http:\/\/www.grieta.org.mx\/index.php\/wp-json\/wp\/v2\/types\/post"}],"author":[{"embeddable":true,"href":"http:\/\/www.grieta.org.mx\/index.php\/wp-json\/wp\/v2\/users\/2"}],"replies":[{"embeddable":true,"href":"http:\/\/www.grieta.org.mx\/index.php\/wp-json\/wp\/v2\/comments?post=63278"}],"version-history":[{"count":1,"href":"http:\/\/www.grieta.org.mx\/index.php\/wp-json\/wp\/v2\/posts\/63278\/revisions"}],"predecessor-version":[{"id":63282,"href":"http:\/\/www.grieta.org.mx\/index.php\/wp-json\/wp\/v2\/posts\/63278\/revisions\/63282"}],"wp:featuredmedia":[{"embeddable":true,"href":"http:\/\/www.grieta.org.mx\/index.php\/wp-json\/wp\/v2\/media\/63281"}],"wp:attachment":[{"href":"http:\/\/www.grieta.org.mx\/index.php\/wp-json\/wp\/v2\/media?parent=63278"}],"wp:term":[{"taxonomy":"category","embeddable":true,"href":"http:\/\/www.grieta.org.mx\/index.php\/wp-json\/wp\/v2\/categories?post=63278"},{"taxonomy":"post_tag","embeddable":true,"href":"http:\/\/www.grieta.org.mx\/index.php\/wp-json\/wp\/v2\/tags?post=63278"}],"curies":[{"name":"wp","href":"https:\/\/api.w.org\/{rel}","templated":true}]}}