{"id":63262,"date":"2022-01-25T10:56:51","date_gmt":"2022-01-25T16:56:51","guid":{"rendered":"http:\/\/www.grieta.org.mx\/?p=63262"},"modified":"2022-01-31T10:59:45","modified_gmt":"2022-01-31T16:59:45","slug":"no-queremos-mas-companeros-asesinados-exigen-en-orizaba-veracruz","status":"publish","type":"post","link":"http:\/\/www.grieta.org.mx\/index.php\/2022\/01\/25\/no-queremos-mas-companeros-asesinados-exigen-en-orizaba-veracruz\/","title":{"rendered":"\u00a1No queremos m\u00e1s compa\u00f1eros asesinados! Exigen en Orizaba, Veracruz"},"content":{"rendered":"<p>Mayra Figueiras | El Sol de Orizaba<\/p>\n<p>&nbsp;<\/p>\n<p>Orizaba, Ver.- &#8220;No queremos m\u00e1s compa\u00f1eros asesinados, secuestrados ni desaparecidos&#8221; exigieron periodistas de los diferentes medios de comunicaci\u00f3n de la regi\u00f3n de las Altas Monta\u00f1as, quienes este medio d\u00eda realizaron una marcha y manifestaci\u00f3n en el Centro Hist\u00f3rico de Orizaba.<\/p>\n<p>Al sumarse a la expresi\u00f3n de indignaci\u00f3n y repudio por el asesinato de la periodista Lourdes Maldonado ocurrido el pasado 23 de enero lamentaron que persistan los cr\u00edmenes contra este gremio, en un intento por socavar la libertad de prensa para informar.<\/p>\n<figure id=\"attachment_63257\" aria-describedby=\"caption-attachment-63257\" style=\"width: 720px\" class=\"wp-caption alignnone\"><img loading=\"lazy\" decoding=\"async\" data-attachment-id=\"63257\" data-permalink=\"http:\/\/www.grieta.org.mx\/index.php\/2022\/01\/26\/video-asi-es-el-ya-basta-de-periodistas-en-veracruz-tras-asesinatos\/manifestacion-periodistas-orizaba-3\/\" data-orig-file=\"http:\/\/www.grieta.org.mx\/wp-content\/uploads\/2022\/01\/Manifestacion-Periodistas-Orizaba-3.jpg\" data-orig-size=\"720,476\" data-comments-opened=\"0\" data-image-meta=\"{&quot;aperture&quot;:&quot;0&quot;,&quot;credit&quot;:&quot;&quot;,&quot;camera&quot;:&quot;&quot;,&quot;caption&quot;:&quot;&quot;,&quot;created_timestamp&quot;:&quot;0&quot;,&quot;copyright&quot;:&quot;&quot;,&quot;focal_length&quot;:&quot;0&quot;,&quot;iso&quot;:&quot;0&quot;,&quot;shutter_speed&quot;:&quot;0&quot;,&quot;title&quot;:&quot;&quot;,&quot;orientation&quot;:&quot;0&quot;}\" data-image-title=\"Manifestaci\u00f3n Periodistas Orizaba 3\" data-image-description=\"\" data-image-caption=\"\" data-medium-file=\"http:\/\/www.grieta.org.mx\/wp-content\/uploads\/2022\/01\/Manifestacion-Periodistas-Orizaba-3-300x198.jpg\" data-large-file=\"http:\/\/www.grieta.org.mx\/wp-content\/uploads\/2022\/01\/Manifestacion-Periodistas-Orizaba-3.jpg\" class=\"wp-image-63257 size-full\" src=\"http:\/\/www.grieta.org.mx\/wp-content\/uploads\/2022\/01\/Manifestacion-Periodistas-Orizaba-3.jpg\" alt=\"\" width=\"720\" height=\"476\" srcset=\"http:\/\/www.grieta.org.mx\/wp-content\/uploads\/2022\/01\/Manifestacion-Periodistas-Orizaba-3.jpg 720w, http:\/\/www.grieta.org.mx\/wp-content\/uploads\/2022\/01\/Manifestacion-Periodistas-Orizaba-3-300x198.jpg 300w\" sizes=\"auto, (max-width: 720px) 100vw, 720px\" \/><figcaption id=\"caption-attachment-63257\" class=\"wp-caption-text\">&#8220;No queremos m\u00e1s compa\u00f1eros asesinados, secuestrados ni desaparecidos&#8221; exigieron periodistas de los diferentes medios de comunicaci\u00f3n de la regi\u00f3n de las Altas Monta\u00f1as \/ Foto: Miguel Castillo | El Sol de Orizaba<\/figcaption><\/figure>\n<p>Se\u00f1alaron que las personas tienen el derecho a estar informadas de los acontecimientos y pol\u00edticas que dan forma a nuestra ciudad, nuestro estado y nuestro pa\u00eds.<\/p>\n<p>Pero &#8220;hoy ese derecho de los ciudadanos a estar informados, nuevamente de ve vulnerado con el asesinato de tres de nuestros compa\u00f1eros&#8221;, aseveraron.<\/p>\n<p>Jos\u00e9 Luis Gamboa, el 10 de enero, en Veracruz; Margarito Mart\u00ednez Esquivel, el 17 de enero, en Tijuana y Lourdes Maldonado asesinada el pasado 23 de enero, tambi\u00e9n en Tijuana.<\/p>\n<p>En entrevista, el periodista Antonio Ram\u00edrez, de 24 Horas On line lamento que en pleno siglo XXI los periodistas sigan afrontando violencia por decir la verdad. &#8220;Estamos vulnerables y nos sentimos impotentes porque nuestro trabajo es mantener informada a la poblaci\u00f3n y hacerlo sin tener protecci\u00f3n alguna. Ver la inseguridad con la que trabajamos lastima. Nuestros compa\u00f1eros que fueron asesinados dejaron familia, hijos que no solo sufren por la p\u00e9rdida de su padre o madre, sino que tambi\u00e9n viven con temor&#8221;, asever\u00f3.<\/p>\n<p>Yeni Gonz\u00e1lez, reportera del canal de cable local TVeO, asever\u00f3 que se sienten indefensos en la pr\u00e1ctica de su profesi\u00f3n, pues los organismos e instituciones que se crearon para dar protecci\u00f3n a los periodistas, no cumplen con su funci\u00f3n.<\/p>\n<p>&#8220;Nuestra compa\u00f1era pidi\u00f3 apoyo para que la protegieran porque ya hab\u00eda una amenaza de por medio \u00bfy que paso?, cuando los asesinan, esos organismos desaparecen. Lo mismo pas\u00f3 con nuestro compa\u00f1ero Jacinto Romero, estamos indefensos, no sirven esos organismos&#8221;, asever\u00f3.<\/p>\n<p>Reportear en los municipios considerados como zona &#8220;caliente&#8221; por la inseguridad los obliga a tomar precauciones, van en grupo, avisan a su familia a d\u00f3nde ir\u00e1n, pues generalmente no hay cobertura celular y si son creyentes, se encomiendan a la protecci\u00f3n celestial.<\/p>\n<p>Ver\u00f3nica Arriola, reportera de El Informante de Veracruz y Grupo FM asever\u00f3 que los periodistas est\u00e1n en medio de todos: el gobierno, la poblaci\u00f3n y la delincuencia y no existen para ellos ninguna garant\u00eda para ejercer su labor.<\/p>\n<figure id=\"attachment_63258\" aria-describedby=\"caption-attachment-63258\" style=\"width: 720px\" class=\"wp-caption alignnone\"><img loading=\"lazy\" decoding=\"async\" data-attachment-id=\"63258\" data-permalink=\"http:\/\/www.grieta.org.mx\/index.php\/2022\/01\/26\/video-asi-es-el-ya-basta-de-periodistas-en-veracruz-tras-asesinatos\/periodistas-manifestacion-orizaba-2\/\" data-orig-file=\"http:\/\/www.grieta.org.mx\/wp-content\/uploads\/2022\/01\/Periodistas-manifestacion-Orizaba-2.jpg\" data-orig-size=\"720,487\" data-comments-opened=\"0\" data-image-meta=\"{&quot;aperture&quot;:&quot;0&quot;,&quot;credit&quot;:&quot;&quot;,&quot;camera&quot;:&quot;&quot;,&quot;caption&quot;:&quot;&quot;,&quot;created_timestamp&quot;:&quot;0&quot;,&quot;copyright&quot;:&quot;&quot;,&quot;focal_length&quot;:&quot;0&quot;,&quot;iso&quot;:&quot;0&quot;,&quot;shutter_speed&quot;:&quot;0&quot;,&quot;title&quot;:&quot;&quot;,&quot;orientation&quot;:&quot;0&quot;}\" data-image-title=\"Periodistas manifestaci\u00f3n Orizaba 2\" data-image-description=\"\" data-image-caption=\"\" data-medium-file=\"http:\/\/www.grieta.org.mx\/wp-content\/uploads\/2022\/01\/Periodistas-manifestacion-Orizaba-2-300x203.jpg\" data-large-file=\"http:\/\/www.grieta.org.mx\/wp-content\/uploads\/2022\/01\/Periodistas-manifestacion-Orizaba-2.jpg\" class=\"wp-image-63258 size-full\" src=\"http:\/\/www.grieta.org.mx\/wp-content\/uploads\/2022\/01\/Periodistas-manifestacion-Orizaba-2.jpg\" alt=\"\" width=\"720\" height=\"487\" srcset=\"http:\/\/www.grieta.org.mx\/wp-content\/uploads\/2022\/01\/Periodistas-manifestacion-Orizaba-2.jpg 720w, http:\/\/www.grieta.org.mx\/wp-content\/uploads\/2022\/01\/Periodistas-manifestacion-Orizaba-2-300x203.jpg 300w\" sizes=\"auto, (max-width: 720px) 100vw, 720px\" \/><figcaption id=\"caption-attachment-63258\" class=\"wp-caption-text\">&#8220;No queremos m\u00e1s compa\u00f1eros asesinados, secuestrados ni desaparecidos&#8221; exigieron periodistas de los diferentes medios de comunicaci\u00f3n de la regi\u00f3n de las Altas Monta\u00f1as \/ Foto: Miguel Castillo | El Sol de Orizaba<\/figcaption><\/figure>\n<p>Muchas veces, dijo, tienen que recurrir a la autocensura como forma de autoprotecci\u00f3n porque no existe ning\u00fan respaldo real y verdadero de parte del gobierno.<\/p>\n<p>&#8220;A lo mejor en el estado si existe una Comisi\u00f3n Estatal para la protecci\u00f3n del periodista y trata de realizar su labor lo mejor que puede para apoyar al gremio, pero en realidad cuando ocurre una situaci\u00f3n de riesgo, como lo vimos con nuestro compa\u00f1ero Jacinto Romero, las c\u00e1maras que le proporcionaron, de videovigilancia, para que tuviera alg\u00fan resguardo, no sirvieron de nada, porque desafortunadamente el compa\u00f1ero ya no est\u00e1 con nosotros&#8221;, se\u00f1al\u00f3.<\/p>\n<p>Alfonso Yonka, quien est\u00e1 a cargo de la p\u00e1gina Las Breves, se\u00f1al\u00f3 que la violencia que resiente el gremio period\u00edstico se ha resentido desde hace mucho tiempo pero se ha recrudecido. &#8220;Quieren callar la verdad, los hechos; nos frenan para no decir como sucedieron las cosas y no solo es en situaciones espec\u00edficas sino en la mayor\u00eda de la informaci\u00f3n. El periodista profesional, con \u00e9tica no afecta a la persona, su compromiso es decir la verdad&#8221;, afirm\u00f3.<\/p>\n<p>A pesar del riesgo que representa para quienes ejercen la profesi\u00f3n del periodismo en M\u00e9xico, se mantienen firmes con la convicci\u00f3n de informar a la poblaci\u00f3n sobre el acontecer diario en todos los \u00e1mbitos de la sociedad.<\/p>\n<p>&#8220;Hoy en todo el pa\u00eds, los periodistas gritamos al un\u00edsono&#8221;: Justicia.<\/p>\n<p>Hoy desde Orizaba, los periodistas decimos: no nos van a callar&#8230; Silenciaron a nuestros compa\u00f1eros, pero no nuestra voz, su voz, que clama justicia y dice: &#8220;ya basta, no se calla la verdad, matando a periodistas&#8221;.<\/p>\n<p>M\u00e9xico se ha convertido en uno de los pa\u00edses m\u00e1s peligrosos para ejercer el periodismo, porque siguen amenazando, deteniendo, desapareciendo, agrediendo o incluso ejecutando a periodistas por hacer su trabajo.<\/p>\n<p>En lo que va del sexenio de Andr\u00e9s Manuel L\u00f3pez Obrador, seg\u00fan ha documentado Art\u00edculo 19, han sido asesinados 28 comunicadores.<\/p>\n<p>Y desde el a\u00f1o 2000 a la fecha 148 periodistas han sido asesinados en relaci\u00f3n con su labor informativa. Del total, 136 hombres y 12 mujeres.<\/p>\n<p>&#8220;Vemos con rabia e indignaci\u00f3n que los cr\u00edmenes contra periodistas en el pa\u00eds siguen en la impunidad, matar a un periodista en M\u00e9xico, es como matar a nadie: lejos de que haya investigaciones serias por parte de las Fiscal\u00edas en los estados y la federal, para que sepamos por qu\u00e9 no matan en este pa\u00eds y haya justicia, la cifra va en aumento&#8221;.<\/p>\n<p>En lo que va de la administraci\u00f3n del gobernador Cuitl\u00e1huac Garc\u00eda Jim\u00e9nez, cinco periodistas han sido asesinados en territorio veracruzano.<\/p>\n<p>Jorge Celestino Ru\u00edz V\u00e1quez, asesinado el 2 de agosto de 2019; Mar\u00eda Elena Ferral, asesinada el 30 de marzo de 2020; Julio Valdivia, el 9 de septiembre de 2020; Jacinto Romero Flores, asesinado el 19 de Agosto de 2021 y Jos\u00e9 Luis Gamboa Arenas, asesinado el 10 de enero de este a\u00f1o, pero su cuerpo fue identificado 4 d\u00edas despu\u00e9s.<\/p>\n<p>Seg\u00fan estad\u00edsticas de Art\u00edculo 19, en el per\u00edodo 2019-2021, tres a\u00f1os del gobierno de Cuitl\u00e1huac Garc\u00eda Jim\u00e9nez, Veracruz se ha ubicado entre los estados con m\u00e1s violencia y agresiones a periodistas.<\/p>\n<p><img loading=\"lazy\" decoding=\"async\" data-attachment-id=\"63259\" data-permalink=\"http:\/\/www.grieta.org.mx\/index.php\/2022\/01\/26\/video-asi-es-el-ya-basta-de-periodistas-en-veracruz-tras-asesinatos\/screenshot-2022-01-31-at-10-50-38-video-asi-es-el-ya-basta-de-periodistas-en-veracruz-tras-asesinatos\/\" data-orig-file=\"http:\/\/www.grieta.org.mx\/wp-content\/uploads\/2022\/01\/Screenshot-2022-01-31-at-10-50-38-Video-Asi-es-el-ya-basta-de-periodistas-en-Veracruz-tras-asesinatos.png\" data-orig-size=\"850,611\" data-comments-opened=\"0\" data-image-meta=\"{&quot;aperture&quot;:&quot;0&quot;,&quot;credit&quot;:&quot;&quot;,&quot;camera&quot;:&quot;&quot;,&quot;caption&quot;:&quot;&quot;,&quot;created_timestamp&quot;:&quot;0&quot;,&quot;copyright&quot;:&quot;&quot;,&quot;focal_length&quot;:&quot;0&quot;,&quot;iso&quot;:&quot;0&quot;,&quot;shutter_speed&quot;:&quot;0&quot;,&quot;title&quot;:&quot;&quot;,&quot;orientation&quot;:&quot;0&quot;}\" data-image-title=\"Screenshot 2022-01-31 at 10-50-38 [Video] As\u00ed es el ya basta de periodistas en Veracruz, tras asesinatos\" data-image-description=\"\" data-image-caption=\"\" data-medium-file=\"http:\/\/www.grieta.org.mx\/wp-content\/uploads\/2022\/01\/Screenshot-2022-01-31-at-10-50-38-Video-Asi-es-el-ya-basta-de-periodistas-en-Veracruz-tras-asesinatos-300x216.png\" data-large-file=\"http:\/\/www.grieta.org.mx\/wp-content\/uploads\/2022\/01\/Screenshot-2022-01-31-at-10-50-38-Video-Asi-es-el-ya-basta-de-periodistas-en-Veracruz-tras-asesinatos.png\" class=\"alignnone wp-image-63259\" src=\"http:\/\/www.grieta.org.mx\/wp-content\/uploads\/2022\/01\/Screenshot-2022-01-31-at-10-50-38-Video-Asi-es-el-ya-basta-de-periodistas-en-Veracruz-tras-asesinatos-300x216.png\" alt=\"\" width=\"720\" height=\"518\" srcset=\"http:\/\/www.grieta.org.mx\/wp-content\/uploads\/2022\/01\/Screenshot-2022-01-31-at-10-50-38-Video-Asi-es-el-ya-basta-de-periodistas-en-Veracruz-tras-asesinatos-300x216.png 300w, http:\/\/www.grieta.org.mx\/wp-content\/uploads\/2022\/01\/Screenshot-2022-01-31-at-10-50-38-Video-Asi-es-el-ya-basta-de-periodistas-en-Veracruz-tras-asesinatos-768x552.png 768w, http:\/\/www.grieta.org.mx\/wp-content\/uploads\/2022\/01\/Screenshot-2022-01-31-at-10-50-38-Video-Asi-es-el-ya-basta-de-periodistas-en-Veracruz-tras-asesinatos.png 850w\" sizes=\"auto, (max-width: 720px) 100vw, 720px\" \/><\/p>\n<p>&#8220;Ejercemos nuestro trabajo, muchas veces con altos niveles de censura, ya sea por presiones o por colaboraci\u00f3n con el poder. Los periodistas que trabajamos en M\u00e9xico, no dormimos tranquilos por la presi\u00f3n que sufrimos a la hora de publicar los verdaderos hechos. A veces, lo que escribimos con nuestra pluma nos puede costar la carrera e incluso la vida&#8221;, aseveraron.<\/p>\n<p>Desde Orizaba los periodistas se manifestaron para hacer que la poblaci\u00f3n visibilice lo peligroso que es para ellos ejercer esa profesi\u00f3n, pero tambi\u00e9n para honrar a los compa\u00f1eros que se jugaron la vida para informar.<\/p>\n<p><b>\u00a1Porque no se calla la verdad, matando periodistas&#8230; Justicia!<\/b><\/p>\n<section>\n<div class=\"teaser \">\n<div class=\"infographicWrapper\"><iframe loading=\"lazy\" src=\"https:\/\/www.facebook.com\/plugins\/video.php?height=476&amp;href=https%3A%2F%2Fwww.facebook.com%2FElSoldeOrizabaOEM%2Fvideos%2F338506714810800%2F&amp;show_text=false&amp;width=267&amp;t=0\" width=\"267\" height=\"476\" frameborder=\"0\" scrolling=\"no\" allowfullscreen=\"allowfullscreen\" data-mce-fragment=\"1\"><\/iframe><\/div>\n<\/div>\n<\/section>\n<p>&nbsp;<\/p>\n<p><a href=\"https:\/\/www.elsoldeorizaba.com.mx\/local\/no-queremos-mas-companeros-asesinados-secuestrados-ni-desaparecidos-exigen-periodistas-el-asesinato-de-jacinto-romero-sigue-sin-ser-esclarecido-7777697.html\" target=\"_blank\" rel=\"noopener\">https:\/\/www.elsoldeorizaba.com.mx\/local\/no-queremos-mas-companeros-asesinados-secuestrados-ni-desaparecidos-exigen-periodistas-el-asesinato-de-jacinto-romero-sigue-sin-ser-esclarecido-7777697.html<\/a><\/p>\n","protected":false},"excerpt":{"rendered":"<p>Mayra Figueiras | El Sol de Orizaba &nbsp; Orizaba, Ver.- &#8220;No queremos m\u00e1s compa\u00f1eros asesinados, secuestrados ni desaparecidos&#8221; exigieron periodistas de los diferentes medios de comunicaci\u00f3n de la regi\u00f3n de &hellip; <a href=\"http:\/\/www.grieta.org.mx\/index.php\/2022\/01\/25\/no-queremos-mas-companeros-asesinados-exigen-en-orizaba-veracruz\/\" class=\"more-link\">Leer m\u00e1s<\/a><\/p>\n","protected":false},"author":2,"featured_media":63263,"comment_status":"closed","ping_status":"closed","sticky":false,"template":"","format":"standard","meta":{"ngg_post_thumbnail":0,"_jetpack_newsletter_access":"","_jetpack_dont_email_post_to_subs":false,"_jetpack_newsletter_tier_id":0,"_jetpack_memberships_contains_paywalled_content":false,"_jetpack_memberships_contains_paid_content":false,"footnotes":""},"categories":[80,2,1936,35],"tags":[],"class_list":["post-63262","post","type-post","status-publish","format-standard","has-post-thumbnail","hentry","category-cintillo","category-noticias-nacionales","category-protestas-por-violencia-en-contra-de-periodistas-en-veracruz","category-veracruz","entry"],"jetpack_featured_media_url":"http:\/\/www.grieta.org.mx\/wp-content\/uploads\/2022\/01\/No-queremos-mas-companeros-asesinados-secuestrados-ni-desaparecidos-exigieron-periodistas-de-los-diferentes-medios-de-comunicacion-de-la-region-de-las-Altas-Montanas.jpg","jetpack_sharing_enabled":true,"jetpack_shortlink":"https:\/\/wp.me\/p7ZJR4-gsm","jetpack_likes_enabled":false,"jetpack-related-posts":[{"id":67650,"url":"http:\/\/www.grieta.org.mx\/index.php\/2023\/08\/24\/familias-de-periodistas-asesinados-esperan-justicia-autoridades-son-indiferentes-veracruz\/","url_meta":{"origin":63262,"position":0},"title":"Familias de periodistas asesinados esperan justicia; &#8220;autoridades son indiferentes&#8221;, Veracruz","author":"grieta","date":"24 agosto, 2023","format":false,"excerpt":"Las autoridades dijeron que se emprender\u00eda una campa\u00f1a nacional para reivindicar el nombre de los periodistas asesinados Mayra Figueiras \/ El Sol de Orizaba Orizaba, Ver.- Debido a la indiferencia de autoridades estatales y federales, m\u00e1s de 16 familias de periodistas asesinados en Veracruz, Oaxaca y la Ciudad de M\u00e9xico\u2026","rel":"","context":"En &quot;CINTILLO&quot;","block_context":{"text":"CINTILLO","link":"http:\/\/www.grieta.org.mx\/index.php\/category\/cintillo\/"},"img":{"alt_text":"","src":"https:\/\/i0.wp.com\/www.grieta.org.mx\/wp-content\/uploads\/2023\/09\/Familias-de-periodistas-asesinados-esperan-justicia.jpg?resize=350%2C200","width":350,"height":200,"srcset":"https:\/\/i0.wp.com\/www.grieta.org.mx\/wp-content\/uploads\/2023\/09\/Familias-de-periodistas-asesinados-esperan-justicia.jpg?resize=350%2C200 1x, https:\/\/i0.wp.com\/www.grieta.org.mx\/wp-content\/uploads\/2023\/09\/Familias-de-periodistas-asesinados-esperan-justicia.jpg?resize=525%2C300 1.5x, https:\/\/i0.wp.com\/www.grieta.org.mx\/wp-content\/uploads\/2023\/09\/Familias-de-periodistas-asesinados-esperan-justicia.jpg?resize=700%2C400 2x"},"classes":[]},{"id":25692,"url":"http:\/\/www.grieta.org.mx\/index.php\/2018\/08\/05\/lucha-por-los-desaparecidos-en-orizaba-cordoba-veracruz\/","url_meta":{"origin":63262,"position":1},"title":"Lucha por los desaparecidos en Orizaba &#8211; C\u00f3rdoba, Veracruz","author":"grieta","date":"5 agosto, 2018","format":false,"excerpt":"CENCOS \/ Redacci\u00f3n","rel":"","context":"En &quot;CINTILLO&quot;","block_context":{"text":"CINTILLO","link":"http:\/\/www.grieta.org.mx\/index.php\/category\/cintillo\/"},"img":{"alt_text":"","src":"https:\/\/i0.wp.com\/www.grieta.org.mx\/wp-content\/uploads\/2018\/08\/WhatsApp-Image-2016-10-12-at-16.26.19.jpeg?resize=350%2C200","width":350,"height":200,"srcset":"https:\/\/i0.wp.com\/www.grieta.org.mx\/wp-content\/uploads\/2018\/08\/WhatsApp-Image-2016-10-12-at-16.26.19.jpeg?resize=350%2C200 1x, https:\/\/i0.wp.com\/www.grieta.org.mx\/wp-content\/uploads\/2018\/08\/WhatsApp-Image-2016-10-12-at-16.26.19.jpeg?resize=525%2C300 1.5x, https:\/\/i0.wp.com\/www.grieta.org.mx\/wp-content\/uploads\/2018\/08\/WhatsApp-Image-2016-10-12-at-16.26.19.jpeg?resize=700%2C400 2x, https:\/\/i0.wp.com\/www.grieta.org.mx\/wp-content\/uploads\/2018\/08\/WhatsApp-Image-2016-10-12-at-16.26.19.jpeg?resize=1050%2C600 3x"},"classes":[]},{"id":69047,"url":"http:\/\/www.grieta.org.mx\/index.php\/2024\/05\/23\/familiares-de-periodistas-asesinados-denunciaron-a-funcionario-estatal-veracruz\/","url_meta":{"origin":63262,"position":2},"title":"Familiares de periodistas asesinados denunciaron a funcionario estatal (Veracruz)","author":"grieta","date":"23 mayo, 2024","format":false,"excerpt":"Miguel Salazar \/ Diario de Xalapa De acuerdo con Jorge S\u00e1nchez, hijo de Mois\u00e9s S\u00e1nchez Cerezo, periodista asesinado el 2 de enero de 2015 en el municipio de Medell\u00edn, \"la denuncia se present\u00f3 hace unos d\u00edas ante la Feadle Xalapa, Ver.-Integrantes de la Red en Memoria y Lucha de Periodistas\u2026","rel":"","context":"En &quot;CINTILLO&quot;","block_context":{"text":"CINTILLO","link":"http:\/\/www.grieta.org.mx\/index.php\/category\/cintillo\/"},"img":{"alt_text":"","src":"https:\/\/i0.wp.com\/www.grieta.org.mx\/wp-content\/uploads\/2024\/05\/Screenshot-2024-05-30-at-20-12-01-Familiares-de-periodistas-asesinados-denunciaron-a-funcionario-estatal-1.png?resize=350%2C200","width":350,"height":200,"srcset":"https:\/\/i0.wp.com\/www.grieta.org.mx\/wp-content\/uploads\/2024\/05\/Screenshot-2024-05-30-at-20-12-01-Familiares-de-periodistas-asesinados-denunciaron-a-funcionario-estatal-1.png?resize=350%2C200 1x, https:\/\/i0.wp.com\/www.grieta.org.mx\/wp-content\/uploads\/2024\/05\/Screenshot-2024-05-30-at-20-12-01-Familiares-de-periodistas-asesinados-denunciaron-a-funcionario-estatal-1.png?resize=525%2C300 1.5x, https:\/\/i0.wp.com\/www.grieta.org.mx\/wp-content\/uploads\/2024\/05\/Screenshot-2024-05-30-at-20-12-01-Familiares-de-periodistas-asesinados-denunciaron-a-funcionario-estatal-1.png?resize=700%2C400 2x"},"classes":[]},{"id":53337,"url":"http:\/\/www.grieta.org.mx\/index.php\/2020\/09\/14\/integrantes-de-colectivo-de-familias-de-desaparecidos-convocan-a-marcha-veracruz\/","url_meta":{"origin":63262,"position":3},"title":"Integrantes de colectivo de Familias de desaparecidos, convocan a marcha (Veracruz)","author":"grieta","date":"14 septiembre, 2020","format":false,"excerpt":"\u00a0 Mayra Figueiras Hern\u00e1ndez | El Sol de Orizaba Orizaba, Ver.- La b\u00fasqueda de los desaparecidos en Veracruz es simulada, pues ni el gobierno estatal ni las instituciones que fueron creadas para ello los buscan, asever\u00f3 Ana Lilia Jim\u00e9nez Sandoval, integrante del Colectivo Familias de Desaparecidos Orizaba-C\u00f3rdoba. Por ello, pese\u2026","rel":"","context":"En &quot;CINTILLO&quot;","block_context":{"text":"CINTILLO","link":"http:\/\/www.grieta.org.mx\/index.php\/category\/cintillo\/"},"img":{"alt_text":"","src":"https:\/\/i0.wp.com\/www.grieta.org.mx\/wp-content\/uploads\/2020\/09\/desaparecidos1-marcha.gif?resize=350%2C200","width":350,"height":200,"srcset":"https:\/\/i0.wp.com\/www.grieta.org.mx\/wp-content\/uploads\/2020\/09\/desaparecidos1-marcha.gif?resize=350%2C200 1x, https:\/\/i0.wp.com\/www.grieta.org.mx\/wp-content\/uploads\/2020\/09\/desaparecidos1-marcha.gif?resize=525%2C300 1.5x, https:\/\/i0.wp.com\/www.grieta.org.mx\/wp-content\/uploads\/2020\/09\/desaparecidos1-marcha.gif?resize=700%2C400 2x"},"classes":[]},{"id":63405,"url":"http:\/\/www.grieta.org.mx\/index.php\/2022\/02\/14\/periodistas-de-jalisco-exigen-justicia-por-sus-cinco-companeros-asesinados\/","url_meta":{"origin":63262,"position":4},"title":"Periodistas de Jalisco exigen justicia por sus cinco compa\u00f1eros asesinados","author":"grieta","date":"14 febrero, 2022","format":false,"excerpt":"Foto: Christian Cantero En el marco de la Segunda Acci\u00f3n Nacional #PeriodismoEnRiesgo, periodistas de Jalisco protestaron para exigir justicia por los cinco colegas asesinados en este a\u00f1o; adem\u00e1s hicieron un llamado para que desde los gobiernos se deje de atacar a las y los trabajadores de los medios, pues eso\u2026","rel":"","context":"En &quot;CINTILLO&quot;","block_context":{"text":"CINTILLO","link":"http:\/\/www.grieta.org.mx\/index.php\/category\/cintillo\/"},"img":{"alt_text":"","src":"https:\/\/i0.wp.com\/www.grieta.org.mx\/wp-content\/uploads\/2022\/02\/TODOSSOMOS-1068x1068-1.png?resize=350%2C200","width":350,"height":200,"srcset":"https:\/\/i0.wp.com\/www.grieta.org.mx\/wp-content\/uploads\/2022\/02\/TODOSSOMOS-1068x1068-1.png?resize=350%2C200 1x, https:\/\/i0.wp.com\/www.grieta.org.mx\/wp-content\/uploads\/2022\/02\/TODOSSOMOS-1068x1068-1.png?resize=525%2C300 1.5x, https:\/\/i0.wp.com\/www.grieta.org.mx\/wp-content\/uploads\/2022\/02\/TODOSSOMOS-1068x1068-1.png?resize=700%2C400 2x, https:\/\/i0.wp.com\/www.grieta.org.mx\/wp-content\/uploads\/2022\/02\/TODOSSOMOS-1068x1068-1.png?resize=1050%2C600 3x"},"classes":[]},{"id":12351,"url":"http:\/\/www.grieta.org.mx\/index.php\/2016\/05\/14\/asesinan-a-periodista-en-veracruz\/","url_meta":{"origin":63262,"position":5},"title":"Asesinan a periodista en Veracruz","author":"grieta","date":"14 mayo, 2016","format":false,"excerpt":"Un periodista fue asesinado en el estado de Veracruz, el m\u00e1s peligroso para ejercer esta profesi\u00f3n en M\u00e9xico, con lo que ya van cinco comunicadores asesinados este a\u00f1o en el pa\u00eds, informaron autoridades. Un periodista fue asesinado aparentemente de un disparo en el estado de Veracruz, el m\u00e1s peligroso para\u2026","rel":"","context":"En &quot;CINTILLO&quot;","block_context":{"text":"CINTILLO","link":"http:\/\/www.grieta.org.mx\/index.php\/category\/cintillo\/"},"img":{"alt_text":"","src":"https:\/\/i0.wp.com\/www.grieta.org.mx\/wp-content\/uploads\/2018\/03\/14524434_1106112876131411_958039263622046936_o.jpg?resize=350%2C200","width":350,"height":200,"srcset":"https:\/\/i0.wp.com\/www.grieta.org.mx\/wp-content\/uploads\/2018\/03\/14524434_1106112876131411_958039263622046936_o.jpg?resize=350%2C200 1x, https:\/\/i0.wp.com\/www.grieta.org.mx\/wp-content\/uploads\/2018\/03\/14524434_1106112876131411_958039263622046936_o.jpg?resize=525%2C300 1.5x, https:\/\/i0.wp.com\/www.grieta.org.mx\/wp-content\/uploads\/2018\/03\/14524434_1106112876131411_958039263622046936_o.jpg?resize=700%2C400 2x"},"classes":[]}],"_links":{"self":[{"href":"http:\/\/www.grieta.org.mx\/index.php\/wp-json\/wp\/v2\/posts\/63262","targetHints":{"allow":["GET"]}}],"collection":[{"href":"http:\/\/www.grieta.org.mx\/index.php\/wp-json\/wp\/v2\/posts"}],"about":[{"href":"http:\/\/www.grieta.org.mx\/index.php\/wp-json\/wp\/v2\/types\/post"}],"author":[{"embeddable":true,"href":"http:\/\/www.grieta.org.mx\/index.php\/wp-json\/wp\/v2\/users\/2"}],"replies":[{"embeddable":true,"href":"http:\/\/www.grieta.org.mx\/index.php\/wp-json\/wp\/v2\/comments?post=63262"}],"version-history":[{"count":1,"href":"http:\/\/www.grieta.org.mx\/index.php\/wp-json\/wp\/v2\/posts\/63262\/revisions"}],"predecessor-version":[{"id":63264,"href":"http:\/\/www.grieta.org.mx\/index.php\/wp-json\/wp\/v2\/posts\/63262\/revisions\/63264"}],"wp:featuredmedia":[{"embeddable":true,"href":"http:\/\/www.grieta.org.mx\/index.php\/wp-json\/wp\/v2\/media\/63263"}],"wp:attachment":[{"href":"http:\/\/www.grieta.org.mx\/index.php\/wp-json\/wp\/v2\/media?parent=63262"}],"wp:term":[{"taxonomy":"category","embeddable":true,"href":"http:\/\/www.grieta.org.mx\/index.php\/wp-json\/wp\/v2\/categories?post=63262"},{"taxonomy":"post_tag","embeddable":true,"href":"http:\/\/www.grieta.org.mx\/index.php\/wp-json\/wp\/v2\/tags?post=63262"}],"curies":[{"name":"wp","href":"https:\/\/api.w.org\/{rel}","templated":true}]}}