{"id":63254,"date":"2022-01-26T10:40:30","date_gmt":"2022-01-26T16:40:30","guid":{"rendered":"http:\/\/www.grieta.org.mx\/?p=63254"},"modified":"2022-01-31T10:56:38","modified_gmt":"2022-01-31T16:56:38","slug":"video-asi-es-el-ya-basta-de-periodistas-en-veracruz-tras-asesinatos","status":"publish","type":"post","link":"http:\/\/www.grieta.org.mx\/index.php\/2022\/01\/26\/video-asi-es-el-ya-basta-de-periodistas-en-veracruz-tras-asesinatos\/","title":{"rendered":"[Video] As\u00ed es el ya basta de periodistas en Veracruz, tras asesinatos"},"content":{"rendered":"<p>Guadalupe Castillo \/ El Sol de C\u00f3rdoba<\/p>\n<p>C\u00f3rdoba, Ver. &#8211; La investigaci\u00f3n y la verdad se han visto manchados de sangre al ultimar a periodistas por hacer su trabajo diario, esta tarde periodistas libres de la ciudad de C\u00f3rdoba se suma a la manifestaci\u00f3n a nivel nacional por los 3 reporteros asesinados en lo que va de este 2022, Jos\u00e9 Luis Gamboa , Margarito Mart\u00ednez y Lourdes Maldonado.<\/p>\n<p>Partiendo del parque 21 de mayo en la avenida 3, subiendo en la calle 9 y reincorpor\u00e1ndose a la avenida 1, es como un grupo de 15 periodistas marcharon por estas calles pidiendo justicia para los tres reporteros asesinados en lo que van de 2022, pero tambi\u00e9n recordar a los que han sido asesinados en la zona.<\/p>\n<p>Con lonas y cartulinas alusivas a su protesta se hicieron notar en este inmueble ubicado frente al Palacio Municipal, haci\u00e9ndose acompa\u00f1ar de velas y usando los Hashtag de protesta como lo indic\u00f3 la convocatoria a nivel nacional, #NiSilencioNiOlvido #PeriodismoEnRiesgo #NoSeMataLaVerdad y #SinMasPeriodistasEnSusListas.<\/p>\n<p>Jos\u00e9 Osorio, periodista de la zona C\u00f3rdoba, manifest\u00f3 que la protesta es una forma de hacer valer sus derechos, &#8220;nosotros no hacemos nada m\u00e1s que comunicar y llevar la informaci\u00f3n, desafortunadamente hay gente que le molesta la realidad de las cosas y ello violenta nuestro derecho de libertad de expresi\u00f3n, no solo civil sino de la pol\u00edtica que es a la que m\u00e1s le molesta nuestro trabajo&#8221;.<\/p>\n<p><img loading=\"lazy\" decoding=\"async\" data-attachment-id=\"63255\" data-permalink=\"http:\/\/www.grieta.org.mx\/index.php\/2022\/01\/26\/video-asi-es-el-ya-basta-de-periodistas-en-veracruz-tras-asesinatos\/screenshot-2022-01-31-at-10-41-35-video-asi-es-el-ya-basta-de-periodistas-en-veracruz-tras-asesinatos\/\" data-orig-file=\"http:\/\/www.grieta.org.mx\/wp-content\/uploads\/2022\/01\/Screenshot-2022-01-31-at-10-41-35-Video-Asi-es-el-ya-basta-de-periodistas-en-Veracruz-tras-asesinatos.png\" data-orig-size=\"850,566\" data-comments-opened=\"0\" data-image-meta=\"{&quot;aperture&quot;:&quot;0&quot;,&quot;credit&quot;:&quot;&quot;,&quot;camera&quot;:&quot;&quot;,&quot;caption&quot;:&quot;&quot;,&quot;created_timestamp&quot;:&quot;0&quot;,&quot;copyright&quot;:&quot;&quot;,&quot;focal_length&quot;:&quot;0&quot;,&quot;iso&quot;:&quot;0&quot;,&quot;shutter_speed&quot;:&quot;0&quot;,&quot;title&quot;:&quot;&quot;,&quot;orientation&quot;:&quot;0&quot;}\" data-image-title=\"Screenshot 2022-01-31 at 10-41-35 [Video] As\u00ed es el ya basta de periodistas en Veracruz, tras asesinatos\" data-image-description=\"\" data-image-caption=\"\" data-medium-file=\"http:\/\/www.grieta.org.mx\/wp-content\/uploads\/2022\/01\/Screenshot-2022-01-31-at-10-41-35-Video-Asi-es-el-ya-basta-de-periodistas-en-Veracruz-tras-asesinatos-300x200.png\" data-large-file=\"http:\/\/www.grieta.org.mx\/wp-content\/uploads\/2022\/01\/Screenshot-2022-01-31-at-10-41-35-Video-Asi-es-el-ya-basta-de-periodistas-en-Veracruz-tras-asesinatos.png\" class=\"alignnone wp-image-63255\" src=\"http:\/\/www.grieta.org.mx\/wp-content\/uploads\/2022\/01\/Screenshot-2022-01-31-at-10-41-35-Video-Asi-es-el-ya-basta-de-periodistas-en-Veracruz-tras-asesinatos-300x200.png\" alt=\"\" width=\"800\" height=\"533\" srcset=\"http:\/\/www.grieta.org.mx\/wp-content\/uploads\/2022\/01\/Screenshot-2022-01-31-at-10-41-35-Video-Asi-es-el-ya-basta-de-periodistas-en-Veracruz-tras-asesinatos-300x200.png 300w, http:\/\/www.grieta.org.mx\/wp-content\/uploads\/2022\/01\/Screenshot-2022-01-31-at-10-41-35-Video-Asi-es-el-ya-basta-de-periodistas-en-Veracruz-tras-asesinatos-768x511.png 768w, http:\/\/www.grieta.org.mx\/wp-content\/uploads\/2022\/01\/Screenshot-2022-01-31-at-10-41-35-Video-Asi-es-el-ya-basta-de-periodistas-en-Veracruz-tras-asesinatos.png 850w\" sizes=\"auto, (max-width: 800px) 100vw, 800px\" \/><\/p>\n<p>Otro punto de vista del comunicador Francisco Garc\u00eda, manifest\u00f3 que esta muestra de participaci\u00f3n del gremio period\u00edstico pugna la lucha contra la impunidad que ha matado a varios periodistas, &#8220;las autoridades deben de entender de una buena vez que las palabras no se matan con la muerte de periodistas por ello invitamos a la ciudadan\u00eda a unirse a esta petici\u00f3n humilde, necesaria y exigente&#8221;.<\/p>\n<p>Por su parte Hugo Morales, periodista de zona cafetalera y ca\u00f1era, dijo que a pesar de que la ciudadan\u00eda no paga por lo que se investiga, la inconformidad pone en riesgo a la prensa por ello es importante que la fuerza de opini\u00f3n de la ciudadan\u00eda, &#8220;mientras haya impunidad los cr\u00edmenes seguir\u00e1n creciendo porque no se hace nada a los criminales&#8221;.<\/p>\n<p><img loading=\"lazy\" decoding=\"async\" data-attachment-id=\"63256\" data-permalink=\"http:\/\/www.grieta.org.mx\/index.php\/2022\/01\/26\/video-asi-es-el-ya-basta-de-periodistas-en-veracruz-tras-asesinatos\/screenshot-2022-01-31-at-10-42-21-video-asi-es-el-ya-basta-de-periodistas-en-veracruz-tras-asesinatos\/\" data-orig-file=\"http:\/\/www.grieta.org.mx\/wp-content\/uploads\/2022\/01\/Screenshot-2022-01-31-at-10-42-21-Video-Asi-es-el-ya-basta-de-periodistas-en-Veracruz-tras-asesinatos.png\" data-orig-size=\"850,566\" data-comments-opened=\"0\" data-image-meta=\"{&quot;aperture&quot;:&quot;0&quot;,&quot;credit&quot;:&quot;&quot;,&quot;camera&quot;:&quot;&quot;,&quot;caption&quot;:&quot;&quot;,&quot;created_timestamp&quot;:&quot;0&quot;,&quot;copyright&quot;:&quot;&quot;,&quot;focal_length&quot;:&quot;0&quot;,&quot;iso&quot;:&quot;0&quot;,&quot;shutter_speed&quot;:&quot;0&quot;,&quot;title&quot;:&quot;&quot;,&quot;orientation&quot;:&quot;0&quot;}\" data-image-title=\"Screenshot 2022-01-31 at 10-42-21 [Video] As\u00ed es el ya basta de periodistas en Veracruz, tras asesinatos\" data-image-description=\"\" data-image-caption=\"\" data-medium-file=\"http:\/\/www.grieta.org.mx\/wp-content\/uploads\/2022\/01\/Screenshot-2022-01-31-at-10-42-21-Video-Asi-es-el-ya-basta-de-periodistas-en-Veracruz-tras-asesinatos-300x200.png\" data-large-file=\"http:\/\/www.grieta.org.mx\/wp-content\/uploads\/2022\/01\/Screenshot-2022-01-31-at-10-42-21-Video-Asi-es-el-ya-basta-de-periodistas-en-Veracruz-tras-asesinatos.png\" class=\"alignnone wp-image-63256\" src=\"http:\/\/www.grieta.org.mx\/wp-content\/uploads\/2022\/01\/Screenshot-2022-01-31-at-10-42-21-Video-Asi-es-el-ya-basta-de-periodistas-en-Veracruz-tras-asesinatos-300x200.png\" alt=\"\" width=\"800\" height=\"533\" srcset=\"http:\/\/www.grieta.org.mx\/wp-content\/uploads\/2022\/01\/Screenshot-2022-01-31-at-10-42-21-Video-Asi-es-el-ya-basta-de-periodistas-en-Veracruz-tras-asesinatos-300x200.png 300w, http:\/\/www.grieta.org.mx\/wp-content\/uploads\/2022\/01\/Screenshot-2022-01-31-at-10-42-21-Video-Asi-es-el-ya-basta-de-periodistas-en-Veracruz-tras-asesinatos-768x511.png 768w, http:\/\/www.grieta.org.mx\/wp-content\/uploads\/2022\/01\/Screenshot-2022-01-31-at-10-42-21-Video-Asi-es-el-ya-basta-de-periodistas-en-Veracruz-tras-asesinatos.png 850w\" sizes=\"auto, (max-width: 800px) 100vw, 800px\" \/><\/p>\n<p>Al finalizar la movilizaci\u00f3n, el gremio period\u00edstico hizo el pase de lista recordando a los que han sido v\u00edctimas de la delincuencia como Julio Valdivia asesinado en Tezonapa, Jacinto Romero comunicador originario de Ixtaczoquitl\u00e1n esto el a\u00f1o pasado, pero se dio tambi\u00e9n remembranza a los periodistas que hace m\u00e1s de 5 a\u00f1os fueron ultimados como Juan Santos, Ricardo Monlui, Regina Mart\u00ednez.<\/p>\n<p>&nbsp;<\/p>\n<section>\n<div class=\"teaser \">\n<div class=\"infographicWrapper\"><iframe loading=\"lazy\" src=\"https:\/\/www.facebook.com\/plugins\/video.php?height=476&amp;href=https%3A%2F%2Fwww.facebook.com%2FElSolDeCordoba%2Fvideos%2F340969277697376%2F&amp;show_text=false&amp;width=267&amp;t=0\" width=\"267\" height=\"476\" frameborder=\"0\" scrolling=\"no\" allowfullscreen=\"allowfullscreen\" data-mce-fragment=\"1\"><\/iframe><\/div>\n<div><\/div>\n<\/div>\n<\/section>\n<p><a href=\"https:\/\/www.elsoldecordoba.com.mx\/local\/video-asi-es-el-ya-basta-de-periodistas-en-veracruz-tras-asesinatos-secuestrados-ni-desaparecidos-exigen-justicia-7780717.html\" target=\"_blank\" rel=\"noopener\">https:\/\/www.elsoldecordoba.com.mx\/local\/video-asi-es-el-ya-basta-de-periodistas-en-veracruz-tras-asesinatos-secuestrados-ni-desaparecidos-exigen-justicia-7780717.html<\/a><\/p>\n","protected":false},"excerpt":{"rendered":"<p>Guadalupe Castillo \/ El Sol de C\u00f3rdoba C\u00f3rdoba, Ver. &#8211; La investigaci\u00f3n y la verdad se han visto manchados de sangre al ultimar a periodistas por hacer su trabajo diario, &hellip; <a href=\"http:\/\/www.grieta.org.mx\/index.php\/2022\/01\/26\/video-asi-es-el-ya-basta-de-periodistas-en-veracruz-tras-asesinatos\/\" class=\"more-link\">Leer m\u00e1s<\/a><\/p>\n","protected":false},"author":2,"featured_media":63260,"comment_status":"closed","ping_status":"closed","sticky":false,"template":"","format":"standard","meta":{"ngg_post_thumbnail":0,"_jetpack_newsletter_access":"","_jetpack_dont_email_post_to_subs":false,"_jetpack_newsletter_tier_id":0,"_jetpack_memberships_contains_paywalled_content":false,"_jetpack_memberships_contains_paid_content":false,"footnotes":""},"categories":[80,2,1936,35],"tags":[1180,2324,2325],"class_list":["post-63254","post","type-post","status-publish","format-standard","has-post-thumbnail","hentry","category-cintillo","category-noticias-nacionales","category-protestas-por-violencia-en-contra-de-periodistas-en-veracruz","category-veracruz","tag-asesinato-de-periodistas","tag-protestas-contra-asesinato-deperiodistas","tag-protestas-contra-asesionato-de-periodistas","entry"],"jetpack_featured_media_url":"http:\/\/www.grieta.org.mx\/wp-content\/uploads\/2022\/01\/Screenshot-2022-01-31-at-10-56-08-Video-Asi-es-el-ya-basta-de-periodistas-en-Veracruz-tras-asesinatos.png","jetpack_sharing_enabled":true,"jetpack_shortlink":"https:\/\/wp.me\/p7ZJR4-gse","jetpack_likes_enabled":false,"jetpack-related-posts":[{"id":8916,"url":"http:\/\/www.grieta.org.mx\/index.php\/2015\/08\/03\/se-unen-en-morelia-a-protestas-por-el-asesinato-de-ruben-espinosa-becerril\/","url_meta":{"origin":63254,"position":0},"title":"Se unen en Morelia a protestas por el asesinato de Rub\u00e9n Espinosa Becerril","author":"Admin","date":"3 agosto, 2015","format":false,"excerpt":"\u201cNo m\u00e1s asesinatos de periodistas\u201d, se lee en la cartulina que se expuso en un evento del CMIC Morelia, Michoac\u00e1n (MiMorelia.com).- Reporteros de Michoac\u00e1n se suman a las protestas por el asesinato del fotoperiodista Rub\u00e9n Espinosa Becerril, quien fue encontrado muerto el pasado viernes junto con otras cuatro personas en\u2026","rel":"","context":"En &quot;CINTILLO&quot;","block_context":{"text":"CINTILLO","link":"http:\/\/www.grieta.org.mx\/index.php\/category\/cintillo\/"},"img":{"alt_text":"","src":"https:\/\/i0.wp.com\/www.grieta.org.mx\/wp-content\/uploads\/2018\/03\/14524434_1106112876131411_958039263622046936_o.jpg?resize=350%2C200","width":350,"height":200,"srcset":"https:\/\/i0.wp.com\/www.grieta.org.mx\/wp-content\/uploads\/2018\/03\/14524434_1106112876131411_958039263622046936_o.jpg?resize=350%2C200 1x, https:\/\/i0.wp.com\/www.grieta.org.mx\/wp-content\/uploads\/2018\/03\/14524434_1106112876131411_958039263622046936_o.jpg?resize=525%2C300 1.5x, https:\/\/i0.wp.com\/www.grieta.org.mx\/wp-content\/uploads\/2018\/03\/14524434_1106112876131411_958039263622046936_o.jpg?resize=700%2C400 2x"},"classes":[]},{"id":53308,"url":"http:\/\/www.grieta.org.mx\/index.php\/2020\/09\/10\/en-xalapa-y-cordoba-periodistas-protestan-por-el-asesinato-de-su-colega-julio-valdivia-veracruz\/","url_meta":{"origin":63254,"position":1},"title":"En Xalapa y C\u00f3rdoba, periodistas protestan por el asesinato de su colega Julio Valdivia (Veracruz)","author":"grieta","date":"10 septiembre, 2020","format":false,"excerpt":"Noe Zavaleta \/ Proceso En los z\u00f3calos de ambas localidades, los reporteros colocaron fotograf\u00edas con el rostro de la v\u00edctima y formaron la palabra justicia con las letras de la frase \u201cViva M\u00e9xico\u201d que el gobierno del estado mand\u00f3 colocar en esos lugares. La Fiscal\u00eda General del estado (FGE) asegur\u00f3\u2026","rel":"","context":"En &quot;CINTILLO&quot;","block_context":{"text":"CINTILLO","link":"http:\/\/www.grieta.org.mx\/index.php\/category\/cintillo\/"},"img":{"alt_text":"","src":"https:\/\/i0.wp.com\/www.grieta.org.mx\/wp-content\/uploads\/2020\/09\/protesta-periodista-asesinado-veracruz-870x522-1.jpg?resize=350%2C200","width":350,"height":200,"srcset":"https:\/\/i0.wp.com\/www.grieta.org.mx\/wp-content\/uploads\/2020\/09\/protesta-periodista-asesinado-veracruz-870x522-1.jpg?resize=350%2C200 1x, https:\/\/i0.wp.com\/www.grieta.org.mx\/wp-content\/uploads\/2020\/09\/protesta-periodista-asesinado-veracruz-870x522-1.jpg?resize=525%2C300 1.5x, https:\/\/i0.wp.com\/www.grieta.org.mx\/wp-content\/uploads\/2020\/09\/protesta-periodista-asesinado-veracruz-870x522-1.jpg?resize=700%2C400 2x"},"classes":[]},{"id":69047,"url":"http:\/\/www.grieta.org.mx\/index.php\/2024\/05\/23\/familiares-de-periodistas-asesinados-denunciaron-a-funcionario-estatal-veracruz\/","url_meta":{"origin":63254,"position":2},"title":"Familiares de periodistas asesinados denunciaron a funcionario estatal (Veracruz)","author":"grieta","date":"23 mayo, 2024","format":false,"excerpt":"Miguel Salazar \/ Diario de Xalapa De acuerdo con Jorge S\u00e1nchez, hijo de Mois\u00e9s S\u00e1nchez Cerezo, periodista asesinado el 2 de enero de 2015 en el municipio de Medell\u00edn, \"la denuncia se present\u00f3 hace unos d\u00edas ante la Feadle Xalapa, Ver.-Integrantes de la Red en Memoria y Lucha de Periodistas\u2026","rel":"","context":"En &quot;CINTILLO&quot;","block_context":{"text":"CINTILLO","link":"http:\/\/www.grieta.org.mx\/index.php\/category\/cintillo\/"},"img":{"alt_text":"","src":"https:\/\/i0.wp.com\/www.grieta.org.mx\/wp-content\/uploads\/2024\/05\/Screenshot-2024-05-30-at-20-12-01-Familiares-de-periodistas-asesinados-denunciaron-a-funcionario-estatal-1.png?resize=350%2C200","width":350,"height":200,"srcset":"https:\/\/i0.wp.com\/www.grieta.org.mx\/wp-content\/uploads\/2024\/05\/Screenshot-2024-05-30-at-20-12-01-Familiares-de-periodistas-asesinados-denunciaron-a-funcionario-estatal-1.png?resize=350%2C200 1x, https:\/\/i0.wp.com\/www.grieta.org.mx\/wp-content\/uploads\/2024\/05\/Screenshot-2024-05-30-at-20-12-01-Familiares-de-periodistas-asesinados-denunciaron-a-funcionario-estatal-1.png?resize=525%2C300 1.5x, https:\/\/i0.wp.com\/www.grieta.org.mx\/wp-content\/uploads\/2024\/05\/Screenshot-2024-05-30-at-20-12-01-Familiares-de-periodistas-asesinados-denunciaron-a-funcionario-estatal-1.png?resize=700%2C400 2x"},"classes":[]},{"id":63170,"url":"http:\/\/www.grieta.org.mx\/index.php\/2022\/01\/25\/periodismo-en-riesgo-desde-cancun-exigen-justicia-por-periodistas-asesinados-quintana-roo\/","url_meta":{"origin":63254,"position":3},"title":"&#8220;Periodismo en riesgo&#8221;: Desde Canc\u00fan, exigen justicia por periodistas asesinados (Quintana Roo)","author":"grieta","date":"25 enero, 2022","format":false,"excerpt":"Agencia SIM | Fotos: Infoqroo \/ Noticaribe CANC\u00daN, MX.- Reporteros, editores, fot\u00f3grafos y otros trabajadores de los medios de comunicaci\u00f3n se reunieron esta noche afuera del Palacio Municipal del Ayuntamiento de Benito Ju\u00e1rez, para sumarse al movimiento \u201cPeriodismo en Riesgo\u201d y exigir justicia por los tres colegas que fueron asesinados\u2026","rel":"","context":"En &quot;CINTILLO&quot;","block_context":{"text":"CINTILLO","link":"http:\/\/www.grieta.org.mx\/index.php\/category\/cintillo\/"},"img":{"alt_text":"","src":"https:\/\/i0.wp.com\/www.grieta.org.mx\/wp-content\/uploads\/2022\/01\/PeriodismoEnRiesgo.png?resize=350%2C200","width":350,"height":200,"srcset":"https:\/\/i0.wp.com\/www.grieta.org.mx\/wp-content\/uploads\/2022\/01\/PeriodismoEnRiesgo.png?resize=350%2C200 1x, https:\/\/i0.wp.com\/www.grieta.org.mx\/wp-content\/uploads\/2022\/01\/PeriodismoEnRiesgo.png?resize=525%2C300 1.5x, https:\/\/i0.wp.com\/www.grieta.org.mx\/wp-content\/uploads\/2022\/01\/PeriodismoEnRiesgo.png?resize=700%2C400 2x"},"classes":[]},{"id":63184,"url":"http:\/\/www.grieta.org.mx\/index.php\/2022\/01\/25\/se-manifiestan-en-playa-del-carmen-por-el-asesinato-de-la-periodista-lourdes-maldonado-quintana-roo\/","url_meta":{"origin":63254,"position":4},"title":"Se manifiestan en Playa del Carmen por el asesinato de la periodista Lourdes Maldonado (Quintana Roo)","author":"grieta","date":"25 enero, 2022","format":false,"excerpt":"Fernando Morcillo \/ PorEsto! Reporteros acudieron al Palacio Municipal de Playa del Carmen para exigir justicia por el asesinato de la Lourdes Maldonado, periodista asesinada en Baja California, adem\u00e1s de tener condiciones seguras para trabajar Reporteros de Playa del Carmen se manifiestan en los bajos del Palacio Municipal, como parte\u2026","rel":"","context":"En &quot;CINTILLO&quot;","block_context":{"text":"CINTILLO","link":"http:\/\/www.grieta.org.mx\/index.php\/category\/cintillo\/"},"img":{"alt_text":"","src":"https:\/\/i0.wp.com\/www.grieta.org.mx\/wp-content\/uploads\/2022\/01\/PlayaPeriodistas-e1643308857279.png?resize=350%2C200","width":350,"height":200,"srcset":"https:\/\/i0.wp.com\/www.grieta.org.mx\/wp-content\/uploads\/2022\/01\/PlayaPeriodistas-e1643308857279.png?resize=350%2C200 1x, https:\/\/i0.wp.com\/www.grieta.org.mx\/wp-content\/uploads\/2022\/01\/PlayaPeriodistas-e1643308857279.png?resize=525%2C300 1.5x, https:\/\/i0.wp.com\/www.grieta.org.mx\/wp-content\/uploads\/2022\/01\/PlayaPeriodistas-e1643308857279.png?resize=700%2C400 2x"},"classes":[]},{"id":8918,"url":"http:\/\/www.grieta.org.mx\/index.php\/2015\/08\/03\/repudian-periodistas-michoacanos-el-asesinato-de-ruben-espinosa\/","url_meta":{"origin":63254,"position":5},"title":"Repudian periodistas michoacanos el asesinato de Rub\u00e9n Espinosa","author":"Admin","date":"3 agosto, 2015","format":false,"excerpt":"Tanto reporteros gr\u00e1ficos, as\u00ed como escritos exigieron adem\u00e1s un alto definitivo a las agresiones y asesinatos contra periodistas Por Carlos Arrieta Corresponsal Michoac\u00e1n.- De espaldas hacia la clase pol\u00edtica en los eventos convocados para este lunes y con pancartas, fue la manera en la que levantaron la voz los periodistas\u2026","rel":"","context":"En &quot;CINTILLO&quot;","block_context":{"text":"CINTILLO","link":"http:\/\/www.grieta.org.mx\/index.php\/category\/cintillo\/"},"img":{"alt_text":"","src":"https:\/\/i0.wp.com\/www.grieta.org.mx\/wp-content\/uploads\/2018\/03\/14524434_1106112876131411_958039263622046936_o.jpg?resize=350%2C200","width":350,"height":200,"srcset":"https:\/\/i0.wp.com\/www.grieta.org.mx\/wp-content\/uploads\/2018\/03\/14524434_1106112876131411_958039263622046936_o.jpg?resize=350%2C200 1x, https:\/\/i0.wp.com\/www.grieta.org.mx\/wp-content\/uploads\/2018\/03\/14524434_1106112876131411_958039263622046936_o.jpg?resize=525%2C300 1.5x, https:\/\/i0.wp.com\/www.grieta.org.mx\/wp-content\/uploads\/2018\/03\/14524434_1106112876131411_958039263622046936_o.jpg?resize=700%2C400 2x"},"classes":[]}],"_links":{"self":[{"href":"http:\/\/www.grieta.org.mx\/index.php\/wp-json\/wp\/v2\/posts\/63254","targetHints":{"allow":["GET"]}}],"collection":[{"href":"http:\/\/www.grieta.org.mx\/index.php\/wp-json\/wp\/v2\/posts"}],"about":[{"href":"http:\/\/www.grieta.org.mx\/index.php\/wp-json\/wp\/v2\/types\/post"}],"author":[{"embeddable":true,"href":"http:\/\/www.grieta.org.mx\/index.php\/wp-json\/wp\/v2\/users\/2"}],"replies":[{"embeddable":true,"href":"http:\/\/www.grieta.org.mx\/index.php\/wp-json\/wp\/v2\/comments?post=63254"}],"version-history":[{"count":1,"href":"http:\/\/www.grieta.org.mx\/index.php\/wp-json\/wp\/v2\/posts\/63254\/revisions"}],"predecessor-version":[{"id":63261,"href":"http:\/\/www.grieta.org.mx\/index.php\/wp-json\/wp\/v2\/posts\/63254\/revisions\/63261"}],"wp:featuredmedia":[{"embeddable":true,"href":"http:\/\/www.grieta.org.mx\/index.php\/wp-json\/wp\/v2\/media\/63260"}],"wp:attachment":[{"href":"http:\/\/www.grieta.org.mx\/index.php\/wp-json\/wp\/v2\/media?parent=63254"}],"wp:term":[{"taxonomy":"category","embeddable":true,"href":"http:\/\/www.grieta.org.mx\/index.php\/wp-json\/wp\/v2\/categories?post=63254"},{"taxonomy":"post_tag","embeddable":true,"href":"http:\/\/www.grieta.org.mx\/index.php\/wp-json\/wp\/v2\/tags?post=63254"}],"curies":[{"name":"wp","href":"https:\/\/api.w.org\/{rel}","templated":true}]}}