{"id":63245,"date":"2022-01-26T10:22:40","date_gmt":"2022-01-26T16:22:40","guid":{"rendered":"http:\/\/www.grieta.org.mx\/?p=63245"},"modified":"2022-01-31T10:29:26","modified_gmt":"2022-01-31T16:29:26","slug":"damnificados-por-derrumbe-de-cerro-en-morelos-debido-a-mineria-llevan-4-meses-sin-ser-reubicados","status":"publish","type":"post","link":"http:\/\/www.grieta.org.mx\/index.php\/2022\/01\/26\/damnificados-por-derrumbe-de-cerro-en-morelos-debido-a-mineria-llevan-4-meses-sin-ser-reubicados\/","title":{"rendered":"Damnificados por derrumbe de cerro en Morelos debido a miner\u00eda llevan 4 meses sin ser reubicados"},"content":{"rendered":"<p>Carlos de la Fuente \/ El Gr\u00e1fico<\/p>\n<p>Se han cumplido ya cuatro meses desde que al menos 50 familias fueron evacuadas del cerro de la colonia Vista Hermosa, debido a que la inestabilidad del terreno provoc\u00f3 grietas que terminaron desgajando la zona y destruyendo casas.<\/p>\n<p>Desde ese d\u00eda, la ayudant\u00eda municipal de esa colonia se habilit\u00f3 como albergue, por lo que algunas de <a href=\"https:\/\/www.elgrafico.mx\/al-dia\" target=\"_blank\" rel=\"noopener\">los damnificados<\/a> llegaron a vivir a ese punto, otros m\u00e1s se fueron con familiares y muy pocos tuvieron la posibilidad de pagar una renta.<\/p>\n<p>Pero a cuatro meses de los hechos, seg\u00fan los mismos damnificados, hasta este momento, <a href=\"https:\/\/www.eluniversal.com.mx\/\" target=\"_blank\" rel=\"noopener\">las autoridades<\/a> no les han dado una soluci\u00f3n a sus problemas, ya que aseguran que ni siquiera hay un lugar para reubicarlos.<\/p>\n<figure id=\"attachment_63246\" aria-describedby=\"caption-attachment-63246\" style=\"width: 800px\" class=\"wp-caption alignnone\"><img loading=\"lazy\" decoding=\"async\" data-attachment-id=\"63246\" data-permalink=\"http:\/\/www.grieta.org.mx\/index.php\/2022\/01\/26\/damnificados-por-derrumbe-de-cerro-en-morelos-debido-a-mineria-llevan-4-meses-sin-ser-reubicados\/1_28\/\" data-orig-file=\"http:\/\/www.grieta.org.mx\/wp-content\/uploads\/2022\/01\/1_28.jpg\" data-orig-size=\"800,597\" data-comments-opened=\"0\" data-image-meta=\"{&quot;aperture&quot;:&quot;0&quot;,&quot;credit&quot;:&quot;&quot;,&quot;camera&quot;:&quot;&quot;,&quot;caption&quot;:&quot;&quot;,&quot;created_timestamp&quot;:&quot;0&quot;,&quot;copyright&quot;:&quot;&quot;,&quot;focal_length&quot;:&quot;0&quot;,&quot;iso&quot;:&quot;0&quot;,&quot;shutter_speed&quot;:&quot;0&quot;,&quot;title&quot;:&quot;&quot;,&quot;orientation&quot;:&quot;0&quot;}\" data-image-title=\"1_28\" data-image-description=\"\" data-image-caption=\"&lt;p&gt;Foto: Carlos de la Fuente, El Gr\u00e1fico&lt;\/p&gt;\n\" data-medium-file=\"http:\/\/www.grieta.org.mx\/wp-content\/uploads\/2022\/01\/1_28-300x224.jpg\" data-large-file=\"http:\/\/www.grieta.org.mx\/wp-content\/uploads\/2022\/01\/1_28.jpg\" class=\"wp-image-63246 size-full\" src=\"http:\/\/www.grieta.org.mx\/wp-content\/uploads\/2022\/01\/1_28.jpg\" alt=\"\" width=\"800\" height=\"597\" srcset=\"http:\/\/www.grieta.org.mx\/wp-content\/uploads\/2022\/01\/1_28.jpg 800w, http:\/\/www.grieta.org.mx\/wp-content\/uploads\/2022\/01\/1_28-300x224.jpg 300w, http:\/\/www.grieta.org.mx\/wp-content\/uploads\/2022\/01\/1_28-768x573.jpg 768w\" sizes=\"auto, (max-width: 800px) 100vw, 800px\" \/><figcaption id=\"caption-attachment-63246\" class=\"wp-caption-text\">Foto: Carlos de la Fuente, El Gr\u00e1fico<\/figcaption><\/figure>\n<p>\u201cNada m\u00e1s hay rumores de la reubicaci\u00f3n, pero no hay nada en concreto, nos dicen que puede ser en Alpuyeca o en Yautepec, pero s\u00f3lo son rumores porque no hay nada real\u201d, asegur\u00f3 M\u00f3nica Romero Garc\u00eda, representante de los damnificados.<\/p>\n<p>Ante tal incertidumbre, muchas de las personas que fueron evacuadas, pero que sus casas no han sido alcanzadas por la grieta, han decidido volver a sus viviendas, pese al riesgo que esto conlleva.<\/p>\n<figure id=\"attachment_63247\" aria-describedby=\"caption-attachment-63247\" style=\"width: 800px\" class=\"wp-caption alignnone\"><img loading=\"lazy\" decoding=\"async\" data-attachment-id=\"63247\" data-permalink=\"http:\/\/www.grieta.org.mx\/index.php\/2022\/01\/26\/damnificados-por-derrumbe-de-cerro-en-morelos-debido-a-mineria-llevan-4-meses-sin-ser-reubicados\/attachment\/53\/\" data-orig-file=\"http:\/\/www.grieta.org.mx\/wp-content\/uploads\/2022\/01\/53.jpg\" data-orig-size=\"800,599\" data-comments-opened=\"0\" data-image-meta=\"{&quot;aperture&quot;:&quot;0&quot;,&quot;credit&quot;:&quot;&quot;,&quot;camera&quot;:&quot;&quot;,&quot;caption&quot;:&quot;&quot;,&quot;created_timestamp&quot;:&quot;0&quot;,&quot;copyright&quot;:&quot;&quot;,&quot;focal_length&quot;:&quot;0&quot;,&quot;iso&quot;:&quot;0&quot;,&quot;shutter_speed&quot;:&quot;0&quot;,&quot;title&quot;:&quot;&quot;,&quot;orientation&quot;:&quot;0&quot;}\" data-image-title=\"53\" data-image-description=\"\" data-image-caption=\"&lt;p&gt;Foto: Francisco Quiroz, El Gr\u00e1fico&lt;\/p&gt;\n\" data-medium-file=\"http:\/\/www.grieta.org.mx\/wp-content\/uploads\/2022\/01\/53-300x225.jpg\" data-large-file=\"http:\/\/www.grieta.org.mx\/wp-content\/uploads\/2022\/01\/53.jpg\" class=\"wp-image-63247 size-full\" src=\"http:\/\/www.grieta.org.mx\/wp-content\/uploads\/2022\/01\/53.jpg\" alt=\"\" width=\"800\" height=\"599\" srcset=\"http:\/\/www.grieta.org.mx\/wp-content\/uploads\/2022\/01\/53.jpg 800w, http:\/\/www.grieta.org.mx\/wp-content\/uploads\/2022\/01\/53-300x225.jpg 300w, http:\/\/www.grieta.org.mx\/wp-content\/uploads\/2022\/01\/53-768x575.jpg 768w\" sizes=\"auto, (max-width: 800px) 100vw, 800px\" \/><figcaption id=\"caption-attachment-63247\" class=\"wp-caption-text\">Foto: Francisco Quiroz, El Gr\u00e1fico<\/figcaption><\/figure>\n<figure id=\"attachment_63248\" aria-describedby=\"caption-attachment-63248\" style=\"width: 800px\" class=\"wp-caption alignnone\"><img loading=\"lazy\" decoding=\"async\" data-attachment-id=\"63248\" data-permalink=\"http:\/\/www.grieta.org.mx\/index.php\/2022\/01\/26\/damnificados-por-derrumbe-de-cerro-en-morelos-debido-a-mineria-llevan-4-meses-sin-ser-reubicados\/attachment\/50\/\" data-orig-file=\"http:\/\/www.grieta.org.mx\/wp-content\/uploads\/2022\/01\/50.jpg\" data-orig-size=\"800,529\" data-comments-opened=\"0\" data-image-meta=\"{&quot;aperture&quot;:&quot;0&quot;,&quot;credit&quot;:&quot;&quot;,&quot;camera&quot;:&quot;&quot;,&quot;caption&quot;:&quot;&quot;,&quot;created_timestamp&quot;:&quot;0&quot;,&quot;copyright&quot;:&quot;&quot;,&quot;focal_length&quot;:&quot;0&quot;,&quot;iso&quot;:&quot;0&quot;,&quot;shutter_speed&quot;:&quot;0&quot;,&quot;title&quot;:&quot;&quot;,&quot;orientation&quot;:&quot;0&quot;}\" data-image-title=\"50\" data-image-description=\"\" data-image-caption=\"&lt;p&gt;Foto: Francisco Quiroz, El Gr\u00e1fico&lt;\/p&gt;\n\" data-medium-file=\"http:\/\/www.grieta.org.mx\/wp-content\/uploads\/2022\/01\/50-300x198.jpg\" data-large-file=\"http:\/\/www.grieta.org.mx\/wp-content\/uploads\/2022\/01\/50.jpg\" class=\"wp-image-63248 size-full\" src=\"http:\/\/www.grieta.org.mx\/wp-content\/uploads\/2022\/01\/50.jpg\" alt=\"\" width=\"800\" height=\"529\" srcset=\"http:\/\/www.grieta.org.mx\/wp-content\/uploads\/2022\/01\/50.jpg 800w, http:\/\/www.grieta.org.mx\/wp-content\/uploads\/2022\/01\/50-300x198.jpg 300w, http:\/\/www.grieta.org.mx\/wp-content\/uploads\/2022\/01\/50-768x508.jpg 768w\" sizes=\"auto, (max-width: 800px) 100vw, 800px\" \/><figcaption id=\"caption-attachment-63248\" class=\"wp-caption-text\">Foto: Francisco Quiroz, El Gr\u00e1fico<\/figcaption><\/figure>\n<p>\u201cPor lo menos cinco familias ya regresaron, sin embargo, les da pena que se sepa que ya est\u00e1n de nuevo ah\u00ed, pero no pueden seguir viviendo en el albergue y no tienen la posibilidad para la renta de una casa\u201d, coment\u00f3.<\/p>\n<p>Otra problem\u00e1tica que aseguran las autoridades no han dado seguimiento, es la actividad de la empresa minera, la cual se\u00f1alan sigue realizando las detonaciones y trabajos, por lo que las grietas han ido en aumento.<\/p>\n<p>Finalmente, pidieron a las autoridades estatales y municipales dar seguimiento a sus casos, ya que desde el 28 de septiembre, pr\u00e1cticamente, perdieron su patrimonio de toda la vida.<\/p>\n<p><a href=\"https:\/\/www.elgrafico.mx\/al-dia\/morelos-jiutepec-cerro-vista-hermosa-damnificados-reubicacion\" target=\"_blank\" rel=\"noopener\">https:\/\/www.elgrafico.mx\/al-dia\/morelos-jiutepec-cerro-vista-hermosa-damnificados-reubicacion<\/a><\/p>\n","protected":false},"excerpt":{"rendered":"<p>Carlos de la Fuente \/ El Gr\u00e1fico Se han cumplido ya cuatro meses desde que al menos 50 familias fueron evacuadas del cerro de la colonia Vista Hermosa, debido a &hellip; <a href=\"http:\/\/www.grieta.org.mx\/index.php\/2022\/01\/26\/damnificados-por-derrumbe-de-cerro-en-morelos-debido-a-mineria-llevan-4-meses-sin-ser-reubicados\/\" class=\"more-link\">Leer m\u00e1s<\/a><\/p>\n","protected":false},"author":2,"featured_media":63249,"comment_status":"closed","ping_status":"closed","sticky":false,"template":"","format":"standard","meta":{"ngg_post_thumbnail":0,"_jetpack_newsletter_access":"","_jetpack_dont_email_post_to_subs":false,"_jetpack_newsletter_tier_id":0,"_jetpack_memberships_contains_paywalled_content":false,"_jetpack_memberships_contains_paid_content":false,"footnotes":""},"categories":[80,1764,22,2,3067],"tags":[2216,2846,109],"class_list":["post-63245","post","type-post","status-publish","format-standard","has-post-thumbnail","hentry","category-cintillo","category-conflictos-sociales-y-ambientales-por-mineria-en-morelos","category-morelos","category-noticias-nacionales","category-rechazo-a-mineria-en-morelos","tag-conflictos-por-mineria","tag-lucha-contra-la-mineria","tag-mineria","entry"],"jetpack_featured_media_url":"http:\/\/www.grieta.org.mx\/wp-content\/uploads\/2022\/01\/Screenshot-2022-01-31-at-10-26-49-Damnificados-por-derrumbe-de-cerro-en-Morelos-llevan-4-meses-sin-ser-reubicados-El-Grafic....png","jetpack_sharing_enabled":true,"jetpack_shortlink":"https:\/\/wp.me\/p7ZJR4-gs5","jetpack_likes_enabled":false,"jetpack-related-posts":[{"id":63102,"url":"http:\/\/www.grieta.org.mx\/index.php\/2022\/01\/11\/comunidades-rechazan-mina-a-cielo-abierto-en-xochicalco-morelos\/","url_meta":{"origin":63245,"position":0},"title":"Comunidades rechazan mina a cielo abierto en Xochicalco, Morelos","author":"grieta","date":"11 enero, 2022","format":false,"excerpt":"Redacci\u00f3n \/ La Coperacha Cierran carretera y exigen a alcaldesa morenista de Temixco, declarar Territorio Libre de Miner\u00eda. Habitantes de 16 comunidades ind\u00edgenas y colonias de los municipios de Temixco, Xochitepec, Miacatl\u00e1n y Coatetelco, en Morelos, bloquearon la carretera federal Iguala-Cuernavaca en rechazo del proyecto de la minera canadiense \u00c1lamos\u2026","rel":"","context":"En &quot;CINTILLO&quot;","block_context":{"text":"CINTILLO","link":"http:\/\/www.grieta.org.mx\/index.php\/category\/cintillo\/"},"img":{"alt_text":"","src":"https:\/\/i0.wp.com\/www.grieta.org.mx\/wp-content\/uploads\/2022\/01\/No-a-la-mina-Morelos.jpg?resize=350%2C200","width":350,"height":200,"srcset":"https:\/\/i0.wp.com\/www.grieta.org.mx\/wp-content\/uploads\/2022\/01\/No-a-la-mina-Morelos.jpg?resize=350%2C200 1x, https:\/\/i0.wp.com\/www.grieta.org.mx\/wp-content\/uploads\/2022\/01\/No-a-la-mina-Morelos.jpg?resize=525%2C300 1.5x, https:\/\/i0.wp.com\/www.grieta.org.mx\/wp-content\/uploads\/2022\/01\/No-a-la-mina-Morelos.jpg?resize=700%2C400 2x, https:\/\/i0.wp.com\/www.grieta.org.mx\/wp-content\/uploads\/2022\/01\/No-a-la-mina-Morelos.jpg?resize=1050%2C600 3x"},"classes":[]},{"id":63099,"url":"http:\/\/www.grieta.org.mx\/index.php\/2022\/01\/13\/declarar-temixco-como-territorio-libre-de-mineria-exigen-16-comunidades-indigenas-de-morelos\/","url_meta":{"origin":63245,"position":1},"title":"Declarar Temixco como Territorio Libre de Miner\u00eda, exigen 16 comunidades ind\u00edgenas de Morelos","author":"grieta","date":"13 enero, 2022","format":false,"excerpt":"Redacci\u00f3n \/ Educa Oaxaca La Unificaci\u00f3n de Pueblos y Colonias en contra de la Miner\u00eda de Morelos solicitaron por escrito a la presidenta municipal de Temixco, Juana Ocampo, que \u201creconozca y garantice el derecho de los pueblos y las comunidades ind\u00edgenas a la libre determinaci\u00f3n para preservar y enriquecer el\u2026","rel":"","context":"En &quot;CINTILLO&quot;","block_context":{"text":"CINTILLO","link":"http:\/\/www.grieta.org.mx\/index.php\/category\/cintillo\/"},"img":{"alt_text":"","src":"https:\/\/i0.wp.com\/www.grieta.org.mx\/wp-content\/uploads\/2022\/01\/photo_2022-01-10_19-52-06-800x720-1-768x691-1.jpg?resize=350%2C200","width":350,"height":200,"srcset":"https:\/\/i0.wp.com\/www.grieta.org.mx\/wp-content\/uploads\/2022\/01\/photo_2022-01-10_19-52-06-800x720-1-768x691-1.jpg?resize=350%2C200 1x, https:\/\/i0.wp.com\/www.grieta.org.mx\/wp-content\/uploads\/2022\/01\/photo_2022-01-10_19-52-06-800x720-1-768x691-1.jpg?resize=525%2C300 1.5x, https:\/\/i0.wp.com\/www.grieta.org.mx\/wp-content\/uploads\/2022\/01\/photo_2022-01-10_19-52-06-800x720-1-768x691-1.jpg?resize=700%2C400 2x"},"classes":[]},{"id":63137,"url":"http:\/\/www.grieta.org.mx\/index.php\/2022\/01\/19\/defensores-de-la-tierra-contra-mineria-en-morelos-denuncian-intento-de-eliminar-comunidades-por-explotacion\/","url_meta":{"origin":63245,"position":2},"title":"Defensores de la tierra contra miner\u00eda en Morelos denuncian intento de eliminar comunidades por explotaci\u00f3n","author":"grieta","date":"19 enero, 2022","format":false,"excerpt":"Ignacio Garc\u00eda \/ Los \u00c1ngeles Press \u00a0 Alejandra Domingo y Javier Hern\u00e1ndez, defensores de la tierra contra la miner\u00eda en Morelos, denunciaron que las principales empresas mineras que pretenden operar en diferentes regiones de la entidad eliminar\u00e1n diferentes comunidades con la explotaci\u00f3n de los recursos naturales. Desde 2013 hay una\u2026","rel":"","context":"En &quot;CINTILLO&quot;","block_context":{"text":"CINTILLO","link":"http:\/\/www.grieta.org.mx\/index.php\/category\/cintillo\/"},"img":{"alt_text":"","src":"https:\/\/i0.wp.com\/www.grieta.org.mx\/wp-content\/uploads\/2022\/01\/tetlama.jpg?resize=350%2C200","width":350,"height":200},"classes":[]},{"id":69212,"url":"http:\/\/www.grieta.org.mx\/index.php\/2024\/06\/15\/celebraran-el-decreto-vs-mineria-con-evento-morelos\/","url_meta":{"origin":63245,"position":3},"title":"Celebrar\u00e1n el Decreto vs miner\u00eda con evento (Morelos)","author":"grieta","date":"15 junio, 2024","format":false,"excerpt":"Salvador Rosas \/ Diario de Morelos A dos a\u00f1os de que se firm\u00f3 el \u201cDecreto de los pueblos nahuas de Morelos contra la miner\u00eda\u201d, la comunidad de Cuentepec, Temixco, realizar\u00e1 una serie de actividades pol\u00edticas-culturales para reafirmar su rechazo a los megaproyectos y a la miner\u00eda de tajo abierto en\u2026","rel":"","context":"En &quot;CINTILLO&quot;","block_context":{"text":"CINTILLO","link":"http:\/\/www.grieta.org.mx\/index.php\/category\/cintillo\/"},"img":{"alt_text":"","src":"https:\/\/i0.wp.com\/www.grieta.org.mx\/wp-content\/uploads\/2024\/06\/Screenshot-2024-06-25-at-13-06-15-Celebraran-el-Decreto-vs-mineria-con-evento.png?resize=350%2C200","width":350,"height":200,"srcset":"https:\/\/i0.wp.com\/www.grieta.org.mx\/wp-content\/uploads\/2024\/06\/Screenshot-2024-06-25-at-13-06-15-Celebraran-el-Decreto-vs-mineria-con-evento.png?resize=350%2C200 1x, https:\/\/i0.wp.com\/www.grieta.org.mx\/wp-content\/uploads\/2024\/06\/Screenshot-2024-06-25-at-13-06-15-Celebraran-el-Decreto-vs-mineria-con-evento.png?resize=525%2C300 1.5x, https:\/\/i0.wp.com\/www.grieta.org.mx\/wp-content\/uploads\/2024\/06\/Screenshot-2024-06-25-at-13-06-15-Celebraran-el-Decreto-vs-mineria-con-evento.png?resize=700%2C400 2x, https:\/\/i0.wp.com\/www.grieta.org.mx\/wp-content\/uploads\/2024\/06\/Screenshot-2024-06-25-at-13-06-15-Celebraran-el-Decreto-vs-mineria-con-evento.png?resize=1050%2C600 3x"},"classes":[]},{"id":63634,"url":"http:\/\/www.grieta.org.mx\/index.php\/2021\/07\/22\/movimiento-morelense-pide-a-autoridades-electas-cancelen-la-mineria-toxica-en-tetlama\/","url_meta":{"origin":63245,"position":4},"title":"Movimiento Morelense pide a autoridades electas cancelen la Miner\u00eda t\u00f3xica en Tetlama","author":"grieta","date":"22 julio, 2021","format":false,"excerpt":"Redacci\u00f3n \/ La Cr\u00f3nica Morelos Integrantes del Movimiento Morelense en Contra de la Miner\u00eda T\u00f3xica hicieron un llamado a las autoridades electas que intervengan y frenen la operaci\u00f3n de la mina a cielo abierto en Tetlama de la empresa Esperanza Silver porque el da\u00f1o al medio ambiente ser\u00e1 irreversible. En\u2026","rel":"","context":"En &quot;CINTILLO&quot;","block_context":{"text":"CINTILLO","link":"http:\/\/www.grieta.org.mx\/index.php\/category\/cintillo\/"},"img":{"alt_text":"","src":"https:\/\/i0.wp.com\/www.grieta.org.mx\/wp-content\/uploads\/2022\/03\/La-Cronica-de-Morelos-movimiento-morelense-pide-a-autoridades-electas-cancelen-la-mineria-toxica-en-tetlama-1024x640-1.jpg?resize=350%2C200","width":350,"height":200,"srcset":"https:\/\/i0.wp.com\/www.grieta.org.mx\/wp-content\/uploads\/2022\/03\/La-Cronica-de-Morelos-movimiento-morelense-pide-a-autoridades-electas-cancelen-la-mineria-toxica-en-tetlama-1024x640-1.jpg?resize=350%2C200 1x, https:\/\/i0.wp.com\/www.grieta.org.mx\/wp-content\/uploads\/2022\/03\/La-Cronica-de-Morelos-movimiento-morelense-pide-a-autoridades-electas-cancelen-la-mineria-toxica-en-tetlama-1024x640-1.jpg?resize=525%2C300 1.5x, https:\/\/i0.wp.com\/www.grieta.org.mx\/wp-content\/uploads\/2022\/03\/La-Cronica-de-Morelos-movimiento-morelense-pide-a-autoridades-electas-cancelen-la-mineria-toxica-en-tetlama-1024x640-1.jpg?resize=700%2C400 2x"},"classes":[]},{"id":63251,"url":"http:\/\/www.grieta.org.mx\/index.php\/2021\/09\/30\/detonaciones-de-mina-provocan-derrumbe-de-cerro-en-jiutepec-y-40-familias-se-quedan-sin-casa\/","url_meta":{"origin":63245,"position":5},"title":"Detonaciones de mina provocan derrumbe de cerro en Jiutepec y 40 familias se quedan sin casa","author":"grieta","date":"30 septiembre, 2021","format":false,"excerpt":"Isabel Vega \/ La izquierda diario Los pobladores de la colonia Vista Hermosa en el municipio Jiutepec Morelos, reportaron desde el 19 de septiembre la formaci\u00f3n de tres grietas, mismas que fueron provocadas por las detonaciones de dinamita de la empresa Triturados no Met\u00e1licos Jiutepec. Adem\u00e1s las y los pobladores\u2026","rel":"","context":"En &quot;CINTILLO&quot;","block_context":{"text":"CINTILLO","link":"http:\/\/www.grieta.org.mx\/index.php\/category\/cintillo\/"},"img":{"alt_text":"","src":"https:\/\/i0.wp.com\/www.grieta.org.mx\/wp-content\/uploads\/2022\/01\/Screenshot-2022-01-31-at-10-37-04-Detonaciones-de-mina-provocan-derrumbe-de-cerro-en-Jiutepec-y-40-familias-se-quedan-sin-c....png?resize=350%2C200","width":350,"height":200,"srcset":"https:\/\/i0.wp.com\/www.grieta.org.mx\/wp-content\/uploads\/2022\/01\/Screenshot-2022-01-31-at-10-37-04-Detonaciones-de-mina-provocan-derrumbe-de-cerro-en-Jiutepec-y-40-familias-se-quedan-sin-c....png?resize=350%2C200 1x, https:\/\/i0.wp.com\/www.grieta.org.mx\/wp-content\/uploads\/2022\/01\/Screenshot-2022-01-31-at-10-37-04-Detonaciones-de-mina-provocan-derrumbe-de-cerro-en-Jiutepec-y-40-familias-se-quedan-sin-c....png?resize=525%2C300 1.5x, https:\/\/i0.wp.com\/www.grieta.org.mx\/wp-content\/uploads\/2022\/01\/Screenshot-2022-01-31-at-10-37-04-Detonaciones-de-mina-provocan-derrumbe-de-cerro-en-Jiutepec-y-40-familias-se-quedan-sin-c....png?resize=700%2C400 2x"},"classes":[]}],"_links":{"self":[{"href":"http:\/\/www.grieta.org.mx\/index.php\/wp-json\/wp\/v2\/posts\/63245","targetHints":{"allow":["GET"]}}],"collection":[{"href":"http:\/\/www.grieta.org.mx\/index.php\/wp-json\/wp\/v2\/posts"}],"about":[{"href":"http:\/\/www.grieta.org.mx\/index.php\/wp-json\/wp\/v2\/types\/post"}],"author":[{"embeddable":true,"href":"http:\/\/www.grieta.org.mx\/index.php\/wp-json\/wp\/v2\/users\/2"}],"replies":[{"embeddable":true,"href":"http:\/\/www.grieta.org.mx\/index.php\/wp-json\/wp\/v2\/comments?post=63245"}],"version-history":[{"count":1,"href":"http:\/\/www.grieta.org.mx\/index.php\/wp-json\/wp\/v2\/posts\/63245\/revisions"}],"predecessor-version":[{"id":63250,"href":"http:\/\/www.grieta.org.mx\/index.php\/wp-json\/wp\/v2\/posts\/63245\/revisions\/63250"}],"wp:featuredmedia":[{"embeddable":true,"href":"http:\/\/www.grieta.org.mx\/index.php\/wp-json\/wp\/v2\/media\/63249"}],"wp:attachment":[{"href":"http:\/\/www.grieta.org.mx\/index.php\/wp-json\/wp\/v2\/media?parent=63245"}],"wp:term":[{"taxonomy":"category","embeddable":true,"href":"http:\/\/www.grieta.org.mx\/index.php\/wp-json\/wp\/v2\/categories?post=63245"},{"taxonomy":"post_tag","embeddable":true,"href":"http:\/\/www.grieta.org.mx\/index.php\/wp-json\/wp\/v2\/tags?post=63245"}],"curies":[{"name":"wp","href":"https:\/\/api.w.org\/{rel}","templated":true}]}}