{"id":63242,"date":"2022-01-28T22:42:36","date_gmt":"2022-01-29T04:42:36","guid":{"rendered":"https:\/\/www.grieta.org.mx\/?p=63242"},"modified":"2022-01-30T22:46:19","modified_gmt":"2022-01-31T04:46:19","slug":"en-culiacan-exigen-justicia-para-periodistas-asesinados","status":"publish","type":"post","link":"http:\/\/www.grieta.org.mx\/index.php\/2022\/01\/28\/en-culiacan-exigen-justicia-para-periodistas-asesinados\/","title":{"rendered":"En Culiac\u00e1n, exigen justicia para periodistas asesinados"},"content":{"rendered":"<p>Rio Doce\/<span class=\"elementor-icon-list-text elementor-post-info__item elementor-post-info__item--type-author\">\u00a0Alejandro Monjard\u00edn<\/span><\/p>\n<p>Periodistas de Culiac\u00e1n se manifestaron para exigir justicia por los periodistas asesinados en el pa\u00eds, acabar con la impunidad y garantizar la seguridad de los comunicadores.<\/p>\n<p>Los comunicadores se plantaron en Catedral y en las letras panor\u00e1micas de Culiac\u00e1n pegaron pancartas con la exigencia de justicia y los rostros de los periodistas asesinados.<\/p>\n<p>En las im\u00e1genes aparecen los rostros de Jos\u00e9 Luis Gamboa, asesinado el 10 de enero, en Veracruz; Margarito Mart\u00ednez Esquivel, 17 de enero en Tijuana; y Lourdes Maldonado el 23 de enero tambi\u00e9n en Tijuana.<\/p>\n<p>En las im\u00e1genes tambi\u00e9n estaban los rostros de los periodistas asesinados en Sinaloa, entre ellos Javier Valdez, \u00d3scar Rivera y Humberto Mill\u00e1n.<\/p>\n<figure class=\"wp-block-video\">\n<figure class=\"wp-block-video\">\u00c1ngeles Moreno, presidenta a la Asociaci\u00f3n de Periodistas 7 se Junio, dijo que M\u00e9xico es considerado como uno de los pa\u00edses m\u00e1s peligrosos para ejercer el periodismo de acuerdo a la ONU y diversas organizaciones internacionales especializadas en analizar la situaci\u00f3n de la prensa a nivel mundial como Reporteros Sin Fronteras, el Comit\u00e9 de Protecci\u00f3n a Periodistas, Articulo 19, entre otras.<\/figure>\n<\/figure>\n<p>Se\u00f1al\u00f3 que tan s\u00f3lo en lo que va del sexenio de Andr\u00e9s Manuel L\u00f3pez Obrador seg\u00fan ha documentado Articulo 19, han sido asesinados 28 comunicadores y en solo 23 d\u00edas de que inicio este 2022, suman tres periodistas asesinados.<br \/>\nArt\u00edculo 19 ha documentado del a\u00f1o 2000 a la fecha 148 asesinatos de periodistas en relaci\u00f3n con su labor informativa. Del total, 136 hombres y 12 mujeres<\/p>\n<p>\u201cVemos con rabia e indignaci\u00f3n que los cr\u00edmenes contra periodistas en el pa\u00eds siguen en la impunidad, matar a un periodista en M\u00e9xico, es como matar a nadie lejos de que haya investigaciones serias por parte de las Fiscal\u00edas en los estados y la federal para que sepamos por qu\u00e9 matan a periodistas en este pa\u00eds y haya justicia, la cifra va en aumento\u201d, se\u00f1al\u00f3.<\/p>\n<p>El activista \u00d3scar Loza Ochoa mencion\u00f3 que en M\u00e9xico no hay condiciones para desarrollar la labor informativa en el d\u00eda a d\u00eda por las p\u00e9simas condiciones laborales y la explotaci\u00f3n que son objeto los periodistas y tampoco tienen condiciones de seguridad que les permitan no morir en el intento cuando se trata de informar a la poblaci\u00f3n.<\/p>\n<p>Manifest\u00f3 que hay una responsabilidad pol\u00edtica, empresarial y judicial que no ha sido asumida.<\/p>\n<p>La seguridad de las y los periodistas tambi\u00e9n es responsabilidad del Estado y debe garantizar todas las condiciones para ejercer la labor sin que la vida corra peligro.<\/p>\n<p>Al terminar, los asistentes colocaron una ofrenda en el busco de Javier Valdez C\u00e1rdenas, cofundador del semanario R\u00edodoce y corresponsal de La Jornada, quien fue asesinado a balazos a unas cuadras de las oficinas del semanario en mayo de 2017.<\/p>\n<figure class=\"wp-block-image size-full\"><img loading=\"lazy\" decoding=\"async\" class=\"wp-image-350776\" src=\"https:\/\/riodoce.mx\/wp-content\/uploads\/2022\/01\/IMG-20220125-WA0107.jpg\" alt=\"\" width=\"720\" height=\"1280\" \/><\/figure>\n<div class=\"wp-block-spacer\" aria-hidden=\"true\"><\/div>\n<p><strong>Mazatl\u00e1n se suma a movilizaci\u00f3n nacional<\/strong><\/p>\n<p>En Mazatl\u00e1n, el colectivo Periodistas por la Paz y Libertad de Expresi\u00f3n tambi\u00e9n se sum\u00f3 a la convocatoria nacional.<\/p>\n<figure class=\"wp-block-image size-full\"><img loading=\"lazy\" decoding=\"async\" class=\"wp-image-350818\" src=\"https:\/\/riodoce.mx\/wp-content\/uploads\/2022\/01\/FB_IMG_1643181316467.jpg\" alt=\"\" width=\"720\" height=\"480\" \/><\/figure>\n<p>\u201cPeriodistas de Mazatl\u00e1n se sumaron esta tarde al movimiento nacional realizado en 47 ciudades de M\u00e9xico para protestar por el asesinato de periodistas, exigir justicia, alto a la impunidad y garant\u00edas al libre ejercicio period\u00edstico. A la manifestaci\u00f3n tambi\u00e9n acudieron de forma libre personas que se solidarizaron con el gremio period\u00edstico del pa\u00eds\u201d, comparti\u00f3 el grupo de periodistas en sus redes sociales.<\/p>\n<figure class=\"wp-block-image size-full\"><img loading=\"lazy\" decoding=\"async\" class=\"wp-image-350819\" src=\"https:\/\/riodoce.mx\/wp-content\/uploads\/2022\/01\/FB_IMG_1643181300385.jpg\" alt=\"\" width=\"720\" height=\"480\" \/><\/figure>\n<figure class=\"wp-block-image size-full\"><img loading=\"lazy\" decoding=\"async\" class=\"wp-image-350820\" src=\"https:\/\/riodoce.mx\/wp-content\/uploads\/2022\/01\/FB_IMG_1643181308942.jpg\" alt=\"\" width=\"720\" height=\"480\" \/><\/figure>\n<p>&nbsp;<\/p>\n<blockquote class=\"wp-embedded-content\" data-secret=\"crqaqLOYV8\"><p><a href=\"https:\/\/riodoce.mx\/2022\/01\/25\/en-culiacan-exigen-justicia-para-periodistas-asesinados\/\">En Culiac\u00e1n, exigen justicia para periodistas asesinados<\/a><\/p><\/blockquote>\n<p><iframe loading=\"lazy\" class=\"wp-embedded-content\" sandbox=\"allow-scripts\" security=\"restricted\" style=\"position: absolute; clip: rect(1px, 1px, 1px, 1px);\" title=\"&#8220;En Culiac\u00e1n, exigen justicia para periodistas asesinados&#8221; &#8212; R\u00edodoce\" src=\"https:\/\/riodoce.mx\/2022\/01\/25\/en-culiacan-exigen-justicia-para-periodistas-asesinados\/embed\/#?secret=crqaqLOYV8\" data-secret=\"crqaqLOYV8\" width=\"600\" height=\"338\" frameborder=\"0\" marginwidth=\"0\" marginheight=\"0\" scrolling=\"no\"><\/iframe><\/p>\n<p>&nbsp;<\/p>\n","protected":false},"excerpt":{"rendered":"<p>Rio Doce\/\u00a0Alejandro Monjard\u00edn Periodistas de Culiac\u00e1n se manifestaron para exigir justicia por los periodistas asesinados en el pa\u00eds, acabar con la impunidad y garantizar la seguridad de los comunicadores. Los &hellip; <a href=\"http:\/\/www.grieta.org.mx\/index.php\/2022\/01\/28\/en-culiacan-exigen-justicia-para-periodistas-asesinados\/\" class=\"more-link\">Leer m\u00e1s<\/a><\/p>\n","protected":false},"author":2,"featured_media":63243,"comment_status":"closed","ping_status":"closed","sticky":false,"template":"","format":"standard","meta":{"ngg_post_thumbnail":0,"_jetpack_newsletter_access":"","_jetpack_dont_email_post_to_subs":false,"_jetpack_newsletter_tier_id":0,"_jetpack_memberships_contains_paywalled_content":false,"_jetpack_memberships_contains_paid_content":false,"footnotes":""},"categories":[2326,30,83],"tags":[2262,1180,2554],"class_list":["post-63242","post","type-post","status-publish","format-standard","has-post-thumbnail","hentry","category-protestas-de-periodistas-en-sinaloa","category-sinaloa","category-temas-nacionales","tag-agresiones-contra-periodistas","tag-asesinato-de-periodistas","tag-periodistas","entry"],"jetpack_featured_media_url":"http:\/\/www.grieta.org.mx\/wp-content\/uploads\/2022\/01\/IMG-20220125-WA0108-pjk5e1wtiip2zt73elvcp5igdfs3h0a1tnclwkgfwo.jpg","jetpack_sharing_enabled":true,"jetpack_shortlink":"https:\/\/wp.me\/p7ZJR4-gs2","jetpack_likes_enabled":false,"jetpack-related-posts":[{"id":63405,"url":"http:\/\/www.grieta.org.mx\/index.php\/2022\/02\/14\/periodistas-de-jalisco-exigen-justicia-por-sus-cinco-companeros-asesinados\/","url_meta":{"origin":63242,"position":0},"title":"Periodistas de Jalisco exigen justicia por sus cinco compa\u00f1eros asesinados","author":"grieta","date":"14 febrero, 2022","format":false,"excerpt":"Foto: Christian Cantero En el marco de la Segunda Acci\u00f3n Nacional #PeriodismoEnRiesgo, periodistas de Jalisco protestaron para exigir justicia por los cinco colegas asesinados en este a\u00f1o; adem\u00e1s hicieron un llamado para que desde los gobiernos se deje de atacar a las y los trabajadores de los medios, pues eso\u2026","rel":"","context":"En &quot;CINTILLO&quot;","block_context":{"text":"CINTILLO","link":"http:\/\/www.grieta.org.mx\/index.php\/category\/cintillo\/"},"img":{"alt_text":"","src":"https:\/\/i0.wp.com\/www.grieta.org.mx\/wp-content\/uploads\/2022\/02\/TODOSSOMOS-1068x1068-1.png?resize=350%2C200","width":350,"height":200,"srcset":"https:\/\/i0.wp.com\/www.grieta.org.mx\/wp-content\/uploads\/2022\/02\/TODOSSOMOS-1068x1068-1.png?resize=350%2C200 1x, https:\/\/i0.wp.com\/www.grieta.org.mx\/wp-content\/uploads\/2022\/02\/TODOSSOMOS-1068x1068-1.png?resize=525%2C300 1.5x, https:\/\/i0.wp.com\/www.grieta.org.mx\/wp-content\/uploads\/2022\/02\/TODOSSOMOS-1068x1068-1.png?resize=700%2C400 2x, https:\/\/i0.wp.com\/www.grieta.org.mx\/wp-content\/uploads\/2022\/02\/TODOSSOMOS-1068x1068-1.png?resize=1050%2C600 3x"},"classes":[]},{"id":23176,"url":"http:\/\/www.grieta.org.mx\/index.php\/2018\/05\/15\/periodistas-del-edomex-exigen-justicia-a-un-ano-de-la-muerte-de-javier-valdez\/","url_meta":{"origin":63242,"position":1},"title":"Periodistas del Edomex exigen justicia a un a\u00f1o de la muerte de Javier Valdez","author":"grieta","date":"15 mayo, 2018","format":false,"excerpt":"Emilio Fern\u00e1ndez Reporteros de la zona oriente del Valle de M\u00e9xico acudieron a Teotihuac\u00e1n para exigir justicia por la muerte del periodista de La Jornada y por los cr\u00edmenes a otros comunicadores en los \u00faltimos meses Al cumplirse un a\u00f1o del asesinato del periodista Javier Valdez, ocurrido en Culiac\u00e1n, Sinaloa,\u2026","rel":"","context":"En &quot;CINTILLO&quot;","block_context":{"text":"CINTILLO","link":"http:\/\/www.grieta.org.mx\/index.php\/category\/cintillo\/"},"img":{"alt_text":"","src":"https:\/\/i0.wp.com\/www.grieta.org.mx\/wp-content\/uploads\/2018\/03\/14524434_1106112876131411_958039263622046936_o.jpg?resize=350%2C200","width":350,"height":200,"srcset":"https:\/\/i0.wp.com\/www.grieta.org.mx\/wp-content\/uploads\/2018\/03\/14524434_1106112876131411_958039263622046936_o.jpg?resize=350%2C200 1x, https:\/\/i0.wp.com\/www.grieta.org.mx\/wp-content\/uploads\/2018\/03\/14524434_1106112876131411_958039263622046936_o.jpg?resize=525%2C300 1.5x, https:\/\/i0.wp.com\/www.grieta.org.mx\/wp-content\/uploads\/2018\/03\/14524434_1106112876131411_958039263622046936_o.jpg?resize=700%2C400 2x"},"classes":[]},{"id":63797,"url":"http:\/\/www.grieta.org.mx\/index.php\/2022\/01\/25\/comunicadores-de-ensenada-se-unen-a-protesta-por-muerte-de-periodistas-alguien-queria-callar-sus-voces-baja-california\/","url_meta":{"origin":63242,"position":2},"title":"Comunicadores de Ensenada se unen a protesta por muerte de periodistas; \u201cAlguien quer\u00eda callar sus voces\u201d (Baja California)","author":"grieta","date":"25 enero, 2022","format":false,"excerpt":"Zeta Noticias \/ Lorena Lamas. Foto: Lorena Lamas. Con estos homicidios se vulnera un derecho social b\u00e1sico de cualquier sociedad democr\u00e1tica y libre que es la libertad de expresi\u00f3n El gremio de periodistas de Ensenada se sum\u00f3 a la protesta nacional para pedir justicia por los homicidios de los colegas\u2026","rel":"","context":"En &quot;Baja California&quot;","block_context":{"text":"Baja California","link":"http:\/\/www.grieta.org.mx\/index.php\/category\/noticias-nacionales\/baja-california\/"},"img":{"alt_text":"","src":"https:\/\/i0.wp.com\/www.grieta.org.mx\/wp-content\/uploads\/2022\/03\/Z13.jpeg?resize=350%2C200","width":350,"height":200,"srcset":"https:\/\/i0.wp.com\/www.grieta.org.mx\/wp-content\/uploads\/2022\/03\/Z13.jpeg?resize=350%2C200 1x, https:\/\/i0.wp.com\/www.grieta.org.mx\/wp-content\/uploads\/2022\/03\/Z13.jpeg?resize=525%2C300 1.5x, https:\/\/i0.wp.com\/www.grieta.org.mx\/wp-content\/uploads\/2022\/03\/Z13.jpeg?resize=700%2C400 2x, https:\/\/i0.wp.com\/www.grieta.org.mx\/wp-content\/uploads\/2022\/03\/Z13.jpeg?resize=1050%2C600 3x, https:\/\/i0.wp.com\/www.grieta.org.mx\/wp-content\/uploads\/2022\/03\/Z13.jpeg?resize=1400%2C800 4x"},"classes":[]},{"id":63214,"url":"http:\/\/www.grieta.org.mx\/index.php\/2022\/01\/25\/nosematalaverdad-periodistas-de-jalisco-exigen-justicia-para-lourdes-margarito-y-jose-luis\/","url_meta":{"origin":63242,"position":3},"title":"#NoSeMataLaVerdad: Periodistas de Jalisco exigen justicia para Lourdes, Margarito y Jos\u00e9 Luis","author":"grieta","date":"25 enero, 2022","format":false,"excerpt":"Foto: Darwin Fanco En el marco de la Movilizaci\u00f3n Nacional #PeriodismoEnRiesgo, periodistas de Jalisco se conjuntaron para alzar la voz y exigir justicia para Lourdes Maldonado, Margarito Mart\u00ednez y Jos\u00e9 Luis Gamboa, periodistas asesinados en los \u00faltimos 15 d\u00edas. Tambi\u00e9n recordaron las acciones de hostigamiento y represi\u00f3n que desde el\u2026","rel":"","context":"En &quot;CINTILLO&quot;","block_context":{"text":"CINTILLO","link":"http:\/\/www.grieta.org.mx\/index.php\/category\/cintillo\/"},"img":{"alt_text":"","src":"https:\/\/i0.wp.com\/www.grieta.org.mx\/wp-content\/uploads\/2022\/01\/Unknown-31-696x522-1.jpeg?resize=350%2C200","width":350,"height":200,"srcset":"https:\/\/i0.wp.com\/www.grieta.org.mx\/wp-content\/uploads\/2022\/01\/Unknown-31-696x522-1.jpeg?resize=350%2C200 1x, https:\/\/i0.wp.com\/www.grieta.org.mx\/wp-content\/uploads\/2022\/01\/Unknown-31-696x522-1.jpeg?resize=525%2C300 1.5x"},"classes":[]},{"id":63167,"url":"http:\/\/www.grieta.org.mx\/index.php\/2022\/01\/25\/comunicadores-de-yucatan-se-unen-a-movilizacion-nacional-para-exigir-un-alto-al-asesinato-de-periodistas\/","url_meta":{"origin":63242,"position":4},"title":"Comunicadores de Yucat\u00e1n se unen a movilizaci\u00f3n nacional para exigir un alto al asesinato de periodistas","author":"grieta","date":"25 enero, 2022","format":false,"excerpt":"Itzel Chan \/ Noticaribe M\u00c9RIDA, MX.- Desde el monumento a Patria, en M\u00e9rida, comunicadores recordaron que M\u00e9xico es uno de los pa\u00edses m\u00e1s peligrosos para ejercer el periodismo de acuerdo con la Organizaci\u00f3n de las Naciones Unidas (ONU) y como muestra, recordaron que tan s\u00f3lo en el sexenio de Andr\u00e9s\u2026","rel":"","context":"En &quot;CINTILLO&quot;","block_context":{"text":"CINTILLO","link":"http:\/\/www.grieta.org.mx\/index.php\/category\/cintillo\/"},"img":{"alt_text":"","src":"https:\/\/i0.wp.com\/www.grieta.org.mx\/wp-content\/uploads\/2022\/01\/AltoAsesinatoPeriodistas.png?resize=350%2C200","width":350,"height":200,"srcset":"https:\/\/i0.wp.com\/www.grieta.org.mx\/wp-content\/uploads\/2022\/01\/AltoAsesinatoPeriodistas.png?resize=350%2C200 1x, https:\/\/i0.wp.com\/www.grieta.org.mx\/wp-content\/uploads\/2022\/01\/AltoAsesinatoPeriodistas.png?resize=525%2C300 1.5x, https:\/\/i0.wp.com\/www.grieta.org.mx\/wp-content\/uploads\/2022\/01\/AltoAsesinatoPeriodistas.png?resize=700%2C400 2x"},"classes":[]},{"id":33559,"url":"http:\/\/www.grieta.org.mx\/index.php\/2019\/05\/15\/periodistas-claman-justicia-para-javier-valdez-sinaloa\/","url_meta":{"origin":63242,"position":5},"title":"Periodistas claman justicia para Javier Valdez (Sinaloa)","author":"grieta","date":"15 mayo, 2019","format":false,"excerpt":"El d\u00eda de hoy se cumplieron dos a\u00f1os del cobarde asesinato del periodista Javier Valdez. Esmeralda Ivonne Ba\u00f1uelos Rodr\u00edguez \/ El Debate Guam\u00fachil,\u00a0Sinaloa.- A dos a\u00f1os del asesinato del periodista Javier Valdez, en la ciudad de Culiac\u00e1n, el club de periodistas de Guam\u00fachil se sum\u00f3 este 15 de mayo a\u2026","rel":"","context":"En &quot;CINTILLO&quot;","block_context":{"text":"CINTILLO","link":"http:\/\/www.grieta.org.mx\/index.php\/category\/cintillo\/"},"img":{"alt_text":"","src":"https:\/\/i0.wp.com\/www.grieta.org.mx\/wp-content\/uploads\/2019\/05\/img-20190515-wa0021.jpeg_749719311.jpeg?resize=350%2C200","width":350,"height":200,"srcset":"https:\/\/i0.wp.com\/www.grieta.org.mx\/wp-content\/uploads\/2019\/05\/img-20190515-wa0021.jpeg_749719311.jpeg?resize=350%2C200 1x, https:\/\/i0.wp.com\/www.grieta.org.mx\/wp-content\/uploads\/2019\/05\/img-20190515-wa0021.jpeg_749719311.jpeg?resize=525%2C300 1.5x, https:\/\/i0.wp.com\/www.grieta.org.mx\/wp-content\/uploads\/2019\/05\/img-20190515-wa0021.jpeg_749719311.jpeg?resize=700%2C400 2x"},"classes":[]}],"_links":{"self":[{"href":"http:\/\/www.grieta.org.mx\/index.php\/wp-json\/wp\/v2\/posts\/63242","targetHints":{"allow":["GET"]}}],"collection":[{"href":"http:\/\/www.grieta.org.mx\/index.php\/wp-json\/wp\/v2\/posts"}],"about":[{"href":"http:\/\/www.grieta.org.mx\/index.php\/wp-json\/wp\/v2\/types\/post"}],"author":[{"embeddable":true,"href":"http:\/\/www.grieta.org.mx\/index.php\/wp-json\/wp\/v2\/users\/2"}],"replies":[{"embeddable":true,"href":"http:\/\/www.grieta.org.mx\/index.php\/wp-json\/wp\/v2\/comments?post=63242"}],"version-history":[{"count":1,"href":"http:\/\/www.grieta.org.mx\/index.php\/wp-json\/wp\/v2\/posts\/63242\/revisions"}],"predecessor-version":[{"id":63244,"href":"http:\/\/www.grieta.org.mx\/index.php\/wp-json\/wp\/v2\/posts\/63242\/revisions\/63244"}],"wp:featuredmedia":[{"embeddable":true,"href":"http:\/\/www.grieta.org.mx\/index.php\/wp-json\/wp\/v2\/media\/63243"}],"wp:attachment":[{"href":"http:\/\/www.grieta.org.mx\/index.php\/wp-json\/wp\/v2\/media?parent=63242"}],"wp:term":[{"taxonomy":"category","embeddable":true,"href":"http:\/\/www.grieta.org.mx\/index.php\/wp-json\/wp\/v2\/categories?post=63242"},{"taxonomy":"post_tag","embeddable":true,"href":"http:\/\/www.grieta.org.mx\/index.php\/wp-json\/wp\/v2\/tags?post=63242"}],"curies":[{"name":"wp","href":"https:\/\/api.w.org\/{rel}","templated":true}]}}