{"id":63239,"date":"2022-01-30T00:37:32","date_gmt":"2022-01-30T06:37:32","guid":{"rendered":"https:\/\/www.grieta.org.mx\/?p=63239"},"modified":"2022-01-30T22:40:48","modified_gmt":"2022-01-31T04:40:48","slug":"cartas-de-ausencia-la-lucha-por-conservar-la-identidad-de-un-desaparecido","status":"publish","type":"post","link":"http:\/\/www.grieta.org.mx\/index.php\/2022\/01\/30\/cartas-de-ausencia-la-lucha-por-conservar-la-identidad-de-un-desaparecido\/","title":{"rendered":"Cartas de ausencia: la lucha por conservar la identidad de un desaparecido"},"content":{"rendered":"<p>Nallely Casillas | El Sol de Sinaloa<\/p>\n<div class=\"content-body clearfix \">\n<div id=\"content-body-225-7793418\">\n<p>Culiac\u00e1n, Sin.- La\u00a0<b>desaparici\u00f3n forzada<\/b>, es un delito que se mostrado al\u00a0<b>alza en Sinaloa\u00a0<\/b>en los \u00faltimos 20 a\u00f1os, pues de acuerdo a la\u00a0<b>Comisi\u00f3n Nacional de B\u00fasqueda<\/b>, en la entidad hay m\u00e1s de\u00a0<b>7 mil v\u00edctimas.<\/b><\/p>\n<p>Ante eso, se han llegado a crear diferentes asociaciones civiles como\u00a0<b>colectivos de b\u00fasqueda de personas desaparecidas<\/b>, que coadyuvan con una comisi\u00f3n estatal de b\u00fasqueda, y en donde se desarrollan investigaciones en fosas clandestinas, se llega a la identificaci\u00f3n de cad\u00e1veres encontrados y hasta se les da seguimiento legal a los casos con las familias.<\/p>\n<\/div>\n<\/div>\n<div class=\"advertisment \">\n<div id=\"dfp-nota-1x1s\" data-google-query-id=\"CNSS0_iU2_UCFV6RAAAdkQUOvQ\">\n<div id=\"google_ads_iframe_\/2000002\/elsoldesinaloa\/mexico_nota_1x1_0__container__\"><\/div>\n<\/div>\n<\/div>\n<article class=\"content-continued-body clearfix \">\n<div id=\"content-body-5851641-7793418\">\n<div class=\"local\nmedia \"><\/p>\n<div class=\"teaser \">\n<div class=\"img-container picture\"><img decoding=\"async\" class=\"media-object adaptive lazy\" title=\"buscan-uno.jpg\" src=\"https:\/\/www.elsoldesinaloa.com.mx\/local\/3cy0v8-buscan-uno.jpg\/alternates\/FREE_720\/buscan-uno.jpg\" alt=\"\" data-variant=\"FREE\" data-src-template=\"https:\/\/www.elsoldesinaloa.com.mx\/local\/3cy0v8-buscan-uno.jpg\/BINARY\/thumbnail\/buscan-uno.jpg\" data-proxy-image=\"\" data-proxy-width=\"\" data-original=\"https:\/\/www.elsoldesinaloa.com.mx\/local\/3cy0v8-buscan-uno.jpg\/alternates\/FREE_720\/buscan-uno.jpg\" data-selected-width=\"720\" \/><\/p>\n<div class=\"picture-caption\n\"><\/p>\n<h4>Foto: Karla Mend\u00edvil\u2502 El Sol de Sinaloa<\/h4>\n<\/div>\n<\/div>\n<\/div>\n<\/div>\n<p>Sin embargo, estos colectivos tambi\u00e9n mantienen otra lucha, esa que se basa en defender que las v\u00edctimas de este delito no sean declaradas muertas legalmente por la autoridad.<\/p>\n<p>Mar\u00eda Isabel Cruz Bernal, l\u00edder del colectivo de b\u00fasqueda Sabuesos Guerreras, ha emprendido en el \u00faltimo a\u00f1o un proceso jur\u00eddico para que la identidad de su hijo, Yosimar Garc\u00eda Cruz, no sea declarado muerto legalmente y que se sigan respetando sus derechos humanos.<\/p>\n<h2>UN DOCUMENTO NECESARIO<\/h2>\n<p>Ante un juzgado de lo familiar, la activista interpuso la solicitud de declaraci\u00f3n de una carta de ausencia especial, la cual evita que en un determinado momento, la identidad de Yosimar no sea dada de baja y as\u00ed evitar tambi\u00e9n un acta de defunci\u00f3n.<\/p>\n<div id=\"standard_9\" class=\"st-placement standard_9 inArticle\"><\/div>\n<p>Sin embargo, este proceso no ha sido de lo m\u00e1s f\u00e1cil para Mar\u00eda Isabel, pues la burocracia y la poca empat\u00eda de los abogados, abonan a que estos procedimientos legales no se culminen.<\/p>\n<p><i>&#8220;Cuando uno va a tramitar la carta, los abogados tristemente te dicen que para ellos es m\u00e1s f\u00e1cil darte la presunci\u00f3n y luego la muerte, no quieren estudiar la ley general para ver cu\u00e1l es el motivo de que no te den una declaraci\u00f3n de ausencia especial&#8221;,<\/i>\u00a0coment\u00f3<\/p>\n<div class=\"local\nmedia \"><\/p>\n<div class=\"teaser \">\n<div class=\"img-container picture\">\n<div id=\"standard_5\" class=\"st-placement standard_5 inImage\">\n<div class=\"st-adunit st-reset st-show\"><\/div>\n<\/div>\n<p><img decoding=\"async\" class=\"media-object adaptive lazy\" title=\"buscan-dos.jpg\" src=\"https:\/\/www.elsoldesinaloa.com.mx\/local\/xrjxyy-buscan-dos.jpg\/alternates\/FREE_720\/buscan-dos.jpg\" alt=\"\" data-variant=\"FREE\" data-src-template=\"https:\/\/www.elsoldesinaloa.com.mx\/local\/xrjxyy-buscan-dos.jpg\/BINARY\/thumbnail\/buscan-dos.jpg\" data-proxy-image=\"\" data-proxy-width=\"\" data-original=\"https:\/\/www.elsoldesinaloa.com.mx\/local\/xrjxyy-buscan-dos.jpg\/alternates\/FREE_720\/buscan-dos.jpg\" data-selected-width=\"720\" \/><\/p>\n<div class=\"picture-caption\n\"><\/p>\n<h4>Foto: Karla Mend\u00edvil\u2502 El Sol de Sinaloa<\/h4>\n<\/div>\n<\/div>\n<\/div>\n<\/div>\n<p><i>&#8220;A m\u00ed como madre me duele pensar en llegar a que me den una presunci\u00f3n y luego una defunci\u00f3n, sin embargo es un tr\u00e1mite jur\u00eddico al trabajo de Yosimar, s\u00e9 que la b\u00fasqueda sigue y la lucha tambi\u00e9n&#8221;,<\/i>\u00a0a\u00f1adi\u00f3.<\/p>\n<h2>\u00bfC\u00d3MO ES EL PROCESO?<\/h2>\n<p>Con este documento, una persona desaparecida puede resguardar sus derechos, en el \u00e1mbito laboral pueden conservar sus empleos para que en el caso de ser encontrados con vida, puedan ser reincorporados sin problemas, ante el registro civil las personas pueden mantener su identidad, sus credenciales de identificaci\u00f3n, pasaporte, visa etc.<\/p>\n<p>En el \u00e1rea de seguridad social, un desaparecido puede seguir activo ante el IMSS o el ISSSTE, Infonavit y otros. Sin embargo, esta carta de ausencia tambi\u00e9n sirve como amparo para que en el caso de que haya deudas de por medio, \u00e9stas sean congeladas y que no sean cobradas a los familiares hasta que legalmente la persona haya sido declarada muerta y no antes.<\/p>\n<div class=\"local\nmedia \"><\/p>\n<div class=\"teaser \">\n<div class=\"img-container picture\">\n<div id=\"standard_6\" class=\"st-placement standard_6 inImage\">\n<div class=\"st-adunit st-reset st-show\"><\/div>\n<\/div>\n<p><img decoding=\"async\" class=\"media-object adaptive lazy\" title=\"buscan-tres.jpg\" src=\"https:\/\/www.elsoldesinaloa.com.mx\/local\/ijgy8f-buscan-tres.jpg\/alternates\/FREE_720\/buscan-tres.jpg\" alt=\"\" data-variant=\"FREE\" data-src-template=\"https:\/\/www.elsoldesinaloa.com.mx\/local\/ijgy8f-buscan-tres.jpg\/BINARY\/thumbnail\/buscan-tres.jpg\" data-proxy-image=\"\" data-proxy-width=\"\" data-original=\"https:\/\/www.elsoldesinaloa.com.mx\/local\/ijgy8f-buscan-tres.jpg\/alternates\/FREE_720\/buscan-tres.jpg\" data-selected-width=\"720\" \/><\/p>\n<div class=\"picture-caption\n\"><\/p>\n<h4>Foto: Karla Mend\u00edvil\u2502 El Sol de Sinaloa<\/h4>\n<\/div>\n<\/div>\n<\/div>\n<\/div>\n<p>Las cartas ausencia de una persona desaparecida puede solicitarla una madre, padre, o esposa, que son quienes quedan al frente de los derechos y obligaciones de la v\u00edctima y pueden interponerse en el juzgado de instancia familiar, despu\u00e9s de 3 meses que una persona haya sido desaparecida, a los seis meses, el juzgado pude emitir la carga de ausencia y a los dos a\u00f1os de elaborado el tr\u00e1mite se emite la presunci\u00f3n, de acuerdo a las investigaciones y a lo que un juez determine, posteriormente a los 4 a\u00f1os de iniciado el proceso, se dicta legalmente o no la defunci\u00f3n de la persona.<\/p>\n<h2>DIFERENCIAS ESENCIALES<\/h2>\n<p>La diferencia entre estos tr\u00e1mites, es que la carta de ausencia especial pausa el proceso de investigaci\u00f3n y con esto se evita que un juez determine una presunci\u00f3n y luego la muerte legal de un desaparecido.<\/p>\n<p><span class=\"quote\">Cuando tu pides la declaraci\u00f3n de ausencia especial, deber\u00eda de parar esos dos tr\u00e1mites por ley, nosotros estamos buscando que no se les d\u00e9 por fallecidos legalmente.<\/span><\/p>\n<p><span class=\"cite\">Isabel<\/span><\/p>\n<p><b>&#8220;<i>\u00bfA ellos c\u00f3mo les consta que est\u00e1n muertos?<\/i><\/b><i>\u00a0<\/i>Eso lo determinan en base a la investigaci\u00f3n y por el tiempo en que llevan desaparecidos&#8221;, mencion\u00f3.<\/p>\n<h2>UN TESTIMONIO<\/h2>\n<p>Mar\u00eda Isabel cont\u00f3 el caso de la esposa de un desaparecido. Ella solicit\u00f3 esta carta de ausencia, para poder tener la custodia total de sus hijos, en caso de necesitar salir del pa\u00eds, ella ser\u00eda la responsable de los infantes, pues el padre no est\u00e1 presente y sin su autorizaci\u00f3n no podr\u00eda sacar a los menores del pa\u00eds.<\/p>\n<div class=\"local\nmedia \"><\/p>\n<div class=\"teaser \">\n<div class=\"img-container picture\">\n<div id=\"standard_7\" class=\"st-placement standard_7 inImage\">\n<div class=\"st-adunit st-reset st-show\"><\/div>\n<\/div>\n<p><img decoding=\"async\" class=\"media-object adaptive lazy\" title=\"buscan-cuatro.jpg\" src=\"https:\/\/www.elsoldesinaloa.com.mx\/local\/6q6gcb-buscan-cuatro.jpg\/alternates\/FREE_720\/buscan-cuatro.jpg\" alt=\"\" data-variant=\"FREE\" data-src-template=\"https:\/\/www.elsoldesinaloa.com.mx\/local\/6q6gcb-buscan-cuatro.jpg\/BINARY\/thumbnail\/buscan-cuatro.jpg\" data-proxy-image=\"\" data-proxy-width=\"\" data-original=\"https:\/\/www.elsoldesinaloa.com.mx\/local\/6q6gcb-buscan-cuatro.jpg\/alternates\/FREE_720\/buscan-cuatro.jpg\" data-selected-width=\"720\" \/><\/p>\n<div class=\"picture-caption\n\"><\/p>\n<h4>Foto: Karla Mend\u00edvil\u2502 El Sol de Sinaloa<\/h4>\n<\/div>\n<\/div>\n<\/div>\n<\/div>\n<p><i>&#8220;Ah\u00ed, la mam\u00e1 de los ni\u00f1os tendr\u00eda que ser ella la firma jur\u00eddica para poder representar al esposo ausente, y poder sacar a los hijos del pa\u00eds, o poder tramitarles el pasaporte, etc\u00e9tera&#8221;,<\/i>\u00a0manifest\u00f3.<\/p>\n<p>La activista coment\u00f3 que actualmente dentro del colectivo Sabuesos Guerreras, hay alrededor de 5 familias interponiendo cartas de ausencia.<\/p>\n<p>En M\u00e9xico, Martha Vega, hace 43 a\u00f1os, promovi\u00f3 la declaraci\u00f3n de ausencia y a ella si se le dio un acta de defunci\u00f3n, siendo de las primeras v\u00edctimas en perder un proceso jur\u00eddico de este tipo.<\/p>\n<h2><b>\u00bfQu\u00e9 pasa si un desaparecido es declarado muerto?<\/b><\/h2>\n<p>Legalmente, la persona pierde la identidad y todos sus derechos humanos, sin embargo en el caso de haber sido encontrado con vida despu\u00e9s de haber sido declarado muerto, \u00e9ste deber\u00e1 reinstituir sus derechos como un reci\u00e9n nacido.<\/p>\n<p>Es decir, tendr\u00eda que volver a registrarse ante un registro civil y gestionar su identidad ante diversas instancias como en Instituto Nacional Electoral.<\/p>\n<div class=\"local\nmedia \"><\/p>\n<div class=\"teaser \">\n<div class=\"img-container picture\">\n<div id=\"standard_8\" class=\"st-placement standard_8 inImage\">\n<div class=\"st-adunit st-reset st-show\"><\/div>\n<\/div>\n<p><img decoding=\"async\" class=\"media-object adaptive lazy\" title=\"buscan-cinco.jpg\" src=\"https:\/\/www.elsoldesinaloa.com.mx\/local\/txvwqt-buscan-cinco.jpg\/alternates\/FREE_720\/buscan-cinco.jpg\" alt=\"\" data-variant=\"FREE\" data-src-template=\"https:\/\/www.elsoldesinaloa.com.mx\/local\/txvwqt-buscan-cinco.jpg\/BINARY\/thumbnail\/buscan-cinco.jpg\" data-proxy-image=\"\" data-proxy-width=\"\" data-original=\"https:\/\/www.elsoldesinaloa.com.mx\/local\/txvwqt-buscan-cinco.jpg\/alternates\/FREE_720\/buscan-cinco.jpg\" data-selected-width=\"720\" \/><\/p>\n<div class=\"picture-caption\n\"><\/p>\n<h4>Foto: Karla Mend\u00edvil\u2502 El Sol de Sinaloa<\/h4>\n<\/div>\n<\/div>\n<\/div>\n<\/div>\n<p>En el caso de que una persona haya sido declarada muerta y haya perdido sus derechos laborales, se hayan cobrado sus afores, finiquitos y dem\u00e1s y posteriormente haya sido encontrada con vida, la familia deber\u00e1 devolver a la empresa y a las aseguradoras, los montos cobrados.<\/p>\n<p>Cuando se inicia el proceso de cartas de ausencia, peri\u00f3dicamente se imprimen edictos en peri\u00f3dicos locales y en el peri\u00f3dico oficial del estado, esto, sirve como comprobante de que el procedimiento se llev\u00f3 a cabo y como una referencia de que las personas desaparecidas son buscadas en cualquier entidad.<\/p>\n<p><a href=\"https:\/\/www.elsoldesinaloa.com.mx\/local\/cartas-de-ausencia-la-lucha-por-conservar-la-identidad-de-un-desaparecido-7793418.html\">https:\/\/www.elsoldesinaloa.com.mx\/local\/cartas-de-ausencia-la-lucha-por-conservar-la-identidad-de-un-desaparecido-7793418.html<\/a><\/p>\n<\/div>\n<\/article>\n","protected":false},"excerpt":{"rendered":"<p>Nallely Casillas | El Sol de Sinaloa Culiac\u00e1n, Sin.- La\u00a0desaparici\u00f3n forzada, es un delito que se mostrado al\u00a0alza en Sinaloa\u00a0en los \u00faltimos 20 a\u00f1os, pues de acuerdo a la\u00a0Comisi\u00f3n Nacional &hellip; <a href=\"http:\/\/www.grieta.org.mx\/index.php\/2022\/01\/30\/cartas-de-ausencia-la-lucha-por-conservar-la-identidad-de-un-desaparecido\/\" class=\"more-link\">Leer m\u00e1s<\/a><\/p>\n","protected":false},"author":2,"featured_media":63240,"comment_status":"closed","ping_status":"closed","sticky":false,"template":"","format":"standard","meta":{"ngg_post_thumbnail":0,"_jetpack_newsletter_access":"","_jetpack_dont_email_post_to_subs":false,"_jetpack_newsletter_tier_id":0,"_jetpack_memberships_contains_paywalled_content":false,"_jetpack_memberships_contains_paid_content":false,"footnotes":""},"categories":[1203,30,83],"tags":[3791,2484,1828,3975],"class_list":["post-63239","post","type-post","status-publish","format-standard","has-post-thumbnail","hentry","category-desaparecidos-en-sinaloa","category-sinaloa","category-temas-nacionales","tag-acciones-por-desaparecidos","tag-buscadoras","tag-busqueda-de-desaparecidos","tag-madres-de-desaparecidos","entry"],"jetpack_featured_media_url":"http:\/\/www.grieta.org.mx\/wp-content\/uploads\/2022\/01\/buscan-cuatro.jpg","jetpack_sharing_enabled":true,"jetpack_shortlink":"https:\/\/wp.me\/p7ZJR4-grZ","jetpack_likes_enabled":false,"jetpack-related-posts":[{"id":66707,"url":"http:\/\/www.grieta.org.mx\/index.php\/2023\/03\/26\/colectivo-de-busqueda-tapiza-el-centro-de-culiacan-con-fichas-de-desaparecidos\/","url_meta":{"origin":63239,"position":0},"title":"Colectivo de b\u00fasqueda tapiza el centro de Culiac\u00e1n con fichas de desaparecidos","author":"grieta","date":"26 marzo, 2023","format":false,"excerpt":"Miembros del colectivo de b\u00fasqueda Sabuesos Guerreras en compa\u00f1\u00eda de la Comisi\u00f3n Estatal de B\u00fasqueda y la Polic\u00eda Municipal realizaron la pega de fichas El colectivo Sabuesos Guerreras peg\u00f3 las fichas de sus familiares desaparecidos en el centro de la ciudad. Foto: Manuela Bustamante | El Sol de Sinaloa Manuela\u2026","rel":"","context":"En &quot;Desaparecidos en Sinaloa&quot;","block_context":{"text":"Desaparecidos en Sinaloa","link":"http:\/\/www.grieta.org.mx\/index.php\/category\/noticias-nacionales\/sinaloa\/desaparecidos-en-sinaloa\/"},"img":{"alt_text":"","src":"https:\/\/i0.wp.com\/www.grieta.org.mx\/wp-content\/uploads\/2023\/03\/crearan-registro-de-desaparecidos-en-sonora-sinaloa-y-durango-172202-1.jpeg?resize=350%2C200","width":350,"height":200,"srcset":"https:\/\/i0.wp.com\/www.grieta.org.mx\/wp-content\/uploads\/2023\/03\/crearan-registro-de-desaparecidos-en-sonora-sinaloa-y-durango-172202-1.jpeg?resize=350%2C200 1x, https:\/\/i0.wp.com\/www.grieta.org.mx\/wp-content\/uploads\/2023\/03\/crearan-registro-de-desaparecidos-en-sonora-sinaloa-y-durango-172202-1.jpeg?resize=525%2C300 1.5x, https:\/\/i0.wp.com\/www.grieta.org.mx\/wp-content\/uploads\/2023\/03\/crearan-registro-de-desaparecidos-en-sonora-sinaloa-y-durango-172202-1.jpeg?resize=700%2C400 2x"},"classes":[]},{"id":36991,"url":"http:\/\/www.grieta.org.mx\/index.php\/2019\/07\/23\/que-deje-la-pala-sabuesos-guerreras-exigen-plan-de-trabajo-a-comisionado-estatal-de-busqueda-sinaloa\/","url_meta":{"origin":63239,"position":1},"title":"\u201cQue deje la pala\u201d Sabuesos Guerreras exigen plan de trabajo a Comisionado Estatal de B\u00fasqueda (Sinaloa)","author":"grieta","date":"23 julio, 2019","format":false,"excerpt":"Jorge Cuen \/ Espejo La presidenta del colectivo Sabuesos Guerreras pidi\u00f3 al Comisionado Estatal de B\u00fasqueda que \u2018deje la pala\u2019 y \u2018se ponga las pilas\u2019. Que\u00a0\u2018suelte la pala\u2019 y presente un plan de trabajo exigi\u00f3 el colectivo de b\u00fasqueda de desaparecidos, Sabuesos Guerreras A.C., al Comisionado Estatal de B\u00fasqueda, Juan\u2026","rel":"","context":"En &quot;CINTILLO&quot;","block_context":{"text":"CINTILLO","link":"http:\/\/www.grieta.org.mx\/index.php\/category\/cintillo\/"},"img":{"alt_text":"","src":"https:\/\/i0.wp.com\/www.grieta.org.mx\/wp-content\/uploads\/2019\/07\/sabuesos-1.jpg?resize=350%2C200","width":350,"height":200,"srcset":"https:\/\/i0.wp.com\/www.grieta.org.mx\/wp-content\/uploads\/2019\/07\/sabuesos-1.jpg?resize=350%2C200 1x, https:\/\/i0.wp.com\/www.grieta.org.mx\/wp-content\/uploads\/2019\/07\/sabuesos-1.jpg?resize=525%2C300 1.5x, https:\/\/i0.wp.com\/www.grieta.org.mx\/wp-content\/uploads\/2019\/07\/sabuesos-1.jpg?resize=700%2C400 2x, https:\/\/i0.wp.com\/www.grieta.org.mx\/wp-content\/uploads\/2019\/07\/sabuesos-1.jpg?resize=1050%2C600 3x"},"classes":[]},{"id":33807,"url":"http:\/\/www.grieta.org.mx\/index.php\/2019\/05\/22\/rastreadoras-de-sinaloa-preparan-colecta-para-buscar-a-desaparecidos\/","url_meta":{"origin":63239,"position":2},"title":"Rastreadoras de Sinaloa preparan colecta para buscar a desaparecidos","author":"grieta","date":"22 mayo, 2019","format":false,"excerpt":"Las madres que buscan a sus desaparecidos en Sinaloa han criticado que no reciben apoyo del Gobierno del Estado\u00a0para la labor. Fernando Velasco \/ SDP Noticias El colectivo\u00a0Sabuesos Guerreras\u00a0AC realizar\u00e1 una colecta para adquirir recursos que les permitan seguir en la b\u00fasqueda de desaparecidos en la entidad. El llamado \u201cSabuesot\u00f3n\u201d\u2026","rel":"","context":"En &quot;CINTILLO&quot;","block_context":{"text":"CINTILLO","link":"http:\/\/www.grieta.org.mx\/index.php\/category\/cintillo\/"},"img":{"alt_text":"","src":"https:\/\/i0.wp.com\/www.grieta.org.mx\/wp-content\/uploads\/2019\/05\/rastreadoras_encuentran_una_fosa_clandestina_en_estacixn_rosalesx_culiacxn2.jpeg_539665225.jpeg?resize=350%2C200","width":350,"height":200,"srcset":"https:\/\/i0.wp.com\/www.grieta.org.mx\/wp-content\/uploads\/2019\/05\/rastreadoras_encuentran_una_fosa_clandestina_en_estacixn_rosalesx_culiacxn2.jpeg_539665225.jpeg?resize=350%2C200 1x, https:\/\/i0.wp.com\/www.grieta.org.mx\/wp-content\/uploads\/2019\/05\/rastreadoras_encuentran_una_fosa_clandestina_en_estacixn_rosalesx_culiacxn2.jpeg_539665225.jpeg?resize=525%2C300 1.5x, https:\/\/i0.wp.com\/www.grieta.org.mx\/wp-content\/uploads\/2019\/05\/rastreadoras_encuentran_una_fosa_clandestina_en_estacixn_rosalesx_culiacxn2.jpeg_539665225.jpeg?resize=700%2C400 2x"},"classes":[]},{"id":44153,"url":"http:\/\/www.grieta.org.mx\/index.php\/2020\/02\/07\/van-por-la-destitucion-de-comisionado-de-busqueda-de-desaparecidos-sinaloa\/","url_meta":{"origin":63239,"position":3},"title":"Van por la destituci\u00f3n de comisionado de b\u00fasqueda de desaparecidos (Sinaloa)","author":"grieta","date":"7 febrero, 2020","format":false,"excerpt":"Marcos Vizcarra\/Revista Espejos El colectivo AEQUUS-Promoci\u00f3n y Defensa de Derechos Humanos y el colectivo Sabuesos Guerreras van por la destituci\u00f3n de Juan Carlos Saavedra Ortega, comisionado estatal de B\u00fasqueda de Personas Desaparecidas en Sinaloa. \u201cAsistiendo al Colectivo de familiares de personas desaparecidas denominado Sabuesos Guerreras A.C. se ha presentado una\u2026","rel":"","context":"En &quot;CINTILLO&quot;","block_context":{"text":"CINTILLO","link":"http:\/\/www.grieta.org.mx\/index.php\/category\/cintillo\/"},"img":{"alt_text":"","src":"https:\/\/i0.wp.com\/www.grieta.org.mx\/wp-content\/uploads\/2020\/02\/descarga.jpeg?resize=350%2C200","width":350,"height":200,"srcset":"https:\/\/i0.wp.com\/www.grieta.org.mx\/wp-content\/uploads\/2020\/02\/descarga.jpeg?resize=350%2C200 1x, https:\/\/i0.wp.com\/www.grieta.org.mx\/wp-content\/uploads\/2020\/02\/descarga.jpeg?resize=525%2C300 1.5x, https:\/\/i0.wp.com\/www.grieta.org.mx\/wp-content\/uploads\/2020\/02\/descarga.jpeg?resize=700%2C400 2x"},"classes":[]},{"id":42925,"url":"http:\/\/www.grieta.org.mx\/index.php\/2020\/01\/11\/si-el-comisionado-de-busqueda-no-esta-dando-resultados-que-renuncie-sabuesos-guerreras-sinaloa\/","url_meta":{"origin":63239,"position":4},"title":"\u00abSi el comisionado de b\u00fasqueda no est\u00e1 dando resultados, que renuncie\u00bb, Sabuesos Guerreras (Sinaloa)","author":"grieta","date":"11 enero, 2020","format":false,"excerpt":"Jorge Cuen\/ESPEJO Coment\u00f3 que bajo su opini\u00f3n, la forma en la que mantienen silenciadas a las familias de desaparecidos es d\u00e1ndoles dinero y ah\u00ed es a donde se va todo el presupuesto de esta comisi\u00f3n. Debido a la alza que ha estado habiendo en la ciudad, Mar\u00eda Isabel Cruz Bernal,\u2026","rel":"","context":"En &quot;CINTILLO&quot;","block_context":{"text":"CINTILLO","link":"http:\/\/www.grieta.org.mx\/index.php\/category\/cintillo\/"},"img":{"alt_text":"","src":"https:\/\/i0.wp.com\/www.grieta.org.mx\/wp-content\/uploads\/2020\/01\/estamos_parados_en_una_gran_fosa_clandestina_activistas_de_sinaloa.jpg_219914347.jpg?resize=350%2C200","width":350,"height":200,"srcset":"https:\/\/i0.wp.com\/www.grieta.org.mx\/wp-content\/uploads\/2020\/01\/estamos_parados_en_una_gran_fosa_clandestina_activistas_de_sinaloa.jpg_219914347.jpg?resize=350%2C200 1x, https:\/\/i0.wp.com\/www.grieta.org.mx\/wp-content\/uploads\/2020\/01\/estamos_parados_en_una_gran_fosa_clandestina_activistas_de_sinaloa.jpg_219914347.jpg?resize=525%2C300 1.5x, https:\/\/i0.wp.com\/www.grieta.org.mx\/wp-content\/uploads\/2020\/01\/estamos_parados_en_una_gran_fosa_clandestina_activistas_de_sinaloa.jpg_219914347.jpg?resize=700%2C400 2x"},"classes":[]},{"id":6886,"url":"http:\/\/www.grieta.org.mx\/index.php\/2016\/09\/14\/desaparecidos-en-sinaloa\/","url_meta":{"origin":63239,"position":5},"title":"Desaparecidos en Sinaloa","author":"grieta","date":"14 septiembre, 2016","format":false,"excerpt":"14\/09\/16. Encuentran Las Rastreadoras seis cuerpos en el norte de Sinaloa Noroeste 01\/09\/16. \u201cRastreadoras\u201d encuentran cuatro cuerpos m\u00e1s; llegan a 62. (Sinaloa) Rio Doce 30\/08\/16. Familiares exigen a Malova resultados en casos de desaparecidos en Sinaloa Proceso 03\/08\/16. \u00bfFue desaparecido en Sinaloa y sospechas en d\u00f3nde est\u00e1? Pide un permiso\u2026","rel":"","context":"En &quot;Desaparecidos&quot;","block_context":{"text":"Desaparecidos","link":"http:\/\/www.grieta.org.mx\/index.php\/category\/temas-nacionales\/desaparecidos\/"},"img":{"alt_text":"","src":"https:\/\/i0.wp.com\/www.grieta.org.mx\/wp-content\/uploads\/2018\/03\/14524434_1106112876131411_958039263622046936_o.jpg?resize=350%2C200","width":350,"height":200,"srcset":"https:\/\/i0.wp.com\/www.grieta.org.mx\/wp-content\/uploads\/2018\/03\/14524434_1106112876131411_958039263622046936_o.jpg?resize=350%2C200 1x, https:\/\/i0.wp.com\/www.grieta.org.mx\/wp-content\/uploads\/2018\/03\/14524434_1106112876131411_958039263622046936_o.jpg?resize=525%2C300 1.5x, https:\/\/i0.wp.com\/www.grieta.org.mx\/wp-content\/uploads\/2018\/03\/14524434_1106112876131411_958039263622046936_o.jpg?resize=700%2C400 2x"},"classes":[]}],"_links":{"self":[{"href":"http:\/\/www.grieta.org.mx\/index.php\/wp-json\/wp\/v2\/posts\/63239","targetHints":{"allow":["GET"]}}],"collection":[{"href":"http:\/\/www.grieta.org.mx\/index.php\/wp-json\/wp\/v2\/posts"}],"about":[{"href":"http:\/\/www.grieta.org.mx\/index.php\/wp-json\/wp\/v2\/types\/post"}],"author":[{"embeddable":true,"href":"http:\/\/www.grieta.org.mx\/index.php\/wp-json\/wp\/v2\/users\/2"}],"replies":[{"embeddable":true,"href":"http:\/\/www.grieta.org.mx\/index.php\/wp-json\/wp\/v2\/comments?post=63239"}],"version-history":[{"count":1,"href":"http:\/\/www.grieta.org.mx\/index.php\/wp-json\/wp\/v2\/posts\/63239\/revisions"}],"predecessor-version":[{"id":63241,"href":"http:\/\/www.grieta.org.mx\/index.php\/wp-json\/wp\/v2\/posts\/63239\/revisions\/63241"}],"wp:featuredmedia":[{"embeddable":true,"href":"http:\/\/www.grieta.org.mx\/index.php\/wp-json\/wp\/v2\/media\/63240"}],"wp:attachment":[{"href":"http:\/\/www.grieta.org.mx\/index.php\/wp-json\/wp\/v2\/media?parent=63239"}],"wp:term":[{"taxonomy":"category","embeddable":true,"href":"http:\/\/www.grieta.org.mx\/index.php\/wp-json\/wp\/v2\/categories?post=63239"},{"taxonomy":"post_tag","embeddable":true,"href":"http:\/\/www.grieta.org.mx\/index.php\/wp-json\/wp\/v2\/tags?post=63239"}],"curies":[{"name":"wp","href":"https:\/\/api.w.org\/{rel}","templated":true}]}}