{"id":63236,"date":"2022-01-30T00:21:15","date_gmt":"2022-01-30T06:21:15","guid":{"rendered":"https:\/\/www.grieta.org.mx\/?p=63236"},"modified":"2022-01-30T22:29:25","modified_gmt":"2022-01-31T04:29:25","slug":"ciudad-juarez-familiares-de-jovenes-desaparecidas-se-reunieron-para-exigir-pronta-justicia","status":"publish","type":"post","link":"http:\/\/www.grieta.org.mx\/index.php\/2022\/01\/30\/ciudad-juarez-familiares-de-jovenes-desaparecidas-se-reunieron-para-exigir-pronta-justicia\/","title":{"rendered":"Ciudad Ju\u00e1rez: Familiares de j\u00f3venes desaparecidas se reunieron para exigir pronta justicia"},"content":{"rendered":"<p>INFOBAE\/Redacci\u00f3n<\/p>\n<p><img loading=\"lazy\" decoding=\"async\" src=\"https:\/\/www.infobae.com\/new-resizer\/3V4OD4SERAN3vWbNMarD4tCtpOc=\/992x606\/filters:format(webp):quality(85)\/cloudfront-us-east-1.images.arcpublishing.com\/infobae\/QMYXRRBKCRGINGCZ3YZCTZ3IDE.jfif%20992w\" sizes=\"auto, (min-width: 800px) 50vw, 90vw\" srcset=\"https:\/\/www.infobae.com\/new-resizer\/3V4OD4SERAN3vWbNMarD4tCtpOc=\/992x606\/filters:format(webp):quality(85)\/cloudfront-us-east-1.images.arcpublishing.com\/infobae\/QMYXRRBKCRGINGCZ3YZCTZ3IDE.jfif 992w\" alt=\"(Foto: EFE)\" width=\"900\" height=\"574\" \/>(Foto: EFE)<\/p>\n<p class=\"paragraph\"><b>Familiares de j\u00f3venes desaparecidas en Ciudad Ju\u00e1rez<\/b>, Chihuahua, en la frontera norte del pa\u00eds, las recordaron este viernes con un emotivo homenaje y\u00a0<b>exigieron avances en las investigaciones<\/b>, muchas de las cuales llevan a\u00f1os<b>\u00a0sin resolverse.<\/b><\/p>\n<p class=\"paragraph\">Decenas de zapatos rojos, de diferentes estilos y tama\u00f1os,\u00a0<b>fueron exhibidos en el centro de la urbe<\/b>\u00a0como recuerdo de todas ellas y para hacer un llamamiento al hoy gobierno del alcalde morenista\u00a0<b>Cruz P\u00e9rez Cu\u00e9llar.<\/b><\/p>\n<p class=\"paragraph\">Adem\u00e1s, tambi\u00e9n se colocaron lonas con las im\u00e1genes de las desaparecidas con\u00a0<b>mensajes alusivos al reclamo<\/b>\u00a0de conocer d\u00f3nde est\u00e1n.<\/p>\n<p class=\"paragraph\">Uno de los sucesos m\u00e1s conocidos en esta ciudad es el de\u00a0<b>Esmeralda Castillo<\/b>, una joven que ten\u00eda solo\u00a0<b>14 a\u00f1os<\/b>\u00a0en el momento de su desaparici\u00f3n en el 2009 y que hoy cumplir\u00eda 27 a\u00f1os. Su padre, Jose Luis Castillo, se reuni\u00f3,\u00a0<b>como hace desde hace siete a\u00f1os<\/b>, con familiares y amigos de la joven para\u00a0<b>conmemorar su cumplea\u00f1os.<\/b><\/p>\n<div class=\"visual__image \"><\/div>\n<p class=\"paragraph\">Pero en esta ocasi\u00f3n fue diferente, pues organiz\u00f3 una\u00a0<b>carrera de un kil\u00f3metro<\/b>\u00a0en la zona centro, de forma simb\u00f3lica y para sumar esfuerzos en la lucha contra la\u00a0<b>desaparici\u00f3n forzada<\/b>\u00a0y el\u00a0<b>feminicidio<\/b>. As\u00ed en entrevista para la agencia<i>\u00a0EFE.<\/i><\/p>\n<blockquote class=\"color_figcaption\"><p>\u201cHoy Esmeralda Castillo cumple 27 a\u00f1os y exigimos a las autoridades una investigaci\u00f3n real, hacen puras simulaciones. Levantamos la voz para concientizar a los j\u00f3venes que est\u00e1n en riesgo, que piensan que no pasa nada, es decirles que siguen las desapariciones, recientemente se registraron casos de mujeres asesinadas\u201d<\/p><\/blockquote>\n<p class=\"paragraph\">Coment\u00f3 que la ausencia de su hija ha sido muy dolorosa, ya que su falta implica aprender a vivir con sufrimiento e impotencia por\u00a0<b>no tener respuestas acerca de d\u00f3nde est\u00e1.<\/b><\/p>\n<p class=\"paragraph\">Otra de las asistentes al evento fue la se\u00f1ora Irma Vargas Laguna, madre de\u00a0<b>Marisela Gonzalez<\/b>, quien ten\u00eda 26 a\u00f1os en el momento de su informe de desaparici\u00f3n hace 10 a\u00f1os.<\/p>\n<div class=\"visual__image \"><img loading=\"lazy\" decoding=\"async\" src=\"https:\/\/www.infobae.com\/new-resizer\/FAjUocQVXzTzEoL4YYbbLFk8vQs=\/420x280\/filters:format(webp):quality(85)\/cloudfront-us-east-1.images.arcpublishing.com\/infobae\/OGFOLM2HDH5SU7LYU4QJ7XSJR4.jpg%20420w\" sizes=\"auto, (min-width: 800px) 50vw, 90vw\" srcset=\"https:\/\/www.infobae.com\/new-resizer\/FAjUocQVXzTzEoL4YYbbLFk8vQs=\/420x280\/filters:format(webp):quality(85)\/cloudfront-us-east-1.images.arcpublishing.com\/infobae\/OGFOLM2HDH5SU7LYU4QJ7XSJR4.jpg 420w,https:\/\/www.infobae.com\/new-resizer\/q0ji0DcoY_cFVRSeeWmxdGcMx8c=\/768x512\/filters:format(webp):quality(85)\/cloudfront-us-east-1.images.arcpublishing.com\/infobae\/OGFOLM2HDH5SU7LYU4QJ7XSJR4.jpg 768w,https:\/\/www.infobae.com\/new-resizer\/F1J_r8G_O9QrF0nXL1_YxjGYErE=\/992x661\/filters:format(webp):quality(85)\/cloudfront-us-east-1.images.arcpublishing.com\/infobae\/OGFOLM2HDH5SU7LYU4QJ7XSJR4.jpg 992w,https:\/\/www.infobae.com\/new-resizer\/ZbcTJvyxcnQcCm08Y95vbderh1Q=\/1200x800\/filters:format(webp):quality(85)\/cloudfront-us-east-1.images.arcpublishing.com\/infobae\/OGFOLM2HDH5SU7LYU4QJ7XSJR4.jpg 1200w,https:\/\/www.infobae.com\/new-resizer\/Nl-YjbOR37LSKH6w1Tupv6XcSew=\/1440x960\/filters:format(webp):quality(85)\/cloudfront-us-east-1.images.arcpublishing.com\/infobae\/OGFOLM2HDH5SU7LYU4QJ7XSJR4.jpg 1440w\" alt=\"Ana Cuellar, cuya hija Jessica Ivonne Padilla Cuellar est\u00e1 desaparecida desde julio de 2011, participa mientras colocan carteles de mujeres desaparecidas (Foto: Reuters)\" width=\"5500\" height=\"3668\" \/>Ana Cuellar, cuya hija Jessica Ivonne Padilla Cuellar est\u00e1 desaparecida desde julio de 2011, participa mientras colocan carteles de mujeres desaparecidas (Foto: Reuters)<\/div>\n<p class=\"paragraph\">\u201c<b>Las autoridades no dicen nada del caso de mi hija, dicen que por vestirse como se vest\u00eda fue su desaparici\u00f3n y esa declaraci\u00f3n causa indignaci\u00f3n<\/b>. Es como perder un pedazo de vida\u201d, coment\u00f3 Vargas con la voz entrecortada.<\/p>\n<p class=\"paragraph\">Marisela tuvo cuatro hijos, ahora tienen 11, 12, 15 y 19 a\u00f1os respectivamente. Los cuales reciben de cuidados b\u00e1sicos en el orfanato la ciudad del ni\u00f1o, ya que su abuela no puede atenderlos ni cubrir sus necesidades.<\/p>\n<p class=\"paragraph\">Por su parte,\u00a0<b>David Pe\u00f1a<\/b>, defensor de los derechos humanos, quien tambi\u00e9n acudi\u00f3 a este simb\u00f3lico acto, coment\u00f3:\u00a0<b>\u201cCon estas actividades buscamos mantener el recuerdo de Esmeralda Castillo y prevenir m\u00e1s casos de desapariciones\u201d.<\/b><\/p>\n<p class=\"paragraph\">Detall\u00f3 que esto no es un fen\u00f3meno aislado, hay factores de\u00a0<b>delincuencia organizada\u00a0<\/b>dijo que grupos locales delincuenciales tienen\u00a0<b>complicidad con polic\u00edas y otras autoridades.<\/b><\/p>\n<div class=\"visual__image \"><img loading=\"lazy\" decoding=\"async\" src=\"https:\/\/www.infobae.com\/new-resizer\/K3AOW7bAX80Z0PvKAK8gcVA42ow=\/420x280\/filters:format(webp):quality(85)\/cloudfront-us-east-1.images.arcpublishing.com\/infobae\/GG3FSXRKTF6ZBNYTNEOMCWCYFU.jpg%20420w\" sizes=\"auto, (min-width: 800px) 50vw, 90vw\" srcset=\"https:\/\/www.infobae.com\/new-resizer\/K3AOW7bAX80Z0PvKAK8gcVA42ow=\/420x280\/filters:format(webp):quality(85)\/cloudfront-us-east-1.images.arcpublishing.com\/infobae\/GG3FSXRKTF6ZBNYTNEOMCWCYFU.jpg 420w,https:\/\/www.infobae.com\/new-resizer\/rVVibmqXj3aX2oTn_HL8dox-soA=\/768x512\/filters:format(webp):quality(85)\/cloudfront-us-east-1.images.arcpublishing.com\/infobae\/GG3FSXRKTF6ZBNYTNEOMCWCYFU.jpg 768w,https:\/\/www.infobae.com\/new-resizer\/_FTu034jd-9ELP-qKFL0ELj-70c=\/992x661\/filters:format(webp):quality(85)\/cloudfront-us-east-1.images.arcpublishing.com\/infobae\/GG3FSXRKTF6ZBNYTNEOMCWCYFU.jpg 992w,https:\/\/www.infobae.com\/new-resizer\/bwebPhkONx5lTxqsc4CNMmHMlhI=\/1200x800\/filters:format(webp):quality(85)\/cloudfront-us-east-1.images.arcpublishing.com\/infobae\/GG3FSXRKTF6ZBNYTNEOMCWCYFU.jpg 1200w,https:\/\/www.infobae.com\/new-resizer\/UJ-pDCT_5v7jWWyionbW4ljza1Q=\/1440x960\/filters:format(webp):quality(85)\/cloudfront-us-east-1.images.arcpublishing.com\/infobae\/GG3FSXRKTF6ZBNYTNEOMCWCYFU.jpg 1440w\" alt=\"La fotograf\u00eda de Silvia Kezaline Corona, quien fue asesinada en junio de 2019, se ve entre los zapatos rojos de mujer que fueron colocados en protesta (Foto: Reuters)\" width=\"4637\" height=\"3092\" \/>La fotograf\u00eda de Silvia Kezaline Corona, quien fue asesinada en junio de 2019, se ve entre los zapatos rojos de mujer que fueron colocados en protesta (Foto: Reuters)<\/div>\n<blockquote class=\"color_figcaption\"><p>\u201cEsto es un problema end\u00e9mico, hay alto \u00edndice de feminicidios y la impunidad es la mejor motivaci\u00f3n para que continuar, si no se sancionan los feminicidios, los perpetradores siguen con estos hechos\u201d<\/p><\/blockquote>\n<p class=\"paragraph\">Ciudad Ju\u00e1rez es una urbe que<b>\u00a0ha sido marcada a nivel internacional<\/b>\u00a0por los casos de feminicidios.<\/p>\n<p class=\"paragraph\">A 20 a\u00f1os del caso que se localizaron los cuerpos de 8 mujeres en el conocido caso\u00a0<b>\u201cCampo Algodonero\u201d<\/b>, siete casos de estos esperan ser admitidos por la Corte Interamericana de Derechos Humanos.<\/p>\n<p class=\"paragraph\">En los \u00faltimos a\u00f1os en M\u00e9xico las cifras de feminicidios y violencia contra las mujeres han ido en aumento, adem\u00e1s del\u00a0<b>alto \u00edndice de impunidad\u00a0<\/b>que permite que agresores y asesinos sigan en las calles.<\/p>\n<div class=\"visual__image \"><img loading=\"lazy\" decoding=\"async\" src=\"https:\/\/www.infobae.com\/new-resizer\/yIjF5hAid153spB8h2MPNrdO7Mw=\/420x280\/filters:format(webp):quality(85)\/cloudfront-us-east-1.images.arcpublishing.com\/infobae\/X62OQGZUO2MGQTM6OVPGVMBZXQ.jpg%20420w\" sizes=\"auto, (min-width: 800px) 50vw, 90vw\" srcset=\"https:\/\/www.infobae.com\/new-resizer\/yIjF5hAid153spB8h2MPNrdO7Mw=\/420x280\/filters:format(webp):quality(85)\/cloudfront-us-east-1.images.arcpublishing.com\/infobae\/X62OQGZUO2MGQTM6OVPGVMBZXQ.jpg 420w,https:\/\/www.infobae.com\/new-resizer\/4rfk_7hoJZVdPVDJgZ1Yvh8NdrE=\/768x512\/filters:format(webp):quality(85)\/cloudfront-us-east-1.images.arcpublishing.com\/infobae\/X62OQGZUO2MGQTM6OVPGVMBZXQ.jpg 768w,https:\/\/www.infobae.com\/new-resizer\/HhBG8qDIZHShQBdPC91EYfIDWlA=\/992x661\/filters:format(webp):quality(85)\/cloudfront-us-east-1.images.arcpublishing.com\/infobae\/X62OQGZUO2MGQTM6OVPGVMBZXQ.jpg 992w,https:\/\/www.infobae.com\/new-resizer\/-zYQ7JTJQZRLr_4NMTg8_fKd3-s=\/1200x800\/filters:format(webp):quality(85)\/cloudfront-us-east-1.images.arcpublishing.com\/infobae\/X62OQGZUO2MGQTM6OVPGVMBZXQ.jpg 1200w,https:\/\/www.infobae.com\/new-resizer\/SAST1ChAi6mXIt5AOek4Gh10zZE=\/1440x960\/filters:format(webp):quality(85)\/cloudfront-us-east-1.images.arcpublishing.com\/infobae\/X62OQGZUO2MGQTM6OVPGVMBZXQ.jpg 1440w\" alt=\"Reyna de la Torre, madre de Isabel Cabanillas, activista feminista que fue asesinada el 18 de enero de 2020 en el centro de Ciudad Ju\u00e1rez, es consolada por un familiar mientras participa en una vigilia en su memoria para exigir justicia (Foto: Reuters)\" width=\"4071\" height=\"2714\" \/>Reyna de la Torre, madre de Isabel Cabanillas, activista feminista que fue asesinada el 18 de enero de 2020 en el centro de Ciudad Ju\u00e1rez, es consolada por un familiar mientras participa en una vigilia en su memoria para exigir justicia (Foto: Reuters)<\/div>\n<p class=\"paragraph\">M\u00e9xico afronta una crisis de violencia machista con el a<b>sesinato de m\u00e1s de 10 mujeres al d\u00eda<\/b>, de acuerdo con ONU Mujeres y organizaciones civiles, ya sea por homicidios dolosos o por feminicidios, el crimen de dar muerte de una mujer por razones de g\u00e9nero.<\/p>\n<p class=\"paragraph\"><b>En 2021, el pa\u00eds registr\u00f3 1,004 feminicidios<\/b>, un 2,66 % m\u00e1s que en 2020, el reflejo de la acuciante violencia machista en un pa\u00eds criticado por no atender la inseguridad que padecen las mujeres y por una elevada impunidad en la mayor\u00eda de delitos.<\/p>\n<p><a href=\"https:\/\/www.infobae.com\/america\/mexico\/2022\/01\/29\/ciudad-juarez-familiares-de-jovenes-desaparecidas-se-reunieron-para-exigir-pronta-justicia\/\">https:\/\/www.infobae.com\/america\/mexico\/2022\/01\/29\/ciudad-juarez-familiares-de-jovenes-desaparecidas-se-reunieron-para-exigir-pronta-justicia\/<\/a><\/p>\n","protected":false},"excerpt":{"rendered":"<p>INFOBAE\/Redacci\u00f3n (Foto: EFE) Familiares de j\u00f3venes desaparecidas en Ciudad Ju\u00e1rez, Chihuahua, en la frontera norte del pa\u00eds, las recordaron este viernes con un emotivo homenaje y\u00a0exigieron avances en las investigaciones, &hellip; <a href=\"http:\/\/www.grieta.org.mx\/index.php\/2022\/01\/30\/ciudad-juarez-familiares-de-jovenes-desaparecidas-se-reunieron-para-exigir-pronta-justicia\/\" class=\"more-link\">Leer m\u00e1s<\/a><\/p>\n","protected":false},"author":2,"featured_media":63238,"comment_status":"closed","ping_status":"closed","sticky":false,"template":"","format":"standard","meta":{"ngg_post_thumbnail":0,"_jetpack_newsletter_access":"","_jetpack_dont_email_post_to_subs":false,"_jetpack_newsletter_tier_id":0,"_jetpack_memberships_contains_paywalled_content":false,"_jetpack_memberships_contains_paid_content":false,"footnotes":""},"categories":[12,1918,83],"tags":[3097,3042,3069,2992],"class_list":["post-63236","post","type-post","status-publish","format-standard","has-post-thumbnail","hentry","category-chihuahua","category-feminicidios-en-chihuahua","category-temas-nacionales","tag-arte-contra-feminicidio","tag-colectivos-feministas","tag-familiares-de-mujeres-victimas-de-feminicidio","tag-feminicidas-libres","entry"],"jetpack_featured_media_url":"http:\/\/www.grieta.org.mx\/wp-content\/uploads\/2022\/01\/FMALZFIEEVWVA3UGZWMNZYHV7M.jpg","jetpack_sharing_enabled":true,"jetpack_shortlink":"https:\/\/wp.me\/p7ZJR4-grW","jetpack_likes_enabled":false,"jetpack-related-posts":[{"id":26007,"url":"http:\/\/www.grieta.org.mx\/index.php\/2018\/08\/30\/realizan-vigilia-por-desaparecidas-chihuahua\/","url_meta":{"origin":63236,"position":0},"title":"Realizan vigilia por desaparecidas (Chihuahua)","author":"grieta","date":"30 agosto, 2018","format":false,"excerpt":"Ciudad Ju\u00e1rez\u2014\u00a0Como parte de las actividades de la conmemoraci\u00f3n del D\u00eda Internacional de las V\u00edctimas de Desaparici\u00f3n Forzada, organizaciones, colectivos y familiares de v\u00edctimas realizaron esta tarde una vigilia en la explanada del Museo de la Revoluci\u00f3n en la Frontera (Muref) en el centro hist\u00f3rico de la ciudad. Los participantes\u2026","rel":"","context":"En &quot;Chihuahua&quot;","block_context":{"text":"Chihuahua","link":"http:\/\/www.grieta.org.mx\/index.php\/category\/noticias-nacionales\/chihuahua\/"},"img":{"alt_text":"","src":"https:\/\/i0.wp.com\/www.grieta.org.mx\/wp-content\/uploads\/2018\/08\/diario-de-1.jpg?resize=350%2C200","width":350,"height":200,"srcset":"https:\/\/i0.wp.com\/www.grieta.org.mx\/wp-content\/uploads\/2018\/08\/diario-de-1.jpg?resize=350%2C200 1x, https:\/\/i0.wp.com\/www.grieta.org.mx\/wp-content\/uploads\/2018\/08\/diario-de-1.jpg?resize=525%2C300 1.5x, https:\/\/i0.wp.com\/www.grieta.org.mx\/wp-content\/uploads\/2018\/08\/diario-de-1.jpg?resize=700%2C400 2x"},"classes":[]},{"id":4042,"url":"http:\/\/www.grieta.org.mx\/index.php\/2016\/09\/07\/feminicidios-en-chihuahua\/","url_meta":{"origin":63236,"position":1},"title":"Feminicidios en Chihuahua","author":"grieta","date":"7 septiembre, 2016","format":false,"excerpt":"01\/08\/16. A 18 a\u00f1os de la desaparici\u00f3n de joven en Cd. Ju\u00e1rez, madre realiza las investigaciones que corresponde a las autoridadesRevolucionTresPuntoCero 22\/07\/16. Chihuahua sigue siendo l\u00ecder en...feminicidiosLa Parada Digital 28\/04\/16. \u201cAy\u00fadenme, s\u00e1quenme de aqu\u00ed. Sigo viva, tengo miedo\u201d; militares los detienen y llevan 7 a\u00f1os desaparecidos Revoluci\u00f3nTresPuntoCero 11\/03\/16. Familiares de\u2026","rel":"","context":"En &quot;Chihuahua&quot;","block_context":{"text":"Chihuahua","link":"http:\/\/www.grieta.org.mx\/index.php\/category\/noticias-nacionales\/chihuahua\/"},"img":{"alt_text":"","src":"https:\/\/i0.wp.com\/www.grieta.org.mx\/wp-content\/uploads\/2018\/03\/14524434_1106112876131411_958039263622046936_o.jpg?resize=350%2C200","width":350,"height":200,"srcset":"https:\/\/i0.wp.com\/www.grieta.org.mx\/wp-content\/uploads\/2018\/03\/14524434_1106112876131411_958039263622046936_o.jpg?resize=350%2C200 1x, https:\/\/i0.wp.com\/www.grieta.org.mx\/wp-content\/uploads\/2018\/03\/14524434_1106112876131411_958039263622046936_o.jpg?resize=525%2C300 1.5x, https:\/\/i0.wp.com\/www.grieta.org.mx\/wp-content\/uploads\/2018\/03\/14524434_1106112876131411_958039263622046936_o.jpg?resize=700%2C400 2x"},"classes":[]},{"id":67972,"url":"http:\/\/www.grieta.org.mx\/index.php\/2023\/10\/21\/67972\/","url_meta":{"origin":63236,"position":2},"title":"A m\u00e1s de 30 a\u00f1os\u2026","author":"grieta","date":"21 octubre, 2023","format":false,"excerpt":"A m\u00e1s de 30 a\u00f1os de que se empezaron a documentar los asesinatos de mujeres en Chihuahua y Ciudad Ju\u00e1rez, cientos de familias de v\u00edctimas a\u00fan no tienen acceso a la justicia Feminicidios: Paula y Julia, primeras v\u00edctimas, \u00edconos de la lucha por justicia en Ciudad Ju\u00e1rez.A m\u00e1s de 30\u2026","rel":"","context":"En &quot;Chihuahua&quot;","block_context":{"text":"Chihuahua","link":"http:\/\/www.grieta.org.mx\/index.php\/category\/noticias-nacionales\/chihuahua\/"},"img":{"alt_text":"","src":"https:\/\/i0.wp.com\/www.grieta.org.mx\/wp-content\/uploads\/2023\/10\/imagen.jpg?resize=350%2C200","width":350,"height":200,"srcset":"https:\/\/i0.wp.com\/www.grieta.org.mx\/wp-content\/uploads\/2023\/10\/imagen.jpg?resize=350%2C200 1x, https:\/\/i0.wp.com\/www.grieta.org.mx\/wp-content\/uploads\/2023\/10\/imagen.jpg?resize=525%2C300 1.5x, https:\/\/i0.wp.com\/www.grieta.org.mx\/wp-content\/uploads\/2023\/10\/imagen.jpg?resize=700%2C400 2x"},"classes":[]},{"id":38097,"url":"http:\/\/www.grieta.org.mx\/index.php\/2019\/08\/16\/galeria-glitter-rosa-la-marcha-feminista-en-ciudad-juarez-chihuahua\/","url_meta":{"origin":63236,"position":3},"title":"Galer\u00eda: Glitter Rosa, la marcha feminista en Ciudad Ju\u00e1rez (Chihuahua)","author":"grieta","date":"16 agosto, 2019","format":false,"excerpt":"Redacci\u00f3n; Fotograf\u00edas: Rey J. Jauregui\/ LA VERDAD DE JU\u00c1REZ Ciudad Ju\u00e1rez \u2013 Entre gritos de consignas contra \u201cactitudes machistas\u201d, haciendo pintas y lanzando brillantina rosa, decenas de mujeres marcharon en Ciudad Ju\u00e1rez para exigir un alto a la violencia de g\u00e9nero y en protesta por la revictimizaci\u00f3n de las autoridades\u2026","rel":"","context":"En &quot;Chihuahua&quot;","block_context":{"text":"Chihuahua","link":"http:\/\/www.grieta.org.mx\/index.php\/category\/noticias-nacionales\/chihuahua\/"},"img":{"alt_text":"","src":"https:\/\/i0.wp.com\/www.grieta.org.mx\/wp-content\/uploads\/2019\/08\/Foto-Galer%C3%ADa-Mujeres.jpg?resize=350%2C200","width":350,"height":200,"srcset":"https:\/\/i0.wp.com\/www.grieta.org.mx\/wp-content\/uploads\/2019\/08\/Foto-Galer%C3%ADa-Mujeres.jpg?resize=350%2C200 1x, https:\/\/i0.wp.com\/www.grieta.org.mx\/wp-content\/uploads\/2019\/08\/Foto-Galer%C3%ADa-Mujeres.jpg?resize=525%2C300 1.5x, https:\/\/i0.wp.com\/www.grieta.org.mx\/wp-content\/uploads\/2019\/08\/Foto-Galer%C3%ADa-Mujeres.jpg?resize=700%2C400 2x, https:\/\/i0.wp.com\/www.grieta.org.mx\/wp-content\/uploads\/2019\/08\/Foto-Galer%C3%ADa-Mujeres.jpg?resize=1050%2C600 3x, https:\/\/i0.wp.com\/www.grieta.org.mx\/wp-content\/uploads\/2019\/08\/Foto-Galer%C3%ADa-Mujeres.jpg?resize=1400%2C800 4x"},"classes":[]},{"id":4044,"url":"http:\/\/www.grieta.org.mx\/index.php\/2016\/03\/11\/familiares-de-mujeres-asesinadas-en-cd-juarez-exigen-al-gobierno-de-cesar-duarte-que-haga-su-trabajo-y-frene-desapariciones-y-feminicidios\/","url_meta":{"origin":63236,"position":4},"title":"Familiares de mujeres asesinadas en Cd. Ju\u00e1rez exigen al gobierno de C\u00e9sar Duarte que \u201chaga su trabajo\u201d y frene desapariciones y feminicidios","author":"grieta","date":"11 marzo, 2016","format":false,"excerpt":"SinEmbargo Familiares de mujeres v\u00edctimas de violencia en Ciudad Ju\u00e1rez, Chihuahua, exigieron al gobierno de C\u00e9sar Duarte que \u201chaga su trabajo\u201d y frene las desapariciones y feminicidios. Jos\u00e9 Luis Castillo, padre de Esmeralda Castillo Rinc\u00f3n, cuyo paradero se desconoce desde 2009, pidi\u00f3 a las autoridades de los tres niveles de\u2026","rel":"","context":"En &quot;chihuahua&quot;","block_context":{"text":"chihuahua","link":"http:\/\/www.grieta.org.mx\/index.php\/category\/chihuahua\/"},"img":{"alt_text":"","src":"https:\/\/i0.wp.com\/www.grieta.org.mx\/wp-content\/uploads\/2018\/03\/14524434_1106112876131411_958039263622046936_o.jpg?resize=350%2C200","width":350,"height":200,"srcset":"https:\/\/i0.wp.com\/www.grieta.org.mx\/wp-content\/uploads\/2018\/03\/14524434_1106112876131411_958039263622046936_o.jpg?resize=350%2C200 1x, https:\/\/i0.wp.com\/www.grieta.org.mx\/wp-content\/uploads\/2018\/03\/14524434_1106112876131411_958039263622046936_o.jpg?resize=525%2C300 1.5x, https:\/\/i0.wp.com\/www.grieta.org.mx\/wp-content\/uploads\/2018\/03\/14524434_1106112876131411_958039263622046936_o.jpg?resize=700%2C400 2x"},"classes":[]},{"id":43278,"url":"http:\/\/www.grieta.org.mx\/index.php\/2020\/01\/21\/tu-lucha-sigue-isabel-colectivas-feministas-protestan-por-el-feminicidio-de-activista-ciudad-de-mexico\/","url_meta":{"origin":63236,"position":5},"title":"\u201cTu lucha sigue, Isabel\u201d: colectivas feministas protestan por el feminicidio de activista (Ciudad de M\u00e9xico)","author":"grieta","date":"21 enero, 2020","format":false,"excerpt":"Foto: Er\u00e9ndira Aquino Er\u00e9ndira Aquino \/ Animal Pol\u00edtico Las manifestantes acudieron a instalaciones de Casa Chihuahua, en la Ciudad de M\u00e9xico, para reclamar que las autoridades estatales no han dado informaci\u00f3n clara del caso. Decenas de mujeres protestaron este martes por el asesinato de Isabel Cabanillas, activista y artista pl\u00e1stica\u2026","rel":"","context":"En &quot;Chihuahua&quot;","block_context":{"text":"Chihuahua","link":"http:\/\/www.grieta.org.mx\/index.php\/category\/noticias-nacionales\/chihuahua\/"},"img":{"alt_text":"","src":"https:\/\/i0.wp.com\/www.grieta.org.mx\/wp-content\/uploads\/2020\/01\/Tu-lucha-sigue-Isabel-colectivas-feministas-protestan-por-el-feminicidio-de-activista-cdmx-ene.jpeg?resize=350%2C200","width":350,"height":200,"srcset":"https:\/\/i0.wp.com\/www.grieta.org.mx\/wp-content\/uploads\/2020\/01\/Tu-lucha-sigue-Isabel-colectivas-feministas-protestan-por-el-feminicidio-de-activista-cdmx-ene.jpeg?resize=350%2C200 1x, https:\/\/i0.wp.com\/www.grieta.org.mx\/wp-content\/uploads\/2020\/01\/Tu-lucha-sigue-Isabel-colectivas-feministas-protestan-por-el-feminicidio-de-activista-cdmx-ene.jpeg?resize=525%2C300 1.5x, https:\/\/i0.wp.com\/www.grieta.org.mx\/wp-content\/uploads\/2020\/01\/Tu-lucha-sigue-Isabel-colectivas-feministas-protestan-por-el-feminicidio-de-activista-cdmx-ene.jpeg?resize=700%2C400 2x"},"classes":[]}],"_links":{"self":[{"href":"http:\/\/www.grieta.org.mx\/index.php\/wp-json\/wp\/v2\/posts\/63236","targetHints":{"allow":["GET"]}}],"collection":[{"href":"http:\/\/www.grieta.org.mx\/index.php\/wp-json\/wp\/v2\/posts"}],"about":[{"href":"http:\/\/www.grieta.org.mx\/index.php\/wp-json\/wp\/v2\/types\/post"}],"author":[{"embeddable":true,"href":"http:\/\/www.grieta.org.mx\/index.php\/wp-json\/wp\/v2\/users\/2"}],"replies":[{"embeddable":true,"href":"http:\/\/www.grieta.org.mx\/index.php\/wp-json\/wp\/v2\/comments?post=63236"}],"version-history":[{"count":1,"href":"http:\/\/www.grieta.org.mx\/index.php\/wp-json\/wp\/v2\/posts\/63236\/revisions"}],"predecessor-version":[{"id":63237,"href":"http:\/\/www.grieta.org.mx\/index.php\/wp-json\/wp\/v2\/posts\/63236\/revisions\/63237"}],"wp:featuredmedia":[{"embeddable":true,"href":"http:\/\/www.grieta.org.mx\/index.php\/wp-json\/wp\/v2\/media\/63238"}],"wp:attachment":[{"href":"http:\/\/www.grieta.org.mx\/index.php\/wp-json\/wp\/v2\/media?parent=63236"}],"wp:term":[{"taxonomy":"category","embeddable":true,"href":"http:\/\/www.grieta.org.mx\/index.php\/wp-json\/wp\/v2\/categories?post=63236"},{"taxonomy":"post_tag","embeddable":true,"href":"http:\/\/www.grieta.org.mx\/index.php\/wp-json\/wp\/v2\/tags?post=63236"}],"curies":[{"name":"wp","href":"https:\/\/api.w.org\/{rel}","templated":true}]}}