{"id":63205,"date":"2022-01-26T17:46:00","date_gmt":"2022-01-26T23:46:00","guid":{"rendered":"https:\/\/www.grieta.org.mx\/?p=63205"},"modified":"2022-01-30T17:55:30","modified_gmt":"2022-01-30T23:55:30","slug":"periodistas-en-colima-se-suman-a-la-jornada-nacional-de-protesta","status":"publish","type":"post","link":"http:\/\/www.grieta.org.mx\/index.php\/2022\/01\/26\/periodistas-en-colima-se-suman-a-la-jornada-nacional-de-protesta\/","title":{"rendered":"Periodistas en Colima se suman a la jornada nacional de protesta"},"content":{"rendered":"<p>Foto: Diario Avanzada<\/p>\n<p>Heidi de Le\u00f3n Guti\u00e9rrez \/ Diario Avanzada<\/p>\n<p>Colima, M\u00e9xico, Avanzada (26\/01\/2022).- Periodistas de Colima se unen a la protesta nacional que ayer se realiz\u00f3 por los asesinatos de reporteros en diferentes entidades del pa\u00eds.<\/p>\n<p>Afuera de Palacio de Gobierno, los periodistas colocaron las fotograf\u00edas de Lourdes Maldonado, Margarito Mart\u00ednez Esquivel y Jos\u00e9 Luis Gamboa Arenas, asesinados en este mes de enero en Baja California y Veracruz.<\/p>\n<p>Tambi\u00e9n colocaron veladoras y portaron cartulinas donde exigieron un alto a la violencia, el esclarecimiento de los cr\u00edmenes y castigo a los responsables, adem\u00e1s de una protecci\u00f3n para el ejercicio period\u00edstico.<\/p>\n<p>A la protesta se sumaron activistas de diversos colectivos, entre ellos \u00a0la Red de Personas Desaparecidas y La Coordinadora Socialista; tambi\u00e9n, maestros jubilados quienes aprovecharon la protesta para convocar a la sociedad a sumarse a la exigencia para mejores garant\u00edas de seguridad para todos.<\/p>\n<p>La reportera, Alejandra Arechiga \u2013 encargada de leer el pronunciamiento nacional- se\u00f1al\u00f3 que es importante garantizar la libertad de expresi\u00f3n y el acceso a la informaci\u00f3n, \u201cporque es un bien p\u00fablico, aunque los gobiernos nos vean como enemigos\u201d.<\/p>\n<p>Por su parte, presidente nacional de la Federaci\u00f3n de Asociaciones de Periodistas (FAPERMEX), Juan Ram\u00f3n Negrete lament\u00f3 los hechos violentos en contra de los reporteros y dijo que los tres cr\u00edmenes m\u00e1s recientes pasan a formar parte de una interminable lista de cr\u00edmenes que no tienen para cuando terminar.<\/p>\n<p>Refiri\u00f3 que en lo que va de la administraci\u00f3n del presidente, Andr\u00e9s Manuel L\u00f3pez Obrador se cometieron 48 asesinatos de periodistas y del a\u00f1o 2000 a la fecha, un total de 285.<\/p>\n<p>Mientras tanto, el periodista Pedro Zamora Brise\u00f1o\u00a0 explic\u00f3 que en los \u00faltimos meses se han recrudecido las agresiones en contra de los periodistas y explic\u00f3 que este tipo de ataques provienen de muchos actores, no nada m\u00e1s del crimen organizado.<\/p>\n<p>Indic\u00f3 que a veces las agresiones son impulsadas por personas cercanas a los poderes pol\u00edticos y en otros casos, de sectores que est\u00e1n coludidos con la delincuencia.<\/p>\n<p>Tambi\u00e9n puntualiz\u00f3 que los periodistas o los reporteros no son m\u00e1s importantes que otros ciudadanos que tambi\u00e9n han sido v\u00edctimas de la violencia, \u201csin embargo, por la labor que realizamos\u00a0 y que nos corresponde desarrollar, cuando se agrede o se asesina a un periodista\u00a0 no s\u00f3lo se viola el derecho a la vida del periodista. Tambi\u00e9n como v\u00edctimas directas o indirectas se viola el derecho de la sociedad a ser informada\u201d, puntualiz\u00f3.<\/p>\n<p>Zamora Brise\u00f1o mencion\u00f3 que las agresiones generan un efecto que se multiplica y que contribuye a la censura, \u201ccontribuye a que la sociedad est\u00e9 menos informada\u00a0 sobre lo que est\u00e1 pasando\u201d, expuso el reportero durante la jornada nacional de protesta que se llev\u00f3 a cabo afuera del Palacio de Gobierno en Colima.<\/p>\n<p>En la protesta participaron periodistas de diversos medios de comunicaci\u00f3n, fot\u00f3grafos y camar\u00f3grafos, quienes exigieron justicia y sobre todo, demandaron no ser un n\u00famero m\u00e1s en las estad\u00edsticas oficiales.<\/p>\n<p><a href=\"https:\/\/www.diarioavanzada.com.mx\/?p=29789\">https:\/\/www.diarioavanzada.com.mx\/?p=29789<\/a><\/p>\n","protected":false},"excerpt":{"rendered":"<p>Foto: Diario Avanzada Heidi de Le\u00f3n Guti\u00e9rrez \/ Diario Avanzada Colima, M\u00e9xico, Avanzada (26\/01\/2022).- Periodistas de Colima se unen a la protesta nacional que ayer se realiz\u00f3 por los asesinatos &hellip; <a href=\"http:\/\/www.grieta.org.mx\/index.php\/2022\/01\/26\/periodistas-en-colima-se-suman-a-la-jornada-nacional-de-protesta\/\" class=\"more-link\">Leer m\u00e1s<\/a><\/p>\n","protected":false},"author":2,"featured_media":63206,"comment_status":"closed","ping_status":"closed","sticky":false,"template":"","format":"standard","meta":{"ngg_post_thumbnail":0,"_jetpack_newsletter_access":"","_jetpack_dont_email_post_to_subs":false,"_jetpack_newsletter_tier_id":0,"_jetpack_memberships_contains_paywalled_content":false,"_jetpack_memberships_contains_paid_content":false,"footnotes":""},"categories":[80,13,2,1309,83,88],"tags":[1180,2325,2331],"class_list":["post-63205","post","type-post","status-publish","format-standard","has-post-thumbnail","hentry","category-cintillo","category-colima","category-noticias-nacionales","category-protestas-contra-el-asesinato-de-periodistas","category-temas-nacionales","category-violencia-contra-periodistas","tag-asesinato-de-periodistas","tag-protestas-contra-asesionato-de-periodistas","tag-violencia-conta-periodistas","entry"],"jetpack_featured_media_url":"http:\/\/www.grieta.org.mx\/wp-content\/uploads\/2022\/01\/image-237.png","jetpack_sharing_enabled":true,"jetpack_shortlink":"https:\/\/wp.me\/p7ZJR4-grr","jetpack_likes_enabled":false,"jetpack-related-posts":[{"id":2704,"url":"http:\/\/www.grieta.org.mx\/index.php\/2015\/12\/04\/protesta-de-periodistas-de-colima-contra-la-ley-mordaza\/","url_meta":{"origin":63205,"position":0},"title":"Protesta de periodistas de Colima contra la \u201cLey Mordaza\u201d","author":"grieta","date":"4 diciembre, 2015","format":false,"excerpt":"04\/12\/15. Periodistas en Colima protestan contra la \u201cLey Mordaza\u201dDiario Avanzada","rel":"","context":"En &quot;Colima&quot;","block_context":{"text":"Colima","link":"http:\/\/www.grieta.org.mx\/index.php\/category\/noticias-nacionales\/colima\/"},"img":{"alt_text":"","src":"https:\/\/i0.wp.com\/www.grieta.org.mx\/wp-content\/uploads\/2018\/03\/14524434_1106112876131411_958039263622046936_o.jpg?resize=350%2C200","width":350,"height":200,"srcset":"https:\/\/i0.wp.com\/www.grieta.org.mx\/wp-content\/uploads\/2018\/03\/14524434_1106112876131411_958039263622046936_o.jpg?resize=350%2C200 1x, https:\/\/i0.wp.com\/www.grieta.org.mx\/wp-content\/uploads\/2018\/03\/14524434_1106112876131411_958039263622046936_o.jpg?resize=525%2C300 1.5x, https:\/\/i0.wp.com\/www.grieta.org.mx\/wp-content\/uploads\/2018\/03\/14524434_1106112876131411_958039263622046936_o.jpg?resize=700%2C400 2x"},"classes":[]},{"id":38158,"url":"http:\/\/www.grieta.org.mx\/index.php\/2019\/08\/21\/se-unen-periodistas-colimenses-al-repudio-por-agresiones-y-asesinatos-en-su-contra-colima\/","url_meta":{"origin":63205,"position":1},"title":"Se unen periodistas colimenses al repudio por agresiones y asesinatos en su contra (Colima)","author":"grieta","date":"21 agosto, 2019","format":false,"excerpt":"Foto: El Comentario Redacci\u00f3n \/ El Comentario Un grupo de\u00a0periodistas colimenses, efectuaron una\u00a0manifestaci\u00f3n\u00a0a la entrada del inmueble del\u00a0Palacio\u00a0Legislativo, para unirse a la\u00a0protesta nacional\u00a0organizada para manifestar su repudio en contra de las\u00a0agresiones\u00a0y\u00a0asesinatos\u00a0cometidos en\u00a0contra de periodistas\u00a0y\u00a0comunicadores en el pa\u00eds. El corresponsal del peri\u00f3dico\u00a0La Jornada,\u00a0Juan Carlos Flores Carrillo, se\u00f1al\u00f3 que en lo que\u2026","rel":"","context":"En &quot;CINTILLO&quot;","block_context":{"text":"CINTILLO","link":"http:\/\/www.grieta.org.mx\/index.php\/category\/cintillo\/"},"img":{"alt_text":"","src":"https:\/\/i0.wp.com\/www.grieta.org.mx\/wp-content\/uploads\/2019\/08\/ba020e82d02031c87c793e1e29859f65.jpg?resize=350%2C200","width":350,"height":200,"srcset":"https:\/\/i0.wp.com\/www.grieta.org.mx\/wp-content\/uploads\/2019\/08\/ba020e82d02031c87c793e1e29859f65.jpg?resize=350%2C200 1x, https:\/\/i0.wp.com\/www.grieta.org.mx\/wp-content\/uploads\/2019\/08\/ba020e82d02031c87c793e1e29859f65.jpg?resize=525%2C300 1.5x, https:\/\/i0.wp.com\/www.grieta.org.mx\/wp-content\/uploads\/2019\/08\/ba020e82d02031c87c793e1e29859f65.jpg?resize=700%2C400 2x, https:\/\/i0.wp.com\/www.grieta.org.mx\/wp-content\/uploads\/2019\/08\/ba020e82d02031c87c793e1e29859f65.jpg?resize=1050%2C600 3x"},"classes":[]},{"id":2756,"url":"http:\/\/www.grieta.org.mx\/index.php\/2015\/08\/03\/protestan-en-colima-por-asesinato-de-foto-periodista-y-cuatro-mujeres\/","url_meta":{"origin":63205,"position":2},"title":"Protestan en Colima por asesinato de foto periodista y cuatro mujeres","author":"grieta","date":"3 agosto, 2015","format":false,"excerpt":"Escrito por Heidi de Le\u00f3n Guti\u00e9rrez Colima M\u00e9xico. Avanzada (3 de agosto de 2015).- Periodistas colimenses se unieron a las protestas que a nivel nacional e internacional se han hecho por asesinato del foto periodista Rub\u00e9n Espinosa, y cuatro mujeres, ocurrido en la colonia Narvarte en el Distrito Federal. Los\u2026","rel":"","context":"En &quot;CINTILLO&quot;","block_context":{"text":"CINTILLO","link":"http:\/\/www.grieta.org.mx\/index.php\/category\/cintillo\/"},"img":{"alt_text":"","src":"https:\/\/i0.wp.com\/www.grieta.org.mx\/wp-content\/uploads\/2018\/03\/14524434_1106112876131411_958039263622046936_o.jpg?resize=350%2C200","width":350,"height":200,"srcset":"https:\/\/i0.wp.com\/www.grieta.org.mx\/wp-content\/uploads\/2018\/03\/14524434_1106112876131411_958039263622046936_o.jpg?resize=350%2C200 1x, https:\/\/i0.wp.com\/www.grieta.org.mx\/wp-content\/uploads\/2018\/03\/14524434_1106112876131411_958039263622046936_o.jpg?resize=525%2C300 1.5x, https:\/\/i0.wp.com\/www.grieta.org.mx\/wp-content\/uploads\/2018\/03\/14524434_1106112876131411_958039263622046936_o.jpg?resize=700%2C400 2x"},"classes":[]},{"id":69934,"url":"http:\/\/www.grieta.org.mx\/index.php\/2024\/09\/23\/subanla-periodista-denuncia-agresion-fisica-de-policias-en-colima\/","url_meta":{"origin":63205,"position":3},"title":"\u201c\u00a1S\u00fabanla!\u201d: periodista denuncia agresi\u00f3n f\u00edsica de polic\u00edas en Colima","author":"grieta","date":"23 septiembre, 2024","format":false,"excerpt":"Imagen: Diario Avanzada Redacci\u00f3n \/ Diario Avanzada Colima, M\u00e9xico, Avanzada (23\/09\/2024).- \u00c1ngeles \u00c1valos, reportera de \u201cnota roja\u201d con m\u00e1s de una d\u00e9cada cubriendo la fuente policiaca en Colima, fue agredida por elementos policiales cuando regresaba a su casa tras comprar cigarros la noche de ayer. En un video que comparti\u00f3\u2026","rel":"","context":"En &quot;CINTILLO&quot;","block_context":{"text":"CINTILLO","link":"http:\/\/www.grieta.org.mx\/index.php\/category\/cintillo\/"},"img":{"alt_text":"","src":"https:\/\/i0.wp.com\/www.grieta.org.mx\/wp-content\/uploads\/2024\/10\/img_4656-1.jpg?resize=350%2C200","width":350,"height":200,"srcset":"https:\/\/i0.wp.com\/www.grieta.org.mx\/wp-content\/uploads\/2024\/10\/img_4656-1.jpg?resize=350%2C200 1x, https:\/\/i0.wp.com\/www.grieta.org.mx\/wp-content\/uploads\/2024\/10\/img_4656-1.jpg?resize=525%2C300 1.5x, https:\/\/i0.wp.com\/www.grieta.org.mx\/wp-content\/uploads\/2024\/10\/img_4656-1.jpg?resize=700%2C400 2x"},"classes":[]},{"id":2702,"url":"http:\/\/www.grieta.org.mx\/index.php\/2015\/12\/04\/periodistas-en-colima-protestan-contra-la-ley-mordaza\/","url_meta":{"origin":63205,"position":4},"title":"Periodistas en Colima protestan contra la \u201cLey Mordaza\u201d","author":"grieta","date":"4 diciembre, 2015","format":false,"excerpt":"Diario Avanzada Colima, M\u00e9xico. Avanzada (4 de diciembre de 2015).- Periodistas colimenses protestaron en las instalaciones del Congreso del Estado en contra de la entrada en vigor de la Ley de Derecho de R\u00e9plica por considerar que \u00e9sta representa un retroceso en la Libertad de Expresi\u00f3n. Los periodistas mencionaron que\u2026","rel":"","context":"En &quot;CINTILLO&quot;","block_context":{"text":"CINTILLO","link":"http:\/\/www.grieta.org.mx\/index.php\/category\/cintillo\/"},"img":{"alt_text":"","src":"https:\/\/i0.wp.com\/www.grieta.org.mx\/wp-content\/uploads\/2018\/03\/14524434_1106112876131411_958039263622046936_o.jpg?resize=350%2C200","width":350,"height":200,"srcset":"https:\/\/i0.wp.com\/www.grieta.org.mx\/wp-content\/uploads\/2018\/03\/14524434_1106112876131411_958039263622046936_o.jpg?resize=350%2C200 1x, https:\/\/i0.wp.com\/www.grieta.org.mx\/wp-content\/uploads\/2018\/03\/14524434_1106112876131411_958039263622046936_o.jpg?resize=525%2C300 1.5x, https:\/\/i0.wp.com\/www.grieta.org.mx\/wp-content\/uploads\/2018\/03\/14524434_1106112876131411_958039263622046936_o.jpg?resize=700%2C400 2x"},"classes":[]},{"id":57999,"url":"http:\/\/www.grieta.org.mx\/index.php\/2021\/03\/25\/periodistas-exigen-que-el-iee-cese-arbitrariedades-contra-la-libertad-de-expresion-colima\/","url_meta":{"origin":63205,"position":5},"title":"Periodistas exigen que el IEE cese arbitrariedades contra la libertad de expresi\u00f3n (Colima)","author":"grieta","date":"25 marzo, 2021","format":false,"excerpt":"Foto: Diario Avanzada Redacci\u00f3n \/ Diario Avanzada Colima, M\u00e9xico, Avanzada (25\/03\/2021).- Organizaciones de periodistas de Colima y de M\u00e9xico realizaron una protesta contra el Instituto Electoral del Estado, al que acusaron de realizar actos de censura contra la libertad de expresi\u00f3n, con el pretexto de aplicar la legislaci\u00f3n sobre violencia\u2026","rel":"","context":"En &quot;CINTILLO&quot;","block_context":{"text":"CINTILLO","link":"http:\/\/www.grieta.org.mx\/index.php\/category\/cintillo\/"},"img":{"alt_text":"","src":"https:\/\/i0.wp.com\/www.grieta.org.mx\/wp-content\/uploads\/2021\/03\/4f337cbd-cc85-48fa-a85c-9e93e5801b33-1024x576-1.jpg?resize=350%2C200","width":350,"height":200,"srcset":"https:\/\/i0.wp.com\/www.grieta.org.mx\/wp-content\/uploads\/2021\/03\/4f337cbd-cc85-48fa-a85c-9e93e5801b33-1024x576-1.jpg?resize=350%2C200 1x, https:\/\/i0.wp.com\/www.grieta.org.mx\/wp-content\/uploads\/2021\/03\/4f337cbd-cc85-48fa-a85c-9e93e5801b33-1024x576-1.jpg?resize=525%2C300 1.5x, https:\/\/i0.wp.com\/www.grieta.org.mx\/wp-content\/uploads\/2021\/03\/4f337cbd-cc85-48fa-a85c-9e93e5801b33-1024x576-1.jpg?resize=700%2C400 2x"},"classes":[]}],"_links":{"self":[{"href":"http:\/\/www.grieta.org.mx\/index.php\/wp-json\/wp\/v2\/posts\/63205","targetHints":{"allow":["GET"]}}],"collection":[{"href":"http:\/\/www.grieta.org.mx\/index.php\/wp-json\/wp\/v2\/posts"}],"about":[{"href":"http:\/\/www.grieta.org.mx\/index.php\/wp-json\/wp\/v2\/types\/post"}],"author":[{"embeddable":true,"href":"http:\/\/www.grieta.org.mx\/index.php\/wp-json\/wp\/v2\/users\/2"}],"replies":[{"embeddable":true,"href":"http:\/\/www.grieta.org.mx\/index.php\/wp-json\/wp\/v2\/comments?post=63205"}],"version-history":[{"count":1,"href":"http:\/\/www.grieta.org.mx\/index.php\/wp-json\/wp\/v2\/posts\/63205\/revisions"}],"predecessor-version":[{"id":63207,"href":"http:\/\/www.grieta.org.mx\/index.php\/wp-json\/wp\/v2\/posts\/63205\/revisions\/63207"}],"wp:featuredmedia":[{"embeddable":true,"href":"http:\/\/www.grieta.org.mx\/index.php\/wp-json\/wp\/v2\/media\/63206"}],"wp:attachment":[{"href":"http:\/\/www.grieta.org.mx\/index.php\/wp-json\/wp\/v2\/media?parent=63205"}],"wp:term":[{"taxonomy":"category","embeddable":true,"href":"http:\/\/www.grieta.org.mx\/index.php\/wp-json\/wp\/v2\/categories?post=63205"},{"taxonomy":"post_tag","embeddable":true,"href":"http:\/\/www.grieta.org.mx\/index.php\/wp-json\/wp\/v2\/tags?post=63205"}],"curies":[{"name":"wp","href":"https:\/\/api.w.org\/{rel}","templated":true}]}}