{"id":63202,"date":"2021-12-07T18:01:17","date_gmt":"2021-12-08T00:01:17","guid":{"rendered":"https:\/\/www.grieta.org.mx\/?p=63202"},"modified":"2022-01-29T18:17:53","modified_gmt":"2022-01-30T00:17:53","slug":"niega-semarnat-permiso-para-explotar-mina-en-dolores-hidalgo-guanajuato","status":"publish","type":"post","link":"http:\/\/www.grieta.org.mx\/index.php\/2021\/12\/07\/niega-semarnat-permiso-para-explotar-mina-en-dolores-hidalgo-guanajuato\/","title":{"rendered":"Niega Semarnat permiso para explotar mina en Dolores Hidalgo (Guanajuato)"},"content":{"rendered":"<p>OSCAR REYES. EL SOL DEL BAJ\u00cdO, 07 de diciembre 2021<\/p>\n<p>Celebran integrantes de la Red Mexicana de Afectados por la Miner\u00eda resolutivo federal. <\/p>\n<p>IRAPUATO, Guanajuato. (OEM-Informex). Es oficial: la mina canadiense Argonaut Gold no podr\u00e1 realizar ning\u00fan tipo de explotaci\u00f3n en el Cerro del Gallo, en Dolores Hidalgo, pues la Secretar\u00eda de Medio Ambiente y Recursos Naturales (Semarnat) neg\u00f3 por cuarta ocasi\u00f3n consecutiva la autorizaci\u00f3n de impacto ambiental en la zona.<\/p>\n<p>As\u00ed lo dieron a conocer integrantes de la Red Mexicana de Afectados por la Miner\u00eda, los cuales, a trav\u00e9s de un documento publicado en sus redes sociales, informaron sobre la suspensi\u00f3n definitiva otorgada por la Semarnat, por lo cual celebraron dicha decisi\u00f3n.<\/p>\n<p>\u201cLa Semarnat resolvi\u00f3 negar la autorizaci\u00f3n en materia ambiental solicitada para el proyecto, as\u00ed como archivar el expediente como asunto totalmente concluido, indic\u00e1ndole que no podr\u00e1 realizar ninguna obra o actividad\u201d (sic), se lee en el comunicado dado a conocer por los integrantes de la Red Mexicana de Afectados por la Miner\u00eda.<\/p>\n<p>En dicho documento, los habitantes de Dolores Hidalgo y de la Cuenca de la Independencia se\u00f1alan que a pesar de que la empresa mantiene a salvo su derecho para intentar obtener la autorizaci\u00f3n, la determinaci\u00f3n es clara, pues el proyecto es incompatible con las pol\u00edticas y programas de ordenamiento ecol\u00f3gico de la zona.<\/p>\n<p>\u201cLos diversos instrumentos de Ordenamiento Ecol\u00f3gico del Territorio se\u00f1alan que la pol\u00edtica ambiental de la zona que ser\u00e1 impactada con la operaci\u00f3n del proyecto es de restauraci\u00f3n y aprovechamiento sustentable y tiene como eje rector de desarrollo la agricultura y la preservaci\u00f3n de flora y fauna\u201d (sic).<\/p>\n<p>La decisi\u00f3n definitiva de la Semarnat se da d\u00edas despu\u00e9s de que el presidente Andr\u00e9s Manuel L\u00f3pez Obrador visitara Guanajuato, en donde dijo que no habr\u00eda nuevas concesiones para explotaci\u00f3n minera en el pa\u00eds, con lo cual terminaba con toda posibilidad para los trabajos pretendidos por Argonaut Gold en el Cerro del Gallo, en Dolores Hidalgo.<\/p>\n<p>\u201cYa hay una pol\u00edtica definida muy clara y no van a haber nuevas concesiones para la explotaci\u00f3n minera\u201d, dijo el presidente Andr\u00e9s Manuel L\u00f3pez Obrador, pues se\u00f1al\u00f3 que \u201cya se entregaron much\u00edsimas (\u2026) y realmente lo que est\u00e1n explotando es muy poco\u201d.<\/p>\n<p>Tambi\u00e9n la resoluci\u00f3n se da despu\u00e9s de que el pasado 21 de noviembre, integrantes del colectivo Guardianes de la Cuenca de la Independencia se manifestaron por las calles de Dolores Hidalgo para oponerse a la intenci\u00f3n de la minera canadiense Argonaut Gold de explotar el Cerro del Gallo, en la comunidad de San Anton de las Minas.<\/p>\n<p>En aquella ocasi\u00f3n, los integrantes del colectivo Guardianes de la Cuenca de la Independencia denunciaron que la empresa canadiense Argonaut Gold hab\u00eda comenzado a tramitar los permisos para explotar el Cerro del Gallo, con el objeto de extraer oro, ante lo cual dijeron que se opondr\u00e1n en todo momento.<\/p>\n<p><strong>Piden que Dolores sea territorio libre de miner\u00eda<\/strong><\/p>\n<p>La Red Mexicana de Afectados por la Miner\u00eda exhort\u00f3 al gobierno municipal de Dolores Hidalgo, encabezado por Adri\u00e1n Hern\u00e1ndez Alejandri, a que cumpla con su compromiso realizado el pasado 17 de mayo, cuando a\u00fan era candidato, de hacer de este municipio un territorio libre de miner\u00eda.<\/p>\n<p>\u201cExhortamos firmemente a las autoridades municipales a prohibir de manera definitiva el otorgamiento de permisos de uso de suelo a megaproyectos mineros, mediante el Acuerdo del Ayuntamiento para declarar al Territorio de Dolores Hidalgo como Libre de Miner\u00eda, blindando al municipio, a sus bienes comunes naturales y a su gente, contra este tipo de proyectos depredadores, y que \u00e9ste sea el primer municipio de la Cuenca de la Independencia en blindarse\u201d (sic).<\/p>\n<p><a href=\"https:\/\/www.inforural.com.mx\/niega-semarnat-permiso-para-explotar-mina-en-dolores-hidalgo\/\">https:\/\/www.inforural.com.mx\/niega-semarnat-permiso-para-explotar-mina-en-dolores-hidalgo\/<\/a><\/p>\n","protected":false},"excerpt":{"rendered":"<p>OSCAR REYES. EL SOL DEL BAJ\u00cdO, 07 de diciembre 2021 Celebran integrantes de la Red Mexicana de Afectados por la Miner\u00eda resolutivo federal. IRAPUATO, Guanajuato. (OEM-Informex). Es oficial: la mina &hellip; <a href=\"http:\/\/www.grieta.org.mx\/index.php\/2021\/12\/07\/niega-semarnat-permiso-para-explotar-mina-en-dolores-hidalgo-guanajuato\/\" class=\"more-link\">Leer m\u00e1s<\/a><\/p>\n","protected":false},"author":2,"featured_media":63203,"comment_status":"closed","ping_status":"closed","sticky":false,"template":"","format":"standard","meta":{"ngg_post_thumbnail":0,"_jetpack_newsletter_access":"","_jetpack_dont_email_post_to_subs":false,"_jetpack_newsletter_tier_id":0,"_jetpack_memberships_contains_paywalled_content":false,"_jetpack_memberships_contains_paid_content":false,"footnotes":""},"categories":[80,1776,2746,17,2751],"tags":[2216,1178,2846,3149,874,461],"class_list":["post-63202","post","type-post","status-publish","format-standard","has-post-thumbnail","hentry","category-cintillo","category-despojo-de-tierras-y-territorio-en-guanajuato","category-destruccion-de-la-naturaleza-en-guanajuato","category-guanajuato","category-resistencia-contra-mineras-en-guanajuato","tag-conflictos-por-mineria","tag-destruccion-de-la-naturaleza","tag-lucha-contra-la-mineria","tag-lucha-contra-mineras","tag-mineras-canadienses","tag-resistencia","entry"],"jetpack_featured_media_url":"http:\/\/www.grieta.org.mx\/wp-content\/uploads\/2022\/01\/En-todo-momento-660x330-1.jpg","jetpack_sharing_enabled":true,"jetpack_shortlink":"https:\/\/wp.me\/p7ZJR4-gro","jetpack_likes_enabled":false,"jetpack-related-posts":[{"id":52689,"url":"http:\/\/www.grieta.org.mx\/index.php\/2020\/07\/22\/manifestacion-virtual-no-a-la-mina-en-dolores-hidalgo-guanajuato\/","url_meta":{"origin":63202,"position":0},"title":"Manifestaci\u00f3n Virtual \u201cNo a la Mina\u201d En Dolores Hidalgo  (Guanajuato)","author":"grieta","date":"22 julio, 2020","format":false,"excerpt":"En conmemoraci\u00f3n del \u201cDia Mundial Contra la Miner\u00eda a Cielo Abierto\u201d, activistas se manifestaron virtualmente para reiterar su inconformidad por la pretensi\u00f3n de explotaci\u00f3n que tiene la minera canadiense Argonaut Gold, sobre la mina en el Cerro Del Gallo, en la comunidad de San Ant\u00f3n de las minas, en Dolores\u2026","rel":"","context":"En &quot;CINTILLO&quot;","block_context":{"text":"CINTILLO","link":"http:\/\/www.grieta.org.mx\/index.php\/category\/cintillo\/"},"img":{"alt_text":"","src":"https:\/\/i0.wp.com\/www.grieta.org.mx\/wp-content\/uploads\/2020\/08\/0p.jpg?resize=350%2C200","width":350,"height":200,"srcset":"https:\/\/i0.wp.com\/www.grieta.org.mx\/wp-content\/uploads\/2020\/08\/0p.jpg?resize=350%2C200 1x, https:\/\/i0.wp.com\/www.grieta.org.mx\/wp-content\/uploads\/2020\/08\/0p.jpg?resize=525%2C300 1.5x, https:\/\/i0.wp.com\/www.grieta.org.mx\/wp-content\/uploads\/2020\/08\/0p.jpg?resize=700%2C400 2x, https:\/\/i0.wp.com\/www.grieta.org.mx\/wp-content\/uploads\/2020\/08\/0p.jpg?resize=1050%2C600 3x"},"classes":[]},{"id":62877,"url":"http:\/\/www.grieta.org.mx\/index.php\/2021\/11\/10\/con-marcha-retoman-lucha-contra-mina-a-cielo-abierto-en-dolores-hidalgo-guanajuato\/","url_meta":{"origin":63202,"position":1},"title":"Con marcha, retoman lucha contra mina a cielo abierto en Dolores Hidalgo (Guanajuato)","author":"grieta","date":"10 noviembre, 2021","format":false,"excerpt":"por Alfonsina Avila noviembre 10, 2021, Zona Franca Guanajuato. Organizaciones y ciudadanos convocan a una manifestaci\u00f3n para el 21 de noviembre para defender el territorio y evitar la instalaci\u00f3n de una mina a cielo abierto en el Cerro del Gallo, en Dolores Hidalgo, por parte de la empresa canadiense Argonaut\u2026","rel":"","context":"En &quot;CINTILLO&quot;","block_context":{"text":"CINTILLO","link":"http:\/\/www.grieta.org.mx\/index.php\/category\/cintillo\/"},"img":{"alt_text":"","src":"https:\/\/i0.wp.com\/www.grieta.org.mx\/wp-content\/uploads\/2021\/11\/unnamed-3-5.png?resize=350%2C200","width":350,"height":200},"classes":[]},{"id":41521,"url":"http:\/\/www.grieta.org.mx\/index.php\/2019\/11\/24\/advierten-crisis-hidrica-en-dolores-hidalgo-si-se-explota-mina-en-el-cerro-del-gallo-guanajuato\/","url_meta":{"origin":63202,"position":2},"title":"Advierten crisis h\u00eddrica en Dolores Hidalgo si se explota mina en el Cerro del Gallo (Guanajuato","author":"grieta","date":"24 noviembre, 2019","format":false,"excerpt":"En el conversatorio \u201cAgua y miner\u00eda\u201d realizado la tarde de este s\u00e1bado en el Museo Bicentenario, se habl\u00f3 sobre el problema existente del agua en la Cuenca de la Independencia, as\u00ed como aun la gran afectaci\u00f3n que sufrir\u00edan los pobladores si se llega a implementar la explotaci\u00f3n de la mina\u2026","rel":"","context":"En &quot;CINTILLO&quot;","block_context":{"text":"CINTILLO","link":"http:\/\/www.grieta.org.mx\/index.php\/category\/cintillo\/"},"img":{"alt_text":"","src":"https:\/\/i0.wp.com\/www.grieta.org.mx\/wp-content\/uploads\/2019\/11\/cerritodelgallo2-focus-0-0-983-557.jpg?resize=350%2C200","width":350,"height":200,"srcset":"https:\/\/i0.wp.com\/www.grieta.org.mx\/wp-content\/uploads\/2019\/11\/cerritodelgallo2-focus-0-0-983-557.jpg?resize=350%2C200 1x, https:\/\/i0.wp.com\/www.grieta.org.mx\/wp-content\/uploads\/2019\/11\/cerritodelgallo2-focus-0-0-983-557.jpg?resize=525%2C300 1.5x, https:\/\/i0.wp.com\/www.grieta.org.mx\/wp-content\/uploads\/2019\/11\/cerritodelgallo2-focus-0-0-983-557.jpg?resize=700%2C400 2x"},"classes":[]},{"id":41518,"url":"http:\/\/www.grieta.org.mx\/index.php\/2019\/11\/21\/preparan-conversatorio-en-dolores-hidalgo-agua-y-mineria-guanajuato\/","url_meta":{"origin":63202,"position":3},"title":"Preparan conversatorio en Dolores Hidalgo \u201cAgua y Miner\u00eda\u201d (Guanajuato)","author":"grieta","date":"21 noviembre, 2019","format":false,"excerpt":"La Coalici\u00f3n en Defensa de la Cuenca de la Independencia CODECIN, Centro de Desarrollo Agropecuario A.C. CEDESA y el Colectivo Guardianes de la Cuenca convocan al conversatorio \u201cAgua y Miner\u00eda\u201d este s\u00e1bado 23 de Noviembre en el museo Bicentenario. Zona Franca, 21 de noviembre de 2019 Dolores Hidalgo Gto. Activistas\u2026","rel":"","context":"En &quot;CINTILLO&quot;","block_context":{"text":"CINTILLO","link":"http:\/\/www.grieta.org.mx\/index.php\/category\/cintillo\/"},"img":{"alt_text":"","src":"https:\/\/i0.wp.com\/www.grieta.org.mx\/wp-content\/uploads\/2019\/11\/h0.jpeg?resize=350%2C200","width":350,"height":200,"srcset":"https:\/\/i0.wp.com\/www.grieta.org.mx\/wp-content\/uploads\/2019\/11\/h0.jpeg?resize=350%2C200 1x, https:\/\/i0.wp.com\/www.grieta.org.mx\/wp-content\/uploads\/2019\/11\/h0.jpeg?resize=525%2C300 1.5x, https:\/\/i0.wp.com\/www.grieta.org.mx\/wp-content\/uploads\/2019\/11\/h0.jpeg?resize=700%2C400 2x"},"classes":[]},{"id":62885,"url":"http:\/\/www.grieta.org.mx\/index.php\/2021\/11\/23\/marchan-por-alejar-de-dolores-hidalgo-el-proyecto-de-mina-a-cielo-abierto-guanajuato\/","url_meta":{"origin":63202,"position":4},"title":"Marchan por alejar de Dolores Hidalgo el proyecto de mina a cielo abierto (Guanajuato)","author":"grieta","date":"23 noviembre, 2021","format":false,"excerpt":"Mil personas realizan protesta pac\u00edfica en defensa de la Cuenca de la Independencia, sus recursos, su industria, y la salud y la vida de sus m\u00e1s de 600 mil habitantes POPLab, 23 de nov. 2021, Con informaci\u00f3n de Martha Silva. Fotos: Alonso Merino Lubetzky El Movimiento Social Contra la Miner\u00eda\u2026","rel":"","context":"En &quot;CINTILLO&quot;","block_context":{"text":"CINTILLO","link":"http:\/\/www.grieta.org.mx\/index.php\/category\/cintillo\/"},"img":{"alt_text":"","src":"https:\/\/i0.wp.com\/www.grieta.org.mx\/wp-content\/uploads\/2021\/12\/DH43-scaled.jpg?resize=350%2C200","width":350,"height":200,"srcset":"https:\/\/i0.wp.com\/www.grieta.org.mx\/wp-content\/uploads\/2021\/12\/DH43-scaled.jpg?resize=350%2C200 1x, https:\/\/i0.wp.com\/www.grieta.org.mx\/wp-content\/uploads\/2021\/12\/DH43-scaled.jpg?resize=525%2C300 1.5x, https:\/\/i0.wp.com\/www.grieta.org.mx\/wp-content\/uploads\/2021\/12\/DH43-scaled.jpg?resize=700%2C400 2x, https:\/\/i0.wp.com\/www.grieta.org.mx\/wp-content\/uploads\/2021\/12\/DH43-scaled.jpg?resize=1050%2C600 3x, https:\/\/i0.wp.com\/www.grieta.org.mx\/wp-content\/uploads\/2021\/12\/DH43-scaled.jpg?resize=1400%2C800 4x"},"classes":[]},{"id":67975,"url":"http:\/\/www.grieta.org.mx\/index.php\/2023\/07\/18\/agrupaciones-protestan-contra-explotacion-del-cerro-del-gallo-en-dolores-hidalgo-por-minera-canadiense-guanajuato\/","url_meta":{"origin":63202,"position":5},"title":"Agrupaciones protestan contra explotaci\u00f3n del cerro del Gallo en Dolores Hidalgo por minera canadiense (Guanajuato)","author":"grieta","date":"18 julio, 2023","format":false,"excerpt":"Roberto L\u00f3pez Martes, Peri\u00f3dico Correo, 18 Julio, 2023 Dolores Hidalgo, Guanajuato.- A prop\u00f3sito del d\u00eda mundial contra la miner\u00eda a cielo abierto, el pr\u00f3ximo 22 de julio, tres agrupaciones se reunieron para dar a conocer que se mantienen en lucha contra la explotaci\u00f3n del cerro del Gallo, en San Ant\u00f3n\u2026","rel":"","context":"En &quot;CINTILLO&quot;","block_context":{"text":"CINTILLO","link":"http:\/\/www.grieta.org.mx\/index.php\/category\/cintillo\/"},"img":{"alt_text":"","src":"https:\/\/i0.wp.com\/www.grieta.org.mx\/wp-content\/uploads\/2023\/10\/cerro-610432957.jpg?resize=350%2C200","width":350,"height":200,"srcset":"https:\/\/i0.wp.com\/www.grieta.org.mx\/wp-content\/uploads\/2023\/10\/cerro-610432957.jpg?resize=350%2C200 1x, https:\/\/i0.wp.com\/www.grieta.org.mx\/wp-content\/uploads\/2023\/10\/cerro-610432957.jpg?resize=525%2C300 1.5x, https:\/\/i0.wp.com\/www.grieta.org.mx\/wp-content\/uploads\/2023\/10\/cerro-610432957.jpg?resize=700%2C400 2x, https:\/\/i0.wp.com\/www.grieta.org.mx\/wp-content\/uploads\/2023\/10\/cerro-610432957.jpg?resize=1050%2C600 3x"},"classes":[]}],"_links":{"self":[{"href":"http:\/\/www.grieta.org.mx\/index.php\/wp-json\/wp\/v2\/posts\/63202","targetHints":{"allow":["GET"]}}],"collection":[{"href":"http:\/\/www.grieta.org.mx\/index.php\/wp-json\/wp\/v2\/posts"}],"about":[{"href":"http:\/\/www.grieta.org.mx\/index.php\/wp-json\/wp\/v2\/types\/post"}],"author":[{"embeddable":true,"href":"http:\/\/www.grieta.org.mx\/index.php\/wp-json\/wp\/v2\/users\/2"}],"replies":[{"embeddable":true,"href":"http:\/\/www.grieta.org.mx\/index.php\/wp-json\/wp\/v2\/comments?post=63202"}],"version-history":[{"count":1,"href":"http:\/\/www.grieta.org.mx\/index.php\/wp-json\/wp\/v2\/posts\/63202\/revisions"}],"predecessor-version":[{"id":63204,"href":"http:\/\/www.grieta.org.mx\/index.php\/wp-json\/wp\/v2\/posts\/63202\/revisions\/63204"}],"wp:featuredmedia":[{"embeddable":true,"href":"http:\/\/www.grieta.org.mx\/index.php\/wp-json\/wp\/v2\/media\/63203"}],"wp:attachment":[{"href":"http:\/\/www.grieta.org.mx\/index.php\/wp-json\/wp\/v2\/media?parent=63202"}],"wp:term":[{"taxonomy":"category","embeddable":true,"href":"http:\/\/www.grieta.org.mx\/index.php\/wp-json\/wp\/v2\/categories?post=63202"},{"taxonomy":"post_tag","embeddable":true,"href":"http:\/\/www.grieta.org.mx\/index.php\/wp-json\/wp\/v2\/tags?post=63202"}],"curies":[{"name":"wp","href":"https:\/\/api.w.org\/{rel}","templated":true}]}}