{"id":63200,"date":"2021-12-09T17:54:39","date_gmt":"2021-12-09T23:54:39","guid":{"rendered":"https:\/\/www.grieta.org.mx\/?p=63200"},"modified":"2022-01-29T18:01:12","modified_gmt":"2022-01-30T00:01:12","slug":"don-roberto-10-anos-de-resistencia-en-salaverna-en-su-pelea-contra-slim-zacatecas","status":"publish","type":"post","link":"http:\/\/www.grieta.org.mx\/index.php\/2021\/12\/09\/don-roberto-10-anos-de-resistencia-en-salaverna-en-su-pelea-contra-slim-zacatecas\/","title":{"rendered":"Don Roberto; 10 a\u00f1os de resistencia en Salaverna en su pelea contra Slim (Zacatecas)"},"content":{"rendered":"<p>Redacci\u00f3n La Vanguadia, Coahuila \/ 9 diciembre 2021 <\/p>\n<p>Narra c\u00f3mo un pueblo fue desaparecido por empresa minera<\/p>\n<p>Los habitantes del pueblo Salaverna, en el norte de Zacatecas, fueron desalojados por una empresa minera operada por Grupo Frisco, propiedad de Carlos Slim Hel\u00fa, en colaboraci\u00f3n con autoridades locales y estatales; la comunidad fue demolida: casas con muebles, escuelas con material educativo, iglesia, salones ejidales, pero uno de los pocos habitantes, Roberto de la Rosa, continu\u00f3 la lucha por recuperar su tierra pese a los riesgos y amenazas.<\/p>\n<p>\u201cDejar de pelear es darles la raz\u00f3n y es empezar a morir yo, con el puro pensamiento de que no hice lo correcto, ya eso ser\u00eda como enfermarme, entonces prefiero vivir sufriendo las injusticias, a darles entender que ellos tienen la raz\u00f3n\u201d, dijo el campesino De la Rosa D\u00e1vila durante la conferencia \u201cHistoria de resistencia en Salaverna\u201d, en la Facultad de Ciencias Sociales de la Universidad Aut\u00f3noma de Coahuila (UAdeC) en Saltillo.<\/p>\n<p>El poblador de 69 a\u00f1os enfrenta 2 procesos judiciales por intentar frenar los trabajos que destruyeron su casa y las de otras familias, por intentar pasar a la comunidad que ya fue cercada con malla y alambre de p\u00faas, y por defender la naturaleza ante una de las actividades que m\u00e1s da\u00f1os causan al medio ambiente.<\/p>\n<p>\u201cNo sabemos cu\u00e1ndo podamos acceder a nuestra casa, a lo que queda de nuestra casa\u201d, coment\u00f3.<\/p>\n<p>Este mi\u00e9rcoles, Roberto de la Rosa narr\u00f3 la problem\u00e1tica que enfrent\u00f3 su comunidad, como los enga\u00f1os, amenazas y fuerza por parte de la empresa minera y las autoridades locales y estatales.<\/p>\n<p>Por ejemplo, se\u00f1al\u00f3 que las escrituras que mostraban los de la empresa no correspond\u00edan con el pol\u00edgono de la comunidad Salaverna, a los habitantes se les ofrec\u00eda una cantidad monetaria para mudarse, que luego no recibieron completa.<\/p>\n<p>Adem\u00e1s el grupo minero coment\u00f3 que hab\u00eda una falla geol\u00f3gica debajo del poblado, pero emprendi\u00f3 una mina a cielo abierto.<\/p>\n<p>El campesino Roberto de la Rosa describi\u00f3 los da\u00f1os que este tipo de miner\u00eda genera al medio ambiente, como estr\u00e9s h\u00eddrico, contaminaci\u00f3n de los mantos acu\u00edferos y del aire, as\u00ed como da\u00f1os severos a la salud.<\/p>\n<p>\u201cLa miner\u00eda actualmente es una actividad depredadora, acaba con todo, con todas formas de vida, empieza rompiendo el tejido social para poder entrar, compra comisariados ejidales, delegados municipales\u201d, se\u00f1al\u00f3.<\/p>\n<p>Roberto de la Rosa enfrenta una audiencia este viernes y dese\u00f3 que esta vez el juez sea una persona consciente y aplique la justicia, pues las autoridades han concedido tratos preferentes a los empresarios, mientras los pobladores han sido criminalizados, perseguidos y amenazados.<\/p>\n<p>\u201cEs muy fuerte lo que pasamos por resistir, pero no queda de otra\u201d, refrend\u00f3.<\/p>\n<p><a href=\"https:\/\/vanguardia.com.mx\/coahuila\/don-roberto-10-anos-de-resistencia-en-salaverna-en-su-pelea-contra-slim-LA1301269\">https:\/\/vanguardia.com.mx\/coahuila\/don-roberto-10-anos-de-resistencia-en-salaverna-en-su-pelea-contra-slim-LA1301269<\/a><\/p>\n","protected":false},"excerpt":{"rendered":"<p>Redacci\u00f3n La Vanguadia, Coahuila \/ 9 diciembre 2021 Narra c\u00f3mo un pueblo fue desaparecido por empresa minera Los habitantes del pueblo Salaverna, en el norte de Zacatecas, fueron desalojados por &hellip; <a href=\"http:\/\/www.grieta.org.mx\/index.php\/2021\/12\/09\/don-roberto-10-anos-de-resistencia-en-salaverna-en-su-pelea-contra-slim-zacatecas\/\" class=\"more-link\">Leer m\u00e1s<\/a><\/p>\n","protected":false},"author":2,"featured_media":21928,"comment_status":"closed","ping_status":"closed","sticky":false,"template":"","format":"standard","meta":{"ngg_post_thumbnail":0,"_jetpack_newsletter_access":"","_jetpack_dont_email_post_to_subs":false,"_jetpack_newsletter_tier_id":0,"_jetpack_memberships_contains_paywalled_content":false,"_jetpack_memberships_contains_paid_content":false,"footnotes":""},"categories":[80,1973,1505,1278,2930,1974,1866,3716,3864,76],"tags":[2967,2216,2311,2846,3149,2230,461],"class_list":["post-63200","post","type-post","status-publish","format-standard","has-post-thumbnail","hentry","category-cintillo","category-conflictos-mineros-en-zacatecas","category-danos-ambientales-y-a-la-salud-por-mineria-en-zacatecas","category-despojo-de-tierras-y-territorios","category-despojo-de-tierras-y-territorios-en-zacatecas","category-despojo-en-el-municipio-de-mazapil","category-resistencia-contra-la-mineria-en-zacatecas","category-resistencias-en-zacatecas","category-zacatecas-2","category-zacatecas","tag-afectaciones-por-mineria","tag-conflictos-por-mineria","tag-despojo-de-tierras","tag-lucha-contra-la-mineria","tag-lucha-contra-mineras","tag-proyectos-mineros","tag-resistencia","entry"],"jetpack_featured_media_url":"http:\/\/www.grieta.org.mx\/wp-content\/uploads\/2018\/03\/14524434_1106112876131411_958039263622046936_o.jpg","jetpack_sharing_enabled":true,"jetpack_shortlink":"https:\/\/wp.me\/p7ZJR4-grm","jetpack_likes_enabled":false,"jetpack-related-posts":[{"id":63198,"url":"http:\/\/www.grieta.org.mx\/index.php\/2022\/01\/02\/defiende-ocmal-a-lideres-de-salaverna-zacatecas\/","url_meta":{"origin":63200,"position":0},"title":"Defiende OCMAL a l\u00edderes de Salaverna (Zacatecas)","author":"grieta","date":"2 enero, 2022","format":false,"excerpt":"domingo, 2 de enero de 2022 KAREN CALDER\u00d3N | NTRZACATECAS.COM La Red del Observatorio de Conflictos Mineros de Am\u00e9rica Latina (OCMAL), a trav\u00e9s de un comunicado, solicit\u00f3 al presidente de la Rep\u00fablica Mexicana, Andr\u00e9s Manuel L\u00f3pez Obrador, y al gobernador del estado, David Monreal \u00c1vila, poner un alto a la\u2026","rel":"","context":"En &quot;CINTILLO&quot;","block_context":{"text":"CINTILLO","link":"http:\/\/www.grieta.org.mx\/index.php\/category\/cintillo\/"},"img":{"alt_text":"","src":"https:\/\/i0.wp.com\/www.grieta.org.mx\/wp-content\/uploads\/2018\/03\/14524434_1106112876131411_958039263622046936_o.jpg?resize=350%2C200","width":350,"height":200,"srcset":"https:\/\/i0.wp.com\/www.grieta.org.mx\/wp-content\/uploads\/2018\/03\/14524434_1106112876131411_958039263622046936_o.jpg?resize=350%2C200 1x, https:\/\/i0.wp.com\/www.grieta.org.mx\/wp-content\/uploads\/2018\/03\/14524434_1106112876131411_958039263622046936_o.jpg?resize=525%2C300 1.5x, https:\/\/i0.wp.com\/www.grieta.org.mx\/wp-content\/uploads\/2018\/03\/14524434_1106112876131411_958039263622046936_o.jpg?resize=700%2C400 2x"},"classes":[]},{"id":56371,"url":"http:\/\/www.grieta.org.mx\/index.php\/2020\/11\/24\/rema-celebra-12-anos-de-resistencia-del-pueblo-de-salaverna-contra-la-mineria-zacatecas\/","url_meta":{"origin":63200,"position":1},"title":"Rema celebra 12 a\u00f1os de resistencia del pueblo de Salaverna contra la miner\u00eda (Zacatecas)","author":"grieta","date":"24 noviembre, 2020","format":false,"excerpt":"Autor: Jordana Gonzalez \/Contralinea, 24 de noviembre de 2020 La Red Mexicana de Afectados por la Miner\u00eda (Rema) celebr\u00f3 los 12 a\u00f1os de resistencia del pueblo de Salaverna \u2013en Mazapil, Zacatecas\u2013 contra el proyecto minero de Frisco, propiedad del empresario Carlos Slim. La comunidad contin\u00faa luchando para que la empresa\u2026","rel":"","context":"En &quot;CINTILLO&quot;","block_context":{"text":"CINTILLO","link":"http:\/\/www.grieta.org.mx\/index.php\/category\/cintillo\/"},"img":{"alt_text":"","src":"https:\/\/i0.wp.com\/www.grieta.org.mx\/wp-content\/uploads\/2021\/01\/adolfo-vladimir.jpg?resize=350%2C200","width":350,"height":200,"srcset":"https:\/\/i0.wp.com\/www.grieta.org.mx\/wp-content\/uploads\/2021\/01\/adolfo-vladimir.jpg?resize=350%2C200 1x, https:\/\/i0.wp.com\/www.grieta.org.mx\/wp-content\/uploads\/2021\/01\/adolfo-vladimir.jpg?resize=525%2C300 1.5x"},"classes":[]},{"id":56058,"url":"http:\/\/www.grieta.org.mx\/index.php\/2020\/12\/26\/acusan-contubernio-de-municipio-con-empresa-minera-zacatecas\/","url_meta":{"origin":63200,"position":2},"title":"Acusan contubernio de Municipio con empresa minera (Zacatecas)","author":"grieta","date":"26 diciembre, 2020","format":false,"excerpt":"MIRIAM SERRANO \/ NTRZACATECAS.COM, 26 de diciembre de 2020 MAZAPIL. Roberto de la Rosa D\u00e1vila, l\u00edder comunitario de Salaverna, denunci\u00f3 que existe contubernio entre el presidente municipal, Gregorio Mac\u00edas Z\u00fa\u00f1iga, y directivos de la empresa minera Frisco-Tayahua, de Carlos Slim, al violar los derechos humanos de los habitantes del municipio.\u2026","rel":"","context":"En &quot;CINTILLO&quot;","block_context":{"text":"CINTILLO","link":"http:\/\/www.grieta.org.mx\/index.php\/category\/cintillo\/"},"img":{"alt_text":"","src":"https:\/\/i0.wp.com\/www.grieta.org.mx\/wp-content\/uploads\/2020\/12\/mazapil-1.jpg?resize=350%2C200","width":350,"height":200,"srcset":"https:\/\/i0.wp.com\/www.grieta.org.mx\/wp-content\/uploads\/2020\/12\/mazapil-1.jpg?resize=350%2C200 1x, https:\/\/i0.wp.com\/www.grieta.org.mx\/wp-content\/uploads\/2020\/12\/mazapil-1.jpg?resize=525%2C300 1.5x, https:\/\/i0.wp.com\/www.grieta.org.mx\/wp-content\/uploads\/2020\/12\/mazapil-1.jpg?resize=700%2C400 2x"},"classes":[]},{"id":38782,"url":"http:\/\/www.grieta.org.mx\/index.php\/2019\/09\/03\/rema-interpone-nuevo-juicio-zacatecas\/","url_meta":{"origin":63200,"position":3},"title":"REMA interpone nuevo juicio (Zacatecas)","author":"grieta","date":"3 septiembre, 2019","format":false,"excerpt":"Silvia Alvarado \/ NTR Zacatecas, 03 de septiembre de 2019 La Red Mexicana de Afectados por la Miner\u00eda (REMA) inform\u00f3 que fue interpuesto ante el Tribunal Unitario Agrario, el segundo juicio de nulidad del acta de asamblea realizada el 14 de octubre de 218 en El Potrero, en el que\u2026","rel":"","context":"En &quot;CINTILLO&quot;","block_context":{"text":"CINTILLO","link":"http:\/\/www.grieta.org.mx\/index.php\/category\/cintillo\/"},"img":{"alt_text":"","src":"https:\/\/i0.wp.com\/www.grieta.org.mx\/wp-content\/uploads\/2019\/09\/rema-1.jpeg?resize=350%2C200","width":350,"height":200,"srcset":"https:\/\/i0.wp.com\/www.grieta.org.mx\/wp-content\/uploads\/2019\/09\/rema-1.jpeg?resize=350%2C200 1x, https:\/\/i0.wp.com\/www.grieta.org.mx\/wp-content\/uploads\/2019\/09\/rema-1.jpeg?resize=525%2C300 1.5x, https:\/\/i0.wp.com\/www.grieta.org.mx\/wp-content\/uploads\/2019\/09\/rema-1.jpeg?resize=700%2C400 2x"},"classes":[]},{"id":43062,"url":"http:\/\/www.grieta.org.mx\/index.php\/2020\/01\/13\/ratifican-ejidatarios-rechazo-a-presa-milpillas-zacatecas\/","url_meta":{"origin":63200,"position":4},"title":"Ratifican ejidatarios rechazo a presa Milpillas (Zacatecas)","author":"grieta","date":"13 enero, 2020","format":false,"excerpt":"MIRIAM SERRANO\/ NTR Zacatecas, 13 de enero de 2020 JIM\u00c9NEZ DEL TE\u00daL.- Luego de que el pasado 4 enero se llev\u00f3 a cabo una asamblea en el Ejido Atotonilco, se inform\u00f3 que ejidatarios de esta localidad y de El Potrero de manera un\u00e1nime ratificaron su rechazo a la autorizaci\u00f3n de\u2026","rel":"","context":"En &quot;CINTILLO&quot;","block_context":{"text":"CINTILLO","link":"http:\/\/www.grieta.org.mx\/index.php\/category\/cintillo\/"},"img":{"alt_text":"","src":"https:\/\/i0.wp.com\/www.grieta.org.mx\/wp-content\/uploads\/2018\/03\/14524434_1106112876131411_958039263622046936_o.jpg?resize=350%2C200","width":350,"height":200,"srcset":"https:\/\/i0.wp.com\/www.grieta.org.mx\/wp-content\/uploads\/2018\/03\/14524434_1106112876131411_958039263622046936_o.jpg?resize=350%2C200 1x, https:\/\/i0.wp.com\/www.grieta.org.mx\/wp-content\/uploads\/2018\/03\/14524434_1106112876131411_958039263622046936_o.jpg?resize=525%2C300 1.5x, https:\/\/i0.wp.com\/www.grieta.org.mx\/wp-content\/uploads\/2018\/03\/14524434_1106112876131411_958039263622046936_o.jpg?resize=700%2C400 2x"},"classes":[]},{"id":51837,"url":"http:\/\/www.grieta.org.mx\/index.php\/2020\/05\/19\/habitantes-de-salaverna-denuncian-penalmente-a-carlos-slim\/","url_meta":{"origin":63200,"position":5},"title":"Habitantes de Salaverna denuncian penalmente a Carlos Slim (Zacatecas)","author":"grieta","date":"19 mayo, 2020","format":false,"excerpt":"Juan Castro \/ El Sol de Zacatecas, 19 de mayo de 2020 Roberto de la Rosa D\u00e1vila, delegado municipal de Salaverna, inform\u00f3 que han interpuesto una denuncia penal en contra de la empresa minera Ocampo Minning Tayahua, y de su propietario, Carlos Slim Hel\u00fa, por los da\u00f1os ocasionados a las\u2026","rel":"","context":"En &quot;CINTILLO&quot;","block_context":{"text":"CINTILLO","link":"http:\/\/www.grieta.org.mx\/index.php\/category\/cintillo\/"},"img":{"alt_text":"","src":"https:\/\/i0.wp.com\/www.grieta.org.mx\/wp-content\/uploads\/2020\/07\/2020190506.jpg?resize=350%2C200","width":350,"height":200,"srcset":"https:\/\/i0.wp.com\/www.grieta.org.mx\/wp-content\/uploads\/2020\/07\/2020190506.jpg?resize=350%2C200 1x, https:\/\/i0.wp.com\/www.grieta.org.mx\/wp-content\/uploads\/2020\/07\/2020190506.jpg?resize=525%2C300 1.5x, https:\/\/i0.wp.com\/www.grieta.org.mx\/wp-content\/uploads\/2020\/07\/2020190506.jpg?resize=700%2C400 2x"},"classes":[]}],"_links":{"self":[{"href":"http:\/\/www.grieta.org.mx\/index.php\/wp-json\/wp\/v2\/posts\/63200","targetHints":{"allow":["GET"]}}],"collection":[{"href":"http:\/\/www.grieta.org.mx\/index.php\/wp-json\/wp\/v2\/posts"}],"about":[{"href":"http:\/\/www.grieta.org.mx\/index.php\/wp-json\/wp\/v2\/types\/post"}],"author":[{"embeddable":true,"href":"http:\/\/www.grieta.org.mx\/index.php\/wp-json\/wp\/v2\/users\/2"}],"replies":[{"embeddable":true,"href":"http:\/\/www.grieta.org.mx\/index.php\/wp-json\/wp\/v2\/comments?post=63200"}],"version-history":[{"count":1,"href":"http:\/\/www.grieta.org.mx\/index.php\/wp-json\/wp\/v2\/posts\/63200\/revisions"}],"predecessor-version":[{"id":63201,"href":"http:\/\/www.grieta.org.mx\/index.php\/wp-json\/wp\/v2\/posts\/63200\/revisions\/63201"}],"wp:featuredmedia":[{"embeddable":true,"href":"http:\/\/www.grieta.org.mx\/index.php\/wp-json\/wp\/v2\/media\/21928"}],"wp:attachment":[{"href":"http:\/\/www.grieta.org.mx\/index.php\/wp-json\/wp\/v2\/media?parent=63200"}],"wp:term":[{"taxonomy":"category","embeddable":true,"href":"http:\/\/www.grieta.org.mx\/index.php\/wp-json\/wp\/v2\/categories?post=63200"},{"taxonomy":"post_tag","embeddable":true,"href":"http:\/\/www.grieta.org.mx\/index.php\/wp-json\/wp\/v2\/tags?post=63200"}],"curies":[{"name":"wp","href":"https:\/\/api.w.org\/{rel}","templated":true}]}}