{"id":63190,"date":"2022-01-08T17:03:50","date_gmt":"2022-01-08T23:03:50","guid":{"rendered":"https:\/\/www.grieta.org.mx\/?p=63190"},"modified":"2022-01-29T17:47:12","modified_gmt":"2022-01-29T23:47:12","slug":"don-roberto-campesino-de-zacatecas-lucha-contra-una-mina-del-magnate-mexicano","status":"publish","type":"post","link":"http:\/\/www.grieta.org.mx\/index.php\/2022\/01\/08\/don-roberto-campesino-de-zacatecas-lucha-contra-una-mina-del-magnate-mexicano\/","title":{"rendered":"Don Roberto, campesino de Zacatecas, lucha contra una mina del magnate mexicano"},"content":{"rendered":"<p><strong>La minera Ocampo (Grupo Frisco), propiedad del magnate Carlos Slim, se apoder\u00f3 del pueblo de Salaverna, al noroeste de Zacatecas. Desde hace una d\u00e9cada busca extender su explotaci\u00f3n de cobre a tajo abierto por lo que las autoridades locales desplazaron familias y destruyeron casas, escuela e iglesia. Don Roberto, el \u00fanico que se resiste a dejar su hogar y entregar el pueblo a la destrucci\u00f3n ambiental, fue vinculado a proceso.<\/strong><\/p>\n<p>Por Dulce Olvera, SinEmbago, 08 de enero de 2022<\/p>\n<p>Ciudad de M\u00e9xico, 8 de enero (SinEmbargo).\u2013 Don Roberto de la Rosa naci\u00f3 en Providencia, Zacatecas, ahora un pueblo fantasma sin agua por la actividad minera. Desde los sesenta huy\u00f3 al semides\u00e9rtico Salaverna, en Mazapil, al noroeste del estado. Ah\u00ed una mina del magnate Carlos Slim Hel\u00fa explota cobre y Grupo Frisco planea convertirla a cielo abierto, por lo que desde 2016 se desplaz\u00f3 a los habitantes. Pero el ganadero se ha resistido porque prev\u00e9e que pasar\u00e1 lo mismo que con su comunidad y con Pe\u00f1asquito, a s\u00f3lo 16 kil\u00f3metros.<\/p>\n<blockquote><p> <em>   \u201cMi pueblo Providencia est\u00e1 abandonado desde 1962 y tambi\u00e9n otras siete comunidades abajo que se quedaron sin agua. Se acabaron los ganados de chiva porque la mina abati\u00f3 los mantos de agua. Est\u00e1 sucediendo lo mismo de aquellos a\u00f1os con Pe\u00f1asquito (Goldcorp) y la de Salaverna. Se est\u00e1n acabando todos los manantiales que afloraban aqu\u00ed y estamos en el semidesierto\u201d, plante\u00f3.<\/em><\/p><\/blockquote>\n<p>Hace unos d\u00edas fue vinculado a proceso por presunta amenaza a tres trabajadores de la empresa filial Ocampo Mining. En abril de 2020, a inicios de la pandemia, don Beto tuvo un altercado con empleados de la minera, quienes se encontraban cercando la comunidad y electrificando el per\u00edmetro. El 3 de diciembre la Jueza Blanca Aguilar le dict\u00f3 como medida cautelar no acercarse a ellos, lo que le imposibilita acceder a su casa ya agrietada. El 10 de febrero tiene una audiencia, por lo que podr\u00eda ser encarcelado hasta cinco a\u00f1os.<\/p>\n<blockquote><p><em> \u201cUno de los ingenieros mide 1.90 metros, dicen que est\u00e1n traumados psicol\u00f3gicamente. \u00bfUsted cree que yo no tengo da\u00f1os psicol\u00f3gicos viendo mi pueblo c\u00f3mo est\u00e1? Que la Jueza indague en el problema, estamos con la amenaza de que nos encierren por defender a nuestro pueblo de la miner\u00eda a cielo abierto\u201d, afirm\u00f3.<\/em><\/p><\/blockquote>\n<figure id=\"attachment_63191\" aria-describedby=\"caption-attachment-63191\" style=\"width: 1368px\" class=\"wp-caption alignnone\"><img loading=\"lazy\" decoding=\"async\" data-attachment-id=\"63191\" data-permalink=\"http:\/\/www.grieta.org.mx\/index.php\/2022\/01\/08\/don-roberto-campesino-de-zacatecas-lucha-contra-una-mina-del-magnate-mexicano\/captura-de-pantalla-2022-01-29-a-las-17-26-43\/\" data-orig-file=\"http:\/\/www.grieta.org.mx\/wp-content\/uploads\/2022\/01\/Captura-de-pantalla-2022-01-29-a-las-17.26.43.png\" data-orig-size=\"1368,890\" data-comments-opened=\"0\" data-image-meta=\"{&quot;aperture&quot;:&quot;0&quot;,&quot;credit&quot;:&quot;&quot;,&quot;camera&quot;:&quot;&quot;,&quot;caption&quot;:&quot;&quot;,&quot;created_timestamp&quot;:&quot;0&quot;,&quot;copyright&quot;:&quot;&quot;,&quot;focal_length&quot;:&quot;0&quot;,&quot;iso&quot;:&quot;0&quot;,&quot;shutter_speed&quot;:&quot;0&quot;,&quot;title&quot;:&quot;&quot;,&quot;orientation&quot;:&quot;0&quot;}\" data-image-title=\"Captura de pantalla 2022-01-29 a la(s) 17.26.43\" data-image-description=\"\" data-image-caption=\"&lt;p&gt;Entrada a Salaverna, Zacatecas, cercada por la minera. Foto: Cuartoscuro&lt;\/p&gt;\n\" data-medium-file=\"http:\/\/www.grieta.org.mx\/wp-content\/uploads\/2022\/01\/Captura-de-pantalla-2022-01-29-a-las-17.26.43-300x195.png\" data-large-file=\"http:\/\/www.grieta.org.mx\/wp-content\/uploads\/2022\/01\/Captura-de-pantalla-2022-01-29-a-las-17.26.43-1024x666.png\" src=\"http:\/\/www.grieta.org.mx\/wp-content\/uploads\/2022\/01\/Captura-de-pantalla-2022-01-29-a-las-17.26.43.png\" alt=\"\" width=\"1368\" height=\"890\" class=\"size-full wp-image-63191\" srcset=\"http:\/\/www.grieta.org.mx\/wp-content\/uploads\/2022\/01\/Captura-de-pantalla-2022-01-29-a-las-17.26.43.png 1368w, http:\/\/www.grieta.org.mx\/wp-content\/uploads\/2022\/01\/Captura-de-pantalla-2022-01-29-a-las-17.26.43-300x195.png 300w, http:\/\/www.grieta.org.mx\/wp-content\/uploads\/2022\/01\/Captura-de-pantalla-2022-01-29-a-las-17.26.43-1024x666.png 1024w, http:\/\/www.grieta.org.mx\/wp-content\/uploads\/2022\/01\/Captura-de-pantalla-2022-01-29-a-las-17.26.43-768x500.png 768w\" sizes=\"auto, (max-width: 1368px) 100vw, 1368px\" \/><figcaption id=\"caption-attachment-63191\" class=\"wp-caption-text\">Entrada a Salaverna, Zacatecas, cercada por la minera. Foto: Cuartoscuro<\/figcaption><\/figure>\n<p>Desde agosto el defensor est\u00e1 exiliado en un caba\u00f1a a solo dos kil\u00f3metros abajo de Salaverna porque la entrada est\u00e1 bloqueada con una cerca y dos casetas de vigilancia, y a su hijo las autoridades municipales le advirtieron que \u201calgo le iba a pasar\u201d si intentaba volver al poblado. A otro joven lo golpearon y a dos mujeres les dijeron que ya no fueran, seg\u00fan denunci\u00f3. En una fotograf\u00eda don Beto mostr\u00f3 a sus chivas.<\/p>\n<blockquote><p>\n    <em>\u201cTodo ac\u00e1 para m\u00ed tiene su encanto, por eso la defensa\u201d, dijo nost\u00e1lgico. En su caba\u00f1a improvisada sigue trabajando con sus chivas y en la milpa. \u201cNo lucho por m\u00ed, yo qu\u00e9. Cuando estaba ni\u00f1o disfrutaba mucho ver los manantiales y las grandes huertas de fruta con p\u00e1jaros. Ahora ya no hay huertas, todo est\u00e1 muerto [en Providencia]. Me ha tocado c\u00f3mo han ido depredando todo, no quiero ser part\u00edcipe de eso; defiendo la vida\u201d.<\/em><\/p><\/blockquote>\n<p><figure id=\"attachment_63192\" aria-describedby=\"caption-attachment-63192\" style=\"width: 1366px\" class=\"wp-caption alignnone\"><img loading=\"lazy\" decoding=\"async\" data-attachment-id=\"63192\" data-permalink=\"http:\/\/www.grieta.org.mx\/index.php\/2022\/01\/08\/don-roberto-campesino-de-zacatecas-lucha-contra-una-mina-del-magnate-mexicano\/captura-de-pantalla-2022-01-29-a-las-17-27-40\/\" data-orig-file=\"http:\/\/www.grieta.org.mx\/wp-content\/uploads\/2022\/01\/Captura-de-pantalla-2022-01-29-a-las-17.27.40.png\" data-orig-size=\"1366,960\" data-comments-opened=\"0\" data-image-meta=\"{&quot;aperture&quot;:&quot;0&quot;,&quot;credit&quot;:&quot;&quot;,&quot;camera&quot;:&quot;&quot;,&quot;caption&quot;:&quot;&quot;,&quot;created_timestamp&quot;:&quot;0&quot;,&quot;copyright&quot;:&quot;&quot;,&quot;focal_length&quot;:&quot;0&quot;,&quot;iso&quot;:&quot;0&quot;,&quot;shutter_speed&quot;:&quot;0&quot;,&quot;title&quot;:&quot;&quot;,&quot;orientation&quot;:&quot;0&quot;}\" data-image-title=\"Captura de pantalla 2022-01-29 a la(s) 17.27.40\" data-image-description=\"\" data-image-caption=\"&lt;p&gt;As\u00ed era el pueblo de Salaverna antes del desalojo. Foto: Observatorio de Conflictos Mineros de Zacatecas @OCMZac&lt;\/p&gt;\n\" data-medium-file=\"http:\/\/www.grieta.org.mx\/wp-content\/uploads\/2022\/01\/Captura-de-pantalla-2022-01-29-a-las-17.27.40-300x211.png\" data-large-file=\"http:\/\/www.grieta.org.mx\/wp-content\/uploads\/2022\/01\/Captura-de-pantalla-2022-01-29-a-las-17.27.40-1024x720.png\" src=\"http:\/\/www.grieta.org.mx\/wp-content\/uploads\/2022\/01\/Captura-de-pantalla-2022-01-29-a-las-17.27.40.png\" alt=\"\" width=\"1366\" height=\"960\" class=\"size-full wp-image-63192\" srcset=\"http:\/\/www.grieta.org.mx\/wp-content\/uploads\/2022\/01\/Captura-de-pantalla-2022-01-29-a-las-17.27.40.png 1366w, http:\/\/www.grieta.org.mx\/wp-content\/uploads\/2022\/01\/Captura-de-pantalla-2022-01-29-a-las-17.27.40-300x211.png 300w, http:\/\/www.grieta.org.mx\/wp-content\/uploads\/2022\/01\/Captura-de-pantalla-2022-01-29-a-las-17.27.40-1024x720.png 1024w, http:\/\/www.grieta.org.mx\/wp-content\/uploads\/2022\/01\/Captura-de-pantalla-2022-01-29-a-las-17.27.40-768x540.png 768w\" sizes=\"auto, (max-width: 1366px) 100vw, 1366px\" \/><figcaption id=\"caption-attachment-63192\" class=\"wp-caption-text\">As\u00ed era el pueblo de Salaverna antes del desalojo. Foto: Observatorio de Conflictos Mineros de Zacatecas @OCMZac<\/figcaption><\/figure><br \/>\n<figure id=\"attachment_63193\" aria-describedby=\"caption-attachment-63193\" style=\"width: 1388px\" class=\"wp-caption alignnone\"><img loading=\"lazy\" decoding=\"async\" data-attachment-id=\"63193\" data-permalink=\"http:\/\/www.grieta.org.mx\/index.php\/2022\/01\/08\/don-roberto-campesino-de-zacatecas-lucha-contra-una-mina-del-magnate-mexicano\/captura-de-pantalla-2022-01-29-a-las-17-32-08\/\" data-orig-file=\"http:\/\/www.grieta.org.mx\/wp-content\/uploads\/2022\/01\/Captura-de-pantalla-2022-01-29-a-las-17.32.08.png\" data-orig-size=\"1388,1038\" data-comments-opened=\"0\" data-image-meta=\"{&quot;aperture&quot;:&quot;0&quot;,&quot;credit&quot;:&quot;&quot;,&quot;camera&quot;:&quot;&quot;,&quot;caption&quot;:&quot;&quot;,&quot;created_timestamp&quot;:&quot;0&quot;,&quot;copyright&quot;:&quot;&quot;,&quot;focal_length&quot;:&quot;0&quot;,&quot;iso&quot;:&quot;0&quot;,&quot;shutter_speed&quot;:&quot;0&quot;,&quot;title&quot;:&quot;&quot;,&quot;orientation&quot;:&quot;0&quot;}\" data-image-title=\"Captura de pantalla 2022-01-29 a la(s) 17.32.08\" data-image-description=\"\" data-image-caption=\"&lt;p&gt;Las cabras de Don Roberto. Foto: Especial para SinEmbargo.&lt;\/p&gt;\n\" data-medium-file=\"http:\/\/www.grieta.org.mx\/wp-content\/uploads\/2022\/01\/Captura-de-pantalla-2022-01-29-a-las-17.32.08-300x224.png\" data-large-file=\"http:\/\/www.grieta.org.mx\/wp-content\/uploads\/2022\/01\/Captura-de-pantalla-2022-01-29-a-las-17.32.08-1024x766.png\" src=\"http:\/\/www.grieta.org.mx\/wp-content\/uploads\/2022\/01\/Captura-de-pantalla-2022-01-29-a-las-17.32.08.png\" alt=\"\" width=\"1388\" height=\"1038\" class=\"size-full wp-image-63193\" srcset=\"http:\/\/www.grieta.org.mx\/wp-content\/uploads\/2022\/01\/Captura-de-pantalla-2022-01-29-a-las-17.32.08.png 1388w, http:\/\/www.grieta.org.mx\/wp-content\/uploads\/2022\/01\/Captura-de-pantalla-2022-01-29-a-las-17.32.08-300x224.png 300w, http:\/\/www.grieta.org.mx\/wp-content\/uploads\/2022\/01\/Captura-de-pantalla-2022-01-29-a-las-17.32.08-1024x766.png 1024w, http:\/\/www.grieta.org.mx\/wp-content\/uploads\/2022\/01\/Captura-de-pantalla-2022-01-29-a-las-17.32.08-768x574.png 768w\" sizes=\"auto, (max-width: 1388px) 100vw, 1388px\" \/><figcaption id=\"caption-attachment-63193\" class=\"wp-caption-text\">Las cabras de Don Roberto. Foto: Especial para SinEmbargo.<\/figcaption><\/figure><\/p>\n<p>En Mazapil, un municipio minero con 44 por ciento en pobreza (Coneval, 2020), operan desde hace una d\u00e9cada dos grandes proyectos mineros: Pe\u00f1asquito, la mina de oro a cielo abierto m\u00e1s importante de Am\u00e9rica Latina de la compa\u00f1\u00eda canadiense Goldcorp \u2014que ya sec\u00f3 pozos de agricultores y afect\u00f3 el cultivo de miel\u2014 y Tayahua, la mina subterr\u00e1nea de cobre que opera desde 1972 y que adquiri\u00f3 Slim en 1998, cuyos planes de convertirla en una de cielo abierto \u201cimplica la destrucci\u00f3n\u201d de la comunidad de Salaverna, evalu\u00f3 el art\u00edculo acad\u00e9mico \u201cDos conflictos mineros en Mazapil\u201d.<\/p>\n<blockquote><p><em>  \u201cLo que para ellos es una bendici\u00f3n y bonanza, para nosotros es una maldici\u00f3n. La mina a cielo abierto es muy desastrosa, por Pe\u00f1asquito ya no hay abejas, ya no hay agua potable alrededor\u201d, afirm\u00f3 don Beto, quien lament\u00f3 que el Presidente Andr\u00e9s Manuel L\u00f3pez Obrador sea amigo del empresario Carlos Slim, con quien desayun\u00f3 a finales de a\u00f1o.<\/em><\/p><\/blockquote>\n<p>\u201cPara nosotros no tiene nada de respetable por lo que nos ha hecho. Es como una guerra fr\u00eda. Si quisiera buscar trabajo, no hallar\u00eda en ninguna parte\u201d, coment\u00f3 sobre su lucha contra el empresario m\u00e1s rico del pa\u00eds.<\/p>\n<blockquote><p> <em> Desayun\u00e9 con Carlos Slim que, adem\u00e1s de amigo y buen empresario, contribuye al desarrollo del pa\u00eds. Por ejemplo, Am\u00e9rica M\u00f3vil vendi\u00f3 una filial en Estados Unidos y pagaron en M\u00e9xico, el 16 de diciembre, 28 mil millones de pesos a la Hacienda p\u00fablica. pic.twitter.com\/CnnvljlA05<\/p>\n<p>    \u2014 Andr\u00e9s Manuel (@lopezobrador_) December 27, 2021<\/em><\/p><\/blockquote>\n<p><strong><br \/>\nEL DESALOJO CON VIOLACIONES<\/strong><\/p>\n<p>En la v\u00edspera navide\u00f1a de 2016, sin orden judicial la polic\u00eda estatal y ministerial de Zacatecas, gobernado entonces por Alejandro Tello, desaloj\u00f3 a habitantes de Salaverna. Trabajadores con dos maquinarias tipo bulldozer destruyeron la iglesia, escuela y la casa de la se\u00f1ora Teresa y su hija Leticia a\u00fan con muebles dentro, \u201cvulnerando con ello la legalidad y seguridad jur\u00eddica\u201d, expuso la Comisi\u00f3n de Derechos Humanos estatal (CDHEZ\/746\/2016).<\/p>\n<p>La poblaci\u00f3n de Salaverna registraba 303 habitantes en 2010, a\u00f1o en que comenz\u00f3 el conflicto. La mayor\u00eda era campesino o ganadero, y los otros laboraban en la mina. Pero tras el desalojo permanec\u00edan aproximadamente s\u00f3lo 50 habitantes de cinco familias, entre ellas Don Roberto y su hijo Roberto Cuauht\u00e9moc.<\/p>\n<blockquote><p> <em>\u201cLe regalaron de Navidad a Slim nuestro pueblo\u201d, evoc\u00f3 el chivero. \u201cNunca nos atendieron las denuncias\u201d.<\/em><\/p><\/blockquote>\n<figure id=\"attachment_63194\" aria-describedby=\"caption-attachment-63194\" style=\"width: 1364px\" class=\"wp-caption alignnone\"><img loading=\"lazy\" decoding=\"async\" data-attachment-id=\"63194\" data-permalink=\"http:\/\/www.grieta.org.mx\/index.php\/2022\/01\/08\/don-roberto-campesino-de-zacatecas-lucha-contra-una-mina-del-magnate-mexicano\/captura-de-pantalla-2022-01-29-a-las-17-36-58\/\" data-orig-file=\"http:\/\/www.grieta.org.mx\/wp-content\/uploads\/2022\/01\/Captura-de-pantalla-2022-01-29-a-las-17.36.58.png\" data-orig-size=\"1364,918\" data-comments-opened=\"0\" data-image-meta=\"{&quot;aperture&quot;:&quot;0&quot;,&quot;credit&quot;:&quot;&quot;,&quot;camera&quot;:&quot;&quot;,&quot;caption&quot;:&quot;&quot;,&quot;created_timestamp&quot;:&quot;0&quot;,&quot;copyright&quot;:&quot;&quot;,&quot;focal_length&quot;:&quot;0&quot;,&quot;iso&quot;:&quot;0&quot;,&quot;shutter_speed&quot;:&quot;0&quot;,&quot;title&quot;:&quot;&quot;,&quot;orientation&quot;:&quot;0&quot;}\" data-image-title=\"Captura de pantalla 2022-01-29 a la(s) 17.36.58\" data-image-description=\"\" data-image-caption=\"&lt;p&gt;El fraccionamiento Nueva Salaverna. Foto: Cuartoscuro.&lt;\/p&gt;\n\" data-medium-file=\"http:\/\/www.grieta.org.mx\/wp-content\/uploads\/2022\/01\/Captura-de-pantalla-2022-01-29-a-las-17.36.58-300x202.png\" data-large-file=\"http:\/\/www.grieta.org.mx\/wp-content\/uploads\/2022\/01\/Captura-de-pantalla-2022-01-29-a-las-17.36.58-1024x689.png\" src=\"http:\/\/www.grieta.org.mx\/wp-content\/uploads\/2022\/01\/Captura-de-pantalla-2022-01-29-a-las-17.36.58.png\" alt=\"\" width=\"1364\" height=\"918\" class=\"size-full wp-image-63194\" srcset=\"http:\/\/www.grieta.org.mx\/wp-content\/uploads\/2022\/01\/Captura-de-pantalla-2022-01-29-a-las-17.36.58.png 1364w, http:\/\/www.grieta.org.mx\/wp-content\/uploads\/2022\/01\/Captura-de-pantalla-2022-01-29-a-las-17.36.58-300x202.png 300w, http:\/\/www.grieta.org.mx\/wp-content\/uploads\/2022\/01\/Captura-de-pantalla-2022-01-29-a-las-17.36.58-1024x689.png 1024w, http:\/\/www.grieta.org.mx\/wp-content\/uploads\/2022\/01\/Captura-de-pantalla-2022-01-29-a-las-17.36.58-768x517.png 768w\" sizes=\"auto, (max-width: 1364px) 100vw, 1364px\" \/><figcaption id=\"caption-attachment-63194\" class=\"wp-caption-text\">El fraccionamiento Nueva Salaverna. Foto: Cuartoscuro.<\/figcaption><\/figure>\n<p>El resto fue orillado a abandonar la comunidad y por 15 mil pesos aceptaron ser reubicados en un fraccionamiento vecino a la cabecera municipal denominado \u201cNuevo Salaverna\u201d, sin escuela ni iglesia, el cual fue ofrecido en comodato por la minera Tayahua (Grupo Frisco), \u201checho que se constituye como un evidente desplazamiento forzado\u201d, determin\u00f3 la Comisi\u00f3n de Derechos Humanos de Zacatecas.<\/p>\n<p>Pero Don Beto no acept\u00f3 y, aunque su pueblo est\u00e1 en ruinas y con grietas por las detonaciones de la mina, no planea hacerlo. No por \u00e9l, dijo, sino para evitar da\u00f1os ambientales para la generaci\u00f3n futura por la miner\u00eda de cielo abierto que deja profundos tajos en el suelo y absorbe grandes cantidades de agua.<\/p>\n<blockquote><p><em>    \u201cJam\u00e1s agarr\u00e9 el dinero para que destruyan a mi pueblo y que envenenen la tierra, el aire y el agua\u201d, afirm\u00f3.<\/em><\/p><\/blockquote>\n<p><strong>EL CONFLICTO POR TIERRAS<\/strong><\/p>\n<p>Desde hace una d\u00e9cada la empresa de Carlos Slim planea convertir la mina en tajo abierto, pero el yacimiento est\u00e1 debajo de las casas de Salaverna. En esas mismas fechas, y en el marco de detonaciones internas, aleg\u00f3 que el lugar donde est\u00e1 asentado el poblado le pertenece legalmente y advirti\u00f3 que existe un riesgo de hundimiento de suelo debido a \u201cuna falla geol\u00f3gica natural\u201d, por lo cual solicit\u00f3 al gobierno local las medidas de desalojo.<\/p>\n<p>Pero los habitantes de Salaverna argumentaron que son posesionarios desde \u201ctiempos inmemorables\u201d, pues nacieron ah\u00ed y atribuyen los hundimientos, como el de 2012 en el Cerro \u201cEl Farito\u201d, a diversas detonaciones y operaci\u00f3n minera subterr\u00e1nea. As\u00ed consta la recomendaci\u00f3n de la Comisi\u00f3n de Derechos Humanos estatal.<\/p>\n<p>    \u201cNo fue casual. La gente, por medio al hundimiento y porque sus casas estaban estrelladas, se fue\u201d, dijo don Beto.<\/p>\n<p>Es delegado municipal y encabeza el Comit\u00e9 de Posesionarios Salaverna, creado para exigir la certeza jur\u00eddica de los terrenos de la comunidad y probar que el pol\u00edgono no pertenece a Grupo Frisco.<\/p>\n<figure id=\"attachment_63195\" aria-describedby=\"caption-attachment-63195\" style=\"width: 1378px\" class=\"wp-caption alignnone\"><img loading=\"lazy\" decoding=\"async\" data-attachment-id=\"63195\" data-permalink=\"http:\/\/www.grieta.org.mx\/index.php\/2022\/01\/08\/don-roberto-campesino-de-zacatecas-lucha-contra-una-mina-del-magnate-mexicano\/captura-de-pantalla-2022-01-29-a-las-17-40-13\/\" data-orig-file=\"http:\/\/www.grieta.org.mx\/wp-content\/uploads\/2022\/01\/Captura-de-pantalla-2022-01-29-a-las-17.40.13.png\" data-orig-size=\"1378,1040\" data-comments-opened=\"0\" data-image-meta=\"{&quot;aperture&quot;:&quot;0&quot;,&quot;credit&quot;:&quot;&quot;,&quot;camera&quot;:&quot;&quot;,&quot;caption&quot;:&quot;&quot;,&quot;created_timestamp&quot;:&quot;0&quot;,&quot;copyright&quot;:&quot;&quot;,&quot;focal_length&quot;:&quot;0&quot;,&quot;iso&quot;:&quot;0&quot;,&quot;shutter_speed&quot;:&quot;0&quot;,&quot;title&quot;:&quot;&quot;,&quot;orientation&quot;:&quot;0&quot;}\" data-image-title=\"Captura de pantalla 2022-01-29 a la(s) 17.40.13\" data-image-description=\"\" data-image-caption=\"&lt;p&gt;Escuela destruida por la maquinaria en diciembre de 2016. Foto: Especial para SinEmbargo.&lt;\/p&gt;\n\" data-medium-file=\"http:\/\/www.grieta.org.mx\/wp-content\/uploads\/2022\/01\/Captura-de-pantalla-2022-01-29-a-las-17.40.13-300x226.png\" data-large-file=\"http:\/\/www.grieta.org.mx\/wp-content\/uploads\/2022\/01\/Captura-de-pantalla-2022-01-29-a-las-17.40.13-1024x773.png\" src=\"http:\/\/www.grieta.org.mx\/wp-content\/uploads\/2022\/01\/Captura-de-pantalla-2022-01-29-a-las-17.40.13.png\" alt=\"\" width=\"1378\" height=\"1040\" class=\"size-full wp-image-63195\" srcset=\"http:\/\/www.grieta.org.mx\/wp-content\/uploads\/2022\/01\/Captura-de-pantalla-2022-01-29-a-las-17.40.13.png 1378w, http:\/\/www.grieta.org.mx\/wp-content\/uploads\/2022\/01\/Captura-de-pantalla-2022-01-29-a-las-17.40.13-300x226.png 300w, http:\/\/www.grieta.org.mx\/wp-content\/uploads\/2022\/01\/Captura-de-pantalla-2022-01-29-a-las-17.40.13-1024x773.png 1024w, http:\/\/www.grieta.org.mx\/wp-content\/uploads\/2022\/01\/Captura-de-pantalla-2022-01-29-a-las-17.40.13-768x580.png 768w\" sizes=\"auto, (max-width: 1378px) 100vw, 1378px\" \/><figcaption id=\"caption-attachment-63195\" class=\"wp-caption-text\">Escuela destruida por la maquinaria en diciembre de 2016. Foto: Especial para SinEmbargo.<\/figcaption><\/figure>\n<p>Con apoyo del Observatorio de Conflictos Mineros de Zacatecas (OCMZac) y la Uni\u00f3n Nacional de Trabajadores Agr\u00edcolas (UNTA), los inconformes llevaron el caso a la Secretar\u00eda de Desarrollo Agr\u00edcola Territorial y Urbano (SEDATU) para la regularizaci\u00f3n de 4 mil 650 hect\u00e1reas. Ya en la reuni\u00f3n en las oficinas en la Ciudad de M\u00e9xico, comenz\u00f3 a temblar. Era el 19 de septiembre de 2017.<\/p>\n<p>Entre el terremoto, las elecciones de 2018 y la pandemia, a m\u00e1s de diez a\u00f1os de haber estallado el conflicto, no avanza el cambio de uso de suelo de mina subterr\u00e1nea a cielo abierto, por lo que el proyecto de expansi\u00f3n se mantiene frenado.<\/p>\n<p>\u201cEl Grupo minero Frisco ha intentado imponer su voluntad sobre la poblaci\u00f3n con el apoyo de actores e instituciones gubernamentales\u201d, concluy\u00f3 el art\u00edculo de los acad\u00e9micos.<\/p>\n<p><a href=\"https:\/\/www.sinembargo.mx\/08-01-2022\/4097725?utm_source=pocket_mylist\">https:\/\/www.sinembargo.mx\/08-01-2022\/4097725?utm_source=pocket_mylist<\/a><\/p>\n","protected":false},"excerpt":{"rendered":"<p>La minera Ocampo (Grupo Frisco), propiedad del magnate Carlos Slim, se apoder\u00f3 del pueblo de Salaverna, al noroeste de Zacatecas. Desde hace una d\u00e9cada busca extender su explotaci\u00f3n de cobre &hellip; <a href=\"http:\/\/www.grieta.org.mx\/index.php\/2022\/01\/08\/don-roberto-campesino-de-zacatecas-lucha-contra-una-mina-del-magnate-mexicano\/\" class=\"more-link\">Leer m\u00e1s<\/a><\/p>\n","protected":false},"author":2,"featured_media":63196,"comment_status":"closed","ping_status":"closed","sticky":false,"template":"","format":"standard","meta":{"ngg_post_thumbnail":0,"_jetpack_newsletter_access":"","_jetpack_dont_email_post_to_subs":false,"_jetpack_newsletter_tier_id":0,"_jetpack_memberships_contains_paywalled_content":false,"_jetpack_memberships_contains_paid_content":false,"footnotes":""},"categories":[80,1973,1505,2930,1974,76,3864],"tags":[324,2216,1065,1380,412,2846,3501],"class_list":["post-63190","post","type-post","status-publish","format-standard","has-post-thumbnail","hentry","category-cintillo","category-conflictos-mineros-en-zacatecas","category-danos-ambientales-y-a-la-salud-por-mineria-en-zacatecas","category-despojo-de-tierras-y-territorios-en-zacatecas","category-despojo-en-el-municipio-de-mazapil","category-zacatecas","category-zacatecas-2","tag-abuso-de-autoridad","tag-conflictos-por-mineria","tag-despojo-de-agua-y-tierras","tag-fris","tag-frisco","tag-lucha-contra-la-mineria","tag-negacion-de-la-justicia","entry"],"jetpack_featured_media_url":"http:\/\/www.grieta.org.mx\/wp-content\/uploads\/2022\/01\/Captura-de-pantalla-2022-01-29-a-las-17.44.49.png","jetpack_sharing_enabled":true,"jetpack_shortlink":"https:\/\/wp.me\/p7ZJR4-grc","jetpack_likes_enabled":false,"jetpack-related-posts":[{"id":63200,"url":"http:\/\/www.grieta.org.mx\/index.php\/2021\/12\/09\/don-roberto-10-anos-de-resistencia-en-salaverna-en-su-pelea-contra-slim-zacatecas\/","url_meta":{"origin":63190,"position":0},"title":"Don Roberto; 10 a\u00f1os de resistencia en Salaverna en su pelea contra Slim (Zacatecas)","author":"grieta","date":"9 diciembre, 2021","format":false,"excerpt":"Redacci\u00f3n La Vanguadia, Coahuila \/ 9 diciembre 2021 Narra c\u00f3mo un pueblo fue desaparecido por empresa minera Los habitantes del pueblo Salaverna, en el norte de Zacatecas, fueron desalojados por una empresa minera operada por Grupo Frisco, propiedad de Carlos Slim Hel\u00fa, en colaboraci\u00f3n con autoridades locales y estatales; la\u2026","rel":"","context":"En &quot;CINTILLO&quot;","block_context":{"text":"CINTILLO","link":"http:\/\/www.grieta.org.mx\/index.php\/category\/cintillo\/"},"img":{"alt_text":"","src":"https:\/\/i0.wp.com\/www.grieta.org.mx\/wp-content\/uploads\/2018\/03\/14524434_1106112876131411_958039263622046936_o.jpg?resize=350%2C200","width":350,"height":200,"srcset":"https:\/\/i0.wp.com\/www.grieta.org.mx\/wp-content\/uploads\/2018\/03\/14524434_1106112876131411_958039263622046936_o.jpg?resize=350%2C200 1x, https:\/\/i0.wp.com\/www.grieta.org.mx\/wp-content\/uploads\/2018\/03\/14524434_1106112876131411_958039263622046936_o.jpg?resize=525%2C300 1.5x, https:\/\/i0.wp.com\/www.grieta.org.mx\/wp-content\/uploads\/2018\/03\/14524434_1106112876131411_958039263622046936_o.jpg?resize=700%2C400 2x"},"classes":[]},{"id":63198,"url":"http:\/\/www.grieta.org.mx\/index.php\/2022\/01\/02\/defiende-ocmal-a-lideres-de-salaverna-zacatecas\/","url_meta":{"origin":63190,"position":1},"title":"Defiende OCMAL a l\u00edderes de Salaverna (Zacatecas)","author":"grieta","date":"2 enero, 2022","format":false,"excerpt":"domingo, 2 de enero de 2022 KAREN CALDER\u00d3N | NTRZACATECAS.COM La Red del Observatorio de Conflictos Mineros de Am\u00e9rica Latina (OCMAL), a trav\u00e9s de un comunicado, solicit\u00f3 al presidente de la Rep\u00fablica Mexicana, Andr\u00e9s Manuel L\u00f3pez Obrador, y al gobernador del estado, David Monreal \u00c1vila, poner un alto a la\u2026","rel":"","context":"En &quot;CINTILLO&quot;","block_context":{"text":"CINTILLO","link":"http:\/\/www.grieta.org.mx\/index.php\/category\/cintillo\/"},"img":{"alt_text":"","src":"https:\/\/i0.wp.com\/www.grieta.org.mx\/wp-content\/uploads\/2018\/03\/14524434_1106112876131411_958039263622046936_o.jpg?resize=350%2C200","width":350,"height":200,"srcset":"https:\/\/i0.wp.com\/www.grieta.org.mx\/wp-content\/uploads\/2018\/03\/14524434_1106112876131411_958039263622046936_o.jpg?resize=350%2C200 1x, https:\/\/i0.wp.com\/www.grieta.org.mx\/wp-content\/uploads\/2018\/03\/14524434_1106112876131411_958039263622046936_o.jpg?resize=525%2C300 1.5x, https:\/\/i0.wp.com\/www.grieta.org.mx\/wp-content\/uploads\/2018\/03\/14524434_1106112876131411_958039263622046936_o.jpg?resize=700%2C400 2x"},"classes":[]},{"id":56371,"url":"http:\/\/www.grieta.org.mx\/index.php\/2020\/11\/24\/rema-celebra-12-anos-de-resistencia-del-pueblo-de-salaverna-contra-la-mineria-zacatecas\/","url_meta":{"origin":63190,"position":2},"title":"Rema celebra 12 a\u00f1os de resistencia del pueblo de Salaverna contra la miner\u00eda (Zacatecas)","author":"grieta","date":"24 noviembre, 2020","format":false,"excerpt":"Autor: Jordana Gonzalez \/Contralinea, 24 de noviembre de 2020 La Red Mexicana de Afectados por la Miner\u00eda (Rema) celebr\u00f3 los 12 a\u00f1os de resistencia del pueblo de Salaverna \u2013en Mazapil, Zacatecas\u2013 contra el proyecto minero de Frisco, propiedad del empresario Carlos Slim. La comunidad contin\u00faa luchando para que la empresa\u2026","rel":"","context":"En &quot;CINTILLO&quot;","block_context":{"text":"CINTILLO","link":"http:\/\/www.grieta.org.mx\/index.php\/category\/cintillo\/"},"img":{"alt_text":"","src":"https:\/\/i0.wp.com\/www.grieta.org.mx\/wp-content\/uploads\/2021\/01\/adolfo-vladimir.jpg?resize=350%2C200","width":350,"height":200,"srcset":"https:\/\/i0.wp.com\/www.grieta.org.mx\/wp-content\/uploads\/2021\/01\/adolfo-vladimir.jpg?resize=350%2C200 1x, https:\/\/i0.wp.com\/www.grieta.org.mx\/wp-content\/uploads\/2021\/01\/adolfo-vladimir.jpg?resize=525%2C300 1.5x"},"classes":[]},{"id":38782,"url":"http:\/\/www.grieta.org.mx\/index.php\/2019\/09\/03\/rema-interpone-nuevo-juicio-zacatecas\/","url_meta":{"origin":63190,"position":3},"title":"REMA interpone nuevo juicio (Zacatecas)","author":"grieta","date":"3 septiembre, 2019","format":false,"excerpt":"Silvia Alvarado \/ NTR Zacatecas, 03 de septiembre de 2019 La Red Mexicana de Afectados por la Miner\u00eda (REMA) inform\u00f3 que fue interpuesto ante el Tribunal Unitario Agrario, el segundo juicio de nulidad del acta de asamblea realizada el 14 de octubre de 218 en El Potrero, en el que\u2026","rel":"","context":"En &quot;CINTILLO&quot;","block_context":{"text":"CINTILLO","link":"http:\/\/www.grieta.org.mx\/index.php\/category\/cintillo\/"},"img":{"alt_text":"","src":"https:\/\/i0.wp.com\/www.grieta.org.mx\/wp-content\/uploads\/2019\/09\/rema-1.jpeg?resize=350%2C200","width":350,"height":200,"srcset":"https:\/\/i0.wp.com\/www.grieta.org.mx\/wp-content\/uploads\/2019\/09\/rema-1.jpeg?resize=350%2C200 1x, https:\/\/i0.wp.com\/www.grieta.org.mx\/wp-content\/uploads\/2019\/09\/rema-1.jpeg?resize=525%2C300 1.5x, https:\/\/i0.wp.com\/www.grieta.org.mx\/wp-content\/uploads\/2019\/09\/rema-1.jpeg?resize=700%2C400 2x"},"classes":[]},{"id":56058,"url":"http:\/\/www.grieta.org.mx\/index.php\/2020\/12\/26\/acusan-contubernio-de-municipio-con-empresa-minera-zacatecas\/","url_meta":{"origin":63190,"position":4},"title":"Acusan contubernio de Municipio con empresa minera (Zacatecas)","author":"grieta","date":"26 diciembre, 2020","format":false,"excerpt":"MIRIAM SERRANO \/ NTRZACATECAS.COM, 26 de diciembre de 2020 MAZAPIL. Roberto de la Rosa D\u00e1vila, l\u00edder comunitario de Salaverna, denunci\u00f3 que existe contubernio entre el presidente municipal, Gregorio Mac\u00edas Z\u00fa\u00f1iga, y directivos de la empresa minera Frisco-Tayahua, de Carlos Slim, al violar los derechos humanos de los habitantes del municipio.\u2026","rel":"","context":"En &quot;CINTILLO&quot;","block_context":{"text":"CINTILLO","link":"http:\/\/www.grieta.org.mx\/index.php\/category\/cintillo\/"},"img":{"alt_text":"","src":"https:\/\/i0.wp.com\/www.grieta.org.mx\/wp-content\/uploads\/2020\/12\/mazapil-1.jpg?resize=350%2C200","width":350,"height":200,"srcset":"https:\/\/i0.wp.com\/www.grieta.org.mx\/wp-content\/uploads\/2020\/12\/mazapil-1.jpg?resize=350%2C200 1x, https:\/\/i0.wp.com\/www.grieta.org.mx\/wp-content\/uploads\/2020\/12\/mazapil-1.jpg?resize=525%2C300 1.5x, https:\/\/i0.wp.com\/www.grieta.org.mx\/wp-content\/uploads\/2020\/12\/mazapil-1.jpg?resize=700%2C400 2x"},"classes":[]},{"id":43062,"url":"http:\/\/www.grieta.org.mx\/index.php\/2020\/01\/13\/ratifican-ejidatarios-rechazo-a-presa-milpillas-zacatecas\/","url_meta":{"origin":63190,"position":5},"title":"Ratifican ejidatarios rechazo a presa Milpillas (Zacatecas)","author":"grieta","date":"13 enero, 2020","format":false,"excerpt":"MIRIAM SERRANO\/ NTR Zacatecas, 13 de enero de 2020 JIM\u00c9NEZ DEL TE\u00daL.- Luego de que el pasado 4 enero se llev\u00f3 a cabo una asamblea en el Ejido Atotonilco, se inform\u00f3 que ejidatarios de esta localidad y de El Potrero de manera un\u00e1nime ratificaron su rechazo a la autorizaci\u00f3n de\u2026","rel":"","context":"En &quot;CINTILLO&quot;","block_context":{"text":"CINTILLO","link":"http:\/\/www.grieta.org.mx\/index.php\/category\/cintillo\/"},"img":{"alt_text":"","src":"https:\/\/i0.wp.com\/www.grieta.org.mx\/wp-content\/uploads\/2018\/03\/14524434_1106112876131411_958039263622046936_o.jpg?resize=350%2C200","width":350,"height":200,"srcset":"https:\/\/i0.wp.com\/www.grieta.org.mx\/wp-content\/uploads\/2018\/03\/14524434_1106112876131411_958039263622046936_o.jpg?resize=350%2C200 1x, https:\/\/i0.wp.com\/www.grieta.org.mx\/wp-content\/uploads\/2018\/03\/14524434_1106112876131411_958039263622046936_o.jpg?resize=525%2C300 1.5x, https:\/\/i0.wp.com\/www.grieta.org.mx\/wp-content\/uploads\/2018\/03\/14524434_1106112876131411_958039263622046936_o.jpg?resize=700%2C400 2x"},"classes":[]}],"_links":{"self":[{"href":"http:\/\/www.grieta.org.mx\/index.php\/wp-json\/wp\/v2\/posts\/63190","targetHints":{"allow":["GET"]}}],"collection":[{"href":"http:\/\/www.grieta.org.mx\/index.php\/wp-json\/wp\/v2\/posts"}],"about":[{"href":"http:\/\/www.grieta.org.mx\/index.php\/wp-json\/wp\/v2\/types\/post"}],"author":[{"embeddable":true,"href":"http:\/\/www.grieta.org.mx\/index.php\/wp-json\/wp\/v2\/users\/2"}],"replies":[{"embeddable":true,"href":"http:\/\/www.grieta.org.mx\/index.php\/wp-json\/wp\/v2\/comments?post=63190"}],"version-history":[{"count":1,"href":"http:\/\/www.grieta.org.mx\/index.php\/wp-json\/wp\/v2\/posts\/63190\/revisions"}],"predecessor-version":[{"id":63197,"href":"http:\/\/www.grieta.org.mx\/index.php\/wp-json\/wp\/v2\/posts\/63190\/revisions\/63197"}],"wp:featuredmedia":[{"embeddable":true,"href":"http:\/\/www.grieta.org.mx\/index.php\/wp-json\/wp\/v2\/media\/63196"}],"wp:attachment":[{"href":"http:\/\/www.grieta.org.mx\/index.php\/wp-json\/wp\/v2\/media?parent=63190"}],"wp:term":[{"taxonomy":"category","embeddable":true,"href":"http:\/\/www.grieta.org.mx\/index.php\/wp-json\/wp\/v2\/categories?post=63190"},{"taxonomy":"post_tag","embeddable":true,"href":"http:\/\/www.grieta.org.mx\/index.php\/wp-json\/wp\/v2\/tags?post=63190"}],"curies":[{"name":"wp","href":"https:\/\/api.w.org\/{rel}","templated":true}]}}