{"id":63184,"date":"2022-01-25T10:25:24","date_gmt":"2022-01-25T16:25:24","guid":{"rendered":"http:\/\/www.grieta.org.mx\/?p=63184"},"modified":"2022-01-27T12:44:20","modified_gmt":"2022-01-27T18:44:20","slug":"se-manifiestan-en-playa-del-carmen-por-el-asesinato-de-la-periodista-lourdes-maldonado-quintana-roo","status":"publish","type":"post","link":"http:\/\/www.grieta.org.mx\/index.php\/2022\/01\/25\/se-manifiestan-en-playa-del-carmen-por-el-asesinato-de-la-periodista-lourdes-maldonado-quintana-roo\/","title":{"rendered":"Se manifiestan en Playa del Carmen por el asesinato de la periodista Lourdes Maldonado (Quintana Roo)"},"content":{"rendered":"<p>Fernando Morcillo \/ PorEsto!<\/p>\n<blockquote><p>Reporteros acudieron al Palacio Municipal de Playa del Carmen para exigir justicia por el asesinato de la Lourdes Maldonado, periodista asesinada en Baja California, adem\u00e1s de tener condiciones seguras para trabajar<\/p><\/blockquote>\n<p>Reporteros de Playa del Carmen se manifiestan en los bajos del Palacio Municipal, como parte de la movilizaci\u00f3n nacional por al asesinato de la periodista Lourdes Maldonado en la ciudad de Tijuana <\/p>\n<p>En la protesta se ley\u00f3 el pronunciamiento para exigir un alto a los cr\u00edmenes contra periodistas y se garanticen las condiciones para la realizaci\u00f3n de la labor informativa en M\u00e9xico.<\/p>\n<p>Alrededor de 20 periodistas, pidieron tambi\u00e9n justicia y que se garantice la libertad de expresi\u00f3n, &#8216;pues nuestra labor es fundamental para la sociedad&#8217;, destacaron.<\/p>\n<p>&#8216;No m\u00e1s periodistas asesinados. No m\u00e1s periodistas desaparecidos&#8217;, fue el clamor de los manifestantes.<\/p>\n<p><a href=\"https:\/\/www.poresto.net\/quintana-roo\/2022\/1\/25\/se-manifiestan-en-playa-del-carmen-por-el-asesinato-de-la-periodista-lourdes-maldonado-311601.html\" rel=\"noopener\" target=\"_blank\">https:\/\/www.poresto.net\/quintana-roo\/2022\/1\/25\/se-manifiestan-en-playa-del-carmen-por-el-asesinato-de-la-periodista-lourdes-maldonado-311601.html<\/a><\/p>\n","protected":false},"excerpt":{"rendered":"<p>Fernando Morcillo \/ PorEsto! Reporteros acudieron al Palacio Municipal de Playa del Carmen para exigir justicia por el asesinato de la Lourdes Maldonado, periodista asesinada en Baja California, adem\u00e1s de &hellip; <a href=\"http:\/\/www.grieta.org.mx\/index.php\/2022\/01\/25\/se-manifiestan-en-playa-del-carmen-por-el-asesinato-de-la-periodista-lourdes-maldonado-quintana-roo\/\" class=\"more-link\">Leer m\u00e1s<\/a><\/p>\n","protected":false},"author":2,"featured_media":63185,"comment_status":"closed","ping_status":"closed","sticky":false,"template":"","format":"standard","meta":{"ngg_post_thumbnail":0,"_jetpack_newsletter_access":"","_jetpack_dont_email_post_to_subs":false,"_jetpack_newsletter_tier_id":0,"_jetpack_memberships_contains_paywalled_content":false,"_jetpack_memberships_contains_paid_content":false,"footnotes":""},"categories":[80,2,28,83,88,1372],"tags":[1180,2325],"class_list":["post-63184","post","type-post","status-publish","format-standard","has-post-thumbnail","hentry","category-cintillo","category-noticias-nacionales","category-quintana-roo","category-temas-nacionales","category-violencia-contra-periodistas","category-violencia-contra-periodistas-en-quintana-roo","tag-asesinato-de-periodistas","tag-protestas-contra-asesionato-de-periodistas","entry"],"jetpack_featured_media_url":"http:\/\/www.grieta.org.mx\/wp-content\/uploads\/2022\/01\/PlayaPeriodistas-e1643308857279.png","jetpack_sharing_enabled":true,"jetpack_shortlink":"https:\/\/wp.me\/p7ZJR4-gr6","jetpack_likes_enabled":false,"jetpack-related-posts":[{"id":63173,"url":"http:\/\/www.grieta.org.mx\/index.php\/2022\/01\/25\/los-periodistas-en-quintana-roo-no-estamos-exentos-de-agresiones-trabajadores-de-medios-en-chetumal-se-suman-a-protesta-nacional-por-asesinatos-de-margarito-martinez-jose-luis-gamboa-y-lourdes-m\/","url_meta":{"origin":63184,"position":0},"title":"&#8220;Los periodistas en Quintana Roo no estamos exentos de agresiones&#8221;: Trabajadores de medios en Chetumal se suman a protesta nacional por asesinatos de Margarito Mart\u00ednez, Jos\u00e9 Luis Gamboa y Lourdes Maldonado","author":"grieta","date":"25 enero, 2022","format":false,"excerpt":"Rafael Brice\u00f1o Noticaribe CHETUMAL, MX. \u2013 Trabajadores de medios de comunicaci\u00f3n en Chetumal se sumaron a la protesta nacional por los asesinatos de los periodistas Margarito Mart\u00ednez, Jos\u00e9 Luis Gamboa y Lourdes Maldonado, con la exigencia de no m\u00e1s. La cita fue enfrente de Palacio de gobierno en donde Gabriel\u2026","rel":"","context":"En &quot;CINTILLO&quot;","block_context":{"text":"CINTILLO","link":"http:\/\/www.grieta.org.mx\/index.php\/category\/cintillo\/"},"img":{"alt_text":"","src":"https:\/\/i0.wp.com\/www.grieta.org.mx\/wp-content\/uploads\/2022\/01\/NoEstamosExentos.png?resize=350%2C200","width":350,"height":200,"srcset":"https:\/\/i0.wp.com\/www.grieta.org.mx\/wp-content\/uploads\/2022\/01\/NoEstamosExentos.png?resize=350%2C200 1x, https:\/\/i0.wp.com\/www.grieta.org.mx\/wp-content\/uploads\/2022\/01\/NoEstamosExentos.png?resize=525%2C300 1.5x, https:\/\/i0.wp.com\/www.grieta.org.mx\/wp-content\/uploads\/2022\/01\/NoEstamosExentos.png?resize=700%2C400 2x"},"classes":[]},{"id":63795,"url":"http:\/\/www.grieta.org.mx\/index.php\/2022\/01\/24\/protestan-en-tijuana-y-mexicali-por-el-asesinato-de-la-periodista-lourdes-maldonado-exigen-resultados-a-la-fge-baja-california\/","url_meta":{"origin":63184,"position":1},"title":"Protestan en Tijuana y Mexicali por el asesinato de la periodista Lourdes Maldonado; exigen resultados a la FGE (Baja California)","author":"grieta","date":"24 enero, 2022","format":false,"excerpt":"Zeta Tijuana \/ Antonio Heras. *Anuncian fiscal\u00eda especial para investigar los asesinatos de Maldonado y Margarito Mart\u00ednez Mexicali.- Un centenar de periodistas protest\u00f3 en Baja California por el asesinato de la periodista Lourdes Maldonado y exigieron su esclarecimiento, al igual que del fotoperiodista Margarito Mart\u00ednez, ambos cometidos en el transcurso\u2026","rel":"","context":"En &quot;Baja California&quot;","block_context":{"text":"Baja California","link":"http:\/\/www.grieta.org.mx\/index.php\/category\/noticias-nacionales\/baja-california\/"},"img":{"alt_text":"","src":"https:\/\/i0.wp.com\/www.grieta.org.mx\/wp-content\/uploads\/2018\/03\/14524434_1106112876131411_958039263622046936_o.jpg?resize=350%2C200","width":350,"height":200,"srcset":"https:\/\/i0.wp.com\/www.grieta.org.mx\/wp-content\/uploads\/2018\/03\/14524434_1106112876131411_958039263622046936_o.jpg?resize=350%2C200 1x, https:\/\/i0.wp.com\/www.grieta.org.mx\/wp-content\/uploads\/2018\/03\/14524434_1106112876131411_958039263622046936_o.jpg?resize=525%2C300 1.5x, https:\/\/i0.wp.com\/www.grieta.org.mx\/wp-content\/uploads\/2018\/03\/14524434_1106112876131411_958039263622046936_o.jpg?resize=700%2C400 2x"},"classes":[]},{"id":63170,"url":"http:\/\/www.grieta.org.mx\/index.php\/2022\/01\/25\/periodismo-en-riesgo-desde-cancun-exigen-justicia-por-periodistas-asesinados-quintana-roo\/","url_meta":{"origin":63184,"position":2},"title":"&#8220;Periodismo en riesgo&#8221;: Desde Canc\u00fan, exigen justicia por periodistas asesinados (Quintana Roo)","author":"grieta","date":"25 enero, 2022","format":false,"excerpt":"Agencia SIM | Fotos: Infoqroo \/ Noticaribe CANC\u00daN, MX.- Reporteros, editores, fot\u00f3grafos y otros trabajadores de los medios de comunicaci\u00f3n se reunieron esta noche afuera del Palacio Municipal del Ayuntamiento de Benito Ju\u00e1rez, para sumarse al movimiento \u201cPeriodismo en Riesgo\u201d y exigir justicia por los tres colegas que fueron asesinados\u2026","rel":"","context":"En &quot;CINTILLO&quot;","block_context":{"text":"CINTILLO","link":"http:\/\/www.grieta.org.mx\/index.php\/category\/cintillo\/"},"img":{"alt_text":"","src":"https:\/\/i0.wp.com\/www.grieta.org.mx\/wp-content\/uploads\/2022\/01\/PeriodismoEnRiesgo.png?resize=350%2C200","width":350,"height":200,"srcset":"https:\/\/i0.wp.com\/www.grieta.org.mx\/wp-content\/uploads\/2022\/01\/PeriodismoEnRiesgo.png?resize=350%2C200 1x, https:\/\/i0.wp.com\/www.grieta.org.mx\/wp-content\/uploads\/2022\/01\/PeriodismoEnRiesgo.png?resize=525%2C300 1.5x, https:\/\/i0.wp.com\/www.grieta.org.mx\/wp-content\/uploads\/2022\/01\/PeriodismoEnRiesgo.png?resize=700%2C400 2x"},"classes":[]},{"id":24082,"url":"http:\/\/www.grieta.org.mx\/index.php\/2018\/06\/29\/onu-llama-a-investigar-a-fondo-asesinato-de-periodista-en-quintana-roo\/","url_meta":{"origin":63184,"position":3},"title":"ONU llama a investigar a fondo asesinato de periodista en Quintana Roo","author":"grieta","date":"29 junio, 2018","format":false,"excerpt":"La oficina de Derechos Humanos de las Naciones Unidas en M\u00e9xico conden\u00f3 el homicidio del periodista Jos\u00e9 Guadalupe Chan Dzib, ocurrido el pasado viernes 29 de junio en Felipe Carrillo Puerto, Quintana Roo La Oficina en M\u00e9xico del Alto Comisionado de las Naciones Unidas para los Derechos Humanos (ONU-DH) conden\u00f3\u2026","rel":"","context":"En &quot;CINTILLO&quot;","block_context":{"text":"CINTILLO","link":"http:\/\/www.grieta.org.mx\/index.php\/category\/cintillo\/"},"img":{"alt_text":"","src":"https:\/\/i0.wp.com\/www.grieta.org.mx\/wp-content\/uploads\/2018\/07\/QRooPeriodista.png?resize=350%2C200","width":350,"height":200,"srcset":"https:\/\/i0.wp.com\/www.grieta.org.mx\/wp-content\/uploads\/2018\/07\/QRooPeriodista.png?resize=350%2C200 1x, https:\/\/i0.wp.com\/www.grieta.org.mx\/wp-content\/uploads\/2018\/07\/QRooPeriodista.png?resize=525%2C300 1.5x"},"classes":[]},{"id":63187,"url":"http:\/\/www.grieta.org.mx\/index.php\/2022\/01\/25\/periodistas-campechanos-se-manifiestan-piden-seguridad-y-cero-impunidad-ante-asesinatos\/","url_meta":{"origin":63184,"position":4},"title":"Periodistas campechanos, se manifiestan; piden seguridad y cero impunidad ante asesinatos","author":"grieta","date":"25 enero, 2022","format":false,"excerpt":"Periodistas campechanos se sumaron a la protesta nacional motivada por el asesinato de la compatriota Lourdes Maldonado, asesinada a tiros el pasado lunes en Baja California; durante el discurso, Rosa Santana periodista con m\u00e1s de 15 a\u00f1os de trayectoria, pidi\u00f3 a los tres \u00f3rdenes de gobierno, atender el problema y\u2026","rel":"","context":"En &quot;Campeche&quot;","block_context":{"text":"Campeche","link":"http:\/\/www.grieta.org.mx\/index.php\/category\/noticias-nacionales\/campeche\/"},"img":{"alt_text":"","src":"https:\/\/i0.wp.com\/www.grieta.org.mx\/wp-content\/uploads\/2022\/01\/PeriodistasCampeche-e1643309379140.png?resize=350%2C200","width":350,"height":200,"srcset":"https:\/\/i0.wp.com\/www.grieta.org.mx\/wp-content\/uploads\/2022\/01\/PeriodistasCampeche-e1643309379140.png?resize=350%2C200 1x, https:\/\/i0.wp.com\/www.grieta.org.mx\/wp-content\/uploads\/2022\/01\/PeriodistasCampeche-e1643309379140.png?resize=525%2C300 1.5x, https:\/\/i0.wp.com\/www.grieta.org.mx\/wp-content\/uploads\/2022\/01\/PeriodistasCampeche-e1643309379140.png?resize=700%2C400 2x"},"classes":[]},{"id":63167,"url":"http:\/\/www.grieta.org.mx\/index.php\/2022\/01\/25\/comunicadores-de-yucatan-se-unen-a-movilizacion-nacional-para-exigir-un-alto-al-asesinato-de-periodistas\/","url_meta":{"origin":63184,"position":5},"title":"Comunicadores de Yucat\u00e1n se unen a movilizaci\u00f3n nacional para exigir un alto al asesinato de periodistas","author":"grieta","date":"25 enero, 2022","format":false,"excerpt":"Itzel Chan \/ Noticaribe M\u00c9RIDA, MX.- Desde el monumento a Patria, en M\u00e9rida, comunicadores recordaron que M\u00e9xico es uno de los pa\u00edses m\u00e1s peligrosos para ejercer el periodismo de acuerdo con la Organizaci\u00f3n de las Naciones Unidas (ONU) y como muestra, recordaron que tan s\u00f3lo en el sexenio de Andr\u00e9s\u2026","rel":"","context":"En &quot;CINTILLO&quot;","block_context":{"text":"CINTILLO","link":"http:\/\/www.grieta.org.mx\/index.php\/category\/cintillo\/"},"img":{"alt_text":"","src":"https:\/\/i0.wp.com\/www.grieta.org.mx\/wp-content\/uploads\/2022\/01\/AltoAsesinatoPeriodistas.png?resize=350%2C200","width":350,"height":200,"srcset":"https:\/\/i0.wp.com\/www.grieta.org.mx\/wp-content\/uploads\/2022\/01\/AltoAsesinatoPeriodistas.png?resize=350%2C200 1x, https:\/\/i0.wp.com\/www.grieta.org.mx\/wp-content\/uploads\/2022\/01\/AltoAsesinatoPeriodistas.png?resize=525%2C300 1.5x, https:\/\/i0.wp.com\/www.grieta.org.mx\/wp-content\/uploads\/2022\/01\/AltoAsesinatoPeriodistas.png?resize=700%2C400 2x"},"classes":[]}],"_links":{"self":[{"href":"http:\/\/www.grieta.org.mx\/index.php\/wp-json\/wp\/v2\/posts\/63184","targetHints":{"allow":["GET"]}}],"collection":[{"href":"http:\/\/www.grieta.org.mx\/index.php\/wp-json\/wp\/v2\/posts"}],"about":[{"href":"http:\/\/www.grieta.org.mx\/index.php\/wp-json\/wp\/v2\/types\/post"}],"author":[{"embeddable":true,"href":"http:\/\/www.grieta.org.mx\/index.php\/wp-json\/wp\/v2\/users\/2"}],"replies":[{"embeddable":true,"href":"http:\/\/www.grieta.org.mx\/index.php\/wp-json\/wp\/v2\/comments?post=63184"}],"version-history":[{"count":1,"href":"http:\/\/www.grieta.org.mx\/index.php\/wp-json\/wp\/v2\/posts\/63184\/revisions"}],"predecessor-version":[{"id":63186,"href":"http:\/\/www.grieta.org.mx\/index.php\/wp-json\/wp\/v2\/posts\/63184\/revisions\/63186"}],"wp:featuredmedia":[{"embeddable":true,"href":"http:\/\/www.grieta.org.mx\/index.php\/wp-json\/wp\/v2\/media\/63185"}],"wp:attachment":[{"href":"http:\/\/www.grieta.org.mx\/index.php\/wp-json\/wp\/v2\/media?parent=63184"}],"wp:term":[{"taxonomy":"category","embeddable":true,"href":"http:\/\/www.grieta.org.mx\/index.php\/wp-json\/wp\/v2\/categories?post=63184"},{"taxonomy":"post_tag","embeddable":true,"href":"http:\/\/www.grieta.org.mx\/index.php\/wp-json\/wp\/v2\/tags?post=63184"}],"curies":[{"name":"wp","href":"https:\/\/api.w.org\/{rel}","templated":true}]}}