{"id":6318,"date":"2015-02-09T20:25:32","date_gmt":"2015-02-09T20:25:32","guid":{"rendered":"http:\/\/50.22.11.12\/~grietaor\/?p=6318"},"modified":"2016-04-25T02:55:02","modified_gmt":"2016-04-25T02:55:02","slug":"toman-maestros-escuelas-normales","status":"publish","type":"post","link":"http:\/\/www.grieta.org.mx\/index.php\/2015\/02\/09\/toman-maestros-escuelas-normales\/","title":{"rendered":"Toman maestros escuelas normales"},"content":{"rendered":"<p>Raquel May Ol\u00e1n<\/p>\n<p>Villahermosa, Tabasco.- Docentes y administrativos de las escuelas normales \u201cRosario M. Guti\u00e9rrez Eskildsen\u201d de educaci\u00f3n Preescolar y Primaria; \u201cPablo Garc\u00eda \u00c1valos\u201d de Educaci\u00f3n F\u00edsica y \u201cLa Normal de Balancan\u201d, tomaron las instalaciones de los planteles de manera simult\u00e1nea; exigieron a la Secretaria de Educaci\u00f3n en Tabasco (Setab) recategorizaciones, compactaciones, contrataciones de plazas administrativas y plazas de promoci\u00f3n.<\/p>\n<p>Ante ello, este lunes m\u00e1s de mil 500 alumnos de los tres centros educativos no pudieron iniciar su semana de clases, y se prev\u00e9 que estas condiciones contin\u00faen hasta que las autoridades educativas reactiven los tramites referidos, que mantienen detenidos desde hace tres a\u00f1os, aseguraron docentes.<\/p>\n<p>Son cerca de 400 docentes y administrativos normalistas los que forman esta movilizaci\u00f3n, agremiados a la secci\u00f3n 29 del Sindicato Nacional de Trabajadores de la Educaci\u00f3n (SNTE), al Sindicato Independiente de Trabajadores de la Educaci\u00f3n en M\u00e9xico (SITEM) y al Sindicato Independiente de Trabajadores de la Educaci\u00f3n de Tabasco (SITET).<\/p>\n<p>Hasta ayer la \u00fanica Normal que se encontraba abierta era la de Educaci\u00f3n Especial \u201cGraciela Pintado de Madrazo\u201d; pues se encontraba en un proceso de cambio en la direcci\u00f3n general, sin embargo se prev\u00e9 que este d\u00eda se una a las movilizaciones de protesta en contra de la Setab.<\/p>\n<p>Wilber Pinelo Alegr\u00eda, delegado de la secci\u00f3n 29 del Snte, asegur\u00f3 que la protesta es conforme a derecho, ya que las autoridades de educaci\u00f3n en el Estado no han respetado los acuerdos que en otras ocasiones se han pactado.<\/p>\n<p>A\u00f1adi\u00f3 que llevan tres a\u00f1os peleando por dichas recategorizaciones, plazas de promoci\u00f3n y dem\u00e1s, sin que la Setab los tome enserio, oblig\u00e1ndolos a optar nuevamente por las v\u00edas de las manifestaciones.<\/p>\n<p>\u201cLas recategorizaciones, compactaciones, plazas de promoci\u00f3n, las contrataciones de plazas administrativas, todo esto no ha pasado, est\u00e1 detenido aproximadamente desde hace tres a\u00f1os, y los compa\u00f1eros decidieron convocar a reuni\u00f3n y pues tomar estas medidas de encerrar las escuelas\u201d, dijo.<\/p>\n<p>Hasta el momento en que se redact\u00f3 este texto, ninguna autoridad hab\u00eda acudido a los planteles para entablar un dialogo, aunque los inconformes afirmaron que en esta ocasi\u00f3n no liberaran las instalaciones hasta que los tramites que est\u00e1n detenidos se concluyan de manera satisfactoria.<\/p>\n<p>\u201cNo hemos recibido nadie, ni llamada telef\u00f3nicas, este es un paro indefinido por lo que esperaremos que lleguen las autoridades para volver a platicar lo que se ha platicar por a\u00f1os, pero el acuerdo que tomamos entre todas las normales es que pase todo lo que est\u00e1 detenido para poder abrir las escuelas\u201d, apunt\u00f3.<\/p>\n<p>Los profesores en desacuerdo acusaron a la Setab de cometer arbitrariedades en contra de la base trabajadora y en prejuicio de los derechos laborales que por reglamento y estatuto los rigen.<\/p>\n<p>Por ello exigieron retomar a la brevedad todos los casos de plazas de promoci\u00f3n para que sean otorgadas a la base trabajadora de las Normales.<\/p>\n<p>As\u00ed tambi\u00e9n con respecto a las recategorizaciones y promociones, pidieron que la Setab reactive este proceso estipulado en el diario oficial de reglamento interior de trabajo profesional acad\u00e9mico del subsistema de educaci\u00f3n normal de la Secretaria de Educaci\u00f3n, Cultura y Recreaci\u00f3n, mismo que le permite al docente del sistema de homologados el derecho a entrar a un proceso de promoci\u00f3n anual y que hasta el momento se ha abandonado.<\/p>\n<p><a href=\"http:\/\/www.oem.com.mx\/elheraldodetabasco\/notas\/n4075331.htm\" target=\"_blank\">http:\/\/www.oem.com.mx\/elheraldodetabasco\/notas\/n4075331.htm<\/a><\/p>\n","protected":false},"excerpt":{"rendered":"<p>Raquel May Ol\u00e1n Villahermosa, Tabasco.- Docentes y administrativos de las escuelas normales \u201cRosario M. Guti\u00e9rrez Eskildsen\u201d de educaci\u00f3n Preescolar y Primaria; \u201cPablo Garc\u00eda \u00c1valos\u201d de Educaci\u00f3n F\u00edsica y \u201cLa Normal &hellip; <a href=\"http:\/\/www.grieta.org.mx\/index.php\/2015\/02\/09\/toman-maestros-escuelas-normales\/\" class=\"more-link\">Leer m\u00e1s<\/a><\/p>\n","protected":false},"author":2,"featured_media":21928,"comment_status":"closed","ping_status":"open","sticky":false,"template":"","format":"standard","meta":{"ngg_post_thumbnail":0,"_jetpack_newsletter_access":"","_jetpack_dont_email_post_to_subs":false,"_jetpack_newsletter_tier_id":0,"_jetpack_memberships_contains_paywalled_content":false,"_jetpack_memberships_contains_paid_content":false,"footnotes":""},"categories":[80,415],"tags":[105,147],"class_list":["post-6318","post","type-post","status-publish","format-standard","has-post-thumbnail","hentry","category-cintillo","category-tabasco","tag-derechos-laborales","tag-trabajo","entry"],"jetpack_featured_media_url":"http:\/\/www.grieta.org.mx\/wp-content\/uploads\/2018\/03\/14524434_1106112876131411_958039263622046936_o.jpg","jetpack_sharing_enabled":true,"jetpack_shortlink":"https:\/\/wp.me\/p7ZJR4-1DU","jetpack_likes_enabled":false,"jetpack-related-posts":[{"id":15179,"url":"http:\/\/www.grieta.org.mx\/index.php\/2016\/06\/21\/desestima-iea-paro-en-escuelas-normales-ags\/","url_meta":{"origin":6318,"position":0},"title":"Desestima IEA paro en escuelas normales (AGS)","author":"grieta","date":"21 junio, 2016","format":false,"excerpt":"Redacci\u00f3n El Heraldo, Aguascalientes. Desestim\u00f3 el Instituto de Educaci\u00f3n de Aguascalientes el paro de labores que se efectu\u00f3 el d\u00eda de ayer en las escuelas normales del estado; el director de la instancia, Francisco Ch\u00e1vez Rangel, neg\u00f3 que hubiera acciones de demanda en este sentido por parte de los maestros,\u2026","rel":"","context":"En &quot;aguascalientes&quot;","block_context":{"text":"aguascalientes","link":"http:\/\/www.grieta.org.mx\/index.php\/category\/aguascalientes\/"},"img":{"alt_text":"","src":"https:\/\/i0.wp.com\/www.grieta.org.mx\/wp-content\/uploads\/2018\/03\/14524434_1106112876131411_958039263622046936_o.jpg?resize=350%2C200","width":350,"height":200,"srcset":"https:\/\/i0.wp.com\/www.grieta.org.mx\/wp-content\/uploads\/2018\/03\/14524434_1106112876131411_958039263622046936_o.jpg?resize=350%2C200 1x, https:\/\/i0.wp.com\/www.grieta.org.mx\/wp-content\/uploads\/2018\/03\/14524434_1106112876131411_958039263622046936_o.jpg?resize=525%2C300 1.5x, https:\/\/i0.wp.com\/www.grieta.org.mx\/wp-content\/uploads\/2018\/03\/14524434_1106112876131411_958039263622046936_o.jpg?resize=700%2C400 2x"},"classes":[]},{"id":41502,"url":"http:\/\/www.grieta.org.mx\/index.php\/2019\/11\/12\/seis-escuelas-normales-de-aguascalientes-en-paro-de-labores\/","url_meta":{"origin":6318,"position":1},"title":"SEIS ESCUELAS NORMALES DE AGUASCALIENTES, EN PARO DE LABORES","author":"grieta","date":"12 noviembre, 2019","format":false,"excerpt":"Adriana Garc\u00eda Campos\/La Jornada Aguascalientes 12 noviembre 2019 Docentes y personal administrativo se manifiestan, exigiendo la renuncia de directivos Acusan favoritismo y manejo discrecional de los planteles por parte del jefe de Departamento de Normales Refieren trabajadores acoso laboral, prepotencia y abuso de poder Desde la ma\u00f1ana de este lunes\u2026","rel":"","context":"En &quot;Aguascalientes&quot;","block_context":{"text":"Aguascalientes","link":"http:\/\/www.grieta.org.mx\/index.php\/category\/noticias-nacionales\/aguascalientes\/"},"img":{"alt_text":"","src":"https:\/\/i0.wp.com\/www.grieta.org.mx\/wp-content\/uploads\/2019\/11\/15105252000_52a652cfa6_c.jpg?resize=350%2C200","width":350,"height":200,"srcset":"https:\/\/i0.wp.com\/www.grieta.org.mx\/wp-content\/uploads\/2019\/11\/15105252000_52a652cfa6_c.jpg?resize=350%2C200 1x, https:\/\/i0.wp.com\/www.grieta.org.mx\/wp-content\/uploads\/2019\/11\/15105252000_52a652cfa6_c.jpg?resize=525%2C300 1.5x, https:\/\/i0.wp.com\/www.grieta.org.mx\/wp-content\/uploads\/2019\/11\/15105252000_52a652cfa6_c.jpg?resize=700%2C400 2x"},"classes":[]},{"id":6263,"url":"http:\/\/www.grieta.org.mx\/index.php\/2015\/10\/12\/chocan-maestros-de-cnte-y-policias-en-tabasco\/","url_meta":{"origin":6318,"position":2},"title":"Chocan maestros de CNTE y polic\u00edas en Tabasco","author":"grieta","date":"12 octubre, 2015","format":false,"excerpt":"Con informaci\u00f3n de Luna L\u00f3pez Antimotines desalojan a docentes en la caseta de cobro de Villahermosa-Macuspana Elementos antimotines de la Secretar\u00eda de Seguridad P\u00fablica de Tabasco (SSP) desalojaron con gas lacrim\u00f3geno a maestros que se apostaron en la caseta de cobro de la carretera Villahermosa-Macuspana. Desde temprano, los docentes se\u2026","rel":"","context":"En &quot;CINTILLO&quot;","block_context":{"text":"CINTILLO","link":"http:\/\/www.grieta.org.mx\/index.php\/category\/cintillo\/"},"img":{"alt_text":"","src":"https:\/\/i0.wp.com\/www.grieta.org.mx\/wp-content\/uploads\/2018\/03\/14524434_1106112876131411_958039263622046936_o.jpg?resize=350%2C200","width":350,"height":200,"srcset":"https:\/\/i0.wp.com\/www.grieta.org.mx\/wp-content\/uploads\/2018\/03\/14524434_1106112876131411_958039263622046936_o.jpg?resize=350%2C200 1x, https:\/\/i0.wp.com\/www.grieta.org.mx\/wp-content\/uploads\/2018\/03\/14524434_1106112876131411_958039263622046936_o.jpg?resize=525%2C300 1.5x, https:\/\/i0.wp.com\/www.grieta.org.mx\/wp-content\/uploads\/2018\/03\/14524434_1106112876131411_958039263622046936_o.jpg?resize=700%2C400 2x"},"classes":[]},{"id":1946,"url":"http:\/\/www.grieta.org.mx\/index.php\/2015\/12\/11\/alumnos-toman-tres-normales-en-la-mixteca\/","url_meta":{"origin":6318,"position":3},"title":"Alumnos toman tres Normales en la Mixteca","author":"grieta","date":"11 diciembre, 2015","format":false,"excerpt":"Lesli Aguilar, Huajuapan de Le\u00f3n, Oaxaca.- M\u00e1s de 600 alumnos de la regi\u00f3n Mixteca tomaron las Escuelas Normales, para exigir al Instituto Estatal de Educaci\u00f3n P\u00fablica de Oaxaca (IEEPO) la asignaci\u00f3n de plazas de manera autom\u00e1tica, sin presentar ninguna evaluaci\u00f3n y violar la Reforma Educativa en Oaxaca. Desde este jueves,\u2026","rel":"","context":"En &quot;CINTILLO&quot;","block_context":{"text":"CINTILLO","link":"http:\/\/www.grieta.org.mx\/index.php\/category\/cintillo\/"},"img":{"alt_text":"","src":"https:\/\/i0.wp.com\/www.grieta.org.mx\/wp-content\/uploads\/2018\/03\/14524434_1106112876131411_958039263622046936_o.jpg?resize=350%2C200","width":350,"height":200,"srcset":"https:\/\/i0.wp.com\/www.grieta.org.mx\/wp-content\/uploads\/2018\/03\/14524434_1106112876131411_958039263622046936_o.jpg?resize=350%2C200 1x, https:\/\/i0.wp.com\/www.grieta.org.mx\/wp-content\/uploads\/2018\/03\/14524434_1106112876131411_958039263622046936_o.jpg?resize=525%2C300 1.5x, https:\/\/i0.wp.com\/www.grieta.org.mx\/wp-content\/uploads\/2018\/03\/14524434_1106112876131411_958039263622046936_o.jpg?resize=700%2C400 2x"},"classes":[]},{"id":15166,"url":"http:\/\/www.grieta.org.mx\/index.php\/2016\/06\/18\/entraran-en-paro-normalistas-de-aguascalientes\/","url_meta":{"origin":6318,"position":4},"title":"Entrar\u00e1n en paro normalistas de Aguascalientes","author":"grieta","date":"18 junio, 2016","format":false,"excerpt":"Karla M\u00e9ndez, Aguascalientes Todas las Escuelas Normales del estado de Aguascalientes entrar\u00e1n en un paro de labores el pr\u00f3ximo lunes, inform\u00f3 el l\u00edder del Sindicato de Trabajadores de la Educaci\u00f3n Secci\u00f3n 1, Mario Armando Valdez. \"En todas las normales del estado por la situaci\u00f3n de los corrimientos que est\u00e1 detenido\u2026","rel":"","context":"En &quot;aguascalientes&quot;","block_context":{"text":"aguascalientes","link":"http:\/\/www.grieta.org.mx\/index.php\/category\/aguascalientes\/"},"img":{"alt_text":"","src":"https:\/\/i0.wp.com\/www.grieta.org.mx\/wp-content\/uploads\/2018\/03\/14524434_1106112876131411_958039263622046936_o.jpg?resize=350%2C200","width":350,"height":200,"srcset":"https:\/\/i0.wp.com\/www.grieta.org.mx\/wp-content\/uploads\/2018\/03\/14524434_1106112876131411_958039263622046936_o.jpg?resize=350%2C200 1x, https:\/\/i0.wp.com\/www.grieta.org.mx\/wp-content\/uploads\/2018\/03\/14524434_1106112876131411_958039263622046936_o.jpg?resize=525%2C300 1.5x, https:\/\/i0.wp.com\/www.grieta.org.mx\/wp-content\/uploads\/2018\/03\/14524434_1106112876131411_958039263622046936_o.jpg?resize=700%2C400 2x"},"classes":[]},{"id":956,"url":"http:\/\/www.grieta.org.mx\/index.php\/2016\/02\/20\/comunidad-normalista-en-resistencia-y-en-construccion-de-proyectos-alternativos-de-educacion\/","url_meta":{"origin":6318,"position":5},"title":"Comunidad normalista, en resistencia y en construcci\u00f3n de proyectos alternativos de educaci\u00f3n","author":"grieta","date":"20 febrero, 2016","format":false,"excerpt":"Los asistentes al Primer Congreso Nacional de Normales manifiestan su rechazo a la reforma laboral-educativa y al Plan Integral de Diagn\u00f3stico, Redise\u00f1o y Fortalecimiento de las Escuelas Normales (PIDIRFEN), disposiciones a las que consideran la \u201cactual ofensiva del r\u00e9gimen contra la educaci\u00f3n p\u00fablica y el normalismo en particular\u201d. Reunidos, el\u2026","rel":"","context":"En &quot;CINTILLO&quot;","block_context":{"text":"CINTILLO","link":"http:\/\/www.grieta.org.mx\/index.php\/category\/cintillo\/"},"img":{"alt_text":"","src":"https:\/\/i0.wp.com\/www.grieta.org.mx\/wp-content\/uploads\/2018\/03\/14524434_1106112876131411_958039263622046936_o.jpg?resize=350%2C200","width":350,"height":200,"srcset":"https:\/\/i0.wp.com\/www.grieta.org.mx\/wp-content\/uploads\/2018\/03\/14524434_1106112876131411_958039263622046936_o.jpg?resize=350%2C200 1x, https:\/\/i0.wp.com\/www.grieta.org.mx\/wp-content\/uploads\/2018\/03\/14524434_1106112876131411_958039263622046936_o.jpg?resize=525%2C300 1.5x, https:\/\/i0.wp.com\/www.grieta.org.mx\/wp-content\/uploads\/2018\/03\/14524434_1106112876131411_958039263622046936_o.jpg?resize=700%2C400 2x"},"classes":[]}],"_links":{"self":[{"href":"http:\/\/www.grieta.org.mx\/index.php\/wp-json\/wp\/v2\/posts\/6318","targetHints":{"allow":["GET"]}}],"collection":[{"href":"http:\/\/www.grieta.org.mx\/index.php\/wp-json\/wp\/v2\/posts"}],"about":[{"href":"http:\/\/www.grieta.org.mx\/index.php\/wp-json\/wp\/v2\/types\/post"}],"author":[{"embeddable":true,"href":"http:\/\/www.grieta.org.mx\/index.php\/wp-json\/wp\/v2\/users\/2"}],"replies":[{"embeddable":true,"href":"http:\/\/www.grieta.org.mx\/index.php\/wp-json\/wp\/v2\/comments?post=6318"}],"version-history":[{"count":1,"href":"http:\/\/www.grieta.org.mx\/index.php\/wp-json\/wp\/v2\/posts\/6318\/revisions"}],"predecessor-version":[{"id":10952,"href":"http:\/\/www.grieta.org.mx\/index.php\/wp-json\/wp\/v2\/posts\/6318\/revisions\/10952"}],"wp:featuredmedia":[{"embeddable":true,"href":"http:\/\/www.grieta.org.mx\/index.php\/wp-json\/wp\/v2\/media\/21928"}],"wp:attachment":[{"href":"http:\/\/www.grieta.org.mx\/index.php\/wp-json\/wp\/v2\/media?parent=6318"}],"wp:term":[{"taxonomy":"category","embeddable":true,"href":"http:\/\/www.grieta.org.mx\/index.php\/wp-json\/wp\/v2\/categories?post=6318"},{"taxonomy":"post_tag","embeddable":true,"href":"http:\/\/www.grieta.org.mx\/index.php\/wp-json\/wp\/v2\/tags?post=6318"}],"curies":[{"name":"wp","href":"https:\/\/api.w.org\/{rel}","templated":true}]}}