{"id":63176,"date":"2022-01-25T11:57:27","date_gmt":"2022-01-25T17:57:27","guid":{"rendered":"http:\/\/www.grieta.org.mx\/?p=63176"},"modified":"2022-01-27T12:24:22","modified_gmt":"2022-01-27T18:24:22","slug":"de-tijuana-a-cancun-periodistas-exigen-justicia-por-asesinatos-y-manifiestan-hartazgo-por-impunidad","status":"publish","type":"post","link":"http:\/\/www.grieta.org.mx\/index.php\/2022\/01\/25\/de-tijuana-a-cancun-periodistas-exigen-justicia-por-asesinatos-y-manifiestan-hartazgo-por-impunidad\/","title":{"rendered":"De Tijuana a Canc\u00fan: periodistas exigen justicia por asesinatos y manifiestan hartazgo por impunidad"},"content":{"rendered":"<p>Proceso<\/p>\n<blockquote><p>Las consignas fueron de hartazgo ante la impunidad que reina en los homicidios de los comunicadores en el pa\u00eds: \u201cNo se mata la verdad matando periodistas\u201d, \u201cPeriodismo en riesgo\u201d, \u201cNi silencio, ni olvido\u201d.<\/p><\/blockquote>\n<p>CIUDAD DE M\u00c9XICO (apro).- Los recientes asesinatos de periodistas -Lourdes Maldonado, Margarito Mart\u00ednez y Jos\u00e9 Luis Gamboa Arenas, en 2022\u2014no pasaron desapercibidos por el gremio, que este martes desencaden\u00f3 una serie de movilizaciones, m\u00edtines y protestas en varias ciudades del pa\u00eds, desde Tijuana hasta Canc\u00fan, incluida la Ciudad de M\u00e9xico.<\/p>\n<p>Las consignas fueron de hartazgo ante la impunidad que reina en los homicidios de los comunicadores en el pa\u00eds: \u201cNo se mata la verdad matando periodistas\u201d, \u201cPeriodismo en riesgo\u201d, \u201cNi silencio, ni olvido\u201d.<\/p>\n<p>Guanajuato<\/p>\n<p>La movilizaci\u00f3n nacional de periodistas tuvo eco en tres ciudades: Le\u00f3n, San Miguel de Allende y Guanajuato capital.<\/p>\n<p>Periodistas y comunicadores se reunieron en el Arco de la Calzada de Le\u00f3n, la plaza principal de San Miguel y el exterior del Teatro Ju\u00e1rez en la capital del estado, para unirse al grito que desde otras 37 ciudades del pa\u00eds demand\u00f3 frenar la impunidad en la violencia contra quienes ejercen la labor period\u00edstica en el pa\u00eds.<\/p>\n<p>Pancartas y mantas con las leyendas \u201cPeriodistas en riesgo\u201d, \u201cNo se mata la verdad matando periodistas\u201d y \u201cSin periodistas en sus listas\u201d, se exhibieron en estos foros p\u00fablicos, junto con las fotograf\u00edas de los periodistas asesinados, tres s\u00f3lo en lo que va del mes de enero y dos de ellos, Margarito y Lourdes de Tijuana, en menos de una semana.<\/p>\n<p>En Le\u00f3n, el director de la organizaci\u00f3n por la libertad de expresi\u00f3n Art\u00edculo 19 M\u00e9xico, Leopoldo Maldonado, acompa\u00f1\u00f3 de manera solidaria a periodistas, fot\u00f3grafos y camar\u00f3grafos que se concentraron ante el Arco de la Calzada, para sumarse a la movilizaci\u00f3n que se replic\u00f3 en todo el pa\u00eds.<\/p>\n<p>En estos tres eventos se ley\u00f3 un pronunciamiento firmado por miles de periodistas de todo el pa\u00eds, en el que se exigi\u00f3 al Estado garantizar las condiciones de trabajo del gremio \u201csin que nuestras vidas corran peligro\u201d y esclarecer los asesinatos de periodistas.<\/p>\n<p><img loading=\"lazy\" decoding=\"async\" data-attachment-id=\"63178\" data-permalink=\"http:\/\/www.grieta.org.mx\/index.php\/2022\/01\/25\/de-tijuana-a-cancun-periodistas-exigen-justicia-por-asesinatos-y-manifiestan-hartazgo-por-impunidad\/detijuanaacancun2\/\" data-orig-file=\"http:\/\/www.grieta.org.mx\/wp-content\/uploads\/2022\/01\/DeTijuanaACancun2.png\" data-orig-size=\"567,782\" data-comments-opened=\"0\" data-image-meta=\"{&quot;aperture&quot;:&quot;0&quot;,&quot;credit&quot;:&quot;&quot;,&quot;camera&quot;:&quot;&quot;,&quot;caption&quot;:&quot;&quot;,&quot;created_timestamp&quot;:&quot;0&quot;,&quot;copyright&quot;:&quot;&quot;,&quot;focal_length&quot;:&quot;0&quot;,&quot;iso&quot;:&quot;0&quot;,&quot;shutter_speed&quot;:&quot;0&quot;,&quot;title&quot;:&quot;&quot;,&quot;orientation&quot;:&quot;0&quot;}\" data-image-title=\"DeTijuanaACancun2\" data-image-description=\"\" data-image-caption=\"\" data-medium-file=\"http:\/\/www.grieta.org.mx\/wp-content\/uploads\/2022\/01\/DeTijuanaACancun2-218x300.png\" data-large-file=\"http:\/\/www.grieta.org.mx\/wp-content\/uploads\/2022\/01\/DeTijuanaACancun2.png\" src=\"http:\/\/www.grieta.org.mx\/wp-content\/uploads\/2022\/01\/DeTijuanaACancun2.png\" alt=\"\" width=\"567\" height=\"782\" class=\"alignnone size-full wp-image-63178\" srcset=\"http:\/\/www.grieta.org.mx\/wp-content\/uploads\/2022\/01\/DeTijuanaACancun2.png 567w, http:\/\/www.grieta.org.mx\/wp-content\/uploads\/2022\/01\/DeTijuanaACancun2-218x300.png 218w\" sizes=\"auto, (max-width: 567px) 100vw, 567px\" \/><\/p>\n<p>Nuevo Le\u00f3n<\/p>\n<p>Periodistas se reunieron esta noche en el monumento a la Libertad de Expresi\u00f3n en la Macroplaza, para protestar por el crimen de Maldonado.<\/p>\n<p>Unos 50 comunicadores encendieron veladoras y enarbolaron cartulinas con mensajes de repudio al homicidio: \u201cNo se mata la verdad matando periodistas\u201d, \u201cPeriodismo en riesgo\u201d, \u201cJusticia para los 148 periodistas asesinados\u201d, \u201cNi silencio, ni olvido\u201d, \u201cMatan periodistas, mas no la verdad\u201d.<\/p>\n<p>Al pie del monumento fue dejada una corona luctuosa, mientras los periodistas lanzaban proclamas para detener el crimen de reporteros y fot\u00f3grafos.<\/p>\n<p>En la velada tambi\u00e9n fueron recordados los comunicadores Jos\u00e9 Luis Gamboa, asesinado el 10 de enero, en Veracruz, y Margarito Mart\u00ednez, tambi\u00e9n en Tijuana.<\/p>\n<p>En el pronunciamiento colectivo de los representantes de medios locales, nacionales e internacionales, se mencion\u00f3 que la ONU ha se\u00f1alado a M\u00e9xico como uno de los pa\u00edses m\u00e1s peligrosos para desempe\u00f1ar el periodismo y Art\u00edculo 19 ha documentado el crimen de 148 trabajadores de los medios desde que inici\u00f3 el milenio.<\/p>\n<p>\u201cVemos con rabia e indignaci\u00f3n que los cr\u00edmenes contra periodistas en el pa\u00eds siguen en la impunidad. Matar a un periodista en M\u00e9xico es como matar a nadie. Lejos de que haya investigaciones serias, por parte de las Fiscal\u00edas en los estados y en la federal, para que sepamos porque matan a periodistas en este pa\u00eds y haya justicia, la cifra va en aumento\u201d, ley\u00f3 el periodista Alfonso Teja.<\/p>\n<p>Liliana El\u00f3segui, por su parte, mencion\u00f3 que la manifestaci\u00f3n era ajena a partidos pol\u00edticos y solo buscaba generar conciencia en la sociedad.<\/p>\n<p>\u201cLa prioridad en esta manifestaci\u00f3n es para las y los colegas desplazados, desaparecidos o familiares de compa\u00f1eras y compa\u00f1eros asesinados. Esto no es una manifestaci\u00f3n que busque generar ning\u00fan tipo de reflector personal o institucional. Es una invitaci\u00f3n a la sociedad a sumarse en la defensa de la libertad de expresi\u00f3n y su derecho a la informaci\u00f3n\u201d, dijo.<\/p>\n<p>La concentraci\u00f3n fue convocada por la Asociaci\u00f3n de Periodistas Jos\u00e9 Alvarado y la Red de Periodistas del Noreste.<\/p>\n<p>Campeche, Quintana Roo y Yucat\u00e1n<\/p>\n<p>En la Pen\u00ednsula la jornada de protestas pac\u00edficas comenz\u00f3 esta ma\u00f1ana en Playa del Carmen.  <\/p>\n<p>Por la tarde, hicieron lo propio comunicadores de Chetumal y Canc\u00fan, en esta \u00faltima plaza la manifestaci\u00f3n tuvo lugar en la plaza de la Rep\u00fablica, donde en noviembre de 2020 reporteras resultaron heridas de bala cuando la polic\u00eda reprimi\u00f3 a tiros una protesta feminista.  <\/p>\n<p>En Quintana Roo, donde en los \u00faltimos meses fueron despedidos injustificadamente decenas de trabajadores del peri\u00f3dico Por Esto!, a pesar de que este medio, propiedad de Mario Renato Men\u00e9ndez, amigo personal del presidente Andr\u00e9s Manuel L\u00f3pez Obrador, es de los m\u00e1s favorecidos por el gobierno federal, tambi\u00e9n se destac\u00f3 que la precarizaci\u00f3n de los empleados de los medios \u201ctambi\u00e9n mata\u201d.   <\/p>\n<p>Al mediod\u00eda, las acciones para exigir justicia para los periodistas asesinados, el fin de la impunidad y garant\u00edas de seguridad para el ejercicio period\u00edstico tuvieron lugar en Campeche, donde medio centenar de reporteros, reporteros gr\u00e1ficos, camar\u00f3grafos, caricaturistas, se apostaron en el asta bandera. <\/p>\n<p>Ah\u00ed, algunos de los participantes expusieron tambi\u00e9n las agresiones que han recibido de las instancias gubernamentales.   <\/p>\n<p>Por la noche, toc\u00f3 el turno de manifestarse a los comunicadores yucatecos quienes se congregaron en la glorieta del monumento a La Patria. Ah\u00ed se visibilizaron los actos de represi\u00f3n policial contra algunos de los compa\u00f1eros y el reciente intento de asesinato contra el periodista Jaime Vargas.   <\/p>\n<p>Veracruz<\/p>\n<p>En Coatzacoalcos, Misantla, C\u00f3rdoba, Orizaba, Cosoleacaque, Minatitl\u00e1n, Xalapa y Veracruz, reporteros de prensa digital, escrita y radio exigieron un cese a la violencia con cartulinas, veladoras y fotograf\u00edas de los recientes comunicadores asesinados.<\/p>\n<p>En la protesta, periodistas y activistas encendieron veladoras en las fotograf\u00edas de los asesinados, e im\u00e1genes recargadas en las letras de \u201cVeracruz\u201d, cuyo slogan gubernamental se\u00f1ala: \u201cMe llena de orgullo\u201d.<\/p>\n<p>La expresidenta de la Comisi\u00f3n de Atenci\u00f3n y Protecci\u00f3n de Periodistas (CEAPP), Ana Laura P\u00e9rez, recrimin\u00f3 que ni la Fiscal\u00eda General de la Rep\u00fablica (FGR), ni las Fiscal\u00edas General de los Estados est\u00e1n haciendo su trabajo para resolver el tema de la impunidad, el cual, es el principal c\u00e1ncer de las agresiones a periodistas en M\u00e9xico y en Veracruz.<\/p>\n<p>P\u00e9rez Mendoza soslay\u00f3 que tras casi diez a\u00f1os del asesinato de Regina Mart\u00ednez -corresponsal de Proceso en Veracruz, asesinada el 28 de abril del 2012-, a\u00fan no se sabe qui\u00e9nes fueron sus asesinos, ni los de Rub\u00e9n Espinosa, Mois\u00e9s S\u00e1nchez ni Gregorio Jim\u00e9nez.<\/p>\n<p>En contraste, el actual Secretario Ejecutivo de la CEAPP, Israel Hern\u00e1ndez, en su \u00faltimo post de Facebook \u201creconoci\u00f3\u201d el esfuerzo de la actual Fiscal General del Estado, Ver\u00f3nica Hern\u00e1ndez y de sus subordinados, a quienes felicit\u00f3 por los avances en materia de procuraci\u00f3n de justicia en el 2021, durante la comparecencia de este organismo aut\u00f3nomo en el Congreso Local.<\/p>\n<p>En las protestas de Misantla y de Coatzacoalcos, reporteros portaron cartulinas de \u201cinformar no es un crimen\u201d en alusi\u00f3n a la persecuci\u00f3n y represi\u00f3n que han sufrido por parte de autoridades policiacas estatales y municipales.<\/p>\n<p>En C\u00f3rdoba, periodistas cerraron por unos minutos la calle aleda\u00f1a al Palacio Municipal para llamar la atenci\u00f3n de la ciudadan\u00eda y concientizar sobre los riesgos que corre el gremio period\u00edstico.<\/p>\n<p>En Xalapa, Mar\u00eda Elena Fern\u00e1ndez Ferral, hija de la periodista Mar\u00eda Elena Ferral -asesinada por un grupo de sicarios en Papantla el pasado 30 de marzo del 2020- fustig\u00f3 que en la Fiscal\u00eda General del Estado solo le dan largas con la cl\u00e1sica: \u201cContin\u00faan abiertas las investigaciones\u201d.<\/p>\n<p>Fern\u00e1ndez Ferral reproch\u00f3 que mientras el asesinato de su madre contin\u00faa en la impunidad, en Veracruz y en M\u00e9xico ha continuado el asesinato de periodistas con total impunidad, sin que los mecanismos de protecci\u00f3n muestren resultados.<\/p>\n<p>\u201cNo veo la justicia. Yo ya lo declar\u00e9 muchas veces, ojal\u00e1 en la lista de compa\u00f1eros muertos, mi madre hubiera sido la \u00faltima, pero no fue as\u00ed, contin\u00faan las agresiones, contin\u00faa la violencia y en la Fiscal\u00eda solo me dicen que contin\u00faan las investigaciones, sin que llegue una real impartici\u00f3n de justicia\u201d.<\/p>\n<p>Como en tiempos del priista, Javier Duarte, durante la protesta, empleados de la Direcci\u00f3n de Pol\u00edtica Regional y de la Secretar\u00eda de Seguridad P\u00fablica (SSP) monitorearon la protesta de periodistas con fotograf\u00edas y audios, as\u00ed como andar preguntando nombres de los periodistas que alzaron la voz contra el gobierno y los datos generales de la periodista que hizo un pase de lista de los 24 periodistas asesinados en Veracruz.<\/p>\n<p><img loading=\"lazy\" decoding=\"async\" data-attachment-id=\"63179\" data-permalink=\"http:\/\/www.grieta.org.mx\/index.php\/2022\/01\/25\/de-tijuana-a-cancun-periodistas-exigen-justicia-por-asesinatos-y-manifiestan-hartazgo-por-impunidad\/detijuanaacancun3\/\" data-orig-file=\"http:\/\/www.grieta.org.mx\/wp-content\/uploads\/2022\/01\/DeTijuanaACancun3.png\" data-orig-size=\"583,304\" data-comments-opened=\"0\" data-image-meta=\"{&quot;aperture&quot;:&quot;0&quot;,&quot;credit&quot;:&quot;&quot;,&quot;camera&quot;:&quot;&quot;,&quot;caption&quot;:&quot;&quot;,&quot;created_timestamp&quot;:&quot;0&quot;,&quot;copyright&quot;:&quot;&quot;,&quot;focal_length&quot;:&quot;0&quot;,&quot;iso&quot;:&quot;0&quot;,&quot;shutter_speed&quot;:&quot;0&quot;,&quot;title&quot;:&quot;&quot;,&quot;orientation&quot;:&quot;0&quot;}\" data-image-title=\"DeTijuanaACancun3\" data-image-description=\"\" data-image-caption=\"\" data-medium-file=\"http:\/\/www.grieta.org.mx\/wp-content\/uploads\/2022\/01\/DeTijuanaACancun3-300x156.png\" data-large-file=\"http:\/\/www.grieta.org.mx\/wp-content\/uploads\/2022\/01\/DeTijuanaACancun3.png\" src=\"http:\/\/www.grieta.org.mx\/wp-content\/uploads\/2022\/01\/DeTijuanaACancun3.png\" alt=\"\" width=\"583\" height=\"304\" class=\"alignnone size-full wp-image-63179\" srcset=\"http:\/\/www.grieta.org.mx\/wp-content\/uploads\/2022\/01\/DeTijuanaACancun3.png 583w, http:\/\/www.grieta.org.mx\/wp-content\/uploads\/2022\/01\/DeTijuanaACancun3-300x156.png 300w\" sizes=\"auto, (max-width: 583px) 100vw, 583px\" \/><\/p>\n<p>Baja California<\/p>\n<p>\u201cQu\u00e9 Dios los guarde, porque la polic\u00eda, lo dudo\u201d, dijo la periodista Sonia de Anda de la agrupaci\u00f3n \u201cYo s\u00ed soy periodista\u201d, al concluir la marcha en demanda de justicia y esclarecimiento de los asesinatos contra los periodistas Margarito Mart\u00ednez Esquivel y Lourdes Maldonado.<\/p>\n<p>\u201c\u00a1Prisi\u00f3n preventiva para Bonilla!\u201d, gritaban los periodistas en el monumento llamado \u201clas tijeras\u201d al iniciar la vigilia. En punto de las cinco de la tarde, hora local, arranc\u00f3 la jornada, y una hora despu\u00e9s inici\u00f3 la marcha de aproximadamente 8 kil\u00f3metros. El destino fue la delegaci\u00f3n de la Fiscal\u00eda General de la Rep\u00fablica.<\/p>\n<p>Los cerca de 300 periodistas no solo pidieron justicia, tambi\u00e9n demandaron que los casos los atraiga la FEADLE y evitar con ello alg\u00fan posible sesgo de parte de las autoridades del estado.<\/p>\n<p>\u201cVemos con rabia e indignaci\u00f3n que los cr\u00edmenes contra periodistas en el pa\u00eds siguen en la impunidad. Matar a un periodista en M\u00e9xico es como matar a nadie. Lejos de que haya investigaciones serias por parte de las fiscal\u00edas en los estados y la federal para que sepamos por qu\u00e9 matan a periodistas en este pa\u00eds y haya justicia, la cifra va en aumento\u201d, ley\u00f3 la periodista Aline Corpus.<\/p>\n<p>En las afueras de la delegaci\u00f3n de la FGR, recordaron que hay zonas de silencio debido a que el crimen organizado los tiene amenazados, pero incluso, el gobierno se haya coludido en algunos casos.<\/p>\n<p>\u201cEn el territorio mexicano, la violencia de Estado que incluye la presencia del crimen organizado coludido con los gobiernos de los diferentes niveles de gobierno ha provocado zonas de silencio donde no hay condiciones para ejercer nuestra labor. Han asesinado, desaparecido, amenazado y obligado a periodistas a desplazarse de sus entidades\u201d, sigui\u00f3 Aline Corpus, corresponsal del diario Reforma.<\/p>\n<p>Se record\u00f3 la presencia de Lourdes Maldonado en la conferencia ma\u00f1anera de Andr\u00e9s Manuel L\u00f3pez Obrador del pasado 26 de marzo de 2019, donde pidi\u00f3 su apoyo e incluso dijo temer por su vida.<\/p>\n<p>El cierre de la denuncia fue lapidario: \u201cQue dios los guarde, porque la polic\u00eda lo dudo\u201d. Eso lo dijo Sonia de Anda porque Lourdes Maldonado estaba dentro del mecanismo de protecci\u00f3n a periodistas y una hora y media despu\u00e9s de que la polic\u00eda realiz\u00f3 su rond\u00edn para verificar la integridad de la reportera, fue asesinada.<\/p>\n<p>Chiapas<\/p>\n<p>Periodistas se movilizaron en cuatro ciudades del estado para exigir al gobierno de Andr\u00e9s Manuel L\u00f3pez Obrador justicia para Lourdes Maldonado y todos los periodistas asesinados del pa\u00eds. Tambi\u00e9n garant\u00edas se seguridad y protecci\u00f3n para los comunicadores v\u00edctimas de ataques y agresiones por sus simpatizantes y seguidores. <\/p>\n<p>Periodistas de Tuxtla, Comit\u00e1n, San Crist\u00f3bal de Las Casas y Tapachula, salieron a las plazas centrales de estas ciudades para exigir al gobierno federal que deje de usar las conferencias ma\u00f1aneras para incitar al linchamiento a medios y periodistas y que convoque al respeto y la tolerancia al pensamiento cr\u00edtico y disidente. <\/p>\n<p>En Comit\u00e1n y San Crist\u00f3bal de Las Casas, los periodistas se movilizaron por la ma\u00f1ana mientras que en la noche lo hicieron en Tuxtla y Tapachula.<\/p>\n<p>Samuel Revueltas, quien ley\u00f3 el pronunciamiento p\u00fablico de los periodistas chiapanecos, dijo hoy que M\u00e9xico es considerado como uno de los pa\u00edses m\u00e1s peligrosos para ejercer el periodismo, de acuerdo a la ONU y diversas organizaciones internacionales especializadas en analizar la situaci\u00f3n de la prensa a nivel mundial como Reporteros Sin Fronteras, el Comit\u00e9 de Protecci\u00f3n a Periodistas, Art\u00edculo 19, entre otras. <\/p>\n<p>Expuso que tan s\u00f3lo en lo que va del sexenio de Andr\u00e9s Manuel L\u00f3pez Obrador, seg\u00fan ha documentado Art\u00edculo 19, han sido asesinados 28 comunicadores.<\/p>\n<p>Refiri\u00f3 que Art\u00edculo 19 ha documentado del a\u00f1o 2000 a la fecha 148 asesinatos de periodistas en relaci\u00f3n con su labor informativa. Del total, 136 hombres y 12 mujeres.<\/p>\n<p>Durante el 2021, Comunicaci\u00f3n e Informaci\u00f3n de la Mujer A.C (CIMAC) document\u00f3 que cada 38 horas una mujer periodista o comunicadora es sujeta de alg\u00fan tipo de violencia por su labor de comunicar. <\/p>\n<p>Casos como el de Lourdes Maldonado, quien notific\u00f3 al Mecanismo federal y estatal, que tem\u00eda por su vida, pone en evidencia no s\u00f3lo la limitada capacidad con la que cuentan los estados para reaccionar de forma pronta, efectiva y expedita e incluso para incorporar las necesidades y contextos diferenciados sino que visibiliza la falta de una perspectiva de protecci\u00f3n integral.<\/p>\n<p><img loading=\"lazy\" decoding=\"async\" data-attachment-id=\"63180\" data-permalink=\"http:\/\/www.grieta.org.mx\/index.php\/2022\/01\/25\/de-tijuana-a-cancun-periodistas-exigen-justicia-por-asesinatos-y-manifiestan-hartazgo-por-impunidad\/detijuanaacancun4\/\" data-orig-file=\"http:\/\/www.grieta.org.mx\/wp-content\/uploads\/2022\/01\/DeTijuanaACancun4.png\" data-orig-size=\"585,303\" data-comments-opened=\"0\" data-image-meta=\"{&quot;aperture&quot;:&quot;0&quot;,&quot;credit&quot;:&quot;&quot;,&quot;camera&quot;:&quot;&quot;,&quot;caption&quot;:&quot;&quot;,&quot;created_timestamp&quot;:&quot;0&quot;,&quot;copyright&quot;:&quot;&quot;,&quot;focal_length&quot;:&quot;0&quot;,&quot;iso&quot;:&quot;0&quot;,&quot;shutter_speed&quot;:&quot;0&quot;,&quot;title&quot;:&quot;&quot;,&quot;orientation&quot;:&quot;0&quot;}\" data-image-title=\"DeTijuanaACancun4\" data-image-description=\"\" data-image-caption=\"\" data-medium-file=\"http:\/\/www.grieta.org.mx\/wp-content\/uploads\/2022\/01\/DeTijuanaACancun4-300x155.png\" data-large-file=\"http:\/\/www.grieta.org.mx\/wp-content\/uploads\/2022\/01\/DeTijuanaACancun4.png\" src=\"http:\/\/www.grieta.org.mx\/wp-content\/uploads\/2022\/01\/DeTijuanaACancun4.png\" alt=\"\" width=\"585\" height=\"303\" class=\"alignnone size-full wp-image-63180\" srcset=\"http:\/\/www.grieta.org.mx\/wp-content\/uploads\/2022\/01\/DeTijuanaACancun4.png 585w, http:\/\/www.grieta.org.mx\/wp-content\/uploads\/2022\/01\/DeTijuanaACancun4-300x155.png 300w\" sizes=\"auto, (max-width: 585px) 100vw, 585px\" \/><\/p>\n<p>CDMX<\/p>\n<p>Im\u00e1genes de periodistas asesinados en M\u00e9xico en los \u00faltimos a\u00f1os, entre ellos 28 ca\u00eddos durante el gobierno de Andr\u00e9s Manuel L\u00f3pez Obrador, ocuparon una de las paredes de la Secretar\u00eda de Gobernaci\u00f3n donde fueron proyectadas, como parte de la movilizaci\u00f3n que este martes se llev\u00f3 a cabo para protestar los asesinatos de Gamboa, Mart\u00ednez y Maldonado.<\/p>\n<p>Con la asistencia de decenas de personas, entre periodistas, activistas y ciudadanos en general, los manifestantes leyeron un pronunciamiento de exigencia de cese de las agresiones contra el gremio period\u00edstico, que reuni\u00f3 m\u00e1s de 35 mil firmas de apoyo de todas partes del pa\u00eds y del mundo, y que ninguna persona de la Segob sali\u00f3 a recibir, a pesar de que los oradores llamaron al di\u00e1logo con las autoridades.<\/p>\n<p>\u201cMatar a periodistas en M\u00e9xico, es como matar a nadie\u201d, sostiene el pronunciamiento le\u00eddo ante fotograf\u00edas desplegadas a las puertas de la entrada de la dependencia y veladoras, y dirigido al presidente Andr\u00e9s Manuel L\u00f3pez Obrador, a las fiscal\u00edas General de la Rep\u00fablica y de los estados, al Mecanismo de fiscal\u00edas de las Personas Defensoras de Derechos Humanos y Periodistas, as\u00ed como a los gobernadores de los estados.<\/p>\n<p>Tras recordar que M\u00e9xico es considerado por organizaciones internaci\u00f3n como uno de los m\u00e1s peligrosos en el mundo, que ha acumulado 148 periodistas asesinados desde 2000, de los cuales 28 corresponden al gobierno de L\u00f3pez Obrador, en el documento le\u00eddo por varios periodistas, se reproch\u00f3 la impunidad en la que se encuentran los cr\u00edmenes contra periodistas, la inacci\u00f3n de las fiscal\u00edas y la falta de garant\u00edas para realizar trabajo period\u00edstico.<\/p>\n<p> \u201cLa violencia de Estado, que incluye la violencia del crimen organizado, coludidos con los gobiernos de todos los niveles, ha provocado zonas de silencio donde no hay condiciones para ejercer la labor period\u00edstica\u201d, puntualizaron.<\/p>\n<p>Enlistaron la falta de protecci\u00f3n por parte de las autoridades, los desplazamientos forzados, la precarizaci\u00f3n de la labor period\u00edstica, la falta de seguridad social, entre otros problemas que aquejan a los comunicadores.<\/p>\n<p>Durante la manifestaci\u00f3n, se enlaz\u00f3 a periodistas de Tijuana, Baja California, que se manifestaban afuera de la delegaci\u00f3n de la Fiscal\u00eda General de la Rep\u00fablica, donde expresaron su dolor por la p\u00e9rdida de dos periodistas en menos de una semana, Margarito Mart\u00ednez y Lourdes Maldonado, y que ahora se encuentran \u201casustados, enojados y con miedo de que seamos atacados\u201d, pero dispuestos a continuar exigiendo justicia por sus compa\u00f1eros.<\/p>\n<p>Mientras los periodistas esperaban infructuosamente ser recibidos por funcionarios de la Segob, periodistas desplazados por la violencia de varios estados del pa\u00eds, beneficiarios del Mecanismo de Protecci\u00f3n para Personas Defensoras y Periodistas,  as\u00ed como familiares de periodistas asesinados, reprocharon la ineficiencia del ese instrumento gubernamental, mientras que la l\u00edder del Sindicato \u00danico  de Trabajadores de Notimex, Adriana Urrea, reclam\u00f3 la falta de soluci\u00f3n del gobierno de L\u00f3pez Obrador a una huelga que ya suma m\u00e1s de 700 d\u00edas.<\/p>\n<p><img loading=\"lazy\" decoding=\"async\" data-attachment-id=\"63181\" data-permalink=\"http:\/\/www.grieta.org.mx\/index.php\/2022\/01\/25\/de-tijuana-a-cancun-periodistas-exigen-justicia-por-asesinatos-y-manifiestan-hartazgo-por-impunidad\/detijuanaacancun5\/\" data-orig-file=\"http:\/\/www.grieta.org.mx\/wp-content\/uploads\/2022\/01\/DeTijuanaACancun5.png\" data-orig-size=\"584,306\" data-comments-opened=\"0\" data-image-meta=\"{&quot;aperture&quot;:&quot;0&quot;,&quot;credit&quot;:&quot;&quot;,&quot;camera&quot;:&quot;&quot;,&quot;caption&quot;:&quot;&quot;,&quot;created_timestamp&quot;:&quot;0&quot;,&quot;copyright&quot;:&quot;&quot;,&quot;focal_length&quot;:&quot;0&quot;,&quot;iso&quot;:&quot;0&quot;,&quot;shutter_speed&quot;:&quot;0&quot;,&quot;title&quot;:&quot;&quot;,&quot;orientation&quot;:&quot;0&quot;}\" data-image-title=\"DeTijuanaACancun5\" data-image-description=\"\" data-image-caption=\"\" data-medium-file=\"http:\/\/www.grieta.org.mx\/wp-content\/uploads\/2022\/01\/DeTijuanaACancun5-300x157.png\" data-large-file=\"http:\/\/www.grieta.org.mx\/wp-content\/uploads\/2022\/01\/DeTijuanaACancun5.png\" src=\"http:\/\/www.grieta.org.mx\/wp-content\/uploads\/2022\/01\/DeTijuanaACancun5.png\" alt=\"\" width=\"584\" height=\"306\" class=\"alignnone size-full wp-image-63181\" srcset=\"http:\/\/www.grieta.org.mx\/wp-content\/uploads\/2022\/01\/DeTijuanaACancun5.png 584w, http:\/\/www.grieta.org.mx\/wp-content\/uploads\/2022\/01\/DeTijuanaACancun5-300x157.png 300w\" sizes=\"auto, (max-width: 584px) 100vw, 584px\" \/><\/p>\n<p>Con informaci\u00f3n de Ver\u00f3nica Espinosa, Luciano Campos Garza, Rosa Santana, No\u00e9 Zavaleta, Jesusa Cervantes, Isa\u00edn Mandujano y Gloria Leticia D\u00edaz<\/p>\n<p><a href=\"https:\/\/www.proceso.com.mx\/nacional\/2022\/1\/25\/de-tijuana-cancun-periodistas-exigen-justicia-por-asesinatos-manifiestan-hartazgo-por-impunidad-279790.html\" rel=\"noopener\" target=\"_blank\">https:\/\/www.proceso.com.mx\/nacional\/2022\/1\/25\/de-tijuana-cancun-periodistas-exigen-justicia-por-asesinatos-manifiestan-hartazgo-por-impunidad-279790.html<\/a><\/p>\n","protected":false},"excerpt":{"rendered":"<p>Proceso Las consignas fueron de hartazgo ante la impunidad que reina en los homicidios de los comunicadores en el pa\u00eds: \u201cNo se mata la verdad matando periodistas\u201d, \u201cPeriodismo en riesgo\u201d, &hellip; <a href=\"http:\/\/www.grieta.org.mx\/index.php\/2022\/01\/25\/de-tijuana-a-cancun-periodistas-exigen-justicia-por-asesinatos-y-manifiestan-hartazgo-por-impunidad\/\" class=\"more-link\">Leer m\u00e1s<\/a><\/p>\n","protected":false},"author":2,"featured_media":63177,"comment_status":"closed","ping_status":"closed","sticky":false,"template":"","format":"standard","meta":{"ngg_post_thumbnail":0,"_jetpack_newsletter_access":"","_jetpack_dont_email_post_to_subs":false,"_jetpack_newsletter_tier_id":0,"_jetpack_memberships_contains_paywalled_content":false,"_jetpack_memberships_contains_paid_content":false,"footnotes":""},"categories":[5,11,80,14,17,2,24,1936,28,83,35,88,1076,1149,1574,1215,1276,1372,1271,36],"tags":[1180,1310],"class_list":["post-63176","post","type-post","status-publish","format-standard","has-post-thumbnail","hentry","category-baja-california","category-campeche","category-cintillo","category-ciudad-de-mexico","category-guanajuato","category-noticias-nacionales","category-nuevo-leon","category-protestas-por-violencia-en-contra-de-periodistas-en-veracruz","category-quintana-roo","category-temas-nacionales","category-veracruz","category-violencia-contra-periodistas","category-violencia-contra-periodistas-en-baja-california","category-violencia-contra-periodistas-en-campeche","category-violencia-contra-periodistas-en-guanajuato","category-violencia-contra-periodistas-en-la-ciudad-de-mexico","category-violencia-contra-periodistas-en-nuevo-leon","category-violencia-contra-periodistas-en-quintana-roo","category-violencia-contra-periodistas-en-yucatan","category-yucatan","tag-asesinato-de-periodistas","tag-protestas-contra-el-asesinato-de-periodistas","entry"],"jetpack_featured_media_url":"http:\/\/www.grieta.org.mx\/wp-content\/uploads\/2022\/01\/DeTijuanaACancun-e1643306484677.png","jetpack_sharing_enabled":true,"jetpack_shortlink":"https:\/\/wp.me\/p7ZJR4-gqY","jetpack_likes_enabled":false,"jetpack-related-posts":[{"id":63184,"url":"http:\/\/www.grieta.org.mx\/index.php\/2022\/01\/25\/se-manifiestan-en-playa-del-carmen-por-el-asesinato-de-la-periodista-lourdes-maldonado-quintana-roo\/","url_meta":{"origin":63176,"position":0},"title":"Se manifiestan en Playa del Carmen por el asesinato de la periodista Lourdes Maldonado (Quintana Roo)","author":"grieta","date":"25 enero, 2022","format":false,"excerpt":"Fernando Morcillo \/ PorEsto! Reporteros acudieron al Palacio Municipal de Playa del Carmen para exigir justicia por el asesinato de la Lourdes Maldonado, periodista asesinada en Baja California, adem\u00e1s de tener condiciones seguras para trabajar Reporteros de Playa del Carmen se manifiestan en los bajos del Palacio Municipal, como parte\u2026","rel":"","context":"En &quot;CINTILLO&quot;","block_context":{"text":"CINTILLO","link":"http:\/\/www.grieta.org.mx\/index.php\/category\/cintillo\/"},"img":{"alt_text":"","src":"https:\/\/i0.wp.com\/www.grieta.org.mx\/wp-content\/uploads\/2022\/01\/PlayaPeriodistas-e1643308857279.png?resize=350%2C200","width":350,"height":200,"srcset":"https:\/\/i0.wp.com\/www.grieta.org.mx\/wp-content\/uploads\/2022\/01\/PlayaPeriodistas-e1643308857279.png?resize=350%2C200 1x, https:\/\/i0.wp.com\/www.grieta.org.mx\/wp-content\/uploads\/2022\/01\/PlayaPeriodistas-e1643308857279.png?resize=525%2C300 1.5x, https:\/\/i0.wp.com\/www.grieta.org.mx\/wp-content\/uploads\/2022\/01\/PlayaPeriodistas-e1643308857279.png?resize=700%2C400 2x"},"classes":[]},{"id":47373,"url":"http:\/\/www.grieta.org.mx\/index.php\/2020\/03\/31\/exigen-un-alto-a-violencia-contra-periodistas-tras-asesinato-en-veracruz-video\/","url_meta":{"origin":63176,"position":1},"title":"Exigen un alto a violencia contra periodistas tras asesinato en Veracruz | Video","author":"Admin","date":"31 marzo, 2020","format":false,"excerpt":"Redacci\u00f3n \/ Aristegui Noticias El periodista \u00c9dgar Escamilla informa que Mar\u00eda Elena Ferral ten\u00eda 30 a\u00f1os informando en los municipios de la zona totonaca, donde se dedic\u00f3 a la cobertura de las manifestaciones y exigencias que se registraban en la zona. Informa desde la protesta por el asesinato de la\u2026","rel":"","context":"En &quot;CINTILLO&quot;","block_context":{"text":"CINTILLO","link":"http:\/\/www.grieta.org.mx\/index.php\/category\/cintillo\/"},"img":{"alt_text":"","src":"https:\/\/i0.wp.com\/www.grieta.org.mx\/wp-content\/uploads\/2020\/04\/Screenshot_2020-04-07-Exigen-un-alto-a-violencia-contra-periodistas-tras-asesinato-en-Veracruz-Video.png?resize=350%2C200","width":350,"height":200,"srcset":"https:\/\/i0.wp.com\/www.grieta.org.mx\/wp-content\/uploads\/2020\/04\/Screenshot_2020-04-07-Exigen-un-alto-a-violencia-contra-periodistas-tras-asesinato-en-Veracruz-Video.png?resize=350%2C200 1x, https:\/\/i0.wp.com\/www.grieta.org.mx\/wp-content\/uploads\/2020\/04\/Screenshot_2020-04-07-Exigen-un-alto-a-violencia-contra-periodistas-tras-asesinato-en-Veracruz-Video.png?resize=525%2C300 1.5x"},"classes":[]},{"id":56137,"url":"http:\/\/www.grieta.org.mx\/index.php\/2021\/01\/04\/17-periodistas-asesinados-en-dos-anos-del-gobierno-de-4t\/","url_meta":{"origin":63176,"position":2},"title":"17 periodistas asesinados en dos a\u00f1os del gobierno de  4T","author":"grieta","date":"4 enero, 2021","format":false,"excerpt":"Redacci\u00f3n\/ Sol Yucat\u00e1n Ciudad de M\u00e9xico. \u2013 Durante los primeros dos a\u00f1os del gobierno de la 4T, la situaci\u00f3n del periodismo en nuestro pa\u00eds se agrav\u00f3 casi al doble, en comparaci\u00f3n con gobiernos anteriores. Cada 4 de enero se reconoce la labor de las y los periodistas mexicanos, quienes hacen\u2026","rel":"","context":"En &quot;Agresiones a periodistas en Morelos&quot;","block_context":{"text":"Agresiones a periodistas en Morelos","link":"http:\/\/www.grieta.org.mx\/index.php\/category\/noticias-nacionales\/morelos\/agresiones-a-periodistas-en-morelos\/"},"img":{"alt_text":"","src":"https:\/\/i0.wp.com\/www.grieta.org.mx\/wp-content\/uploads\/2021\/01\/WhatsApp-Image-2021-01-04-at-10.51.40.jpg?resize=350%2C200","width":350,"height":200,"srcset":"https:\/\/i0.wp.com\/www.grieta.org.mx\/wp-content\/uploads\/2021\/01\/WhatsApp-Image-2021-01-04-at-10.51.40.jpg?resize=350%2C200 1x, https:\/\/i0.wp.com\/www.grieta.org.mx\/wp-content\/uploads\/2021\/01\/WhatsApp-Image-2021-01-04-at-10.51.40.jpg?resize=525%2C300 1.5x, https:\/\/i0.wp.com\/www.grieta.org.mx\/wp-content\/uploads\/2021\/01\/WhatsApp-Image-2021-01-04-at-10.51.40.jpg?resize=700%2C400 2x"},"classes":[]},{"id":23550,"url":"http:\/\/www.grieta.org.mx\/index.php\/2018\/06\/07\/protestas-periodistas-de-bc-durante-jornada-informativa-nos-estan-matando\/","url_meta":{"origin":63176,"position":3},"title":"Protestas periodistas de BC durante jornada informativa: \u00a1Nos est\u00e1n matando!","author":"grieta","date":"7 junio, 2018","format":false,"excerpt":"Antonio Heras Mexicali.- \u00a1Nos est\u00e1n matando! Es la leyenda que enarbolaron los periodistas de Baja California durante la cobertura period\u00edstica de la audiencia de vinculaci\u00f3n a los imputados por el asesinato del periodista Luciano Rivera de Playas de Rosarito. Los integrantes del movmiiento #YoS\u00edSoyPeriodista exigieron el esclarecimiento de los asesinatos\u2026","rel":"","context":"En &quot;Baja California&quot;","block_context":{"text":"Baja California","link":"http:\/\/www.grieta.org.mx\/index.php\/category\/noticias-nacionales\/baja-california\/"},"img":{"alt_text":"","src":"https:\/\/i0.wp.com\/www.grieta.org.mx\/wp-content\/uploads\/2018\/06\/periodistasasas.jpg?resize=350%2C200","width":350,"height":200,"srcset":"https:\/\/i0.wp.com\/www.grieta.org.mx\/wp-content\/uploads\/2018\/06\/periodistasasas.jpg?resize=350%2C200 1x, https:\/\/i0.wp.com\/www.grieta.org.mx\/wp-content\/uploads\/2018\/06\/periodistasasas.jpg?resize=525%2C300 1.5x"},"classes":[]},{"id":31760,"url":"http:\/\/www.grieta.org.mx\/index.php\/2019\/04\/03\/mexico-el-pais-mas-peligroso-para-ejercer-periodismo-denuncia-articulo-19\/","url_meta":{"origin":63176,"position":4},"title":"&#8216;M\u00e9xico, el pa\u00eds m\u00e1s peligroso para ejercer periodismo&#8217; denuncia Art\u00edculo 19","author":"grieta","date":"3 abril, 2019","format":false,"excerpt":"Coahuila ocupa el segundo puesto en agresiones contra periodistas Durante el sexenio de Enrique Pe\u00f1a Nieto, M\u00e9xico se convirti\u00f3 en el pa\u00eds m\u00e1s peligroso para ejercer el periodismo, denunci\u00f3 la directora de la organizaci\u00f3n Art\u00edculo 19 en M\u00e9xico y Centroam\u00e9rica, Ana Cristina Ruelas. NOTIMEX\/EL SIGLO DE TORE\u00d3N Al presentar el\u2026","rel":"","context":"En &quot;CINTILLO&quot;","block_context":{"text":"CINTILLO","link":"http:\/\/www.grieta.org.mx\/index.php\/category\/cintillo\/"},"img":{"alt_text":"","src":"https:\/\/i0.wp.com\/www.grieta.org.mx\/wp-content\/uploads\/2018\/03\/14524434_1106112876131411_958039263622046936_o.jpg?resize=350%2C200","width":350,"height":200,"srcset":"https:\/\/i0.wp.com\/www.grieta.org.mx\/wp-content\/uploads\/2018\/03\/14524434_1106112876131411_958039263622046936_o.jpg?resize=350%2C200 1x, https:\/\/i0.wp.com\/www.grieta.org.mx\/wp-content\/uploads\/2018\/03\/14524434_1106112876131411_958039263622046936_o.jpg?resize=525%2C300 1.5x, https:\/\/i0.wp.com\/www.grieta.org.mx\/wp-content\/uploads\/2018\/03\/14524434_1106112876131411_958039263622046936_o.jpg?resize=700%2C400 2x"},"classes":[]},{"id":63170,"url":"http:\/\/www.grieta.org.mx\/index.php\/2022\/01\/25\/periodismo-en-riesgo-desde-cancun-exigen-justicia-por-periodistas-asesinados-quintana-roo\/","url_meta":{"origin":63176,"position":5},"title":"&#8220;Periodismo en riesgo&#8221;: Desde Canc\u00fan, exigen justicia por periodistas asesinados (Quintana Roo)","author":"grieta","date":"25 enero, 2022","format":false,"excerpt":"Agencia SIM | Fotos: Infoqroo \/ Noticaribe CANC\u00daN, MX.- Reporteros, editores, fot\u00f3grafos y otros trabajadores de los medios de comunicaci\u00f3n se reunieron esta noche afuera del Palacio Municipal del Ayuntamiento de Benito Ju\u00e1rez, para sumarse al movimiento \u201cPeriodismo en Riesgo\u201d y exigir justicia por los tres colegas que fueron asesinados\u2026","rel":"","context":"En &quot;CINTILLO&quot;","block_context":{"text":"CINTILLO","link":"http:\/\/www.grieta.org.mx\/index.php\/category\/cintillo\/"},"img":{"alt_text":"","src":"https:\/\/i0.wp.com\/www.grieta.org.mx\/wp-content\/uploads\/2022\/01\/PeriodismoEnRiesgo.png?resize=350%2C200","width":350,"height":200,"srcset":"https:\/\/i0.wp.com\/www.grieta.org.mx\/wp-content\/uploads\/2022\/01\/PeriodismoEnRiesgo.png?resize=350%2C200 1x, https:\/\/i0.wp.com\/www.grieta.org.mx\/wp-content\/uploads\/2022\/01\/PeriodismoEnRiesgo.png?resize=525%2C300 1.5x, https:\/\/i0.wp.com\/www.grieta.org.mx\/wp-content\/uploads\/2022\/01\/PeriodismoEnRiesgo.png?resize=700%2C400 2x"},"classes":[]}],"_links":{"self":[{"href":"http:\/\/www.grieta.org.mx\/index.php\/wp-json\/wp\/v2\/posts\/63176","targetHints":{"allow":["GET"]}}],"collection":[{"href":"http:\/\/www.grieta.org.mx\/index.php\/wp-json\/wp\/v2\/posts"}],"about":[{"href":"http:\/\/www.grieta.org.mx\/index.php\/wp-json\/wp\/v2\/types\/post"}],"author":[{"embeddable":true,"href":"http:\/\/www.grieta.org.mx\/index.php\/wp-json\/wp\/v2\/users\/2"}],"replies":[{"embeddable":true,"href":"http:\/\/www.grieta.org.mx\/index.php\/wp-json\/wp\/v2\/comments?post=63176"}],"version-history":[{"count":1,"href":"http:\/\/www.grieta.org.mx\/index.php\/wp-json\/wp\/v2\/posts\/63176\/revisions"}],"predecessor-version":[{"id":63183,"href":"http:\/\/www.grieta.org.mx\/index.php\/wp-json\/wp\/v2\/posts\/63176\/revisions\/63183"}],"wp:featuredmedia":[{"embeddable":true,"href":"http:\/\/www.grieta.org.mx\/index.php\/wp-json\/wp\/v2\/media\/63177"}],"wp:attachment":[{"href":"http:\/\/www.grieta.org.mx\/index.php\/wp-json\/wp\/v2\/media?parent=63176"}],"wp:term":[{"taxonomy":"category","embeddable":true,"href":"http:\/\/www.grieta.org.mx\/index.php\/wp-json\/wp\/v2\/categories?post=63176"},{"taxonomy":"post_tag","embeddable":true,"href":"http:\/\/www.grieta.org.mx\/index.php\/wp-json\/wp\/v2\/tags?post=63176"}],"curies":[{"name":"wp","href":"https:\/\/api.w.org\/{rel}","templated":true}]}}